{"id":397208,"date":"2013-03-04T14:04:00","date_gmt":"2013-03-04T12:04:00","guid":{"rendered":"http:\/\/devrri.freshlemon.ro\/le-roumain-mot-a-mot\/consulter-les-lecons\/exigence-detiquetage-dans-le-commerce-de-viande-id397208.html"},"modified":"2013-03-04T14:04:00","modified_gmt":"2013-03-04T12:04:00","slug":"exigence-detiquetage-dans-le-commerce-de-viande","status":"publish","type":"post","link":"https:\/\/www.rri.ro\/fr\/actualites\/les-dossiers-de-lactualite\/exigence-detiquetage-dans-le-commerce-de-viande-id397208.html","title":{"rendered":"Exigence d\u2019\u00e9tiquetage dans le commerce de viande"},"content":{"rendered":"<p>&#13;<br \/>\n\tIl y a plus d\u2019un mois, un scandale affectant de nombreux acteurs du secteur agroalimentaire \u00e9clatait en Europe. Alors, les autorit\u00e9s britanniques avaient d\u00e9pist\u00e9 de la viande de cheval dans les hamburgers pr\u00e9sent\u00e9s comme \u00e9tant produits de viande de b\u0153uf et, ensuite, plusieurs pays europ\u00e9ens ont d\u00e9couvert des fraudes li\u00e9es \u00e0 la fausse \u00e9tiquette des produits surgel\u00e9s ou conserv\u00e9s qui auraient du \u00eatre fabriqu\u00e9s de viande hach\u00e9e de b\u0153uf.<\/p>\n<p>&#13;<\/p>\n<p>&#13;<br \/>\n\t<br \/>&#13;<br \/>\n\t<br \/>&#13;<br \/>\n\tDans ce scandale, le nom de la Roumanie a \u00e9t\u00e9 impliqu\u00e9 mais les enqu\u00eates nationales ont montr\u00e9 l\u2019innocence du fournisseur roumain \u00e9voqu\u00e9. Par la suite, la Commission Europ\u00e9enne a recommand\u00e9 \u00e0 tous las pays membres de l\u2019UE, dont la Roumanie, d\u2019effectuer \u00e0 partir du 1-er mars des pr\u00e9l\u00e9vations des tests pour d\u00e9terminer l\u2019ADN de cheval dans les aliments vendus contenant de la viande de b\u0153uf ou \u00e9tiquet\u00e9s comme tels.<\/p>\n<p>&#13;<\/p>\n<p>&#13;<br \/>\n\t<br \/>&#13;<br \/>\n\t<br \/>&#13;<br \/>\n\tParall\u00e8lement, on contr\u00f4le en Roumanie toutes les abattoirs et entrep\u00f4ts du pays. L\u2019engagement du gouvernement de Bucarest demeure le m\u00eame \u00e0 l\u2019\u00e9gard de l\u2019\u00e9tiquetage de la viande de cheval comme viande de b\u0153uf. \u00ab Celui qui est dans l\u2019erreur, paye \u00bb a garanti le ministre de l\u2019Agriculture Daniel Constantin, affirmant qu\u2019au niveau du march\u00e9 int\u00e9rieur un seul abus a \u00e9t\u00e9 d\u00e9cel\u00e9, l\u2019autorisation de la soci\u00e9t\u00e9 respective \u00e9tant suspendu jusqu\u2019\u00e0 l\u2019ach\u00e8vement de l\u2019enqu\u00eate par la Police.<\/p>\n<p>&#13;<\/p>\n<p>&#13;<br \/>\n\t<br \/>&#13;<br \/>\n\t<br \/>&#13;<br \/>\n\tLes derni\u00e8res accusations viennent de Gr\u00e8ce o\u00f9, selon la presse, serait arriv\u00e9e de la viande de cheval \u00e9tiquet\u00e9e en Roumanie comme \u00e9tant viande de b\u0153uf.<\/p>\n<p>&#13;<\/p>\n<p>&#13;<br \/>\n\t<br \/>&#13;<br \/>\n\t<br \/>&#13;<br \/>\n\tDaniel Constantin a d\u00e9clar\u00e9 que la partie hell\u00e9nique n\u2019avait pas envoy\u00e9 tous les \u00e9l\u00e9ments n\u00e9cessaires aux investigations destin\u00e9es \u00e0 tirer au clair ce cas, sans exclure que, dans une p\u00e9riode de crise financi\u00e8re, on pourrait avoir certaines industries nationales qui essayent de profiter du scandale pour en obtenir des avantages \u00e9conomiques : <em>\u201cJe pense que, en fin de compte, il s\u2019agit d\u2019une crise \u00e9conomique \u00e9norme et je pense que l\u2019industrie de Roumanie et les autorit\u00e9s de Roumanie doivent prot\u00e9ger leurs producteurs, leurs transformateurs, leurs consommateurs indig\u00e8nes contre cette question. Peut-\u00eatre, il y a des Etats membres qui n\u2019ont pas l\u2019int\u00e9r\u00eat de faire la preuve, au plus vite, que cette fraude se produit sur leur territoire. C\u2019est pourquoi, essayons d\u2019\u00eatre, nous, plus actifs, de sorte \u00e0 d\u00e9pister le plus vite possible l\u2019endroit de la fraude et, ainsi, \u00e9liminer la Roumanie de cette suspicion.\u00a0\u00bb<\/em><\/p>\n<p>&#13;<\/p>\n<p>&#13;<br \/>\n\t<br \/>&#13;<br \/>\n\t<br \/>&#13;<br \/>\n\tEt Daniel Constantin de rappeler que l\u2019implication des firmes roumaines ne s\u2019est pas av\u00e9r\u00e9e dans aucune des trois situations d\u2019alerte \u00e0 l\u2019\u00e9chelon europ\u00e9en qui montraient du doigt des noms de soci\u00e9t\u00e9s de Roumanie\u2026(trad.: Costin Grigore)<\/p>\n<p>&#13;<\/p>\n","protected":false},"excerpt":{"rendered":"<p>&#13; Il y a plus d\u2019un mois, un scandale affectant de nombreux acteurs du secteur agroalimentaire \u00e9clatait en Europe. Alors, les autorit\u00e9s britanniques avaient d\u00e9pist\u00e9 de la viande de cheval dans les hamburgers pr\u00e9sent\u00e9s comme \u00e9tant produits de viande de b\u0153uf et, ensuite, plusieurs pays europ\u00e9ens ont d\u00e9couvert des fraudes li\u00e9es \u00e0 la fausse \u00e9tiquette [&hellip;]<\/p>\n","protected":false},"author":46,"featured_media":397209,"comment_status":"closed","ping_status":"closed","sticky":false,"template":"","format":"standard","meta":{"_acf_changed":false,"footnotes":""},"categories":[93377],"tags":[92677,65401,89311,87544,87061,87145,93379,161315,89312,151008,87513],"coauthors":[],"class_list":["post-397208","post","type-post","status-publish","format-standard","has-post-thumbnail","hentry","category-les-dossiers-de-lactualite","tag-abattoir","tag-adn","tag-boeuf","tag-cheval","tag-commission-europeenne","tag-controle","tag-leyla-cheamil","tag-police-fr","tag-scandale","tag-tests-fr","tag-viande"],"acf":[],"yoast_head":"<!-- This site is optimized with the Yoast SEO plugin v27.5 - https:\/\/yoast.com\/product\/yoast-seo-wordpress\/ -->\n<title>Exigence d\u2019\u00e9tiquetage dans le commerce de viande - Radio Roumanie Internationale<\/title>\n<meta name=\"robots\" content=\"index, follow, max-snippet:-1, max-image-preview:large, max-video-preview:-1\" \/>\n<link rel=\"canonical\" href=\"https:\/\/www.rri.ro\/fr\/actualites\/les-dossiers-de-lactualite\/exigence-detiquetage-dans-le-commerce-de-viande-id397208.html\" \/>\n<meta property=\"og:locale\" content=\"fr_FR\" \/>\n<meta property=\"og:type\" content=\"article\" \/>\n<meta property=\"og:title\" content=\"Exigence d\u2019\u00e9tiquetage dans le commerce de viande - Radio Roumanie Internationale\" \/>\n<meta property=\"og:description\" content=\"&#013; Il y a plus d\u2019un mois, un scandale affectant de nombreux acteurs du secteur agroalimentaire \u00e9clatait en Europe. Alors, les autorit\u00e9s britanniques avaient d\u00e9pist\u00e9 de la viande de cheval dans les hamburgers pr\u00e9sent\u00e9s comme \u00e9tant produits de viande de b\u0153uf et, ensuite, plusieurs pays europ\u00e9ens ont d\u00e9couvert des fraudes li\u00e9es \u00e0 la fausse \u00e9tiquette [&hellip;]\" \/>\n<meta property=\"og:url\" content=\"https:\/\/www.rri.ro\/fr\/actualites\/les-dossiers-de-lactualite\/exigence-detiquetage-dans-le-commerce-de-viande-id397208.html\" \/>\n<meta property=\"og:site_name\" content=\"Radio Roumanie Internationale\" \/>\n<meta property=\"article:published_time\" content=\"2013-03-04T12:04:00+00:00\" \/>\n<meta property=\"og:image\" content=\"https:\/\/www.rri.ro\/wp-content\/uploads\/2023\/10\/carne.jpg\" \/>\n\t<meta property=\"og:image:width\" content=\"450\" \/>\n\t<meta property=\"og:image:height\" content=\"326\" \/>\n\t<meta property=\"og:image:type\" content=\"image\/jpeg\" \/>\n<meta name=\"author\" content=\"Leyla Cheamil\" \/>\n<meta name=\"twitter:card\" content=\"summary_large_image\" \/>\n<meta name=\"twitter:label1\" content=\"\u00c9crit par\" \/>\n\t<meta name=\"twitter:data1\" content=\"Leyla Cheamil\" \/>\n\t<meta name=\"twitter:label2\" content=\"Dur\u00e9e de lecture estim\u00e9e\" \/>\n\t<meta name=\"twitter:data2\" content=\"2 minutes\" \/>\n\t<meta name=\"twitter:label3\" content=\"Written by\" \/>\n\t<meta name=\"twitter:data3\" content=\"Leyla Cheamil\" \/>\n<script type=\"application\/ld+json\" class=\"yoast-schema-graph\">{\"@context\":\"https:\\\/\\\/schema.org\",\"@graph\":[{\"@type\":\"Article\",\"@id\":\"https:\\\/\\\/www.rri.ro\\\/fr\\\/actualites\\\/les-dossiers-de-lactualite\\\/exigence-detiquetage-dans-le-commerce-de-viande-id397208.html#article\",\"isPartOf\":{\"@id\":\"https:\\\/\\\/www.rri.ro\\\/fr\\\/actualites\\\/les-dossiers-de-lactualite\\\/exigence-detiquetage-dans-le-commerce-de-viande-id397208.html\"},\"author\":{\"name\":\"Leyla Cheamil\",\"@id\":\"https:\\\/\\\/www.rri.ro\\\/#\\\/schema\\\/person\\\/e6364ed2d4b6af207a82ca66000d07e0\"},\"headline\":\"Exigence d\u2019\u00e9tiquetage dans le commerce de viande\",\"datePublished\":\"2013-03-04T12:04:00+00:00\",\"mainEntityOfPage\":{\"@id\":\"https:\\\/\\\/www.rri.ro\\\/fr\\\/actualites\\\/les-dossiers-de-lactualite\\\/exigence-detiquetage-dans-le-commerce-de-viande-id397208.html\"},\"wordCount\":495,\"image\":{\"@id\":\"https:\\\/\\\/www.rri.ro\\\/fr\\\/actualites\\\/les-dossiers-de-lactualite\\\/exigence-detiquetage-dans-le-commerce-de-viande-id397208.html#primaryimage\"},\"thumbnailUrl\":\"https:\\\/\\\/www.rri.ro\\\/wp-content\\\/uploads\\\/2023\\\/10\\\/carne.jpg\",\"keywords\":[\"abattoir\",\"ADN\",\"boeuf\",\"cheval\",\"Commission europ\u00e9enne\",\"contr\u00f4le\",\"Leyla Cheamil\",\"police\",\"scandale\",\"tests\",\"viande\"],\"articleSection\":[\"Les dossiers de l'actualit\u00e9\"],\"inLanguage\":\"fr-FR\"},{\"@type\":\"WebPage\",\"@id\":\"https:\\\/\\\/www.rri.ro\\\/fr\\\/actualites\\\/les-dossiers-de-lactualite\\\/exigence-detiquetage-dans-le-commerce-de-viande-id397208.html\",\"url\":\"https:\\\/\\\/www.rri.ro\\\/fr\\\/actualites\\\/les-dossiers-de-lactualite\\\/exigence-detiquetage-dans-le-commerce-de-viande-id397208.html\",\"name\":\"Exigence d\u2019\u00e9tiquetage dans le commerce de viande - Radio Roumanie Internationale\",\"isPartOf\":{\"@id\":\"https:\\\/\\\/www.rri.ro\\\/#website\"},\"primaryImageOfPage\":{\"@id\":\"https:\\\/\\\/www.rri.ro\\\/fr\\\/actualites\\\/les-dossiers-de-lactualite\\\/exigence-detiquetage-dans-le-commerce-de-viande-id397208.html#primaryimage\"},\"image\":{\"@id\":\"https:\\\/\\\/www.rri.ro\\\/fr\\\/actualites\\\/les-dossiers-de-lactualite\\\/exigence-detiquetage-dans-le-commerce-de-viande-id397208.html#primaryimage\"},\"thumbnailUrl\":\"https:\\\/\\\/www.rri.ro\\\/wp-content\\\/uploads\\\/2023\\\/10\\\/carne.jpg\",\"datePublished\":\"2013-03-04T12:04:00+00:00\",\"author\":{\"@id\":\"https:\\\/\\\/www.rri.ro\\\/#\\\/schema\\\/person\\\/e6364ed2d4b6af207a82ca66000d07e0\"},\"breadcrumb\":{\"@id\":\"https:\\\/\\\/www.rri.ro\\\/fr\\\/actualites\\\/les-dossiers-de-lactualite\\\/exigence-detiquetage-dans-le-commerce-de-viande-id397208.html#breadcrumb\"},\"inLanguage\":\"fr-FR\",\"potentialAction\":[{\"@type\":\"ReadAction\",\"target\":[\"https:\\\/\\\/www.rri.ro\\\/fr\\\/actualites\\\/les-dossiers-de-lactualite\\\/exigence-detiquetage-dans-le-commerce-de-viande-id397208.html\"]}]},{\"@type\":\"ImageObject\",\"inLanguage\":\"fr-FR\",\"@id\":\"https:\\\/\\\/www.rri.ro\\\/fr\\\/actualites\\\/les-dossiers-de-lactualite\\\/exigence-detiquetage-dans-le-commerce-de-viande-id397208.html#primaryimage\",\"url\":\"https:\\\/\\\/www.rri.ro\\\/wp-content\\\/uploads\\\/2023\\\/10\\\/carne.jpg\",\"contentUrl\":\"https:\\\/\\\/www.rri.ro\\\/wp-content\\\/uploads\\\/2023\\\/10\\\/carne.jpg\",\"width\":450,\"height\":326},{\"@type\":\"BreadcrumbList\",\"@id\":\"https:\\\/\\\/www.rri.ro\\\/fr\\\/actualites\\\/les-dossiers-de-lactualite\\\/exigence-detiquetage-dans-le-commerce-de-viande-id397208.html#breadcrumb\",\"itemListElement\":[{\"@type\":\"ListItem\",\"position\":1,\"name\":\"Page d'accueil\",\"item\":\"https:\\\/\\\/www.rri.ro\\\/fr\"},{\"@type\":\"ListItem\",\"position\":2,\"name\":\"Actualit\u00e9s\",\"item\":\"https:\\\/\\\/www.rri.ro\\\/fr\\\/actualites\"},{\"@type\":\"ListItem\",\"position\":3,\"name\":\"Les dossiers de l'actualit\u00e9\",\"item\":\"https:\\\/\\\/www.rri.ro\\\/fr\\\/actualites\\\/les-dossiers-de-lactualite\"},{\"@type\":\"ListItem\",\"position\":4,\"name\":\"Exigence d\u2019\u00e9tiquetage dans le commerce de viande\"}]},{\"@type\":\"WebSite\",\"@id\":\"https:\\\/\\\/www.rri.ro\\\/#website\",\"url\":\"https:\\\/\\\/www.rri.ro\\\/\",\"name\":\"Radio Roumanie Internationale\",\"description\":\"Totul despre Rom\u00e2nia \u015fi rom\u00e2ni, \u00een 13 limbi\\\/dialecte!\",\"inLanguage\":\"fr-FR\"},{\"@type\":\"Person\",\"@id\":\"https:\\\/\\\/www.rri.ro\\\/#\\\/schema\\\/person\\\/e6364ed2d4b6af207a82ca66000d07e0\",\"name\":\"Leyla Cheamil\",\"url\":\"https:\\\/\\\/www.rri.ro\\\/fr\\\/author\\\/leyla-cheamil\"}]}<\/script>\n<!-- \/ Yoast SEO plugin. -->","yoast_head_json":{"title":"Exigence d\u2019\u00e9tiquetage dans le commerce de viande - Radio Roumanie Internationale","robots":{"index":"index","follow":"follow","max-snippet":"max-snippet:-1","max-image-preview":"max-image-preview:large","max-video-preview":"max-video-preview:-1"},"canonical":"https:\/\/www.rri.ro\/fr\/actualites\/les-dossiers-de-lactualite\/exigence-detiquetage-dans-le-commerce-de-viande-id397208.html","og_locale":"fr_FR","og_type":"article","og_title":"Exigence d\u2019\u00e9tiquetage dans le commerce de viande - Radio Roumanie Internationale","og_description":"&#13; Il y a plus d\u2019un mois, un scandale affectant de nombreux acteurs du secteur agroalimentaire \u00e9clatait en Europe. Alors, les autorit\u00e9s britanniques avaient d\u00e9pist\u00e9 de la viande de cheval dans les hamburgers pr\u00e9sent\u00e9s comme \u00e9tant produits de viande de b\u0153uf et, ensuite, plusieurs pays europ\u00e9ens ont d\u00e9couvert des fraudes li\u00e9es \u00e0 la fausse \u00e9tiquette [&hellip;]","og_url":"https:\/\/www.rri.ro\/fr\/actualites\/les-dossiers-de-lactualite\/exigence-detiquetage-dans-le-commerce-de-viande-id397208.html","og_site_name":"Radio Roumanie Internationale","article_published_time":"2013-03-04T12:04:00+00:00","og_image":[{"width":450,"height":326,"url":"https:\/\/www.rri.ro\/wp-content\/uploads\/2023\/10\/carne.jpg","type":"image\/jpeg"}],"author":"Leyla Cheamil","twitter_card":"summary_large_image","twitter_misc":{"\u00c9crit par":"Leyla Cheamil","Dur\u00e9e de lecture estim\u00e9e":"2 minutes","Written by":"Leyla Cheamil"},"schema":{"@context":"https:\/\/schema.org","@graph":[{"@type":"Article","@id":"https:\/\/www.rri.ro\/fr\/actualites\/les-dossiers-de-lactualite\/exigence-detiquetage-dans-le-commerce-de-viande-id397208.html#article","isPartOf":{"@id":"https:\/\/www.rri.ro\/fr\/actualites\/les-dossiers-de-lactualite\/exigence-detiquetage-dans-le-commerce-de-viande-id397208.html"},"author":{"name":"Leyla Cheamil","@id":"https:\/\/www.rri.ro\/#\/schema\/person\/e6364ed2d4b6af207a82ca66000d07e0"},"headline":"Exigence d\u2019\u00e9tiquetage dans le commerce de viande","datePublished":"2013-03-04T12:04:00+00:00","mainEntityOfPage":{"@id":"https:\/\/www.rri.ro\/fr\/actualites\/les-dossiers-de-lactualite\/exigence-detiquetage-dans-le-commerce-de-viande-id397208.html"},"wordCount":495,"image":{"@id":"https:\/\/www.rri.ro\/fr\/actualites\/les-dossiers-de-lactualite\/exigence-detiquetage-dans-le-commerce-de-viande-id397208.html#primaryimage"},"thumbnailUrl":"https:\/\/www.rri.ro\/wp-content\/uploads\/2023\/10\/carne.jpg","keywords":["abattoir","ADN","boeuf","cheval","Commission europ\u00e9enne","contr\u00f4le","Leyla Cheamil","police","scandale","tests","viande"],"articleSection":["Les dossiers de l'actualit\u00e9"],"inLanguage":"fr-FR"},{"@type":"WebPage","@id":"https:\/\/www.rri.ro\/fr\/actualites\/les-dossiers-de-lactualite\/exigence-detiquetage-dans-le-commerce-de-viande-id397208.html","url":"https:\/\/www.rri.ro\/fr\/actualites\/les-dossiers-de-lactualite\/exigence-detiquetage-dans-le-commerce-de-viande-id397208.html","name":"Exigence d\u2019\u00e9tiquetage dans le commerce de viande - Radio Roumanie Internationale","isPartOf":{"@id":"https:\/\/www.rri.ro\/#website"},"primaryImageOfPage":{"@id":"https:\/\/www.rri.ro\/fr\/actualites\/les-dossiers-de-lactualite\/exigence-detiquetage-dans-le-commerce-de-viande-id397208.html#primaryimage"},"image":{"@id":"https:\/\/www.rri.ro\/fr\/actualites\/les-dossiers-de-lactualite\/exigence-detiquetage-dans-le-commerce-de-viande-id397208.html#primaryimage"},"thumbnailUrl":"https:\/\/www.rri.ro\/wp-content\/uploads\/2023\/10\/carne.jpg","datePublished":"2013-03-04T12:04:00+00:00","author":{"@id":"https:\/\/www.rri.ro\/#\/schema\/person\/e6364ed2d4b6af207a82ca66000d07e0"},"breadcrumb":{"@id":"https:\/\/www.rri.ro\/fr\/actualites\/les-dossiers-de-lactualite\/exigence-detiquetage-dans-le-commerce-de-viande-id397208.html#breadcrumb"},"inLanguage":"fr-FR","potentialAction":[{"@type":"ReadAction","target":["https:\/\/www.rri.ro\/fr\/actualites\/les-dossiers-de-lactualite\/exigence-detiquetage-dans-le-commerce-de-viande-id397208.html"]}]},{"@type":"ImageObject","inLanguage":"fr-FR","@id":"https:\/\/www.rri.ro\/fr\/actualites\/les-dossiers-de-lactualite\/exigence-detiquetage-dans-le-commerce-de-viande-id397208.html#primaryimage","url":"https:\/\/www.rri.ro\/wp-content\/uploads\/2023\/10\/carne.jpg","contentUrl":"https:\/\/www.rri.ro\/wp-content\/uploads\/2023\/10\/carne.jpg","width":450,"height":326},{"@type":"BreadcrumbList","@id":"https:\/\/www.rri.ro\/fr\/actualites\/les-dossiers-de-lactualite\/exigence-detiquetage-dans-le-commerce-de-viande-id397208.html#breadcrumb","itemListElement":[{"@type":"ListItem","position":1,"name":"Page d'accueil","item":"https:\/\/www.rri.ro\/fr"},{"@type":"ListItem","position":2,"name":"Actualit\u00e9s","item":"https:\/\/www.rri.ro\/fr\/actualites"},{"@type":"ListItem","position":3,"name":"Les dossiers de l'actualit\u00e9","item":"https:\/\/www.rri.ro\/fr\/actualites\/les-dossiers-de-lactualite"},{"@type":"ListItem","position":4,"name":"Exigence d\u2019\u00e9tiquetage dans le commerce de viande"}]},{"@type":"WebSite","@id":"https:\/\/www.rri.ro\/#website","url":"https:\/\/www.rri.ro\/","name":"Radio Roumanie Internationale","description":"Totul despre Rom\u00e2nia \u015fi rom\u00e2ni, \u00een 13 limbi\/dialecte!","inLanguage":"fr-FR"},{"@type":"Person","@id":"https:\/\/www.rri.ro\/#\/schema\/person\/e6364ed2d4b6af207a82ca66000d07e0","name":"Leyla Cheamil","url":"https:\/\/www.rri.ro\/fr\/author\/leyla-cheamil"}]}},"_links":{"self":[{"href":"https:\/\/www.rri.ro\/fr\/wp-json\/wp\/v2\/posts\/397208","targetHints":{"allow":["GET"]}}],"collection":[{"href":"https:\/\/www.rri.ro\/fr\/wp-json\/wp\/v2\/posts"}],"about":[{"href":"https:\/\/www.rri.ro\/fr\/wp-json\/wp\/v2\/types\/post"}],"author":[{"embeddable":true,"href":"https:\/\/www.rri.ro\/fr\/wp-json\/wp\/v2\/users\/46"}],"replies":[{"embeddable":true,"href":"https:\/\/www.rri.ro\/fr\/wp-json\/wp\/v2\/comments?post=397208"}],"version-history":[{"count":0,"href":"https:\/\/www.rri.ro\/fr\/wp-json\/wp\/v2\/posts\/397208\/revisions"}],"wp:featuredmedia":[{"embeddable":true,"href":"https:\/\/www.rri.ro\/fr\/wp-json\/wp\/v2\/media\/397209"}],"wp:attachment":[{"href":"https:\/\/www.rri.ro\/fr\/wp-json\/wp\/v2\/media?parent=397208"}],"wp:term":[{"taxonomy":"category","embeddable":true,"href":"https:\/\/www.rri.ro\/fr\/wp-json\/wp\/v2\/categories?post=397208"},{"taxonomy":"post_tag","embeddable":true,"href":"https:\/\/www.rri.ro\/fr\/wp-json\/wp\/v2\/tags?post=397208"},{"taxonomy":"author","embeddable":true,"href":"https:\/\/www.rri.ro\/fr\/wp-json\/wp\/v2\/coauthors?post=397208"}],"curies":[{"name":"wp","href":"https:\/\/api.w.org\/{rel}","templated":true}]}}