{"id":397248,"date":"2013-03-05T14:31:00","date_gmt":"2013-03-05T12:31:00","guid":{"rendered":"http:\/\/devrri.freshlemon.ro\/le-roumain-mot-a-mot\/consulter-les-lecons\/lactualite-du-partenariat-strategique-entre-la-roumanie-et-la-hongrie-id397248.html"},"modified":"2013-03-05T14:31:00","modified_gmt":"2013-03-05T12:31:00","slug":"lactualite-du-partenariat-strategique-entre-la-roumanie-et-la-hongrie","status":"publish","type":"post","link":"https:\/\/www.rri.ro\/fr\/actualites\/les-dossiers-de-lactualite\/lactualite-du-partenariat-strategique-entre-la-roumanie-et-la-hongrie-id397248.html","title":{"rendered":"L\u2019actualit\u00e9 du partenariat strat\u00e9gique entre la Roumanie et la Hongrie"},"content":{"rendered":"<p>&#13;<br \/>\n\tLe ministre hongrois des affaires \u00e9trang\u00e8res, J\u00e1nos Martonyi, qui effectue une visite officielle \u00e0 Bucarest, s\u2019est entretenu avec son homologue roumain Titus Corl\u0103\u0163ean au sujet du stade et des priorit\u00e9s de la coop\u00e9ration au sein du Partenariat strat\u00e9gique roumano-hongrois. Ainsi, ont-ils notamment \u00e9voqu\u00e9 les modalit\u00e9s concr\u00e8tes visant \u00e0 faire avancer les projets communs, y compris celui qui concerne la protection des minorit\u00e9s nationales vivant dans les deux pays. Au menu des discussions ont \u00e9galement figur\u00e9 des th\u00e8mes d\u2019actualit\u00e9, dont la coop\u00e9ration entre la Roumanie et la Hongrie aux niveaux r\u00e9gional, europ\u00e9en et international.<\/p>\n<p>&#13;<\/p>\n<p>&#13;\n\t <\/p>\n<p>&#13;<\/p>\n<p>&#13;\n\t <\/p>\n<p>&#13;<\/p>\n<p>&#13;<br \/>\n\tLe ministre roumain des affaires \u00e9trang\u00e8res a regrett\u00e9 que certains hommes politiques traitent de mani\u00e8re superficielle le partenariat avec la Hongrie. Lors de la conf\u00e9rence conjointe marquant les 10 ans \u00e9coul\u00e9s depuis la signature de la d\u00e9claration sur la coop\u00e9ration et le partenariat strat\u00e9gique entre les deux Etats, l\u2019officiel de Bucarest a soulign\u00e9 que l\u2019on n\u2019est pas assez reconnaissants envers les g\u00e9n\u00e9rations successives qui ont \u00e9difi\u00e9 les relations avec le pays voisin. Titus Corl\u0103\u0163ean : <em>\u00ab A mon avis, le partenariat strat\u00e9gique entre la Roumanie et la Hongrie est le r\u00e9sultat naturel de la relation de bon voisinage et de coop\u00e9ration qui existe entre les deux Etats. \u00bb<\/em><\/p>\n<p>&#13;<\/p>\n<p>&#13;\n\t <\/p>\n<p>&#13;<\/p>\n<p>&#13;<br \/>\n\tLechef de la diplomatie de Bucarest a par ailleurs soulign\u00e9 que le fait d\u2019assumer l\u2019identit\u00e9 d\u2019une minorit\u00e9 nationale ne doit pas violer la loi de l\u2019Etat sur le territoire duquel elle vit. <\/p>\n<p>&#13;<\/p>\n<p>&#13;\n\t <\/p>\n<p>&#13;<\/p>\n<p>&#13;\n\t <\/p>\n<p>&#13;<\/p>\n<p>&#13;<br \/>\n\tSon homologue hongrois a, de son cot\u00e9, affirm\u00e9 que les divergences existantes seront r\u00e9gl\u00e9es par voie diplomatique et assur\u00e9 que pas une force politique de Hongrie ne  consid\u00e8re la Roumanie comme \u00e9tant \u00abson ennemi\u00bb. Tout en estimant que les rapports des deux pays passent \u00e0 pr\u00e9sent par des \u00abmoments plus difficiles\u00bb, J\u00e1nos Martonyi a appel\u00e9 les deux parties \u00e0 faire preuve  de \u00abprudence\u00bb. Selon lui, la Roumanie devrait autoriser que des symboles \u00e9trangers soient arbor\u00e9s sur les b\u00e2timents publics.<\/p>\n<p>&#13;<\/p>\n<p>&#13;\n\t <\/p>\n<p>&#13;<\/p>\n<p>&#13;\n\t <\/p>\n<p>&#13;<\/p>\n<p>&#13;<br \/>\n\tLa visite \u00e0 Bucarest de J\u00e1nos Martonyi intervient apr\u00e8s les tensions engendr\u00e9es  par la multiplication des d\u00e9clarations officielles \u00e9manant de Budapest au sujet de l\u2019interdiction par les autorit\u00e9s de Bucarest de l\u2019exhibition sur les b\u00e2timents publics du drapeau des Sicules. Il s\u2019agit de l\u2019embl\u00e8me du Pays des Sicules, qui regroupe trois comt\u00e9s du centre de la Roumanie \u00e0  population majoritaire hongroise. Les autorit\u00e9s hongroises ont r\u00e9cemment montr\u00e9 leur soutien \u00e0 cette minorit\u00e9 ethnique de Roumanie en hissant cette banni\u00e8re sur l\u2019\u00e9difice du Parlement de Budapest.<\/p>\n<p>&#13;<\/p>\n","protected":false},"excerpt":{"rendered":"<p>&#13; Le ministre hongrois des affaires \u00e9trang\u00e8res, J\u00e1nos Martonyi, qui effectue une visite officielle \u00e0 Bucarest, s\u2019est entretenu avec son homologue roumain Titus Corl\u0103\u0163ean au sujet du stade et des priorit\u00e9s de la coop\u00e9ration au sein du Partenariat strat\u00e9gique roumano-hongrois. Ainsi, ont-ils notamment \u00e9voqu\u00e9 les modalit\u00e9s concr\u00e8tes visant \u00e0 faire avancer les projets communs, y [&hellip;]<\/p>\n","protected":false},"author":106,"featured_media":397249,"comment_status":"closed","ping_status":"closed","sticky":false,"template":"","format":"standard","meta":{"_acf_changed":false,"footnotes":""},"categories":[93377],"tags":[47411,85305,46400,93407,88223,85308,89288,87848,30715,33056],"coauthors":[],"class_list":["post-397248","post","type-post","status-publish","format-standard","has-post-thumbnail","hentry","category-les-dossiers-de-lactualite","tag-diplomatie","tag-drapeau","tag-janos-martonyi","tag-mihai-pelin","tag-ministre","tag-minorite","tag-partenariat-strategique","tag-sicules","tag-tensions","tag-titus-corlatean"],"acf":[],"yoast_head":"<!-- This site is optimized with the Yoast SEO plugin v27.5 - https:\/\/yoast.com\/product\/yoast-seo-wordpress\/ -->\n<title>L\u2019actualit\u00e9 du partenariat strat\u00e9gique entre la Roumanie et la Hongrie - Radio Roumanie Internationale<\/title>\n<meta name=\"robots\" content=\"index, follow, max-snippet:-1, max-image-preview:large, max-video-preview:-1\" \/>\n<link rel=\"canonical\" href=\"https:\/\/www.rri.ro\/fr\/actualites\/les-dossiers-de-lactualite\/lactualite-du-partenariat-strategique-entre-la-roumanie-et-la-hongrie-id397248.html\" \/>\n<meta property=\"og:locale\" content=\"fr_FR\" \/>\n<meta property=\"og:type\" content=\"article\" \/>\n<meta property=\"og:title\" content=\"L\u2019actualit\u00e9 du partenariat strat\u00e9gique entre la Roumanie et la Hongrie - Radio Roumanie Internationale\" \/>\n<meta property=\"og:description\" content=\"&#013; Le ministre hongrois des affaires \u00e9trang\u00e8res, J\u00e1nos Martonyi, qui effectue une visite officielle \u00e0 Bucarest, s\u2019est entretenu avec son homologue roumain Titus Corl\u0103\u0163ean au sujet du stade et des priorit\u00e9s de la coop\u00e9ration au sein du Partenariat strat\u00e9gique roumano-hongrois. Ainsi, ont-ils notamment \u00e9voqu\u00e9 les modalit\u00e9s concr\u00e8tes visant \u00e0 faire avancer les projets communs, y [&hellip;]\" \/>\n<meta property=\"og:url\" content=\"https:\/\/www.rri.ro\/fr\/actualites\/les-dossiers-de-lactualite\/lactualite-du-partenariat-strategique-entre-la-roumanie-et-la-hongrie-id397248.html\" \/>\n<meta property=\"og:site_name\" content=\"Radio Roumanie Internationale\" \/>\n<meta property=\"article:published_time\" content=\"2013-03-05T12:31:00+00:00\" \/>\n<meta property=\"og:image\" content=\"https:\/\/www.rri.ro\/wp-content\/uploads\/2023\/10\/Titus-Corlatean-si-Janos-Martonyi.jpg\" \/>\n\t<meta property=\"og:image:width\" content=\"450\" \/>\n\t<meta property=\"og:image:height\" content=\"337\" \/>\n\t<meta property=\"og:image:type\" content=\"image\/jpeg\" \/>\n<meta name=\"author\" content=\"Mihai Pelin\" \/>\n<meta name=\"twitter:card\" content=\"summary_large_image\" \/>\n<meta name=\"twitter:label1\" content=\"\u00c9crit par\" \/>\n\t<meta name=\"twitter:data1\" content=\"Mihai Pelin\" \/>\n\t<meta name=\"twitter:label2\" content=\"Dur\u00e9e de lecture estim\u00e9e\" \/>\n\t<meta name=\"twitter:data2\" content=\"2 minutes\" \/>\n\t<meta name=\"twitter:label3\" content=\"Written by\" \/>\n\t<meta name=\"twitter:data3\" content=\"Mihai Pelin\" \/>\n<script type=\"application\/ld+json\" class=\"yoast-schema-graph\">{\"@context\":\"https:\\\/\\\/schema.org\",\"@graph\":[{\"@type\":\"Article\",\"@id\":\"https:\\\/\\\/www.rri.ro\\\/fr\\\/actualites\\\/les-dossiers-de-lactualite\\\/lactualite-du-partenariat-strategique-entre-la-roumanie-et-la-hongrie-id397248.html#article\",\"isPartOf\":{\"@id\":\"https:\\\/\\\/www.rri.ro\\\/fr\\\/actualites\\\/les-dossiers-de-lactualite\\\/lactualite-du-partenariat-strategique-entre-la-roumanie-et-la-hongrie-id397248.html\"},\"author\":{\"name\":\"Mihai Pelin\",\"@id\":\"https:\\\/\\\/www.rri.ro\\\/#\\\/schema\\\/person\\\/c6036c822534c855dc3aad41a484f05d\"},\"headline\":\"L\u2019actualit\u00e9 du partenariat strat\u00e9gique entre la Roumanie et la Hongrie\",\"datePublished\":\"2013-03-05T12:31:00+00:00\",\"mainEntityOfPage\":{\"@id\":\"https:\\\/\\\/www.rri.ro\\\/fr\\\/actualites\\\/les-dossiers-de-lactualite\\\/lactualite-du-partenariat-strategique-entre-la-roumanie-et-la-hongrie-id397248.html\"},\"wordCount\":456,\"image\":{\"@id\":\"https:\\\/\\\/www.rri.ro\\\/fr\\\/actualites\\\/les-dossiers-de-lactualite\\\/lactualite-du-partenariat-strategique-entre-la-roumanie-et-la-hongrie-id397248.html#primaryimage\"},\"thumbnailUrl\":\"https:\\\/\\\/www.rri.ro\\\/wp-content\\\/uploads\\\/2023\\\/10\\\/Titus-Corlatean-si-Janos-Martonyi.jpg\",\"keywords\":[\"diplomatie\",\"drapeau\",\"J\u00e1nos Martonyi\",\"Mihai Pelin\",\"ministre\",\"minorit\u00e9\",\"partenariat strat\u00e9gique\",\"Sicules\",\"tensions\",\"Titus Corlatean\"],\"articleSection\":[\"Les dossiers de l'actualit\u00e9\"],\"inLanguage\":\"fr-FR\"},{\"@type\":\"WebPage\",\"@id\":\"https:\\\/\\\/www.rri.ro\\\/fr\\\/actualites\\\/les-dossiers-de-lactualite\\\/lactualite-du-partenariat-strategique-entre-la-roumanie-et-la-hongrie-id397248.html\",\"url\":\"https:\\\/\\\/www.rri.ro\\\/fr\\\/actualites\\\/les-dossiers-de-lactualite\\\/lactualite-du-partenariat-strategique-entre-la-roumanie-et-la-hongrie-id397248.html\",\"name\":\"L\u2019actualit\u00e9 du partenariat strat\u00e9gique entre la Roumanie et la Hongrie - Radio Roumanie Internationale\",\"isPartOf\":{\"@id\":\"https:\\\/\\\/www.rri.ro\\\/#website\"},\"primaryImageOfPage\":{\"@id\":\"https:\\\/\\\/www.rri.ro\\\/fr\\\/actualites\\\/les-dossiers-de-lactualite\\\/lactualite-du-partenariat-strategique-entre-la-roumanie-et-la-hongrie-id397248.html#primaryimage\"},\"image\":{\"@id\":\"https:\\\/\\\/www.rri.ro\\\/fr\\\/actualites\\\/les-dossiers-de-lactualite\\\/lactualite-du-partenariat-strategique-entre-la-roumanie-et-la-hongrie-id397248.html#primaryimage\"},\"thumbnailUrl\":\"https:\\\/\\\/www.rri.ro\\\/wp-content\\\/uploads\\\/2023\\\/10\\\/Titus-Corlatean-si-Janos-Martonyi.jpg\",\"datePublished\":\"2013-03-05T12:31:00+00:00\",\"author\":{\"@id\":\"https:\\\/\\\/www.rri.ro\\\/#\\\/schema\\\/person\\\/c6036c822534c855dc3aad41a484f05d\"},\"breadcrumb\":{\"@id\":\"https:\\\/\\\/www.rri.ro\\\/fr\\\/actualites\\\/les-dossiers-de-lactualite\\\/lactualite-du-partenariat-strategique-entre-la-roumanie-et-la-hongrie-id397248.html#breadcrumb\"},\"inLanguage\":\"fr-FR\",\"potentialAction\":[{\"@type\":\"ReadAction\",\"target\":[\"https:\\\/\\\/www.rri.ro\\\/fr\\\/actualites\\\/les-dossiers-de-lactualite\\\/lactualite-du-partenariat-strategique-entre-la-roumanie-et-la-hongrie-id397248.html\"]}]},{\"@type\":\"ImageObject\",\"inLanguage\":\"fr-FR\",\"@id\":\"https:\\\/\\\/www.rri.ro\\\/fr\\\/actualites\\\/les-dossiers-de-lactualite\\\/lactualite-du-partenariat-strategique-entre-la-roumanie-et-la-hongrie-id397248.html#primaryimage\",\"url\":\"https:\\\/\\\/www.rri.ro\\\/wp-content\\\/uploads\\\/2023\\\/10\\\/Titus-Corlatean-si-Janos-Martonyi.jpg\",\"contentUrl\":\"https:\\\/\\\/www.rri.ro\\\/wp-content\\\/uploads\\\/2023\\\/10\\\/Titus-Corlatean-si-Janos-Martonyi.jpg\",\"width\":450,\"height\":337},{\"@type\":\"BreadcrumbList\",\"@id\":\"https:\\\/\\\/www.rri.ro\\\/fr\\\/actualites\\\/les-dossiers-de-lactualite\\\/lactualite-du-partenariat-strategique-entre-la-roumanie-et-la-hongrie-id397248.html#breadcrumb\",\"itemListElement\":[{\"@type\":\"ListItem\",\"position\":1,\"name\":\"Page d'accueil\",\"item\":\"https:\\\/\\\/www.rri.ro\\\/fr\"},{\"@type\":\"ListItem\",\"position\":2,\"name\":\"Actualit\u00e9s\",\"item\":\"https:\\\/\\\/www.rri.ro\\\/fr\\\/actualites\"},{\"@type\":\"ListItem\",\"position\":3,\"name\":\"Les dossiers de l'actualit\u00e9\",\"item\":\"https:\\\/\\\/www.rri.ro\\\/fr\\\/actualites\\\/les-dossiers-de-lactualite\"},{\"@type\":\"ListItem\",\"position\":4,\"name\":\"L\u2019actualit\u00e9 du partenariat strat\u00e9gique entre la Roumanie et la Hongrie\"}]},{\"@type\":\"WebSite\",\"@id\":\"https:\\\/\\\/www.rri.ro\\\/#website\",\"url\":\"https:\\\/\\\/www.rri.ro\\\/\",\"name\":\"Radio Roumanie Internationale\",\"description\":\"Totul despre Rom\u00e2nia \u015fi rom\u00e2ni, \u00een 13 limbi\\\/dialecte!\",\"inLanguage\":\"fr-FR\"},{\"@type\":\"Person\",\"@id\":\"https:\\\/\\\/www.rri.ro\\\/#\\\/schema\\\/person\\\/c6036c822534c855dc3aad41a484f05d\",\"name\":\"Mihai Pelin\",\"url\":\"https:\\\/\\\/www.rri.ro\\\/fr\\\/author\\\/mihai-pelin\"}]}<\/script>\n<!-- \/ Yoast SEO plugin. -->","yoast_head_json":{"title":"L\u2019actualit\u00e9 du partenariat strat\u00e9gique entre la Roumanie et la Hongrie - Radio Roumanie Internationale","robots":{"index":"index","follow":"follow","max-snippet":"max-snippet:-1","max-image-preview":"max-image-preview:large","max-video-preview":"max-video-preview:-1"},"canonical":"https:\/\/www.rri.ro\/fr\/actualites\/les-dossiers-de-lactualite\/lactualite-du-partenariat-strategique-entre-la-roumanie-et-la-hongrie-id397248.html","og_locale":"fr_FR","og_type":"article","og_title":"L\u2019actualit\u00e9 du partenariat strat\u00e9gique entre la Roumanie et la Hongrie - Radio Roumanie Internationale","og_description":"&#13; Le ministre hongrois des affaires \u00e9trang\u00e8res, J\u00e1nos Martonyi, qui effectue une visite officielle \u00e0 Bucarest, s\u2019est entretenu avec son homologue roumain Titus Corl\u0103\u0163ean au sujet du stade et des priorit\u00e9s de la coop\u00e9ration au sein du Partenariat strat\u00e9gique roumano-hongrois. Ainsi, ont-ils notamment \u00e9voqu\u00e9 les modalit\u00e9s concr\u00e8tes visant \u00e0 faire avancer les projets communs, y [&hellip;]","og_url":"https:\/\/www.rri.ro\/fr\/actualites\/les-dossiers-de-lactualite\/lactualite-du-partenariat-strategique-entre-la-roumanie-et-la-hongrie-id397248.html","og_site_name":"Radio Roumanie Internationale","article_published_time":"2013-03-05T12:31:00+00:00","og_image":[{"width":450,"height":337,"url":"https:\/\/www.rri.ro\/wp-content\/uploads\/2023\/10\/Titus-Corlatean-si-Janos-Martonyi.jpg","type":"image\/jpeg"}],"author":"Mihai Pelin","twitter_card":"summary_large_image","twitter_misc":{"\u00c9crit par":"Mihai Pelin","Dur\u00e9e de lecture estim\u00e9e":"2 minutes","Written by":"Mihai Pelin"},"schema":{"@context":"https:\/\/schema.org","@graph":[{"@type":"Article","@id":"https:\/\/www.rri.ro\/fr\/actualites\/les-dossiers-de-lactualite\/lactualite-du-partenariat-strategique-entre-la-roumanie-et-la-hongrie-id397248.html#article","isPartOf":{"@id":"https:\/\/www.rri.ro\/fr\/actualites\/les-dossiers-de-lactualite\/lactualite-du-partenariat-strategique-entre-la-roumanie-et-la-hongrie-id397248.html"},"author":{"name":"Mihai Pelin","@id":"https:\/\/www.rri.ro\/#\/schema\/person\/c6036c822534c855dc3aad41a484f05d"},"headline":"L\u2019actualit\u00e9 du partenariat strat\u00e9gique entre la Roumanie et la Hongrie","datePublished":"2013-03-05T12:31:00+00:00","mainEntityOfPage":{"@id":"https:\/\/www.rri.ro\/fr\/actualites\/les-dossiers-de-lactualite\/lactualite-du-partenariat-strategique-entre-la-roumanie-et-la-hongrie-id397248.html"},"wordCount":456,"image":{"@id":"https:\/\/www.rri.ro\/fr\/actualites\/les-dossiers-de-lactualite\/lactualite-du-partenariat-strategique-entre-la-roumanie-et-la-hongrie-id397248.html#primaryimage"},"thumbnailUrl":"https:\/\/www.rri.ro\/wp-content\/uploads\/2023\/10\/Titus-Corlatean-si-Janos-Martonyi.jpg","keywords":["diplomatie","drapeau","J\u00e1nos Martonyi","Mihai Pelin","ministre","minorit\u00e9","partenariat strat\u00e9gique","Sicules","tensions","Titus Corlatean"],"articleSection":["Les dossiers de l'actualit\u00e9"],"inLanguage":"fr-FR"},{"@type":"WebPage","@id":"https:\/\/www.rri.ro\/fr\/actualites\/les-dossiers-de-lactualite\/lactualite-du-partenariat-strategique-entre-la-roumanie-et-la-hongrie-id397248.html","url":"https:\/\/www.rri.ro\/fr\/actualites\/les-dossiers-de-lactualite\/lactualite-du-partenariat-strategique-entre-la-roumanie-et-la-hongrie-id397248.html","name":"L\u2019actualit\u00e9 du partenariat strat\u00e9gique entre la Roumanie et la Hongrie - Radio Roumanie Internationale","isPartOf":{"@id":"https:\/\/www.rri.ro\/#website"},"primaryImageOfPage":{"@id":"https:\/\/www.rri.ro\/fr\/actualites\/les-dossiers-de-lactualite\/lactualite-du-partenariat-strategique-entre-la-roumanie-et-la-hongrie-id397248.html#primaryimage"},"image":{"@id":"https:\/\/www.rri.ro\/fr\/actualites\/les-dossiers-de-lactualite\/lactualite-du-partenariat-strategique-entre-la-roumanie-et-la-hongrie-id397248.html#primaryimage"},"thumbnailUrl":"https:\/\/www.rri.ro\/wp-content\/uploads\/2023\/10\/Titus-Corlatean-si-Janos-Martonyi.jpg","datePublished":"2013-03-05T12:31:00+00:00","author":{"@id":"https:\/\/www.rri.ro\/#\/schema\/person\/c6036c822534c855dc3aad41a484f05d"},"breadcrumb":{"@id":"https:\/\/www.rri.ro\/fr\/actualites\/les-dossiers-de-lactualite\/lactualite-du-partenariat-strategique-entre-la-roumanie-et-la-hongrie-id397248.html#breadcrumb"},"inLanguage":"fr-FR","potentialAction":[{"@type":"ReadAction","target":["https:\/\/www.rri.ro\/fr\/actualites\/les-dossiers-de-lactualite\/lactualite-du-partenariat-strategique-entre-la-roumanie-et-la-hongrie-id397248.html"]}]},{"@type":"ImageObject","inLanguage":"fr-FR","@id":"https:\/\/www.rri.ro\/fr\/actualites\/les-dossiers-de-lactualite\/lactualite-du-partenariat-strategique-entre-la-roumanie-et-la-hongrie-id397248.html#primaryimage","url":"https:\/\/www.rri.ro\/wp-content\/uploads\/2023\/10\/Titus-Corlatean-si-Janos-Martonyi.jpg","contentUrl":"https:\/\/www.rri.ro\/wp-content\/uploads\/2023\/10\/Titus-Corlatean-si-Janos-Martonyi.jpg","width":450,"height":337},{"@type":"BreadcrumbList","@id":"https:\/\/www.rri.ro\/fr\/actualites\/les-dossiers-de-lactualite\/lactualite-du-partenariat-strategique-entre-la-roumanie-et-la-hongrie-id397248.html#breadcrumb","itemListElement":[{"@type":"ListItem","position":1,"name":"Page d'accueil","item":"https:\/\/www.rri.ro\/fr"},{"@type":"ListItem","position":2,"name":"Actualit\u00e9s","item":"https:\/\/www.rri.ro\/fr\/actualites"},{"@type":"ListItem","position":3,"name":"Les dossiers de l'actualit\u00e9","item":"https:\/\/www.rri.ro\/fr\/actualites\/les-dossiers-de-lactualite"},{"@type":"ListItem","position":4,"name":"L\u2019actualit\u00e9 du partenariat strat\u00e9gique entre la Roumanie et la Hongrie"}]},{"@type":"WebSite","@id":"https:\/\/www.rri.ro\/#website","url":"https:\/\/www.rri.ro\/","name":"Radio Roumanie Internationale","description":"Totul despre Rom\u00e2nia \u015fi rom\u00e2ni, \u00een 13 limbi\/dialecte!","inLanguage":"fr-FR"},{"@type":"Person","@id":"https:\/\/www.rri.ro\/#\/schema\/person\/c6036c822534c855dc3aad41a484f05d","name":"Mihai Pelin","url":"https:\/\/www.rri.ro\/fr\/author\/mihai-pelin"}]}},"_links":{"self":[{"href":"https:\/\/www.rri.ro\/fr\/wp-json\/wp\/v2\/posts\/397248","targetHints":{"allow":["GET"]}}],"collection":[{"href":"https:\/\/www.rri.ro\/fr\/wp-json\/wp\/v2\/posts"}],"about":[{"href":"https:\/\/www.rri.ro\/fr\/wp-json\/wp\/v2\/types\/post"}],"author":[{"embeddable":true,"href":"https:\/\/www.rri.ro\/fr\/wp-json\/wp\/v2\/users\/106"}],"replies":[{"embeddable":true,"href":"https:\/\/www.rri.ro\/fr\/wp-json\/wp\/v2\/comments?post=397248"}],"version-history":[{"count":0,"href":"https:\/\/www.rri.ro\/fr\/wp-json\/wp\/v2\/posts\/397248\/revisions"}],"wp:featuredmedia":[{"embeddable":true,"href":"https:\/\/www.rri.ro\/fr\/wp-json\/wp\/v2\/media\/397249"}],"wp:attachment":[{"href":"https:\/\/www.rri.ro\/fr\/wp-json\/wp\/v2\/media?parent=397248"}],"wp:term":[{"taxonomy":"category","embeddable":true,"href":"https:\/\/www.rri.ro\/fr\/wp-json\/wp\/v2\/categories?post=397248"},{"taxonomy":"post_tag","embeddable":true,"href":"https:\/\/www.rri.ro\/fr\/wp-json\/wp\/v2\/tags?post=397248"},{"taxonomy":"author","embeddable":true,"href":"https:\/\/www.rri.ro\/fr\/wp-json\/wp\/v2\/coauthors?post=397248"}],"curies":[{"name":"wp","href":"https:\/\/api.w.org\/{rel}","templated":true}]}}