{"id":397415,"date":"2013-06-13T15:37:00","date_gmt":"2013-06-13T12:37:00","guid":{"rendered":"http:\/\/devrri.freshlemon.ro\/le-roumain-mot-a-mot\/consulter-les-lecons\/mesures-portant-sur-laccord-schengen-id397415.html"},"modified":"2013-06-13T15:37:00","modified_gmt":"2013-06-13T12:37:00","slug":"mesures-portant-sur-laccord-schengen","status":"publish","type":"post","link":"https:\/\/www.rri.ro\/fr\/actualites\/les-dossiers-de-lactualite\/mesures-portant-sur-laccord-schengen-id397415.html","title":{"rendered":"Mesures portant sur l\u2019Accord Schengen"},"content":{"rendered":"<p>Le pl\u00e9num du Parlement europ\u00e9en a avalis\u00e9 mercredi le paquet \u00abgouvernance de Schengen\u00bb, \u00e0 savoir deux r\u00e8glements relatifs \u00e0 un nouveau m\u00e9canisme d\u2019\u00e9valuation du respect des normes en vigueur \u00e0 l\u2019int\u00e9rieur de l\u2019espace de libre circulation, ainsi que la r\u00e9introduction temporaire de contr\u00f4les aux fronti\u00e8res int\u00e9rieures dans des cas exceptionnels.<\/p>\n<p>&#13;<br \/>\n&#13;<\/p>\n<p>&#13;<br \/>\n&#13;<\/p>\n<p>La premi\u00e8re nouvelle r\u00e8gle pr\u00e9voit que des \u00e9quipes dinspection soient autoris\u00e9es \u00e0 effectuer des visites inopin\u00e9es aux fronti\u00e8res int\u00e9rieures afin demp\u00eacher toute tentative dimposer des contr\u00f4les ill\u00e9gaux. La deuxi\u00e8me souligne que la r\u00e9introduction de contr\u00f4les aux fronti\u00e8res int\u00e9rieures sera autoris\u00e9e uniquement dans des circonstances qui pourraient repr\u00e9senter une menace grave pour la politique publique ou la s\u00e9curit\u00e9 int\u00e9rieure.<\/p>\n<p>&#13;<br \/>\n&#13;<\/p>\n<p>&#13;<br \/>\n&#13;<\/p>\n<p>Cette mesure devrait donc rester une exception et une mesure de dernier ressort \u00e0 prendre pour une dur\u00e9e strictement limit\u00e9e, allant de 30 jours \u00e0 6 mois au maximum. Si des \u00e9v\u00e9nements impr\u00e9visibles exigent une action imm\u00e9diate (par exemple un attentat terroriste), les \u00c9tats membres pourraient r\u00e9introduire des contr\u00f4les de mani\u00e8re unilat\u00e9rale pendant 10 jours au maximum. Toute prolongation de cette dur\u00e9e sera contr\u00f4l\u00e9e au niveau europ\u00e9en, est-il pr\u00e9cis\u00e9 dans le texte. En outre, les membres et les candidats \u00e0 l\u2019entr\u00e9e dans cet espace seront \u00e9valu\u00e9s suivant les m\u00eames crit\u00e8res et tenus de respecter les m\u00eames r\u00e8gles.<\/p>\n<p>&#13;<br \/>\n&#13;<\/p>\n<p>&#13;<br \/>\n&#13;<\/p>\n<p>Enfin, \u00ab la migration et le franchissement des fronti\u00e8res ext\u00e9rieures par un grand nombre de ressortissants de pays tiers ne devraient pas, par d\u00e9finition, \u00eatre consid\u00e9r\u00e9s comme une menace pour la politique publique ou la s\u00e9curit\u00e9 int\u00e9rieure \u00bb, stipule encore le document. Ces nouvelles r\u00e9glementations pourraient \u00eatre approuv\u00e9es l\u2019automne prochain par le Conseil Europ\u00e9en. Selon l\u2019Agence de presse Mediafax, plusieurs repr\u00e9sentants de la Roumanie au Parlement europ\u00e9en se sont f\u00e9licit\u00e9s de l\u2019adoption  du paquet \u00abgouvernance de Schengen\u00bb.<\/p>\n<p>&#13;<br \/>\n&#13;<\/p>\n<p>&#13;<br \/>\n&#13;<\/p>\n<p>Les lib\u00e9raux ont esp\u00e9r\u00e9 que l\u2019adoption de ce paquet de mesures, qui a suscit\u00e9 de vives pol\u00e9miques ces deux derni\u00e8res ann\u00e9es au sein du Conseil et du Parlement Europ\u00e9ens, donnera un coup de pouce aux n\u00e9gociations de la Roumanie en vue de son adh\u00e9sion \u00e0 l\u2019espace Schengen. De leur c\u00f4t\u00e9, les sociaux-d\u00e9mocrates pensent que les nouvelles r\u00e9glementations mettront fin \u00e0 la politique des deux poids &#8211; deux mesures, que Bucarest et Sofia ont d\u00fb subir.<\/p>\n<p>&#13;<br \/>\n&#13;<\/p>\n<p>&#13;<br \/>\n&#13;<\/p>\n<p>Les d\u00e9mocrates-lib\u00e9raux estiment, eux, que la Roumanie est m\u00eame mieux plac\u00e9e que bien d\u2019autres pays au chapitre s\u00e9curit\u00e9 des fronti\u00e8res, ce qui pourrait servir d\u2019argument suppl\u00e9mentaire pour son admission d\u2019ici la fin de l\u2019ann\u00e9e. Pr\u00e9cisons que l\u2019entr\u00e9e de la Roumanie et de la Bulgarie dans l\u2019espace de libre circulation a jusqu\u2019ici \u00e9t\u00e9 bloqu\u00e9e non pas pour des raisons de nature technique, mais \u00e0 cause des r\u00e9serves exprim\u00e9es par certains Etats, qui ont exig\u00e9 une r\u00e9forme plus profonde des syst\u00e8me judiciaires des deux pays&#8230;(trad.: Mariana Tudose)<\/p>\n<p>&#13;<\/p>\n","protected":false},"excerpt":{"rendered":"<p>Le pl\u00e9num du Parlement europ\u00e9en a avalis\u00e9 mercredi le paquet \u00abgouvernance de Schengen\u00bb, \u00e0 savoir deux r\u00e8glements relatifs \u00e0 un nouveau m\u00e9canisme d\u2019\u00e9valuation du respect des normes en vigueur \u00e0 l\u2019int\u00e9rieur de l\u2019espace de libre circulation, ainsi que la r\u00e9introduction temporaire de contr\u00f4les aux fronti\u00e8res int\u00e9rieures dans des cas exceptionnels. &#13; &#13; &#13; &#13; La [&hellip;]<\/p>\n","protected":false},"author":111,"featured_media":180594,"comment_status":"closed","ping_status":"closed","sticky":false,"template":"","format":"standard","meta":{"_acf_changed":false,"footnotes":""},"categories":[93377],"tags":[93435,93436,89593,93400],"coauthors":[],"class_list":["post-397415","post","type-post","status-publish","format-standard","has-post-thumbnail","hentry","category-les-dossiers-de-lactualite","tag-lespace-schengen","tag-la-gouvernance-de-schengen","tag-la-migration","tag-le-parlement-europeen"],"acf":[],"yoast_head":"<!-- This site is optimized with the Yoast SEO plugin v27.5 - https:\/\/yoast.com\/product\/yoast-seo-wordpress\/ -->\n<title>Mesures portant sur l\u2019Accord Schengen - Radio Roumanie Internationale<\/title>\n<meta name=\"robots\" content=\"index, follow, max-snippet:-1, max-image-preview:large, max-video-preview:-1\" \/>\n<link rel=\"canonical\" href=\"https:\/\/www.rri.ro\/fr\/actualites\/les-dossiers-de-lactualite\/mesures-portant-sur-laccord-schengen-id397415.html\" \/>\n<meta property=\"og:locale\" content=\"fr_FR\" \/>\n<meta property=\"og:type\" content=\"article\" \/>\n<meta property=\"og:title\" content=\"Mesures portant sur l\u2019Accord Schengen - Radio Roumanie Internationale\" \/>\n<meta property=\"og:description\" content=\"Le pl\u00e9num du Parlement europ\u00e9en a avalis\u00e9 mercredi le paquet \u00abgouvernance de Schengen\u00bb, \u00e0 savoir deux r\u00e8glements relatifs \u00e0 un nouveau m\u00e9canisme d\u2019\u00e9valuation du respect des normes en vigueur \u00e0 l\u2019int\u00e9rieur de l\u2019espace de libre circulation, ainsi que la r\u00e9introduction temporaire de contr\u00f4les aux fronti\u00e8res int\u00e9rieures dans des cas exceptionnels. &#013; &#013; &#013; &#013; La [&hellip;]\" \/>\n<meta property=\"og:url\" content=\"https:\/\/www.rri.ro\/fr\/actualites\/les-dossiers-de-lactualite\/mesures-portant-sur-laccord-schengen-id397415.html\" \/>\n<meta property=\"og:site_name\" content=\"Radio Roumanie Internationale\" \/>\n<meta property=\"article:published_time\" content=\"2013-06-13T12:37:00+00:00\" \/>\n<meta property=\"og:image\" content=\"https:\/\/www.rri.ro\/wp-content\/uploads\/2023\/10\/Schengen.jpg\" \/>\n\t<meta property=\"og:image:width\" content=\"450\" \/>\n\t<meta property=\"og:image:height\" content=\"300\" \/>\n\t<meta property=\"og:image:type\" content=\"image\/jpeg\" \/>\n<meta name=\"author\" content=\"Valentin \u021aig\u0103u\" \/>\n<meta name=\"twitter:card\" content=\"summary_large_image\" \/>\n<meta name=\"twitter:label1\" content=\"\u00c9crit par\" \/>\n\t<meta name=\"twitter:data1\" content=\"Valentin \u021aig\u0103u\" \/>\n\t<meta name=\"twitter:label2\" content=\"Dur\u00e9e de lecture estim\u00e9e\" \/>\n\t<meta name=\"twitter:data2\" content=\"3 minutes\" \/>\n\t<meta name=\"twitter:label3\" content=\"Written by\" \/>\n\t<meta name=\"twitter:data3\" content=\"Valentin \u021aig\u0103u\" \/>\n<script type=\"application\/ld+json\" class=\"yoast-schema-graph\">{\"@context\":\"https:\\\/\\\/schema.org\",\"@graph\":[{\"@type\":\"Article\",\"@id\":\"https:\\\/\\\/www.rri.ro\\\/fr\\\/actualites\\\/les-dossiers-de-lactualite\\\/mesures-portant-sur-laccord-schengen-id397415.html#article\",\"isPartOf\":{\"@id\":\"https:\\\/\\\/www.rri.ro\\\/fr\\\/actualites\\\/les-dossiers-de-lactualite\\\/mesures-portant-sur-laccord-schengen-id397415.html\"},\"author\":{\"name\":\"Valentin \u021aig\u0103u\",\"@id\":\"https:\\\/\\\/www.rri.ro\\\/#\\\/schema\\\/person\\\/dd2e33092651deba594240e14c678732\"},\"headline\":\"Mesures portant sur l\u2019Accord Schengen\",\"datePublished\":\"2013-06-13T12:37:00+00:00\",\"mainEntityOfPage\":{\"@id\":\"https:\\\/\\\/www.rri.ro\\\/fr\\\/actualites\\\/les-dossiers-de-lactualite\\\/mesures-portant-sur-laccord-schengen-id397415.html\"},\"wordCount\":538,\"image\":{\"@id\":\"https:\\\/\\\/www.rri.ro\\\/fr\\\/actualites\\\/les-dossiers-de-lactualite\\\/mesures-portant-sur-laccord-schengen-id397415.html#primaryimage\"},\"thumbnailUrl\":\"https:\\\/\\\/www.rri.ro\\\/wp-content\\\/uploads\\\/2023\\\/10\\\/Schengen.jpg\",\"keywords\":[\"l'espace Schengen\",\"la gouvernance de Schengen\",\"la migration\",\"le Parlement europ\u00e9en\"],\"articleSection\":[\"Les dossiers de l'actualit\u00e9\"],\"inLanguage\":\"fr-FR\"},{\"@type\":\"WebPage\",\"@id\":\"https:\\\/\\\/www.rri.ro\\\/fr\\\/actualites\\\/les-dossiers-de-lactualite\\\/mesures-portant-sur-laccord-schengen-id397415.html\",\"url\":\"https:\\\/\\\/www.rri.ro\\\/fr\\\/actualites\\\/les-dossiers-de-lactualite\\\/mesures-portant-sur-laccord-schengen-id397415.html\",\"name\":\"Mesures portant sur l\u2019Accord Schengen - Radio Roumanie Internationale\",\"isPartOf\":{\"@id\":\"https:\\\/\\\/www.rri.ro\\\/#website\"},\"primaryImageOfPage\":{\"@id\":\"https:\\\/\\\/www.rri.ro\\\/fr\\\/actualites\\\/les-dossiers-de-lactualite\\\/mesures-portant-sur-laccord-schengen-id397415.html#primaryimage\"},\"image\":{\"@id\":\"https:\\\/\\\/www.rri.ro\\\/fr\\\/actualites\\\/les-dossiers-de-lactualite\\\/mesures-portant-sur-laccord-schengen-id397415.html#primaryimage\"},\"thumbnailUrl\":\"https:\\\/\\\/www.rri.ro\\\/wp-content\\\/uploads\\\/2023\\\/10\\\/Schengen.jpg\",\"datePublished\":\"2013-06-13T12:37:00+00:00\",\"author\":{\"@id\":\"https:\\\/\\\/www.rri.ro\\\/#\\\/schema\\\/person\\\/dd2e33092651deba594240e14c678732\"},\"breadcrumb\":{\"@id\":\"https:\\\/\\\/www.rri.ro\\\/fr\\\/actualites\\\/les-dossiers-de-lactualite\\\/mesures-portant-sur-laccord-schengen-id397415.html#breadcrumb\"},\"inLanguage\":\"fr-FR\",\"potentialAction\":[{\"@type\":\"ReadAction\",\"target\":[\"https:\\\/\\\/www.rri.ro\\\/fr\\\/actualites\\\/les-dossiers-de-lactualite\\\/mesures-portant-sur-laccord-schengen-id397415.html\"]}]},{\"@type\":\"ImageObject\",\"inLanguage\":\"fr-FR\",\"@id\":\"https:\\\/\\\/www.rri.ro\\\/fr\\\/actualites\\\/les-dossiers-de-lactualite\\\/mesures-portant-sur-laccord-schengen-id397415.html#primaryimage\",\"url\":\"https:\\\/\\\/www.rri.ro\\\/wp-content\\\/uploads\\\/2023\\\/10\\\/Schengen.jpg\",\"contentUrl\":\"https:\\\/\\\/www.rri.ro\\\/wp-content\\\/uploads\\\/2023\\\/10\\\/Schengen.jpg\",\"width\":450,\"height\":300},{\"@type\":\"BreadcrumbList\",\"@id\":\"https:\\\/\\\/www.rri.ro\\\/fr\\\/actualites\\\/les-dossiers-de-lactualite\\\/mesures-portant-sur-laccord-schengen-id397415.html#breadcrumb\",\"itemListElement\":[{\"@type\":\"ListItem\",\"position\":1,\"name\":\"Page d'accueil\",\"item\":\"https:\\\/\\\/www.rri.ro\\\/fr\"},{\"@type\":\"ListItem\",\"position\":2,\"name\":\"Actualit\u00e9s\",\"item\":\"https:\\\/\\\/www.rri.ro\\\/fr\\\/actualites\"},{\"@type\":\"ListItem\",\"position\":3,\"name\":\"Les dossiers de l'actualit\u00e9\",\"item\":\"https:\\\/\\\/www.rri.ro\\\/fr\\\/actualites\\\/les-dossiers-de-lactualite\"},{\"@type\":\"ListItem\",\"position\":4,\"name\":\"Mesures portant sur l\u2019Accord Schengen\"}]},{\"@type\":\"WebSite\",\"@id\":\"https:\\\/\\\/www.rri.ro\\\/#website\",\"url\":\"https:\\\/\\\/www.rri.ro\\\/\",\"name\":\"Radio Roumanie Internationale\",\"description\":\"Totul despre Rom\u00e2nia \u015fi rom\u00e2ni, \u00een 13 limbi\\\/dialecte!\",\"inLanguage\":\"fr-FR\"},{\"@type\":\"Person\",\"@id\":\"https:\\\/\\\/www.rri.ro\\\/#\\\/schema\\\/person\\\/dd2e33092651deba594240e14c678732\",\"name\":\"Valentin \u021aig\u0103u\",\"url\":\"https:\\\/\\\/www.rri.ro\\\/fr\\\/author\\\/valentin-tigau\"}]}<\/script>\n<!-- \/ Yoast SEO plugin. -->","yoast_head_json":{"title":"Mesures portant sur l\u2019Accord Schengen - Radio Roumanie Internationale","robots":{"index":"index","follow":"follow","max-snippet":"max-snippet:-1","max-image-preview":"max-image-preview:large","max-video-preview":"max-video-preview:-1"},"canonical":"https:\/\/www.rri.ro\/fr\/actualites\/les-dossiers-de-lactualite\/mesures-portant-sur-laccord-schengen-id397415.html","og_locale":"fr_FR","og_type":"article","og_title":"Mesures portant sur l\u2019Accord Schengen - Radio Roumanie Internationale","og_description":"Le pl\u00e9num du Parlement europ\u00e9en a avalis\u00e9 mercredi le paquet \u00abgouvernance de Schengen\u00bb, \u00e0 savoir deux r\u00e8glements relatifs \u00e0 un nouveau m\u00e9canisme d\u2019\u00e9valuation du respect des normes en vigueur \u00e0 l\u2019int\u00e9rieur de l\u2019espace de libre circulation, ainsi que la r\u00e9introduction temporaire de contr\u00f4les aux fronti\u00e8res int\u00e9rieures dans des cas exceptionnels. &#13; &#13; &#13; &#13; La [&hellip;]","og_url":"https:\/\/www.rri.ro\/fr\/actualites\/les-dossiers-de-lactualite\/mesures-portant-sur-laccord-schengen-id397415.html","og_site_name":"Radio Roumanie Internationale","article_published_time":"2013-06-13T12:37:00+00:00","og_image":[{"width":450,"height":300,"url":"https:\/\/www.rri.ro\/wp-content\/uploads\/2023\/10\/Schengen.jpg","type":"image\/jpeg"}],"author":"Valentin \u021aig\u0103u","twitter_card":"summary_large_image","twitter_misc":{"\u00c9crit par":"Valentin \u021aig\u0103u","Dur\u00e9e de lecture estim\u00e9e":"3 minutes","Written by":"Valentin \u021aig\u0103u"},"schema":{"@context":"https:\/\/schema.org","@graph":[{"@type":"Article","@id":"https:\/\/www.rri.ro\/fr\/actualites\/les-dossiers-de-lactualite\/mesures-portant-sur-laccord-schengen-id397415.html#article","isPartOf":{"@id":"https:\/\/www.rri.ro\/fr\/actualites\/les-dossiers-de-lactualite\/mesures-portant-sur-laccord-schengen-id397415.html"},"author":{"name":"Valentin \u021aig\u0103u","@id":"https:\/\/www.rri.ro\/#\/schema\/person\/dd2e33092651deba594240e14c678732"},"headline":"Mesures portant sur l\u2019Accord Schengen","datePublished":"2013-06-13T12:37:00+00:00","mainEntityOfPage":{"@id":"https:\/\/www.rri.ro\/fr\/actualites\/les-dossiers-de-lactualite\/mesures-portant-sur-laccord-schengen-id397415.html"},"wordCount":538,"image":{"@id":"https:\/\/www.rri.ro\/fr\/actualites\/les-dossiers-de-lactualite\/mesures-portant-sur-laccord-schengen-id397415.html#primaryimage"},"thumbnailUrl":"https:\/\/www.rri.ro\/wp-content\/uploads\/2023\/10\/Schengen.jpg","keywords":["l'espace Schengen","la gouvernance de Schengen","la migration","le Parlement europ\u00e9en"],"articleSection":["Les dossiers de l'actualit\u00e9"],"inLanguage":"fr-FR"},{"@type":"WebPage","@id":"https:\/\/www.rri.ro\/fr\/actualites\/les-dossiers-de-lactualite\/mesures-portant-sur-laccord-schengen-id397415.html","url":"https:\/\/www.rri.ro\/fr\/actualites\/les-dossiers-de-lactualite\/mesures-portant-sur-laccord-schengen-id397415.html","name":"Mesures portant sur l\u2019Accord Schengen - Radio Roumanie Internationale","isPartOf":{"@id":"https:\/\/www.rri.ro\/#website"},"primaryImageOfPage":{"@id":"https:\/\/www.rri.ro\/fr\/actualites\/les-dossiers-de-lactualite\/mesures-portant-sur-laccord-schengen-id397415.html#primaryimage"},"image":{"@id":"https:\/\/www.rri.ro\/fr\/actualites\/les-dossiers-de-lactualite\/mesures-portant-sur-laccord-schengen-id397415.html#primaryimage"},"thumbnailUrl":"https:\/\/www.rri.ro\/wp-content\/uploads\/2023\/10\/Schengen.jpg","datePublished":"2013-06-13T12:37:00+00:00","author":{"@id":"https:\/\/www.rri.ro\/#\/schema\/person\/dd2e33092651deba594240e14c678732"},"breadcrumb":{"@id":"https:\/\/www.rri.ro\/fr\/actualites\/les-dossiers-de-lactualite\/mesures-portant-sur-laccord-schengen-id397415.html#breadcrumb"},"inLanguage":"fr-FR","potentialAction":[{"@type":"ReadAction","target":["https:\/\/www.rri.ro\/fr\/actualites\/les-dossiers-de-lactualite\/mesures-portant-sur-laccord-schengen-id397415.html"]}]},{"@type":"ImageObject","inLanguage":"fr-FR","@id":"https:\/\/www.rri.ro\/fr\/actualites\/les-dossiers-de-lactualite\/mesures-portant-sur-laccord-schengen-id397415.html#primaryimage","url":"https:\/\/www.rri.ro\/wp-content\/uploads\/2023\/10\/Schengen.jpg","contentUrl":"https:\/\/www.rri.ro\/wp-content\/uploads\/2023\/10\/Schengen.jpg","width":450,"height":300},{"@type":"BreadcrumbList","@id":"https:\/\/www.rri.ro\/fr\/actualites\/les-dossiers-de-lactualite\/mesures-portant-sur-laccord-schengen-id397415.html#breadcrumb","itemListElement":[{"@type":"ListItem","position":1,"name":"Page d'accueil","item":"https:\/\/www.rri.ro\/fr"},{"@type":"ListItem","position":2,"name":"Actualit\u00e9s","item":"https:\/\/www.rri.ro\/fr\/actualites"},{"@type":"ListItem","position":3,"name":"Les dossiers de l'actualit\u00e9","item":"https:\/\/www.rri.ro\/fr\/actualites\/les-dossiers-de-lactualite"},{"@type":"ListItem","position":4,"name":"Mesures portant sur l\u2019Accord Schengen"}]},{"@type":"WebSite","@id":"https:\/\/www.rri.ro\/#website","url":"https:\/\/www.rri.ro\/","name":"Radio Roumanie Internationale","description":"Totul despre Rom\u00e2nia \u015fi rom\u00e2ni, \u00een 13 limbi\/dialecte!","inLanguage":"fr-FR"},{"@type":"Person","@id":"https:\/\/www.rri.ro\/#\/schema\/person\/dd2e33092651deba594240e14c678732","name":"Valentin \u021aig\u0103u","url":"https:\/\/www.rri.ro\/fr\/author\/valentin-tigau"}]}},"_links":{"self":[{"href":"https:\/\/www.rri.ro\/fr\/wp-json\/wp\/v2\/posts\/397415","targetHints":{"allow":["GET"]}}],"collection":[{"href":"https:\/\/www.rri.ro\/fr\/wp-json\/wp\/v2\/posts"}],"about":[{"href":"https:\/\/www.rri.ro\/fr\/wp-json\/wp\/v2\/types\/post"}],"author":[{"embeddable":true,"href":"https:\/\/www.rri.ro\/fr\/wp-json\/wp\/v2\/users\/111"}],"replies":[{"embeddable":true,"href":"https:\/\/www.rri.ro\/fr\/wp-json\/wp\/v2\/comments?post=397415"}],"version-history":[{"count":0,"href":"https:\/\/www.rri.ro\/fr\/wp-json\/wp\/v2\/posts\/397415\/revisions"}],"wp:featuredmedia":[{"embeddable":true,"href":"https:\/\/www.rri.ro\/fr\/wp-json\/wp\/v2\/media\/180594"}],"wp:attachment":[{"href":"https:\/\/www.rri.ro\/fr\/wp-json\/wp\/v2\/media?parent=397415"}],"wp:term":[{"taxonomy":"category","embeddable":true,"href":"https:\/\/www.rri.ro\/fr\/wp-json\/wp\/v2\/categories?post=397415"},{"taxonomy":"post_tag","embeddable":true,"href":"https:\/\/www.rri.ro\/fr\/wp-json\/wp\/v2\/tags?post=397415"},{"taxonomy":"author","embeddable":true,"href":"https:\/\/www.rri.ro\/fr\/wp-json\/wp\/v2\/coauthors?post=397415"}],"curies":[{"name":"wp","href":"https:\/\/api.w.org\/{rel}","templated":true}]}}