{"id":399207,"date":"2016-09-07T13:01:00","date_gmt":"2016-09-07T10:01:00","guid":{"rendered":"http:\/\/devrri.freshlemon.ro\/le-roumain-mot-a-mot\/consulter-les-lecons\/croissance-economique-et-pauvrete-le-paradoxe-de-leconomie-roumaine-id399207.html"},"modified":"2016-09-07T13:01:00","modified_gmt":"2016-09-07T10:01:00","slug":"croissance-economique-et-pauvrete-le-paradoxe-de-leconomie-roumaine","status":"publish","type":"post","link":"https:\/\/www.rri.ro\/fr\/actualites\/les-dossiers-de-lactualite\/croissance-economique-et-pauvrete-le-paradoxe-de-leconomie-roumaine-id399207.html","title":{"rendered":"Croissance \u00e9conomique et pauvret\u00e9 : le paradoxe de l\u2019\u00e9conomie roumaine"},"content":{"rendered":"<p>Dans les deux ann\u00e9es \u00e0 venir, la Roumanie pourrait atteindre un niveau excellent de croissance \u00e9conomique. Plus concr\u00e8tement, les sp\u00e9cialistes tablent sur une avanc\u00e9e entre 4,4 et 4,8% pour lann\u00e9e en cours et entre 5,2 et 5,7% pour lann\u00e9e prochaine. Cette croissance devrait \u00eatre favoris\u00e9e par laugmentation de la demande int\u00e9rieure, engendr\u00e9e \u00e0 son tour par les mesures dall\u00e9gement fiscal. Dans ses pr\u00e9visions \u00e9conomiques de ce printemps, la Commission europ\u00e9enne tablait sur une croissance \u00e9conomique de 4,2% en 2016 pour la Roumanie, soutenue justement par une demande int\u00e9rieure robuste. En 2017, cette avanc\u00e9e devrait ralentir jusqu\u00e0 3,7%, selon lEx\u00e9cutif communautaire. <br \/>&#13;<br \/>\n<br \/>&#13;<br \/>\n<br \/>&#13;<br \/>\nParadoxalement, \u00e0 mesure que le PIB progresse, stimul\u00e9 principalement par le commerce, le taux de pauvret\u00e9 dapprofondit. Toutefois, officiellement, le pays va bien, si on prend en compte les donn\u00e9es de lInstitut national de la statistique. Le PIB a augment\u00e9 de 5,2% au premier semestre de lann\u00e9e par rapport \u00e0 la m\u00eame p\u00e9riode de lann\u00e9e derni\u00e8re. Dailleurs, la consommation totale effective a eu un poids de plus de 80% du PIB. Y ont \u00e9galement contribu\u00e9 toutes les branches de l\u00e9conomie, notamment le commerce en gros et en d\u00e9tail, le d\u00e9pannage des automobiles et des motos, les transports et le stockage ainsi que lh\u00f4tellerie et la restauration. Les analystes avertissent quand m\u00eame quun progr\u00e8s \u00e9conomique stable est celui fond\u00e9 sur la production. Sinon, sans production, sans industrie, sans produits finis \u00e0 lexportation, l\u00e9conomie deviendra de plus en plus sensible aux \u00e9volutions ext\u00e9rieures. En plus, \u00abdans le cas dune nouvelle crise, les effets en seraient d\u00e9vastateurs, parce que la consommation sera la premi\u00e8re touch\u00e9e\u00bb, mettent en garde les sp\u00e9cialistes. <br \/>&#13;<br \/>\n<br \/>&#13;<br \/>\n<br \/>&#13;<br \/>\nMalgr\u00e9 une avanc\u00e9e \u00e9conomique importante au premier semestre 2016, le taux de pauvret\u00e9 approche un niveau record. D\u00e9j\u00e0 en 2015 il concernait plus de 25% de la population, d\u00e9passant le niveau record de 2007. Selon lInstitut national de la statistique, 8,5 millions de Roumains vivent au seuil de la pauvret\u00e9 ou de lexclusion sociale. Dailleurs, selon lEurostat, aussi, en 2014, environ 40% de la population de la Roumanie \u00e9tait expos\u00e9e au risque de la pauvret\u00e9 et de lexclusion sociale, ce qui pla\u00e7ait le pays sur la premi\u00e8re place en UE. Cela dans les conditions o\u00f9, \u00e0 l\u00e9poque, sur lensemble de lUE, 122 millions de personnes, soit plus de 24% des citoyens, se trouvaient dans cette situation. <\/p>\n<p>&#13;<br \/>\n&#13;<\/p>\n<p>&#13;<br \/>\n&#13;<\/p>\n<p>&#13;<br \/>\nEnfin cest toujours lEurostat qui fait savoir que la Roumanie a connu la plus grande croissance \u00e9conomique de lUE au 2e trimestre 2016, avec un progr\u00e8s de 1,5% du PIB par rapport aux trois mois pr\u00e9c\u00e9dents. A comparer avec la m\u00eame p\u00e9riode de lann\u00e9e derni\u00e8re, la Roumanie a connu la croissance \u00e9conomique la plus importante, \u00e0 savoir de 5,9%. (Trad. Valentina Beleavski)<br \/>&#13;\n <\/p>\n<p>&#13;<\/p>\n","protected":false},"excerpt":{"rendered":"<p>Dans les deux ann\u00e9es \u00e0 venir, la Roumanie pourrait atteindre un niveau excellent de croissance \u00e9conomique. Plus concr\u00e8tement, les sp\u00e9cialistes tablent sur une avanc\u00e9e entre 4,4 et 4,8% pour lann\u00e9e en cours et entre 5,2 et 5,7% pour lann\u00e9e prochaine. Cette croissance devrait \u00eatre favoris\u00e9e par laugmentation de la demande int\u00e9rieure, engendr\u00e9e \u00e0 son tour [&hellip;]<\/p>\n","protected":false},"author":107,"featured_media":63848,"comment_status":"closed","ping_status":"closed","sticky":false,"template":"","format":"standard","meta":{"_acf_changed":false,"footnotes":""},"categories":[93377],"tags":[88077,157987,85620,86986],"coauthors":[],"class_list":["post-399207","post","type-post","status-publish","format-standard","has-post-thumbnail","hentry","category-les-dossiers-de-lactualite","tag-croissance-economique","tag-eurostat-fr","tag-pauvrete","tag-statistiques"],"acf":[],"yoast_head":"<!-- This site is optimized with the Yoast SEO plugin v27.3 - https:\/\/yoast.com\/product\/yoast-seo-wordpress\/ -->\n<title>Croissance \u00e9conomique et pauvret\u00e9 : le paradoxe de l\u2019\u00e9conomie roumaine - Radio Roumanie Internationale<\/title>\n<meta name=\"robots\" content=\"index, follow, max-snippet:-1, max-image-preview:large, max-video-preview:-1\" \/>\n<link rel=\"canonical\" href=\"https:\/\/www.rri.ro\/fr\/actualites\/les-dossiers-de-lactualite\/croissance-economique-et-pauvrete-le-paradoxe-de-leconomie-roumaine-id399207.html\" \/>\n<meta property=\"og:locale\" content=\"fr_FR\" \/>\n<meta property=\"og:type\" content=\"article\" \/>\n<meta property=\"og:title\" content=\"Croissance \u00e9conomique et pauvret\u00e9 : le paradoxe de l\u2019\u00e9conomie roumaine - Radio Roumanie Internationale\" \/>\n<meta property=\"og:description\" content=\"Dans les deux ann\u00e9es \u00e0 venir, la Roumanie pourrait atteindre un niveau excellent de croissance \u00e9conomique. Plus concr\u00e8tement, les sp\u00e9cialistes tablent sur une avanc\u00e9e entre 4,4 et 4,8% pour lann\u00e9e en cours et entre 5,2 et 5,7% pour lann\u00e9e prochaine. Cette croissance devrait \u00eatre favoris\u00e9e par laugmentation de la demande int\u00e9rieure, engendr\u00e9e \u00e0 son tour [&hellip;]\" \/>\n<meta property=\"og:url\" content=\"https:\/\/www.rri.ro\/fr\/actualites\/les-dossiers-de-lactualite\/croissance-economique-et-pauvrete-le-paradoxe-de-leconomie-roumaine-id399207.html\" \/>\n<meta property=\"og:site_name\" content=\"Radio Roumanie Internationale\" \/>\n<meta property=\"article:published_time\" content=\"2016-09-07T10:01:00+00:00\" \/>\n<meta property=\"og:image\" content=\"https:\/\/www.rri.ro\/wp-content\/uploads\/2023\/10\/economie-cifre-640.png\" \/>\n\t<meta property=\"og:image:width\" content=\"640\" \/>\n\t<meta property=\"og:image:height\" content=\"480\" \/>\n\t<meta property=\"og:image:type\" content=\"image\/png\" \/>\n<meta name=\"author\" content=\"Daniela Budu\" \/>\n<meta name=\"twitter:card\" content=\"summary_large_image\" \/>\n<meta name=\"twitter:label1\" content=\"\u00c9crit par\" \/>\n\t<meta name=\"twitter:data1\" content=\"Daniela Budu\" \/>\n\t<meta name=\"twitter:label2\" content=\"Dur\u00e9e de lecture estim\u00e9e\" \/>\n\t<meta name=\"twitter:data2\" content=\"2 minutes\" \/>\n\t<meta name=\"twitter:label3\" content=\"Written by\" \/>\n\t<meta name=\"twitter:data3\" content=\"Daniela Budu\" \/>\n<script type=\"application\/ld+json\" class=\"yoast-schema-graph\">{\"@context\":\"https:\\\/\\\/schema.org\",\"@graph\":[{\"@type\":\"Article\",\"@id\":\"https:\\\/\\\/www.rri.ro\\\/fr\\\/actualites\\\/les-dossiers-de-lactualite\\\/croissance-economique-et-pauvrete-le-paradoxe-de-leconomie-roumaine-id399207.html#article\",\"isPartOf\":{\"@id\":\"https:\\\/\\\/www.rri.ro\\\/fr\\\/actualites\\\/les-dossiers-de-lactualite\\\/croissance-economique-et-pauvrete-le-paradoxe-de-leconomie-roumaine-id399207.html\"},\"author\":{\"name\":\"Daniela Budu\",\"@id\":\"https:\\\/\\\/www.rri.ro\\\/#\\\/schema\\\/person\\\/b46b8f80d7d6e4b5ac9f14f0acbad0c4\"},\"headline\":\"Croissance \u00e9conomique et pauvret\u00e9 : le paradoxe de l\u2019\u00e9conomie roumaine\",\"datePublished\":\"2016-09-07T10:01:00+00:00\",\"mainEntityOfPage\":{\"@id\":\"https:\\\/\\\/www.rri.ro\\\/fr\\\/actualites\\\/les-dossiers-de-lactualite\\\/croissance-economique-et-pauvrete-le-paradoxe-de-leconomie-roumaine-id399207.html\"},\"wordCount\":473,\"image\":{\"@id\":\"https:\\\/\\\/www.rri.ro\\\/fr\\\/actualites\\\/les-dossiers-de-lactualite\\\/croissance-economique-et-pauvrete-le-paradoxe-de-leconomie-roumaine-id399207.html#primaryimage\"},\"thumbnailUrl\":\"https:\\\/\\\/www.rri.ro\\\/wp-content\\\/uploads\\\/2023\\\/10\\\/economie-cifre-640.png\",\"keywords\":[\"croissance \u00e9conomique\",\"Eurostat\",\"pauvret\u00e9\",\"statistiques\"],\"articleSection\":[\"Les dossiers de l'actualit\u00e9\"],\"inLanguage\":\"fr-FR\"},{\"@type\":\"WebPage\",\"@id\":\"https:\\\/\\\/www.rri.ro\\\/fr\\\/actualites\\\/les-dossiers-de-lactualite\\\/croissance-economique-et-pauvrete-le-paradoxe-de-leconomie-roumaine-id399207.html\",\"url\":\"https:\\\/\\\/www.rri.ro\\\/fr\\\/actualites\\\/les-dossiers-de-lactualite\\\/croissance-economique-et-pauvrete-le-paradoxe-de-leconomie-roumaine-id399207.html\",\"name\":\"Croissance \u00e9conomique et pauvret\u00e9 : le paradoxe de l\u2019\u00e9conomie roumaine - Radio Roumanie Internationale\",\"isPartOf\":{\"@id\":\"https:\\\/\\\/www.rri.ro\\\/#website\"},\"primaryImageOfPage\":{\"@id\":\"https:\\\/\\\/www.rri.ro\\\/fr\\\/actualites\\\/les-dossiers-de-lactualite\\\/croissance-economique-et-pauvrete-le-paradoxe-de-leconomie-roumaine-id399207.html#primaryimage\"},\"image\":{\"@id\":\"https:\\\/\\\/www.rri.ro\\\/fr\\\/actualites\\\/les-dossiers-de-lactualite\\\/croissance-economique-et-pauvrete-le-paradoxe-de-leconomie-roumaine-id399207.html#primaryimage\"},\"thumbnailUrl\":\"https:\\\/\\\/www.rri.ro\\\/wp-content\\\/uploads\\\/2023\\\/10\\\/economie-cifre-640.png\",\"datePublished\":\"2016-09-07T10:01:00+00:00\",\"author\":{\"@id\":\"https:\\\/\\\/www.rri.ro\\\/#\\\/schema\\\/person\\\/b46b8f80d7d6e4b5ac9f14f0acbad0c4\"},\"breadcrumb\":{\"@id\":\"https:\\\/\\\/www.rri.ro\\\/fr\\\/actualites\\\/les-dossiers-de-lactualite\\\/croissance-economique-et-pauvrete-le-paradoxe-de-leconomie-roumaine-id399207.html#breadcrumb\"},\"inLanguage\":\"fr-FR\",\"potentialAction\":[{\"@type\":\"ReadAction\",\"target\":[\"https:\\\/\\\/www.rri.ro\\\/fr\\\/actualites\\\/les-dossiers-de-lactualite\\\/croissance-economique-et-pauvrete-le-paradoxe-de-leconomie-roumaine-id399207.html\"]}]},{\"@type\":\"ImageObject\",\"inLanguage\":\"fr-FR\",\"@id\":\"https:\\\/\\\/www.rri.ro\\\/fr\\\/actualites\\\/les-dossiers-de-lactualite\\\/croissance-economique-et-pauvrete-le-paradoxe-de-leconomie-roumaine-id399207.html#primaryimage\",\"url\":\"https:\\\/\\\/www.rri.ro\\\/wp-content\\\/uploads\\\/2023\\\/10\\\/economie-cifre-640.png\",\"contentUrl\":\"https:\\\/\\\/www.rri.ro\\\/wp-content\\\/uploads\\\/2023\\\/10\\\/economie-cifre-640.png\",\"width\":640,\"height\":480},{\"@type\":\"BreadcrumbList\",\"@id\":\"https:\\\/\\\/www.rri.ro\\\/fr\\\/actualites\\\/les-dossiers-de-lactualite\\\/croissance-economique-et-pauvrete-le-paradoxe-de-leconomie-roumaine-id399207.html#breadcrumb\",\"itemListElement\":[{\"@type\":\"ListItem\",\"position\":1,\"name\":\"Page d'accueil\",\"item\":\"https:\\\/\\\/www.rri.ro\\\/fr\"},{\"@type\":\"ListItem\",\"position\":2,\"name\":\"Actualit\u00e9s\",\"item\":\"https:\\\/\\\/www.rri.ro\\\/fr\\\/actualites\"},{\"@type\":\"ListItem\",\"position\":3,\"name\":\"Les dossiers de l'actualit\u00e9\",\"item\":\"https:\\\/\\\/www.rri.ro\\\/fr\\\/actualites\\\/les-dossiers-de-lactualite\"},{\"@type\":\"ListItem\",\"position\":4,\"name\":\"Croissance \u00e9conomique et pauvret\u00e9 : le paradoxe de l\u2019\u00e9conomie roumaine\"}]},{\"@type\":\"WebSite\",\"@id\":\"https:\\\/\\\/www.rri.ro\\\/#website\",\"url\":\"https:\\\/\\\/www.rri.ro\\\/\",\"name\":\"Radio Roumanie Internationale\",\"description\":\"Totul despre Rom\u00e2nia \u015fi rom\u00e2ni, \u00een 13 limbi\\\/dialecte!\",\"inLanguage\":\"fr-FR\"},{\"@type\":\"Person\",\"@id\":\"https:\\\/\\\/www.rri.ro\\\/#\\\/schema\\\/person\\\/b46b8f80d7d6e4b5ac9f14f0acbad0c4\",\"name\":\"Daniela Budu\",\"url\":\"https:\\\/\\\/www.rri.ro\\\/fr\\\/author\\\/daniela-budu\"}]}<\/script>\n<!-- \/ Yoast SEO plugin. -->","yoast_head_json":{"title":"Croissance \u00e9conomique et pauvret\u00e9 : le paradoxe de l\u2019\u00e9conomie roumaine - Radio Roumanie Internationale","robots":{"index":"index","follow":"follow","max-snippet":"max-snippet:-1","max-image-preview":"max-image-preview:large","max-video-preview":"max-video-preview:-1"},"canonical":"https:\/\/www.rri.ro\/fr\/actualites\/les-dossiers-de-lactualite\/croissance-economique-et-pauvrete-le-paradoxe-de-leconomie-roumaine-id399207.html","og_locale":"fr_FR","og_type":"article","og_title":"Croissance \u00e9conomique et pauvret\u00e9 : le paradoxe de l\u2019\u00e9conomie roumaine - Radio Roumanie Internationale","og_description":"Dans les deux ann\u00e9es \u00e0 venir, la Roumanie pourrait atteindre un niveau excellent de croissance \u00e9conomique. Plus concr\u00e8tement, les sp\u00e9cialistes tablent sur une avanc\u00e9e entre 4,4 et 4,8% pour lann\u00e9e en cours et entre 5,2 et 5,7% pour lann\u00e9e prochaine. Cette croissance devrait \u00eatre favoris\u00e9e par laugmentation de la demande int\u00e9rieure, engendr\u00e9e \u00e0 son tour [&hellip;]","og_url":"https:\/\/www.rri.ro\/fr\/actualites\/les-dossiers-de-lactualite\/croissance-economique-et-pauvrete-le-paradoxe-de-leconomie-roumaine-id399207.html","og_site_name":"Radio Roumanie Internationale","article_published_time":"2016-09-07T10:01:00+00:00","og_image":[{"width":640,"height":480,"url":"https:\/\/www.rri.ro\/wp-content\/uploads\/2023\/10\/economie-cifre-640.png","type":"image\/png"}],"author":"Daniela Budu","twitter_card":"summary_large_image","twitter_misc":{"\u00c9crit par":"Daniela Budu","Dur\u00e9e de lecture estim\u00e9e":"2 minutes","Written by":"Daniela Budu"},"schema":{"@context":"https:\/\/schema.org","@graph":[{"@type":"Article","@id":"https:\/\/www.rri.ro\/fr\/actualites\/les-dossiers-de-lactualite\/croissance-economique-et-pauvrete-le-paradoxe-de-leconomie-roumaine-id399207.html#article","isPartOf":{"@id":"https:\/\/www.rri.ro\/fr\/actualites\/les-dossiers-de-lactualite\/croissance-economique-et-pauvrete-le-paradoxe-de-leconomie-roumaine-id399207.html"},"author":{"name":"Daniela Budu","@id":"https:\/\/www.rri.ro\/#\/schema\/person\/b46b8f80d7d6e4b5ac9f14f0acbad0c4"},"headline":"Croissance \u00e9conomique et pauvret\u00e9 : le paradoxe de l\u2019\u00e9conomie roumaine","datePublished":"2016-09-07T10:01:00+00:00","mainEntityOfPage":{"@id":"https:\/\/www.rri.ro\/fr\/actualites\/les-dossiers-de-lactualite\/croissance-economique-et-pauvrete-le-paradoxe-de-leconomie-roumaine-id399207.html"},"wordCount":473,"image":{"@id":"https:\/\/www.rri.ro\/fr\/actualites\/les-dossiers-de-lactualite\/croissance-economique-et-pauvrete-le-paradoxe-de-leconomie-roumaine-id399207.html#primaryimage"},"thumbnailUrl":"https:\/\/www.rri.ro\/wp-content\/uploads\/2023\/10\/economie-cifre-640.png","keywords":["croissance \u00e9conomique","Eurostat","pauvret\u00e9","statistiques"],"articleSection":["Les dossiers de l'actualit\u00e9"],"inLanguage":"fr-FR"},{"@type":"WebPage","@id":"https:\/\/www.rri.ro\/fr\/actualites\/les-dossiers-de-lactualite\/croissance-economique-et-pauvrete-le-paradoxe-de-leconomie-roumaine-id399207.html","url":"https:\/\/www.rri.ro\/fr\/actualites\/les-dossiers-de-lactualite\/croissance-economique-et-pauvrete-le-paradoxe-de-leconomie-roumaine-id399207.html","name":"Croissance \u00e9conomique et pauvret\u00e9 : le paradoxe de l\u2019\u00e9conomie roumaine - Radio Roumanie Internationale","isPartOf":{"@id":"https:\/\/www.rri.ro\/#website"},"primaryImageOfPage":{"@id":"https:\/\/www.rri.ro\/fr\/actualites\/les-dossiers-de-lactualite\/croissance-economique-et-pauvrete-le-paradoxe-de-leconomie-roumaine-id399207.html#primaryimage"},"image":{"@id":"https:\/\/www.rri.ro\/fr\/actualites\/les-dossiers-de-lactualite\/croissance-economique-et-pauvrete-le-paradoxe-de-leconomie-roumaine-id399207.html#primaryimage"},"thumbnailUrl":"https:\/\/www.rri.ro\/wp-content\/uploads\/2023\/10\/economie-cifre-640.png","datePublished":"2016-09-07T10:01:00+00:00","author":{"@id":"https:\/\/www.rri.ro\/#\/schema\/person\/b46b8f80d7d6e4b5ac9f14f0acbad0c4"},"breadcrumb":{"@id":"https:\/\/www.rri.ro\/fr\/actualites\/les-dossiers-de-lactualite\/croissance-economique-et-pauvrete-le-paradoxe-de-leconomie-roumaine-id399207.html#breadcrumb"},"inLanguage":"fr-FR","potentialAction":[{"@type":"ReadAction","target":["https:\/\/www.rri.ro\/fr\/actualites\/les-dossiers-de-lactualite\/croissance-economique-et-pauvrete-le-paradoxe-de-leconomie-roumaine-id399207.html"]}]},{"@type":"ImageObject","inLanguage":"fr-FR","@id":"https:\/\/www.rri.ro\/fr\/actualites\/les-dossiers-de-lactualite\/croissance-economique-et-pauvrete-le-paradoxe-de-leconomie-roumaine-id399207.html#primaryimage","url":"https:\/\/www.rri.ro\/wp-content\/uploads\/2023\/10\/economie-cifre-640.png","contentUrl":"https:\/\/www.rri.ro\/wp-content\/uploads\/2023\/10\/economie-cifre-640.png","width":640,"height":480},{"@type":"BreadcrumbList","@id":"https:\/\/www.rri.ro\/fr\/actualites\/les-dossiers-de-lactualite\/croissance-economique-et-pauvrete-le-paradoxe-de-leconomie-roumaine-id399207.html#breadcrumb","itemListElement":[{"@type":"ListItem","position":1,"name":"Page d'accueil","item":"https:\/\/www.rri.ro\/fr"},{"@type":"ListItem","position":2,"name":"Actualit\u00e9s","item":"https:\/\/www.rri.ro\/fr\/actualites"},{"@type":"ListItem","position":3,"name":"Les dossiers de l'actualit\u00e9","item":"https:\/\/www.rri.ro\/fr\/actualites\/les-dossiers-de-lactualite"},{"@type":"ListItem","position":4,"name":"Croissance \u00e9conomique et pauvret\u00e9 : le paradoxe de l\u2019\u00e9conomie roumaine"}]},{"@type":"WebSite","@id":"https:\/\/www.rri.ro\/#website","url":"https:\/\/www.rri.ro\/","name":"Radio Roumanie Internationale","description":"Totul despre Rom\u00e2nia \u015fi rom\u00e2ni, \u00een 13 limbi\/dialecte!","inLanguage":"fr-FR"},{"@type":"Person","@id":"https:\/\/www.rri.ro\/#\/schema\/person\/b46b8f80d7d6e4b5ac9f14f0acbad0c4","name":"Daniela Budu","url":"https:\/\/www.rri.ro\/fr\/author\/daniela-budu"}]}},"_links":{"self":[{"href":"https:\/\/www.rri.ro\/fr\/wp-json\/wp\/v2\/posts\/399207","targetHints":{"allow":["GET"]}}],"collection":[{"href":"https:\/\/www.rri.ro\/fr\/wp-json\/wp\/v2\/posts"}],"about":[{"href":"https:\/\/www.rri.ro\/fr\/wp-json\/wp\/v2\/types\/post"}],"author":[{"embeddable":true,"href":"https:\/\/www.rri.ro\/fr\/wp-json\/wp\/v2\/users\/107"}],"replies":[{"embeddable":true,"href":"https:\/\/www.rri.ro\/fr\/wp-json\/wp\/v2\/comments?post=399207"}],"version-history":[{"count":0,"href":"https:\/\/www.rri.ro\/fr\/wp-json\/wp\/v2\/posts\/399207\/revisions"}],"wp:featuredmedia":[{"embeddable":true,"href":"https:\/\/www.rri.ro\/fr\/wp-json\/wp\/v2\/media\/63848"}],"wp:attachment":[{"href":"https:\/\/www.rri.ro\/fr\/wp-json\/wp\/v2\/media?parent=399207"}],"wp:term":[{"taxonomy":"category","embeddable":true,"href":"https:\/\/www.rri.ro\/fr\/wp-json\/wp\/v2\/categories?post=399207"},{"taxonomy":"post_tag","embeddable":true,"href":"https:\/\/www.rri.ro\/fr\/wp-json\/wp\/v2\/tags?post=399207"},{"taxonomy":"author","embeddable":true,"href":"https:\/\/www.rri.ro\/fr\/wp-json\/wp\/v2\/coauthors?post=399207"}],"curies":[{"name":"wp","href":"https:\/\/api.w.org\/{rel}","templated":true}]}}