{"id":399235,"date":"2016-09-27T13:23:00","date_gmt":"2016-09-27T10:23:00","guid":{"rendered":"http:\/\/devrri.freshlemon.ro\/le-roumain-mot-a-mot\/consulter-les-lecons\/les-problemes-du-systeme-penitentiaire-id399235.html"},"modified":"2016-09-27T13:23:00","modified_gmt":"2016-09-27T10:23:00","slug":"les-problemes-du-systeme-penitentiaire","status":"publish","type":"post","link":"https:\/\/www.rri.ro\/fr\/actualites\/les-dossiers-de-lactualite\/les-problemes-du-systeme-penitentiaire-id399235.html","title":{"rendered":"Les probl\u00e8mes du syst\u00e8me p\u00e9nitentiaire"},"content":{"rendered":"<p>Les gardiens de prison de Roumanie ont d\u00e9marr\u00e9 ce lundi des protestations, \u00e0 travers le pays, pour demander, entre autres, de meilleures conditions de travail, l&rsquo;\u00e9limination des in\u00e9galit\u00e9s salariales et la r\u00e9duction du d\u00e9ficit de personnel, estim\u00e9 \u00e0 quelque huit mille postes. L&rsquo;organigramme de l&rsquo;administration p\u00e9nitentiaire nationale pr\u00e9voit 15 mille postes, dont seulement 12 mille sont occup\u00e9s, alors que le nombre de fonctionnaires  n\u00e9cessaire au fonctionnement du syst\u00e8me s&rsquo;\u00e9l\u00e8verait \u00e0 20 mille. <\/p>\n<p><\/p>\n<p>Les syndicalistes menacent de ne plus effectuer des heures suppl\u00e9mentaires, ce qui, \u00e0 leur avis, bloquerait l&rsquo;activit\u00e9 dans les maisons d&rsquo;arr\u00eat. Lundi, \u00e0 l&rsquo;issue d&rsquo;une r\u00e9union avec la ministre de la Justice, Raluca Pruna, le pr\u00e9sident de la F\u00e9d\u00e9ration des syndicats de l&rsquo;Administration p\u00e9nitentiaire nationale, Florin Schiopu, a annonc\u00e9 l&rsquo;\u00e9chec des n\u00e9gociations avaient et la continuation des actions de protestation. <\/p>\n<p><\/p>\n<p>Pour sa part,  Mme Pruna a d\u00e9clar\u00e9 que le gouvernement \u00e9tait en train d&rsquo;analyser une partie des revendications syndicales. Il est regrettable qu&rsquo;en Roumanie des lois soient adopt\u00e9es avant de v\u00e9rifier si les ressources humaines et financi\u00e8res peuvent \u00eatre assur\u00e9es, a encore pr\u00e9cis\u00e9 Raluca Pruna. La direction de l&rsquo;Administration p\u00e9nitentiaire nationale a annonc\u00e9 avoir pris acte des revendications des syndicats, mais elle met en garde que les fonctionnaires ne peuvent pas faire la gr\u00e8ve, ni interrompre leur activit\u00e9. <\/p>\n<p><\/p>\n<p>D&rsquo;autres formes de protestation peuvent toutefois \u00eatre envisag\u00e9es, dans les conditions impos\u00e9es par la loi. Ce qui plus est, l&rsquo;administration des prisons a pr\u00e9cis\u00e9 que les cadres du syst\u00e8me touchaient \u00e0 pr\u00e9sent des salaires conformes aux grilles en vigueur. L&rsquo;Administration p\u00e9nitentiaire nationale pr\u00e9cise avoir adopt\u00e9 des mesures administratives qui permettent d&rsquo;\u00e9viter le d\u00e9passement du seuil des 180 heures suppl\u00e9mentaires l\u00e9gales. Les actions des gardiens de prison de Roumanie ont lieu apr\u00e8s les protestations des d\u00e9tenus de cet \u00e9t\u00e9, qui d\u00e9ploraient la surpopulation carc\u00e9rale et la faible qualit\u00e9 des services m\u00e9dicaux. <\/p>\n<p><\/p>\n<p>Les d\u00e9tenus ont demand\u00e9 de participer \u00e0 des activit\u00e9s r\u00e9mun\u00e9r\u00e9es, une r\u00e9duction de la p\u00e9riode de d\u00e9tention et de libert\u00e9 conditionnelle. Cet \u00e9t\u00e9, la ministre de la Justice d\u00e9clarait que la situation dans les prisons roumaines \u00e9tait un probl\u00e8me syst\u00e9mique grave, qui tra\u00eene depuis plus de 20 ans. Raluca Pruna d\u00e9clarait \u00e0 l&rsquo;\u00e9poque que r\u00e9soudre cette situation \u00e9tait une priorit\u00e9 de son mandat. <\/p>\n<p><\/p>\n<p>D\u00e9but juillet, la ministre de la Justice annon\u00e7ait l&rsquo;adoption d&rsquo;un plan de mesures visant l&rsquo;acc\u00e8s au travail, l&#8217;embauche de personnel m\u00e9dical, la propret\u00e9  des lieux et des services dentaires pour les d\u00e9tenus. Rappelons aussi que la Cour europ\u00e9enne des droits de l&rsquo;homme a condamn\u00e9 \u00e0 plusieurs reprises la Roumanie \u00e0 payer des d\u00e9dommagements \u00e0 certains d\u00e9tenus en raison des mauvaises conditions de d\u00e9tention dans les prisons roumaines. (Trad. Alex Diaconescu)<\/p>\n","protected":false},"excerpt":{"rendered":"<p>Les gardiens de prison de Roumanie ont d\u00e9marr\u00e9 ce lundi des protestations, \u00e0 travers le pays, pour demander, entre autres, de meilleures conditions de travail, l&rsquo;\u00e9limination des in\u00e9galit\u00e9s salariales et la r\u00e9duction du d\u00e9ficit de personnel, estim\u00e9 \u00e0 quelque huit mille postes. L&rsquo;organigramme de l&rsquo;administration p\u00e9nitentiaire nationale pr\u00e9voit 15 mille postes, dont seulement 12 mille [&hellip;]<\/p>\n","protected":false},"author":2,"featured_media":70094,"comment_status":"closed","ping_status":"closed","sticky":false,"template":"","format":"standard","meta":{"_acf_changed":false,"footnotes":""},"categories":[93377],"tags":[176193,154120,153549,85700,143291],"coauthors":[],"class_list":["post-399235","post","type-post","status-publish","format-standard","has-post-thumbnail","hentry","category-les-dossiers-de-lactualite","tag-administration-fr","tag-greve-fr","tag-prisons-fr","tag-protestations","tag-ue-fr"],"acf":[],"yoast_head":"<!-- This site is optimized with the Yoast SEO plugin v27.3 - https:\/\/yoast.com\/product\/yoast-seo-wordpress\/ -->\n<title>Les probl\u00e8mes du syst\u00e8me p\u00e9nitentiaire - Radio Roumanie Internationale<\/title>\n<meta name=\"robots\" content=\"index, follow, max-snippet:-1, max-image-preview:large, max-video-preview:-1\" \/>\n<link rel=\"canonical\" href=\"https:\/\/www.rri.ro\/fr\/actualites\/les-dossiers-de-lactualite\/les-problemes-du-systeme-penitentiaire-id399235.html\" \/>\n<meta property=\"og:locale\" content=\"fr_FR\" \/>\n<meta property=\"og:type\" content=\"article\" \/>\n<meta property=\"og:title\" content=\"Les probl\u00e8mes du syst\u00e8me p\u00e9nitentiaire - Radio Roumanie Internationale\" \/>\n<meta property=\"og:description\" content=\"Les gardiens de prison de Roumanie ont d\u00e9marr\u00e9 ce lundi des protestations, \u00e0 travers le pays, pour demander, entre autres, de meilleures conditions de travail, l&rsquo;\u00e9limination des in\u00e9galit\u00e9s salariales et la r\u00e9duction du d\u00e9ficit de personnel, estim\u00e9 \u00e0 quelque huit mille postes. L&rsquo;organigramme de l&rsquo;administration p\u00e9nitentiaire nationale pr\u00e9voit 15 mille postes, dont seulement 12 mille [&hellip;]\" \/>\n<meta property=\"og:url\" content=\"https:\/\/www.rri.ro\/fr\/actualites\/les-dossiers-de-lactualite\/les-problemes-du-systeme-penitentiaire-id399235.html\" \/>\n<meta property=\"og:site_name\" content=\"Radio Roumanie Internationale\" \/>\n<meta property=\"article:published_time\" content=\"2016-09-27T10:23:00+00:00\" \/>\n<meta property=\"og:image\" content=\"https:\/\/www.rri.ro\/wp-content\/uploads\/2023\/10\/inchisoare-interior.png\" \/>\n\t<meta property=\"og:image:width\" content=\"640\" \/>\n\t<meta property=\"og:image:height\" content=\"480\" \/>\n\t<meta property=\"og:image:type\" content=\"image\/png\" \/>\n<meta name=\"author\" content=\"Rom\u00e2nia Interna\u021bional\" \/>\n<meta name=\"twitter:card\" content=\"summary_large_image\" \/>\n<meta name=\"twitter:label1\" content=\"\u00c9crit par\" \/>\n\t<meta name=\"twitter:data1\" content=\"Rom\u00e2nia Interna\u021bional\" \/>\n\t<meta name=\"twitter:label2\" content=\"Dur\u00e9e de lecture estim\u00e9e\" \/>\n\t<meta name=\"twitter:data2\" content=\"2 minutes\" \/>\n\t<meta name=\"twitter:label3\" content=\"Written by\" \/>\n\t<meta name=\"twitter:data3\" content=\"Rom\u00e2nia Interna\u021bional\" \/>\n<script type=\"application\/ld+json\" class=\"yoast-schema-graph\">{\"@context\":\"https:\\\/\\\/schema.org\",\"@graph\":[{\"@type\":\"Article\",\"@id\":\"https:\\\/\\\/www.rri.ro\\\/fr\\\/actualites\\\/les-dossiers-de-lactualite\\\/les-problemes-du-systeme-penitentiaire-id399235.html#article\",\"isPartOf\":{\"@id\":\"https:\\\/\\\/www.rri.ro\\\/fr\\\/actualites\\\/les-dossiers-de-lactualite\\\/les-problemes-du-systeme-penitentiaire-id399235.html\"},\"author\":{\"name\":\"Rom\u00e2nia Interna\u021bional\",\"@id\":\"https:\\\/\\\/www.rri.ro\\\/#\\\/schema\\\/person\\\/18fac491bccbfe149b92aea77ad60abd\"},\"headline\":\"Les probl\u00e8mes du syst\u00e8me p\u00e9nitentiaire\",\"datePublished\":\"2016-09-27T10:23:00+00:00\",\"mainEntityOfPage\":{\"@id\":\"https:\\\/\\\/www.rri.ro\\\/fr\\\/actualites\\\/les-dossiers-de-lactualite\\\/les-problemes-du-systeme-penitentiaire-id399235.html\"},\"wordCount\":513,\"image\":{\"@id\":\"https:\\\/\\\/www.rri.ro\\\/fr\\\/actualites\\\/les-dossiers-de-lactualite\\\/les-problemes-du-systeme-penitentiaire-id399235.html#primaryimage\"},\"thumbnailUrl\":\"https:\\\/\\\/www.rri.ro\\\/wp-content\\\/uploads\\\/2023\\\/10\\\/inchisoare-interior.png\",\"keywords\":[\"administration\",\"greve\",\"prisons\",\"protestations\",\"UE\"],\"articleSection\":[\"Les dossiers de l'actualit\u00e9\"],\"inLanguage\":\"fr-FR\"},{\"@type\":\"WebPage\",\"@id\":\"https:\\\/\\\/www.rri.ro\\\/fr\\\/actualites\\\/les-dossiers-de-lactualite\\\/les-problemes-du-systeme-penitentiaire-id399235.html\",\"url\":\"https:\\\/\\\/www.rri.ro\\\/fr\\\/actualites\\\/les-dossiers-de-lactualite\\\/les-problemes-du-systeme-penitentiaire-id399235.html\",\"name\":\"Les probl\u00e8mes du syst\u00e8me p\u00e9nitentiaire - Radio Roumanie Internationale\",\"isPartOf\":{\"@id\":\"https:\\\/\\\/www.rri.ro\\\/#website\"},\"primaryImageOfPage\":{\"@id\":\"https:\\\/\\\/www.rri.ro\\\/fr\\\/actualites\\\/les-dossiers-de-lactualite\\\/les-problemes-du-systeme-penitentiaire-id399235.html#primaryimage\"},\"image\":{\"@id\":\"https:\\\/\\\/www.rri.ro\\\/fr\\\/actualites\\\/les-dossiers-de-lactualite\\\/les-problemes-du-systeme-penitentiaire-id399235.html#primaryimage\"},\"thumbnailUrl\":\"https:\\\/\\\/www.rri.ro\\\/wp-content\\\/uploads\\\/2023\\\/10\\\/inchisoare-interior.png\",\"datePublished\":\"2016-09-27T10:23:00+00:00\",\"author\":{\"@id\":\"https:\\\/\\\/www.rri.ro\\\/#\\\/schema\\\/person\\\/18fac491bccbfe149b92aea77ad60abd\"},\"breadcrumb\":{\"@id\":\"https:\\\/\\\/www.rri.ro\\\/fr\\\/actualites\\\/les-dossiers-de-lactualite\\\/les-problemes-du-systeme-penitentiaire-id399235.html#breadcrumb\"},\"inLanguage\":\"fr-FR\",\"potentialAction\":[{\"@type\":\"ReadAction\",\"target\":[\"https:\\\/\\\/www.rri.ro\\\/fr\\\/actualites\\\/les-dossiers-de-lactualite\\\/les-problemes-du-systeme-penitentiaire-id399235.html\"]}]},{\"@type\":\"ImageObject\",\"inLanguage\":\"fr-FR\",\"@id\":\"https:\\\/\\\/www.rri.ro\\\/fr\\\/actualites\\\/les-dossiers-de-lactualite\\\/les-problemes-du-systeme-penitentiaire-id399235.html#primaryimage\",\"url\":\"https:\\\/\\\/www.rri.ro\\\/wp-content\\\/uploads\\\/2023\\\/10\\\/inchisoare-interior.png\",\"contentUrl\":\"https:\\\/\\\/www.rri.ro\\\/wp-content\\\/uploads\\\/2023\\\/10\\\/inchisoare-interior.png\",\"width\":640,\"height\":480},{\"@type\":\"BreadcrumbList\",\"@id\":\"https:\\\/\\\/www.rri.ro\\\/fr\\\/actualites\\\/les-dossiers-de-lactualite\\\/les-problemes-du-systeme-penitentiaire-id399235.html#breadcrumb\",\"itemListElement\":[{\"@type\":\"ListItem\",\"position\":1,\"name\":\"Page d'accueil\",\"item\":\"https:\\\/\\\/www.rri.ro\\\/fr\"},{\"@type\":\"ListItem\",\"position\":2,\"name\":\"Actualit\u00e9s\",\"item\":\"https:\\\/\\\/www.rri.ro\\\/fr\\\/actualites\"},{\"@type\":\"ListItem\",\"position\":3,\"name\":\"Les dossiers de l'actualit\u00e9\",\"item\":\"https:\\\/\\\/www.rri.ro\\\/fr\\\/actualites\\\/les-dossiers-de-lactualite\"},{\"@type\":\"ListItem\",\"position\":4,\"name\":\"Les probl\u00e8mes du syst\u00e8me p\u00e9nitentiaire\"}]},{\"@type\":\"WebSite\",\"@id\":\"https:\\\/\\\/www.rri.ro\\\/#website\",\"url\":\"https:\\\/\\\/www.rri.ro\\\/\",\"name\":\"Radio Roumanie Internationale\",\"description\":\"Totul despre Rom\u00e2nia \u015fi rom\u00e2ni, \u00een 13 limbi\\\/dialecte!\",\"inLanguage\":\"fr-FR\"},{\"@type\":\"Person\",\"@id\":\"https:\\\/\\\/www.rri.ro\\\/#\\\/schema\\\/person\\\/18fac491bccbfe149b92aea77ad60abd\",\"name\":\"Rom\u00e2nia Interna\u021bional\",\"url\":\"https:\\\/\\\/www.rri.ro\\\/fr\\\/author\\\/redactia\"}]}<\/script>\n<!-- \/ Yoast SEO plugin. -->","yoast_head_json":{"title":"Les probl\u00e8mes du syst\u00e8me p\u00e9nitentiaire - Radio Roumanie Internationale","robots":{"index":"index","follow":"follow","max-snippet":"max-snippet:-1","max-image-preview":"max-image-preview:large","max-video-preview":"max-video-preview:-1"},"canonical":"https:\/\/www.rri.ro\/fr\/actualites\/les-dossiers-de-lactualite\/les-problemes-du-systeme-penitentiaire-id399235.html","og_locale":"fr_FR","og_type":"article","og_title":"Les probl\u00e8mes du syst\u00e8me p\u00e9nitentiaire - Radio Roumanie Internationale","og_description":"Les gardiens de prison de Roumanie ont d\u00e9marr\u00e9 ce lundi des protestations, \u00e0 travers le pays, pour demander, entre autres, de meilleures conditions de travail, l&rsquo;\u00e9limination des in\u00e9galit\u00e9s salariales et la r\u00e9duction du d\u00e9ficit de personnel, estim\u00e9 \u00e0 quelque huit mille postes. L&rsquo;organigramme de l&rsquo;administration p\u00e9nitentiaire nationale pr\u00e9voit 15 mille postes, dont seulement 12 mille [&hellip;]","og_url":"https:\/\/www.rri.ro\/fr\/actualites\/les-dossiers-de-lactualite\/les-problemes-du-systeme-penitentiaire-id399235.html","og_site_name":"Radio Roumanie Internationale","article_published_time":"2016-09-27T10:23:00+00:00","og_image":[{"width":640,"height":480,"url":"https:\/\/www.rri.ro\/wp-content\/uploads\/2023\/10\/inchisoare-interior.png","type":"image\/png"}],"author":"Rom\u00e2nia Interna\u021bional","twitter_card":"summary_large_image","twitter_misc":{"\u00c9crit par":"Rom\u00e2nia Interna\u021bional","Dur\u00e9e de lecture estim\u00e9e":"2 minutes","Written by":"Rom\u00e2nia Interna\u021bional"},"schema":{"@context":"https:\/\/schema.org","@graph":[{"@type":"Article","@id":"https:\/\/www.rri.ro\/fr\/actualites\/les-dossiers-de-lactualite\/les-problemes-du-systeme-penitentiaire-id399235.html#article","isPartOf":{"@id":"https:\/\/www.rri.ro\/fr\/actualites\/les-dossiers-de-lactualite\/les-problemes-du-systeme-penitentiaire-id399235.html"},"author":{"name":"Rom\u00e2nia Interna\u021bional","@id":"https:\/\/www.rri.ro\/#\/schema\/person\/18fac491bccbfe149b92aea77ad60abd"},"headline":"Les probl\u00e8mes du syst\u00e8me p\u00e9nitentiaire","datePublished":"2016-09-27T10:23:00+00:00","mainEntityOfPage":{"@id":"https:\/\/www.rri.ro\/fr\/actualites\/les-dossiers-de-lactualite\/les-problemes-du-systeme-penitentiaire-id399235.html"},"wordCount":513,"image":{"@id":"https:\/\/www.rri.ro\/fr\/actualites\/les-dossiers-de-lactualite\/les-problemes-du-systeme-penitentiaire-id399235.html#primaryimage"},"thumbnailUrl":"https:\/\/www.rri.ro\/wp-content\/uploads\/2023\/10\/inchisoare-interior.png","keywords":["administration","greve","prisons","protestations","UE"],"articleSection":["Les dossiers de l'actualit\u00e9"],"inLanguage":"fr-FR"},{"@type":"WebPage","@id":"https:\/\/www.rri.ro\/fr\/actualites\/les-dossiers-de-lactualite\/les-problemes-du-systeme-penitentiaire-id399235.html","url":"https:\/\/www.rri.ro\/fr\/actualites\/les-dossiers-de-lactualite\/les-problemes-du-systeme-penitentiaire-id399235.html","name":"Les probl\u00e8mes du syst\u00e8me p\u00e9nitentiaire - Radio Roumanie Internationale","isPartOf":{"@id":"https:\/\/www.rri.ro\/#website"},"primaryImageOfPage":{"@id":"https:\/\/www.rri.ro\/fr\/actualites\/les-dossiers-de-lactualite\/les-problemes-du-systeme-penitentiaire-id399235.html#primaryimage"},"image":{"@id":"https:\/\/www.rri.ro\/fr\/actualites\/les-dossiers-de-lactualite\/les-problemes-du-systeme-penitentiaire-id399235.html#primaryimage"},"thumbnailUrl":"https:\/\/www.rri.ro\/wp-content\/uploads\/2023\/10\/inchisoare-interior.png","datePublished":"2016-09-27T10:23:00+00:00","author":{"@id":"https:\/\/www.rri.ro\/#\/schema\/person\/18fac491bccbfe149b92aea77ad60abd"},"breadcrumb":{"@id":"https:\/\/www.rri.ro\/fr\/actualites\/les-dossiers-de-lactualite\/les-problemes-du-systeme-penitentiaire-id399235.html#breadcrumb"},"inLanguage":"fr-FR","potentialAction":[{"@type":"ReadAction","target":["https:\/\/www.rri.ro\/fr\/actualites\/les-dossiers-de-lactualite\/les-problemes-du-systeme-penitentiaire-id399235.html"]}]},{"@type":"ImageObject","inLanguage":"fr-FR","@id":"https:\/\/www.rri.ro\/fr\/actualites\/les-dossiers-de-lactualite\/les-problemes-du-systeme-penitentiaire-id399235.html#primaryimage","url":"https:\/\/www.rri.ro\/wp-content\/uploads\/2023\/10\/inchisoare-interior.png","contentUrl":"https:\/\/www.rri.ro\/wp-content\/uploads\/2023\/10\/inchisoare-interior.png","width":640,"height":480},{"@type":"BreadcrumbList","@id":"https:\/\/www.rri.ro\/fr\/actualites\/les-dossiers-de-lactualite\/les-problemes-du-systeme-penitentiaire-id399235.html#breadcrumb","itemListElement":[{"@type":"ListItem","position":1,"name":"Page d'accueil","item":"https:\/\/www.rri.ro\/fr"},{"@type":"ListItem","position":2,"name":"Actualit\u00e9s","item":"https:\/\/www.rri.ro\/fr\/actualites"},{"@type":"ListItem","position":3,"name":"Les dossiers de l'actualit\u00e9","item":"https:\/\/www.rri.ro\/fr\/actualites\/les-dossiers-de-lactualite"},{"@type":"ListItem","position":4,"name":"Les probl\u00e8mes du syst\u00e8me p\u00e9nitentiaire"}]},{"@type":"WebSite","@id":"https:\/\/www.rri.ro\/#website","url":"https:\/\/www.rri.ro\/","name":"Radio Roumanie Internationale","description":"Totul despre Rom\u00e2nia \u015fi rom\u00e2ni, \u00een 13 limbi\/dialecte!","inLanguage":"fr-FR"},{"@type":"Person","@id":"https:\/\/www.rri.ro\/#\/schema\/person\/18fac491bccbfe149b92aea77ad60abd","name":"Rom\u00e2nia Interna\u021bional","url":"https:\/\/www.rri.ro\/fr\/author\/redactia"}]}},"_links":{"self":[{"href":"https:\/\/www.rri.ro\/fr\/wp-json\/wp\/v2\/posts\/399235","targetHints":{"allow":["GET"]}}],"collection":[{"href":"https:\/\/www.rri.ro\/fr\/wp-json\/wp\/v2\/posts"}],"about":[{"href":"https:\/\/www.rri.ro\/fr\/wp-json\/wp\/v2\/types\/post"}],"author":[{"embeddable":true,"href":"https:\/\/www.rri.ro\/fr\/wp-json\/wp\/v2\/users\/2"}],"replies":[{"embeddable":true,"href":"https:\/\/www.rri.ro\/fr\/wp-json\/wp\/v2\/comments?post=399235"}],"version-history":[{"count":0,"href":"https:\/\/www.rri.ro\/fr\/wp-json\/wp\/v2\/posts\/399235\/revisions"}],"wp:featuredmedia":[{"embeddable":true,"href":"https:\/\/www.rri.ro\/fr\/wp-json\/wp\/v2\/media\/70094"}],"wp:attachment":[{"href":"https:\/\/www.rri.ro\/fr\/wp-json\/wp\/v2\/media?parent=399235"}],"wp:term":[{"taxonomy":"category","embeddable":true,"href":"https:\/\/www.rri.ro\/fr\/wp-json\/wp\/v2\/categories?post=399235"},{"taxonomy":"post_tag","embeddable":true,"href":"https:\/\/www.rri.ro\/fr\/wp-json\/wp\/v2\/tags?post=399235"},{"taxonomy":"author","embeddable":true,"href":"https:\/\/www.rri.ro\/fr\/wp-json\/wp\/v2\/coauthors?post=399235"}],"curies":[{"name":"wp","href":"https:\/\/api.w.org\/{rel}","templated":true}]}}