{"id":399269,"date":"2016-11-15T13:48:00","date_gmt":"2016-11-15T11:48:00","guid":{"rendered":"http:\/\/devrri.freshlemon.ro\/le-roumain-mot-a-mot\/consulter-les-lecons\/elections-contestees-en-republique-de-moldova-id399269.html"},"modified":"2016-11-15T13:48:00","modified_gmt":"2016-11-15T11:48:00","slug":"elections-contestees-en-republique-de-moldova","status":"publish","type":"post","link":"https:\/\/www.rri.ro\/fr\/actualites\/les-dossiers-de-lactualite\/elections-contestees-en-republique-de-moldova-id399269.html","title":{"rendered":"Elections contest\u00e9es en R\u00e9publique de Moldova"},"content":{"rendered":"<p>Des milliers de personnes sont descendues lundi dans la soir\u00e9e dans les rues de Chisinau pour d\u00e9noncer la falsification du scrutin pr\u00e9sidentiel de dimanche en faveur du gagnant, le socialiste pro-russe Igor Dodon. Celui-ci a remport\u00e9 52% des voix alors que son adversaire, la r\u00e9formatrice pro-europ\u00e9enne Maia Sandu n&rsquo;a remport\u00e9 que 47% des voix. Elle a d\u00e9j\u00e0 annonc\u00e9 son intention de contester \u00e0 la Cour Constitutionnelle le r\u00e9sultat des \u00e9lections. Maia Sandu a \u00e9galement exig\u00e9 les d\u00e9missions de la pr\u00e9sidente de la Commission Electorale Centrale de Chisinau, Alina Rusu et du ministre des Affaires Etrang\u00e8res, Andrei Galbur, accus\u00e9s de mauvaise gestion du processus \u00e9lectoral aux ambassades et consulats de la R\u00e9publique de Moldova. <\/p>\n<p><\/p>\n<p>Maia Sandu :<em class=cms-italic> \u00ab Ces \u00e9lections n&rsquo;ont \u00e9t\u00e9 ni correctes, ni libres. Nos opposants ont utilis\u00e9 des m\u00e9thodes malhonn\u00eates : manipulation, mensonge, des fonds d&rsquo;origine douteuse, ressources administratives et m\u00eame services sp\u00e9ciaux. Nous utiliserons tous les leviers l\u00e9gaux afin d&rsquo;examiner chaque contestation. \u00bb<\/em><\/p>\n<p>L&rsquo;organisation de s\u00e9curit\u00e9 et de coop\u00e9ration en Europe, OSCE, qui a fait le monitoring de la campagne \u00e9lectorale et du scrutin pr\u00e9sidentiel moldaves, note dans un communiqu\u00e9 que le financement des candidats n&rsquo;a pas \u00e9t\u00e9 transparent et que de nombreux \u00e9lecteurs n&rsquo;ont pas pu voter en raison de l&rsquo;absence des bulletins de vote. Les observateurs internes accusent \u00e0 leur tour les atteintes au droit de vote des citoyens moldaves se trouvant au-del\u00e0 des fronti\u00e8res du pays. Ils d\u00e9noncent aussi le fait que des \u00e9lecteurs de la r\u00e9gion s\u00e9paratiste russophone de Transnistrie ont \u00e9t\u00e9 transport\u00e9s par des dizaines de cars et bus aux bureaux de vote de R\u00e9publique de Moldova. <\/p>\n<p>Entre temps, dans une interview accord\u00e9e au fameux quotidien moscovite Izvestia, Igor Dodon a repris les th\u00e8mes directeurs de sa campagne \u00e9lectorale. Une r\u00e9orientation du pays vers l&rsquo;Union Russie &#8211; Belarus &#8211; Kazakhstan, l&rsquo;annulation par r\u00e9f\u00e9rendum de l&rsquo;accord d&rsquo;association et de libre \u00e9change avec l&rsquo;UE et la promesse d&rsquo;effectuer sa premi\u00e8re visite \u00e0 l&rsquo;\u00e9tranger \u00e0 Moscou, &#8211; autant de sujets qui ont figur\u00e9 dans les propos du socialiste moldave. <\/p>\n<p>Les experts cit\u00e9s par l&rsquo;antenne de Chisinau de la Radio publique roumaine avertissent que l&rsquo;\u00e9lection de Dodon pourrait causer des turbulences dans la politique \u00e9trang\u00e8re de la R\u00e9publique alors que sur le plan interne, les autorit\u00e9s de Chisinau se verront incapables de respecter leurs promesses \u00e9lectorales, vu que pour l&rsquo;instant l&rsquo;appui financier provient de l&rsquo;Occident. A l&rsquo;heure actuelle, le FMI, la Banque Mondiale, l&rsquo;Union europ\u00e9enne et la Roumanie voisine pr\u00eatent de l&rsquo;argent \u00e0 la R\u00e9publique de Moldova. <\/p>\n<p>A Bucarest, le pr\u00e9sident roumain Klaus Iohannis s&rsquo;est seulement content\u00e9 d&rsquo;annoncer dans un communiqu\u00e9 qu&rsquo;il avait pris acte du vote exprim\u00e9 par les citoyens de la R\u00e9publique de Moldova. Le leader de Bucarest plaide pour la stabilit\u00e9 interne ainsi que pour la poursuite des r\u00e9formes et du parcours europ\u00e9en du pays. Le gouvernement roumain esp\u00e8re \u00e9galement que les institutions moldaves pourront collaborer afin de continuer le parcours europ\u00e9en du pays. <\/p>\n<p><\/p>\n<p>A noter que les deux communiqu\u00e9s n&rsquo;\u00e9voquent m\u00eame pas le nom d&rsquo;Igor Dodon. En \u00e9change, le pr\u00e9sident roumain, Klaus Iohannis affirme que \u00ab le nouveau pr\u00e9sident de la R\u00e9publique de Moldova \u00bb devrait faire preuve de sagesse et d&rsquo;\u00e9quilibre tout au long de son mandat.  (Trad. Alex Diaconescu)<\/p>\n","protected":false},"excerpt":{"rendered":"<p>Des milliers de personnes sont descendues lundi dans la soir\u00e9e dans les rues de Chisinau pour d\u00e9noncer la falsification du scrutin pr\u00e9sidentiel de dimanche en faveur du gagnant, le socialiste pro-russe Igor Dodon. Celui-ci a remport\u00e9 52% des voix alors que son adversaire, la r\u00e9formatrice pro-europ\u00e9enne Maia Sandu n&rsquo;a remport\u00e9 que 47% des voix. Elle [&hellip;]<\/p>\n","protected":false},"author":105,"featured_media":70899,"comment_status":"closed","ping_status":"closed","sticky":false,"template":"","format":"standard","meta":{"_acf_changed":false,"footnotes":""},"categories":[93377],"tags":[88190,31175,142548,85700],"coauthors":[],"class_list":["post-399269","post","type-post","status-publish","format-standard","has-post-thumbnail","hentry","category-les-dossiers-de-lactualite","tag-elections-presidentielles","tag-igor-dodon","tag-moldova-fr","tag-protestations"],"acf":[],"yoast_head":"<!-- This site is optimized with the Yoast SEO plugin v27.3 - https:\/\/yoast.com\/product\/yoast-seo-wordpress\/ -->\n<title>Elections contest\u00e9es en R\u00e9publique de Moldova - Radio Roumanie Internationale<\/title>\n<meta name=\"robots\" content=\"index, follow, max-snippet:-1, max-image-preview:large, max-video-preview:-1\" \/>\n<link rel=\"canonical\" href=\"https:\/\/www.rri.ro\/fr\/actualites\/les-dossiers-de-lactualite\/elections-contestees-en-republique-de-moldova-id399269.html\" \/>\n<meta property=\"og:locale\" content=\"fr_FR\" \/>\n<meta property=\"og:type\" content=\"article\" \/>\n<meta property=\"og:title\" content=\"Elections contest\u00e9es en R\u00e9publique de Moldova - Radio Roumanie Internationale\" \/>\n<meta property=\"og:description\" content=\"Des milliers de personnes sont descendues lundi dans la soir\u00e9e dans les rues de Chisinau pour d\u00e9noncer la falsification du scrutin pr\u00e9sidentiel de dimanche en faveur du gagnant, le socialiste pro-russe Igor Dodon. Celui-ci a remport\u00e9 52% des voix alors que son adversaire, la r\u00e9formatrice pro-europ\u00e9enne Maia Sandu n&rsquo;a remport\u00e9 que 47% des voix. Elle [&hellip;]\" \/>\n<meta property=\"og:url\" content=\"https:\/\/www.rri.ro\/fr\/actualites\/les-dossiers-de-lactualite\/elections-contestees-en-republique-de-moldova-id399269.html\" \/>\n<meta property=\"og:site_name\" content=\"Radio Roumanie Internationale\" \/>\n<meta property=\"article:published_time\" content=\"2016-11-15T11:48:00+00:00\" \/>\n<meta property=\"og:image\" content=\"https:\/\/www.rri.ro\/wp-content\/uploads\/2023\/10\/maia-sandu-tribuna-strada.jpg\" \/>\n\t<meta property=\"og:image:width\" content=\"640\" \/>\n\t<meta property=\"og:image:height\" content=\"480\" \/>\n\t<meta property=\"og:image:type\" content=\"image\/png\" \/>\n<meta name=\"author\" content=\"Bogdan Matei\" \/>\n<meta name=\"twitter:card\" content=\"summary_large_image\" \/>\n<meta name=\"twitter:label1\" content=\"\u00c9crit par\" \/>\n\t<meta name=\"twitter:data1\" content=\"Bogdan Matei\" \/>\n\t<meta name=\"twitter:label2\" content=\"Dur\u00e9e de lecture estim\u00e9e\" \/>\n\t<meta name=\"twitter:data2\" content=\"3 minutes\" \/>\n\t<meta name=\"twitter:label3\" content=\"Written by\" \/>\n\t<meta name=\"twitter:data3\" content=\"Bogdan Matei\" \/>\n<script type=\"application\/ld+json\" class=\"yoast-schema-graph\">{\"@context\":\"https:\\\/\\\/schema.org\",\"@graph\":[{\"@type\":\"Article\",\"@id\":\"https:\\\/\\\/www.rri.ro\\\/fr\\\/actualites\\\/les-dossiers-de-lactualite\\\/elections-contestees-en-republique-de-moldova-id399269.html#article\",\"isPartOf\":{\"@id\":\"https:\\\/\\\/www.rri.ro\\\/fr\\\/actualites\\\/les-dossiers-de-lactualite\\\/elections-contestees-en-republique-de-moldova-id399269.html\"},\"author\":{\"name\":\"Bogdan Matei\",\"@id\":\"https:\\\/\\\/www.rri.ro\\\/#\\\/schema\\\/person\\\/0ed327d40678578e6dbb840527e3ba32\"},\"headline\":\"Elections contest\u00e9es en R\u00e9publique de Moldova\",\"datePublished\":\"2016-11-15T11:48:00+00:00\",\"mainEntityOfPage\":{\"@id\":\"https:\\\/\\\/www.rri.ro\\\/fr\\\/actualites\\\/les-dossiers-de-lactualite\\\/elections-contestees-en-republique-de-moldova-id399269.html\"},\"wordCount\":603,\"image\":{\"@id\":\"https:\\\/\\\/www.rri.ro\\\/fr\\\/actualites\\\/les-dossiers-de-lactualite\\\/elections-contestees-en-republique-de-moldova-id399269.html#primaryimage\"},\"thumbnailUrl\":\"https:\\\/\\\/www.rri.ro\\\/wp-content\\\/uploads\\\/2023\\\/10\\\/maia-sandu-tribuna-strada.jpg\",\"keywords\":[\"\u00e9lections pr\u00e9sidentielles\",\"Igor Dodon\",\"Moldova\",\"protestations\"],\"articleSection\":[\"Les dossiers de l'actualit\u00e9\"],\"inLanguage\":\"fr-FR\"},{\"@type\":\"WebPage\",\"@id\":\"https:\\\/\\\/www.rri.ro\\\/fr\\\/actualites\\\/les-dossiers-de-lactualite\\\/elections-contestees-en-republique-de-moldova-id399269.html\",\"url\":\"https:\\\/\\\/www.rri.ro\\\/fr\\\/actualites\\\/les-dossiers-de-lactualite\\\/elections-contestees-en-republique-de-moldova-id399269.html\",\"name\":\"Elections contest\u00e9es en R\u00e9publique de Moldova - Radio Roumanie Internationale\",\"isPartOf\":{\"@id\":\"https:\\\/\\\/www.rri.ro\\\/#website\"},\"primaryImageOfPage\":{\"@id\":\"https:\\\/\\\/www.rri.ro\\\/fr\\\/actualites\\\/les-dossiers-de-lactualite\\\/elections-contestees-en-republique-de-moldova-id399269.html#primaryimage\"},\"image\":{\"@id\":\"https:\\\/\\\/www.rri.ro\\\/fr\\\/actualites\\\/les-dossiers-de-lactualite\\\/elections-contestees-en-republique-de-moldova-id399269.html#primaryimage\"},\"thumbnailUrl\":\"https:\\\/\\\/www.rri.ro\\\/wp-content\\\/uploads\\\/2023\\\/10\\\/maia-sandu-tribuna-strada.jpg\",\"datePublished\":\"2016-11-15T11:48:00+00:00\",\"author\":{\"@id\":\"https:\\\/\\\/www.rri.ro\\\/#\\\/schema\\\/person\\\/0ed327d40678578e6dbb840527e3ba32\"},\"breadcrumb\":{\"@id\":\"https:\\\/\\\/www.rri.ro\\\/fr\\\/actualites\\\/les-dossiers-de-lactualite\\\/elections-contestees-en-republique-de-moldova-id399269.html#breadcrumb\"},\"inLanguage\":\"fr-FR\",\"potentialAction\":[{\"@type\":\"ReadAction\",\"target\":[\"https:\\\/\\\/www.rri.ro\\\/fr\\\/actualites\\\/les-dossiers-de-lactualite\\\/elections-contestees-en-republique-de-moldova-id399269.html\"]}]},{\"@type\":\"ImageObject\",\"inLanguage\":\"fr-FR\",\"@id\":\"https:\\\/\\\/www.rri.ro\\\/fr\\\/actualites\\\/les-dossiers-de-lactualite\\\/elections-contestees-en-republique-de-moldova-id399269.html#primaryimage\",\"url\":\"https:\\\/\\\/www.rri.ro\\\/wp-content\\\/uploads\\\/2023\\\/10\\\/maia-sandu-tribuna-strada.jpg\",\"contentUrl\":\"https:\\\/\\\/www.rri.ro\\\/wp-content\\\/uploads\\\/2023\\\/10\\\/maia-sandu-tribuna-strada.jpg\",\"width\":640,\"height\":480},{\"@type\":\"BreadcrumbList\",\"@id\":\"https:\\\/\\\/www.rri.ro\\\/fr\\\/actualites\\\/les-dossiers-de-lactualite\\\/elections-contestees-en-republique-de-moldova-id399269.html#breadcrumb\",\"itemListElement\":[{\"@type\":\"ListItem\",\"position\":1,\"name\":\"Page d'accueil\",\"item\":\"https:\\\/\\\/www.rri.ro\\\/fr\"},{\"@type\":\"ListItem\",\"position\":2,\"name\":\"Actualit\u00e9s\",\"item\":\"https:\\\/\\\/www.rri.ro\\\/fr\\\/actualites\"},{\"@type\":\"ListItem\",\"position\":3,\"name\":\"Les dossiers de l'actualit\u00e9\",\"item\":\"https:\\\/\\\/www.rri.ro\\\/fr\\\/actualites\\\/les-dossiers-de-lactualite\"},{\"@type\":\"ListItem\",\"position\":4,\"name\":\"Elections contest\u00e9es en R\u00e9publique de Moldova\"}]},{\"@type\":\"WebSite\",\"@id\":\"https:\\\/\\\/www.rri.ro\\\/#website\",\"url\":\"https:\\\/\\\/www.rri.ro\\\/\",\"name\":\"Radio Roumanie Internationale\",\"description\":\"Totul despre Rom\u00e2nia \u015fi rom\u00e2ni, \u00een 13 limbi\\\/dialecte!\",\"inLanguage\":\"fr-FR\"},{\"@type\":\"Person\",\"@id\":\"https:\\\/\\\/www.rri.ro\\\/#\\\/schema\\\/person\\\/0ed327d40678578e6dbb840527e3ba32\",\"name\":\"Bogdan Matei\",\"url\":\"https:\\\/\\\/www.rri.ro\\\/fr\\\/author\\\/bogdan-matei\"}]}<\/script>\n<!-- \/ Yoast SEO plugin. -->","yoast_head_json":{"title":"Elections contest\u00e9es en R\u00e9publique de Moldova - Radio Roumanie Internationale","robots":{"index":"index","follow":"follow","max-snippet":"max-snippet:-1","max-image-preview":"max-image-preview:large","max-video-preview":"max-video-preview:-1"},"canonical":"https:\/\/www.rri.ro\/fr\/actualites\/les-dossiers-de-lactualite\/elections-contestees-en-republique-de-moldova-id399269.html","og_locale":"fr_FR","og_type":"article","og_title":"Elections contest\u00e9es en R\u00e9publique de Moldova - Radio Roumanie Internationale","og_description":"Des milliers de personnes sont descendues lundi dans la soir\u00e9e dans les rues de Chisinau pour d\u00e9noncer la falsification du scrutin pr\u00e9sidentiel de dimanche en faveur du gagnant, le socialiste pro-russe Igor Dodon. Celui-ci a remport\u00e9 52% des voix alors que son adversaire, la r\u00e9formatrice pro-europ\u00e9enne Maia Sandu n&rsquo;a remport\u00e9 que 47% des voix. Elle [&hellip;]","og_url":"https:\/\/www.rri.ro\/fr\/actualites\/les-dossiers-de-lactualite\/elections-contestees-en-republique-de-moldova-id399269.html","og_site_name":"Radio Roumanie Internationale","article_published_time":"2016-11-15T11:48:00+00:00","og_image":[{"width":640,"height":480,"url":"https:\/\/www.rri.ro\/wp-content\/uploads\/2023\/10\/maia-sandu-tribuna-strada.jpg","type":"image\/png"}],"author":"Bogdan Matei","twitter_card":"summary_large_image","twitter_misc":{"\u00c9crit par":"Bogdan Matei","Dur\u00e9e de lecture estim\u00e9e":"3 minutes","Written by":"Bogdan Matei"},"schema":{"@context":"https:\/\/schema.org","@graph":[{"@type":"Article","@id":"https:\/\/www.rri.ro\/fr\/actualites\/les-dossiers-de-lactualite\/elections-contestees-en-republique-de-moldova-id399269.html#article","isPartOf":{"@id":"https:\/\/www.rri.ro\/fr\/actualites\/les-dossiers-de-lactualite\/elections-contestees-en-republique-de-moldova-id399269.html"},"author":{"name":"Bogdan Matei","@id":"https:\/\/www.rri.ro\/#\/schema\/person\/0ed327d40678578e6dbb840527e3ba32"},"headline":"Elections contest\u00e9es en R\u00e9publique de Moldova","datePublished":"2016-11-15T11:48:00+00:00","mainEntityOfPage":{"@id":"https:\/\/www.rri.ro\/fr\/actualites\/les-dossiers-de-lactualite\/elections-contestees-en-republique-de-moldova-id399269.html"},"wordCount":603,"image":{"@id":"https:\/\/www.rri.ro\/fr\/actualites\/les-dossiers-de-lactualite\/elections-contestees-en-republique-de-moldova-id399269.html#primaryimage"},"thumbnailUrl":"https:\/\/www.rri.ro\/wp-content\/uploads\/2023\/10\/maia-sandu-tribuna-strada.jpg","keywords":["\u00e9lections pr\u00e9sidentielles","Igor Dodon","Moldova","protestations"],"articleSection":["Les dossiers de l'actualit\u00e9"],"inLanguage":"fr-FR"},{"@type":"WebPage","@id":"https:\/\/www.rri.ro\/fr\/actualites\/les-dossiers-de-lactualite\/elections-contestees-en-republique-de-moldova-id399269.html","url":"https:\/\/www.rri.ro\/fr\/actualites\/les-dossiers-de-lactualite\/elections-contestees-en-republique-de-moldova-id399269.html","name":"Elections contest\u00e9es en R\u00e9publique de Moldova - Radio Roumanie Internationale","isPartOf":{"@id":"https:\/\/www.rri.ro\/#website"},"primaryImageOfPage":{"@id":"https:\/\/www.rri.ro\/fr\/actualites\/les-dossiers-de-lactualite\/elections-contestees-en-republique-de-moldova-id399269.html#primaryimage"},"image":{"@id":"https:\/\/www.rri.ro\/fr\/actualites\/les-dossiers-de-lactualite\/elections-contestees-en-republique-de-moldova-id399269.html#primaryimage"},"thumbnailUrl":"https:\/\/www.rri.ro\/wp-content\/uploads\/2023\/10\/maia-sandu-tribuna-strada.jpg","datePublished":"2016-11-15T11:48:00+00:00","author":{"@id":"https:\/\/www.rri.ro\/#\/schema\/person\/0ed327d40678578e6dbb840527e3ba32"},"breadcrumb":{"@id":"https:\/\/www.rri.ro\/fr\/actualites\/les-dossiers-de-lactualite\/elections-contestees-en-republique-de-moldova-id399269.html#breadcrumb"},"inLanguage":"fr-FR","potentialAction":[{"@type":"ReadAction","target":["https:\/\/www.rri.ro\/fr\/actualites\/les-dossiers-de-lactualite\/elections-contestees-en-republique-de-moldova-id399269.html"]}]},{"@type":"ImageObject","inLanguage":"fr-FR","@id":"https:\/\/www.rri.ro\/fr\/actualites\/les-dossiers-de-lactualite\/elections-contestees-en-republique-de-moldova-id399269.html#primaryimage","url":"https:\/\/www.rri.ro\/wp-content\/uploads\/2023\/10\/maia-sandu-tribuna-strada.jpg","contentUrl":"https:\/\/www.rri.ro\/wp-content\/uploads\/2023\/10\/maia-sandu-tribuna-strada.jpg","width":640,"height":480},{"@type":"BreadcrumbList","@id":"https:\/\/www.rri.ro\/fr\/actualites\/les-dossiers-de-lactualite\/elections-contestees-en-republique-de-moldova-id399269.html#breadcrumb","itemListElement":[{"@type":"ListItem","position":1,"name":"Page d'accueil","item":"https:\/\/www.rri.ro\/fr"},{"@type":"ListItem","position":2,"name":"Actualit\u00e9s","item":"https:\/\/www.rri.ro\/fr\/actualites"},{"@type":"ListItem","position":3,"name":"Les dossiers de l'actualit\u00e9","item":"https:\/\/www.rri.ro\/fr\/actualites\/les-dossiers-de-lactualite"},{"@type":"ListItem","position":4,"name":"Elections contest\u00e9es en R\u00e9publique de Moldova"}]},{"@type":"WebSite","@id":"https:\/\/www.rri.ro\/#website","url":"https:\/\/www.rri.ro\/","name":"Radio Roumanie Internationale","description":"Totul despre Rom\u00e2nia \u015fi rom\u00e2ni, \u00een 13 limbi\/dialecte!","inLanguage":"fr-FR"},{"@type":"Person","@id":"https:\/\/www.rri.ro\/#\/schema\/person\/0ed327d40678578e6dbb840527e3ba32","name":"Bogdan Matei","url":"https:\/\/www.rri.ro\/fr\/author\/bogdan-matei"}]}},"_links":{"self":[{"href":"https:\/\/www.rri.ro\/fr\/wp-json\/wp\/v2\/posts\/399269","targetHints":{"allow":["GET"]}}],"collection":[{"href":"https:\/\/www.rri.ro\/fr\/wp-json\/wp\/v2\/posts"}],"about":[{"href":"https:\/\/www.rri.ro\/fr\/wp-json\/wp\/v2\/types\/post"}],"author":[{"embeddable":true,"href":"https:\/\/www.rri.ro\/fr\/wp-json\/wp\/v2\/users\/105"}],"replies":[{"embeddable":true,"href":"https:\/\/www.rri.ro\/fr\/wp-json\/wp\/v2\/comments?post=399269"}],"version-history":[{"count":0,"href":"https:\/\/www.rri.ro\/fr\/wp-json\/wp\/v2\/posts\/399269\/revisions"}],"wp:featuredmedia":[{"embeddable":true,"href":"https:\/\/www.rri.ro\/fr\/wp-json\/wp\/v2\/media\/70899"}],"wp:attachment":[{"href":"https:\/\/www.rri.ro\/fr\/wp-json\/wp\/v2\/media?parent=399269"}],"wp:term":[{"taxonomy":"category","embeddable":true,"href":"https:\/\/www.rri.ro\/fr\/wp-json\/wp\/v2\/categories?post=399269"},{"taxonomy":"post_tag","embeddable":true,"href":"https:\/\/www.rri.ro\/fr\/wp-json\/wp\/v2\/tags?post=399269"},{"taxonomy":"author","embeddable":true,"href":"https:\/\/www.rri.ro\/fr\/wp-json\/wp\/v2\/coauthors?post=399269"}],"curies":[{"name":"wp","href":"https:\/\/api.w.org\/{rel}","templated":true}]}}