{"id":399370,"date":"2017-04-04T14:01:00","date_gmt":"2017-04-04T11:01:00","guid":{"rendered":"http:\/\/devrri.freshlemon.ro\/le-roumain-mot-a-mot\/consulter-les-lecons\/ces-salaires-uniques-qui-divisent-id399370.html"},"modified":"2017-04-04T14:01:00","modified_gmt":"2017-04-04T11:01:00","slug":"ces-salaires-uniques-qui-divisent","status":"publish","type":"post","link":"https:\/\/www.rri.ro\/fr\/actualites\/les-dossiers-de-lactualite\/ces-salaires-uniques-qui-divisent-id399370.html","title":{"rendered":"Ces salaires uniques qui divisent"},"content":{"rendered":"<p>Les deux partis de la coalition gouvernementale appuient \u00e0 l\u2019unisson la loi de la grille unique des salaires, a assur\u00e9 d\u2019embl\u00e9e le premier ministre roumain, Sorin Grindeanu, lors d\u2019une rencontre avec les journalistes, en d\u00e9but de semaine. L\u2019acte r\u00e9glementaire, qui sera d\u00e9battu dans les jours \u00e0 venir par les s\u00e9nateurs et les d\u00e9put\u00e9s roumains, se veut \u00e9quitable, chaque travailleur devant \u00eatre pay\u00e9 en fonction de ses comp\u00e9tences et responsabilit\u00e9s, a encore pr\u00e9cis\u00e9 le chef du gouvernement : <em>\u00ab Cette loi est tr\u00e8s importante pour nous, la coalition au pouvoir, et elle est depuis longtemps attendue par les Roumains aussi. Tous les \u00e9lus de l\u2019arc gouvernemental travailleront sur ce projet \u00bb<\/em>.<\/p>\n<p>&#13;<br \/>\n&#13;<\/p>\n<p>&#13;<br \/>\n&#13;<\/p>\n<p>En revanche, Raluca Turcan, leader par int\u00e9rim du Parti national lib\u00e9ral, d\u2019opposition, estime que l\u2019\u00e9quipe ex\u00e9cutive devrait plut\u00f4t demander le vote de confiance du Parlement pour cette initiative l\u00e9gislative : <em>\u00ab Il serait opportun que ce gouvernement affirme nettement &#8212; oui, nous avons les quelques 7 milliards d\u2019euros pour les hausses salariales envisag\u00e9es. Personnellement, je voudrais que le Parlement m\u00e8ne un d\u00e9bat s\u00e9rieux et argument\u00e9 sur ce projet, afin que les Roumains sachent clairement si oui ou non nous avons les fonds n\u00e9cessaires pour ces majorations \u00bb<\/em>.<\/p>\n<p>&#13;<br \/>\n&#13;<\/p>\n<p>&#13;<br \/>\n&#13;<\/p>\n<p>Selon Raluca Turcan, la situation \u00e9conomique du pays laisse beaucoup \u00e0 d\u00e9sirer, le milieu des affaires subissant une pression croissante, sans pr\u00e9c\u00e9dent. Or, nous avons besoin de pr\u00e9dictibilit\u00e9 en Roumanie, afin que le secteur priv\u00e9 puisse se renforcer et qu\u2019il soit capable de contribuer de mani\u00e8re durable au budget, a martel\u00e9 la leader lib\u00e9rale.<\/p>\n<p>&#13;<br \/>\n&#13;<\/p>\n<p>&#13;<br \/>\n&#13;<\/p>\n<p>Pour sa part, le ministre des Finances, Viorel Stefan, a fait savoir qu\u2019il attendait les r\u00e9sultats budg\u00e9taires du premier trimestre pour \u00e9valuer l\u2019impact des futures hausses des revenus suppos\u00e9es par l\u2019entr\u00e9e en vigueur de la grille unique des salaires. Cette loi est n\u00e9cessaire et doit \u00eatre op\u00e9rationnelle le plus rapidement possible, afin de rendre stable le syst\u00e8me salarial du secteur public, r\u00e9gi \u00e0 ce jour par des d\u00e9crets gouvernementaux ayant apport\u00e9 plut\u00f4t de la confusion que des solutions fermes, a-t-il pr\u00e9cis\u00e9.<\/p>\n<p>&#13;<br \/>\n&#13;<\/p>\n<p>&#13;<br \/>\n&#13;<\/p>\n<p>Ce projet de loi sera sign\u00e9 et assum\u00e9 jeudi par tous les leaders de la coalition au pouvoir, a indiqu\u00e9 aussi le leader du Parti social-d\u00e9mocrate et pr\u00e9sident de la Chambre des d\u00e9put\u00e9s, Liviu Dragnea. Selon lui, une des cons\u00e9quences attendues de la grille unique sera la diminution de l\u2019\u00e9cart entre le revenu le plus petit et le plus grand qui sera d\u00e9sormais de 1 pour 12 contre 1 pour 15 actuellement.<\/p>\n<p>&#13;<br \/>\n&#13;<\/p>\n<p>&#13;<br \/>\n&#13;<\/p>\n<p>Ainsi, le pr\u00e9sident de la R\u00e9publique touchera-t-il le salaire le plus important. Il sera suivi par les pr\u00e9sidents des deux chambres du Parlement et le pr\u00e9sident de la Haute Cour de cassation et de justice. Les salaires des employ\u00e9s du secteur public augmenteront progressivement \u00e0 l\u2019horizon 2021, avait annonc\u00e9 la ministre du Travail, Lia Olguta Vasilescu. Seuls les salari\u00e9s de la Sant\u00e9 publique doivent b\u00e9n\u00e9ficier d\u2019une augmentation int\u00e9grale d\u00e8s 2018. La loi de la grille unique des salaires devrait produire ses effets  \u00e0 partir du 1er juillet prochain. (trad. : Andrei Popov)<\/p>\n<p>&#13;<\/p>\n","protected":false},"excerpt":{"rendered":"<p>Les deux partis de la coalition gouvernementale appuient \u00e0 l\u2019unisson la loi de la grille unique des salaires, a assur\u00e9 d\u2019embl\u00e9e le premier ministre roumain, Sorin Grindeanu, lors d\u2019une rencontre avec les journalistes, en d\u00e9but de semaine. L\u2019acte r\u00e9glementaire, qui sera d\u00e9battu dans les jours \u00e0 venir par les s\u00e9nateurs et les d\u00e9put\u00e9s roumains, se [&hellip;]<\/p>\n","protected":false},"author":2,"featured_media":70842,"comment_status":"closed","ping_status":"closed","sticky":false,"template":"","format":"standard","meta":{"_acf_changed":false,"footnotes":""},"categories":[93377],"tags":[88087,91348,86810,87925],"coauthors":[],"class_list":["post-399370","post","type-post","status-publish","format-standard","has-post-thumbnail","hentry","category-les-dossiers-de-lactualite","tag-affaires","tag-grille","tag-salaire","tag-unique"],"acf":[],"yoast_head":"<!-- This site is optimized with the Yoast SEO plugin v27.5 - https:\/\/yoast.com\/product\/yoast-seo-wordpress\/ -->\n<title>Ces salaires uniques qui divisent - Radio Roumanie Internationale<\/title>\n<meta name=\"robots\" content=\"index, follow, max-snippet:-1, max-image-preview:large, max-video-preview:-1\" \/>\n<link rel=\"canonical\" href=\"https:\/\/www.rri.ro\/fr\/actualites\/les-dossiers-de-lactualite\/ces-salaires-uniques-qui-divisent-id399370.html\" \/>\n<meta property=\"og:locale\" content=\"fr_FR\" \/>\n<meta property=\"og:type\" content=\"article\" \/>\n<meta property=\"og:title\" content=\"Ces salaires uniques qui divisent - Radio Roumanie Internationale\" \/>\n<meta property=\"og:description\" content=\"Les deux partis de la coalition gouvernementale appuient \u00e0 l\u2019unisson la loi de la grille unique des salaires, a assur\u00e9 d\u2019embl\u00e9e le premier ministre roumain, Sorin Grindeanu, lors d\u2019une rencontre avec les journalistes, en d\u00e9but de semaine. L\u2019acte r\u00e9glementaire, qui sera d\u00e9battu dans les jours \u00e0 venir par les s\u00e9nateurs et les d\u00e9put\u00e9s roumains, se [&hellip;]\" \/>\n<meta property=\"og:url\" content=\"https:\/\/www.rri.ro\/fr\/actualites\/les-dossiers-de-lactualite\/ces-salaires-uniques-qui-divisent-id399370.html\" \/>\n<meta property=\"og:site_name\" content=\"Radio Roumanie Internationale\" \/>\n<meta property=\"article:published_time\" content=\"2017-04-04T11:01:00+00:00\" \/>\n<meta property=\"og:image\" content=\"https:\/\/www.rri.ro\/wp-content\/uploads\/2023\/10\/senatul-romaniei-02.jpg\" \/>\n\t<meta property=\"og:image:width\" content=\"640\" \/>\n\t<meta property=\"og:image:height\" content=\"360\" \/>\n\t<meta property=\"og:image:type\" content=\"image\/jpeg\" \/>\n<meta name=\"author\" content=\"Rom\u00e2nia Interna\u021bional\" \/>\n<meta name=\"twitter:card\" content=\"summary_large_image\" \/>\n<meta name=\"twitter:label1\" content=\"\u00c9crit par\" \/>\n\t<meta name=\"twitter:data1\" content=\"Rom\u00e2nia Interna\u021bional\" \/>\n\t<meta name=\"twitter:label2\" content=\"Dur\u00e9e de lecture estim\u00e9e\" \/>\n\t<meta name=\"twitter:data2\" content=\"3 minutes\" \/>\n\t<meta name=\"twitter:label3\" content=\"Written by\" \/>\n\t<meta name=\"twitter:data3\" content=\"Rom\u00e2nia Interna\u021bional\" \/>\n<script type=\"application\/ld+json\" class=\"yoast-schema-graph\">{\"@context\":\"https:\\\/\\\/schema.org\",\"@graph\":[{\"@type\":\"Article\",\"@id\":\"https:\\\/\\\/www.rri.ro\\\/fr\\\/actualites\\\/les-dossiers-de-lactualite\\\/ces-salaires-uniques-qui-divisent-id399370.html#article\",\"isPartOf\":{\"@id\":\"https:\\\/\\\/www.rri.ro\\\/fr\\\/actualites\\\/les-dossiers-de-lactualite\\\/ces-salaires-uniques-qui-divisent-id399370.html\"},\"author\":{\"name\":\"Rom\u00e2nia Interna\u021bional\",\"@id\":\"https:\\\/\\\/www.rri.ro\\\/#\\\/schema\\\/person\\\/18fac491bccbfe149b92aea77ad60abd\"},\"headline\":\"Ces salaires uniques qui divisent\",\"datePublished\":\"2017-04-04T11:01:00+00:00\",\"mainEntityOfPage\":{\"@id\":\"https:\\\/\\\/www.rri.ro\\\/fr\\\/actualites\\\/les-dossiers-de-lactualite\\\/ces-salaires-uniques-qui-divisent-id399370.html\"},\"wordCount\":550,\"image\":{\"@id\":\"https:\\\/\\\/www.rri.ro\\\/fr\\\/actualites\\\/les-dossiers-de-lactualite\\\/ces-salaires-uniques-qui-divisent-id399370.html#primaryimage\"},\"thumbnailUrl\":\"https:\\\/\\\/www.rri.ro\\\/wp-content\\\/uploads\\\/2023\\\/10\\\/senatul-romaniei-02.jpg\",\"keywords\":[\"affaires\",\"grille\",\"salaire\",\"unique\"],\"articleSection\":[\"Les dossiers de l'actualit\u00e9\"],\"inLanguage\":\"fr-FR\"},{\"@type\":\"WebPage\",\"@id\":\"https:\\\/\\\/www.rri.ro\\\/fr\\\/actualites\\\/les-dossiers-de-lactualite\\\/ces-salaires-uniques-qui-divisent-id399370.html\",\"url\":\"https:\\\/\\\/www.rri.ro\\\/fr\\\/actualites\\\/les-dossiers-de-lactualite\\\/ces-salaires-uniques-qui-divisent-id399370.html\",\"name\":\"Ces salaires uniques qui divisent - Radio Roumanie Internationale\",\"isPartOf\":{\"@id\":\"https:\\\/\\\/www.rri.ro\\\/#website\"},\"primaryImageOfPage\":{\"@id\":\"https:\\\/\\\/www.rri.ro\\\/fr\\\/actualites\\\/les-dossiers-de-lactualite\\\/ces-salaires-uniques-qui-divisent-id399370.html#primaryimage\"},\"image\":{\"@id\":\"https:\\\/\\\/www.rri.ro\\\/fr\\\/actualites\\\/les-dossiers-de-lactualite\\\/ces-salaires-uniques-qui-divisent-id399370.html#primaryimage\"},\"thumbnailUrl\":\"https:\\\/\\\/www.rri.ro\\\/wp-content\\\/uploads\\\/2023\\\/10\\\/senatul-romaniei-02.jpg\",\"datePublished\":\"2017-04-04T11:01:00+00:00\",\"author\":{\"@id\":\"https:\\\/\\\/www.rri.ro\\\/#\\\/schema\\\/person\\\/18fac491bccbfe149b92aea77ad60abd\"},\"breadcrumb\":{\"@id\":\"https:\\\/\\\/www.rri.ro\\\/fr\\\/actualites\\\/les-dossiers-de-lactualite\\\/ces-salaires-uniques-qui-divisent-id399370.html#breadcrumb\"},\"inLanguage\":\"fr-FR\",\"potentialAction\":[{\"@type\":\"ReadAction\",\"target\":[\"https:\\\/\\\/www.rri.ro\\\/fr\\\/actualites\\\/les-dossiers-de-lactualite\\\/ces-salaires-uniques-qui-divisent-id399370.html\"]}]},{\"@type\":\"ImageObject\",\"inLanguage\":\"fr-FR\",\"@id\":\"https:\\\/\\\/www.rri.ro\\\/fr\\\/actualites\\\/les-dossiers-de-lactualite\\\/ces-salaires-uniques-qui-divisent-id399370.html#primaryimage\",\"url\":\"https:\\\/\\\/www.rri.ro\\\/wp-content\\\/uploads\\\/2023\\\/10\\\/senatul-romaniei-02.jpg\",\"contentUrl\":\"https:\\\/\\\/www.rri.ro\\\/wp-content\\\/uploads\\\/2023\\\/10\\\/senatul-romaniei-02.jpg\",\"width\":640,\"height\":360},{\"@type\":\"BreadcrumbList\",\"@id\":\"https:\\\/\\\/www.rri.ro\\\/fr\\\/actualites\\\/les-dossiers-de-lactualite\\\/ces-salaires-uniques-qui-divisent-id399370.html#breadcrumb\",\"itemListElement\":[{\"@type\":\"ListItem\",\"position\":1,\"name\":\"Page d'accueil\",\"item\":\"https:\\\/\\\/www.rri.ro\\\/fr\"},{\"@type\":\"ListItem\",\"position\":2,\"name\":\"Actualit\u00e9s\",\"item\":\"https:\\\/\\\/www.rri.ro\\\/fr\\\/actualites\"},{\"@type\":\"ListItem\",\"position\":3,\"name\":\"Les dossiers de l'actualit\u00e9\",\"item\":\"https:\\\/\\\/www.rri.ro\\\/fr\\\/actualites\\\/les-dossiers-de-lactualite\"},{\"@type\":\"ListItem\",\"position\":4,\"name\":\"Ces salaires uniques qui divisent\"}]},{\"@type\":\"WebSite\",\"@id\":\"https:\\\/\\\/www.rri.ro\\\/#website\",\"url\":\"https:\\\/\\\/www.rri.ro\\\/\",\"name\":\"Radio Roumanie Internationale\",\"description\":\"Totul despre Rom\u00e2nia \u015fi rom\u00e2ni, \u00een 13 limbi\\\/dialecte!\",\"inLanguage\":\"fr-FR\"},{\"@type\":\"Person\",\"@id\":\"https:\\\/\\\/www.rri.ro\\\/#\\\/schema\\\/person\\\/18fac491bccbfe149b92aea77ad60abd\",\"name\":\"Rom\u00e2nia Interna\u021bional\",\"url\":\"https:\\\/\\\/www.rri.ro\\\/fr\\\/author\\\/redactia\"}]}<\/script>\n<!-- \/ Yoast SEO plugin. -->","yoast_head_json":{"title":"Ces salaires uniques qui divisent - Radio Roumanie Internationale","robots":{"index":"index","follow":"follow","max-snippet":"max-snippet:-1","max-image-preview":"max-image-preview:large","max-video-preview":"max-video-preview:-1"},"canonical":"https:\/\/www.rri.ro\/fr\/actualites\/les-dossiers-de-lactualite\/ces-salaires-uniques-qui-divisent-id399370.html","og_locale":"fr_FR","og_type":"article","og_title":"Ces salaires uniques qui divisent - Radio Roumanie Internationale","og_description":"Les deux partis de la coalition gouvernementale appuient \u00e0 l\u2019unisson la loi de la grille unique des salaires, a assur\u00e9 d\u2019embl\u00e9e le premier ministre roumain, Sorin Grindeanu, lors d\u2019une rencontre avec les journalistes, en d\u00e9but de semaine. L\u2019acte r\u00e9glementaire, qui sera d\u00e9battu dans les jours \u00e0 venir par les s\u00e9nateurs et les d\u00e9put\u00e9s roumains, se [&hellip;]","og_url":"https:\/\/www.rri.ro\/fr\/actualites\/les-dossiers-de-lactualite\/ces-salaires-uniques-qui-divisent-id399370.html","og_site_name":"Radio Roumanie Internationale","article_published_time":"2017-04-04T11:01:00+00:00","og_image":[{"width":640,"height":360,"url":"https:\/\/www.rri.ro\/wp-content\/uploads\/2023\/10\/senatul-romaniei-02.jpg","type":"image\/jpeg"}],"author":"Rom\u00e2nia Interna\u021bional","twitter_card":"summary_large_image","twitter_misc":{"\u00c9crit par":"Rom\u00e2nia Interna\u021bional","Dur\u00e9e de lecture estim\u00e9e":"3 minutes","Written by":"Rom\u00e2nia Interna\u021bional"},"schema":{"@context":"https:\/\/schema.org","@graph":[{"@type":"Article","@id":"https:\/\/www.rri.ro\/fr\/actualites\/les-dossiers-de-lactualite\/ces-salaires-uniques-qui-divisent-id399370.html#article","isPartOf":{"@id":"https:\/\/www.rri.ro\/fr\/actualites\/les-dossiers-de-lactualite\/ces-salaires-uniques-qui-divisent-id399370.html"},"author":{"name":"Rom\u00e2nia Interna\u021bional","@id":"https:\/\/www.rri.ro\/#\/schema\/person\/18fac491bccbfe149b92aea77ad60abd"},"headline":"Ces salaires uniques qui divisent","datePublished":"2017-04-04T11:01:00+00:00","mainEntityOfPage":{"@id":"https:\/\/www.rri.ro\/fr\/actualites\/les-dossiers-de-lactualite\/ces-salaires-uniques-qui-divisent-id399370.html"},"wordCount":550,"image":{"@id":"https:\/\/www.rri.ro\/fr\/actualites\/les-dossiers-de-lactualite\/ces-salaires-uniques-qui-divisent-id399370.html#primaryimage"},"thumbnailUrl":"https:\/\/www.rri.ro\/wp-content\/uploads\/2023\/10\/senatul-romaniei-02.jpg","keywords":["affaires","grille","salaire","unique"],"articleSection":["Les dossiers de l'actualit\u00e9"],"inLanguage":"fr-FR"},{"@type":"WebPage","@id":"https:\/\/www.rri.ro\/fr\/actualites\/les-dossiers-de-lactualite\/ces-salaires-uniques-qui-divisent-id399370.html","url":"https:\/\/www.rri.ro\/fr\/actualites\/les-dossiers-de-lactualite\/ces-salaires-uniques-qui-divisent-id399370.html","name":"Ces salaires uniques qui divisent - Radio Roumanie Internationale","isPartOf":{"@id":"https:\/\/www.rri.ro\/#website"},"primaryImageOfPage":{"@id":"https:\/\/www.rri.ro\/fr\/actualites\/les-dossiers-de-lactualite\/ces-salaires-uniques-qui-divisent-id399370.html#primaryimage"},"image":{"@id":"https:\/\/www.rri.ro\/fr\/actualites\/les-dossiers-de-lactualite\/ces-salaires-uniques-qui-divisent-id399370.html#primaryimage"},"thumbnailUrl":"https:\/\/www.rri.ro\/wp-content\/uploads\/2023\/10\/senatul-romaniei-02.jpg","datePublished":"2017-04-04T11:01:00+00:00","author":{"@id":"https:\/\/www.rri.ro\/#\/schema\/person\/18fac491bccbfe149b92aea77ad60abd"},"breadcrumb":{"@id":"https:\/\/www.rri.ro\/fr\/actualites\/les-dossiers-de-lactualite\/ces-salaires-uniques-qui-divisent-id399370.html#breadcrumb"},"inLanguage":"fr-FR","potentialAction":[{"@type":"ReadAction","target":["https:\/\/www.rri.ro\/fr\/actualites\/les-dossiers-de-lactualite\/ces-salaires-uniques-qui-divisent-id399370.html"]}]},{"@type":"ImageObject","inLanguage":"fr-FR","@id":"https:\/\/www.rri.ro\/fr\/actualites\/les-dossiers-de-lactualite\/ces-salaires-uniques-qui-divisent-id399370.html#primaryimage","url":"https:\/\/www.rri.ro\/wp-content\/uploads\/2023\/10\/senatul-romaniei-02.jpg","contentUrl":"https:\/\/www.rri.ro\/wp-content\/uploads\/2023\/10\/senatul-romaniei-02.jpg","width":640,"height":360},{"@type":"BreadcrumbList","@id":"https:\/\/www.rri.ro\/fr\/actualites\/les-dossiers-de-lactualite\/ces-salaires-uniques-qui-divisent-id399370.html#breadcrumb","itemListElement":[{"@type":"ListItem","position":1,"name":"Page d'accueil","item":"https:\/\/www.rri.ro\/fr"},{"@type":"ListItem","position":2,"name":"Actualit\u00e9s","item":"https:\/\/www.rri.ro\/fr\/actualites"},{"@type":"ListItem","position":3,"name":"Les dossiers de l'actualit\u00e9","item":"https:\/\/www.rri.ro\/fr\/actualites\/les-dossiers-de-lactualite"},{"@type":"ListItem","position":4,"name":"Ces salaires uniques qui divisent"}]},{"@type":"WebSite","@id":"https:\/\/www.rri.ro\/#website","url":"https:\/\/www.rri.ro\/","name":"Radio Roumanie Internationale","description":"Totul despre Rom\u00e2nia \u015fi rom\u00e2ni, \u00een 13 limbi\/dialecte!","inLanguage":"fr-FR"},{"@type":"Person","@id":"https:\/\/www.rri.ro\/#\/schema\/person\/18fac491bccbfe149b92aea77ad60abd","name":"Rom\u00e2nia Interna\u021bional","url":"https:\/\/www.rri.ro\/fr\/author\/redactia"}]}},"_links":{"self":[{"href":"https:\/\/www.rri.ro\/fr\/wp-json\/wp\/v2\/posts\/399370","targetHints":{"allow":["GET"]}}],"collection":[{"href":"https:\/\/www.rri.ro\/fr\/wp-json\/wp\/v2\/posts"}],"about":[{"href":"https:\/\/www.rri.ro\/fr\/wp-json\/wp\/v2\/types\/post"}],"author":[{"embeddable":true,"href":"https:\/\/www.rri.ro\/fr\/wp-json\/wp\/v2\/users\/2"}],"replies":[{"embeddable":true,"href":"https:\/\/www.rri.ro\/fr\/wp-json\/wp\/v2\/comments?post=399370"}],"version-history":[{"count":0,"href":"https:\/\/www.rri.ro\/fr\/wp-json\/wp\/v2\/posts\/399370\/revisions"}],"wp:featuredmedia":[{"embeddable":true,"href":"https:\/\/www.rri.ro\/fr\/wp-json\/wp\/v2\/media\/70842"}],"wp:attachment":[{"href":"https:\/\/www.rri.ro\/fr\/wp-json\/wp\/v2\/media?parent=399370"}],"wp:term":[{"taxonomy":"category","embeddable":true,"href":"https:\/\/www.rri.ro\/fr\/wp-json\/wp\/v2\/categories?post=399370"},{"taxonomy":"post_tag","embeddable":true,"href":"https:\/\/www.rri.ro\/fr\/wp-json\/wp\/v2\/tags?post=399370"},{"taxonomy":"author","embeddable":true,"href":"https:\/\/www.rri.ro\/fr\/wp-json\/wp\/v2\/coauthors?post=399370"}],"curies":[{"name":"wp","href":"https:\/\/api.w.org\/{rel}","templated":true}]}}