{"id":399559,"date":"2017-11-06T14:46:00","date_gmt":"2017-11-06T12:46:00","guid":{"rendered":"http:\/\/devrri.freshlemon.ro\/le-roumain-mot-a-mot\/consulter-les-lecons\/nouvelles-protestations-en-roumanie-id399559.html"},"modified":"2017-11-06T14:46:00","modified_gmt":"2017-11-06T12:46:00","slug":"nouvelles-protestations-en-roumanie","status":"publish","type":"post","link":"https:\/\/www.rri.ro\/fr\/actualites\/les-dossiers-de-lactualite\/nouvelles-protestations-en-roumanie-id399559.html","title":{"rendered":"Nouvelles protestations en Roumanie"},"content":{"rendered":"<p>La majorit\u00e9 PSD-ALDE au pouvoir en Roumanie souhaite instituer un seuil aussi \u00e9lev\u00e9 que possible du pr\u00e9judice engendr\u00e9, alors que les opposants consid\u00e8rent cela une tentative du pouvoir de sauver ses membres accus\u00e9s d&rsquo;abus de fonctions, \u00e0 commencer par l&rsquo;homme fort de la coalition, le leader social-d\u00e9mocrate Liviu Dragnea.<\/p>\n<p><\/p>\n<p>M\u00e9contents aussi d&rsquo;autres projets de lois, ainsi que des politiciens de la coalition au pouvoir en Roumanie, des dizaines de milliers de manifestants sont descendus, dimanche soir, dans les rues de Bucarest et de plusieurs grandes villes du pays, mais aussi dans la diaspora. Dans la capitale, les gens se sont rassembl\u00e9s devant le b\u00e2timent du gouvernement et ont march\u00e9 ensuite vers le Palais du parlement. Les plus de 20.000 protestataires ont cri\u00e9 des slogans antigouvernementaux, affirmant que l&rsquo;incomp\u00e9tence et la corruption dominent le pouvoir en place. Les gens sont \u00e9galement m\u00e9contents de la d\u00e9marche politique \u00e0 l&rsquo;\u00e9gard de l&rsquo;enseignement, de la sant\u00e9 ou encore de ce qu&rsquo;ils appellent les balbutiements dans le syst\u00e8me fiscal :<\/p>\n<p>Manifestante 1 : <em class=cms-italic>\u00ab Je veux un pays normal. Et que mon enfant vive dans une soci\u00e9t\u00e9 saine. Je ne veux plus le pousser \u00e0 partir \u00e0 l&rsquo;\u00e9tranger. Je ne veux plus souhaiter quitter le pays. Que le PSD s&rsquo;en aille, et, de mon point de vue, que toute la classe politique d&rsquo;apr\u00e8s d\u00e9cembre &rsquo;89 s&rsquo;en aille. \u00bb<\/em><\/p>\n<p>Manifestante 2 : <em class=cms-italic>\u00ab Selon moi, les modifications des lois de la justice se font strictement pour eux. Quel brouillamini fiscal ! Absolument tous les gens avec lesquels je discute se demandent dans quelle direction va ce pays et si cela vaut encore la peine d&rsquo;y investir, d&rsquo;y rester ou s&rsquo;il faut fermer boutique et partir. \u00bb<\/em><\/p>\n<p>Dans toutes les grandes villes du pays &#8211; \u00e0 Bra\u015fov, Cluj ou Timi\u015foara, \u00e0 Sibiu, \u00e0 Ia\u015fi, Arad, Suceava, Br\u0103ila, Constan\u0163a, Oradea ou Ploie\u015fti &#8211; les gens se sont mobilis\u00e9s sur les r\u00e9seaux sociaux. \u00ab Notre but pour descendre dans la rue est le m\u00eame qu&rsquo;en f\u00e9vrier, mais au carr\u00e9 cette fois-ci. Parce que ce qui s&rsquo;est pass\u00e9 l&rsquo;hiver dernier, la c\u00e9l\u00e8bre ordonnance 13, est revenu au parlement, mais puissance 2. <\/p>\n<p>C&rsquo;est m\u00eame plus grave que ce qui s&rsquo;est pass\u00e9 l&rsquo;hiver dernier, au parlement roumain. Ce qu&rsquo;ils souhaitent, c&rsquo;est non seulement que les grands politiciens ou ceux qui occupent de hautes fonctions dans cet Etat \u00e9chappent aux peines, mais aussi supprimer certaines infractions du Code p\u00e9nal qui les viseraient en premier lieu. Ces gens-l\u00e0 ont d\u00e9pass\u00e9 toutes les limites possibles. Je le r\u00e9p\u00e8te, ce qui s&rsquo;est pass\u00e9 en f\u00e9vrier a \u00e9t\u00e9 tr\u00e8s grave, lorsqu&rsquo;ils ont essay\u00e9 de faire passer nuitamment une ordonnance d&rsquo;urgence, comme des voleurs, pour se dispenser des peines de prison ou p\u00e9nales, mais maintenant, c&rsquo;est beaucoup plus grave \u00bb, a d\u00e9clar\u00e9 Sebastian Duma, le pr\u00e9sident de l&rsquo;Association Oradea Civic\u0103 et organisateur de la protestation dans cette ville de l&rsquo;ouest du pays. <\/p>\n<p>Une opinion que partagent d&rsquo;ailleurs les protestataires de plusieurs autres r\u00e9gions. Les mesures fiscales envisag\u00e9es &#8211; soit le transfert des contributions sociales de l&#8217;employeur vers l&#8217;employ\u00e9 &#8211; cr\u00e9ent des m\u00e9contentements ; des craintes existent que cette mesure, dont l&rsquo;application est pr\u00e9vue \u00e0 partir de l&rsquo;ann\u00e9e prochaine, n&rsquo;entra\u00eene une baisse des salaires et une perte d&#8217;emplois. (Trad. Ligia Mihaiescu)<\/p>\n","protected":false},"excerpt":{"rendered":"<p>La majorit\u00e9 PSD-ALDE au pouvoir en Roumanie souhaite instituer un seuil aussi \u00e9lev\u00e9 que possible du pr\u00e9judice engendr\u00e9, alors que les opposants consid\u00e8rent cela une tentative du pouvoir de sauver ses membres accus\u00e9s d&rsquo;abus de fonctions, \u00e0 commencer par l&rsquo;homme fort de la coalition, le leader social-d\u00e9mocrate Liviu Dragnea. M\u00e9contents aussi d&rsquo;autres projets de lois, [&hellip;]<\/p>\n","protected":false},"author":108,"featured_media":75396,"comment_status":"closed","ping_status":"closed","sticky":false,"template":"","format":"standard","meta":{"_acf_changed":false,"footnotes":""},"categories":[93377],"tags":[116081,137214,85700],"coauthors":[],"class_list":["post-399559","post","type-post","status-publish","format-standard","has-post-thumbnail","hentry","category-les-dossiers-de-lactualite","tag-bucarest-fr","tag-justice-fr","tag-protestations"],"acf":[],"yoast_head":"<!-- This site is optimized with the Yoast SEO plugin v27.3 - https:\/\/yoast.com\/product\/yoast-seo-wordpress\/ -->\n<title>Nouvelles protestations en Roumanie - Radio Roumanie Internationale<\/title>\n<meta name=\"robots\" content=\"index, follow, max-snippet:-1, max-image-preview:large, max-video-preview:-1\" \/>\n<link rel=\"canonical\" href=\"https:\/\/www.rri.ro\/fr\/actualites\/les-dossiers-de-lactualite\/nouvelles-protestations-en-roumanie-id399559.html\" \/>\n<meta property=\"og:locale\" content=\"fr_FR\" \/>\n<meta property=\"og:type\" content=\"article\" \/>\n<meta property=\"og:title\" content=\"Nouvelles protestations en Roumanie - Radio Roumanie Internationale\" \/>\n<meta property=\"og:description\" content=\"La majorit\u00e9 PSD-ALDE au pouvoir en Roumanie souhaite instituer un seuil aussi \u00e9lev\u00e9 que possible du pr\u00e9judice engendr\u00e9, alors que les opposants consid\u00e8rent cela une tentative du pouvoir de sauver ses membres accus\u00e9s d&rsquo;abus de fonctions, \u00e0 commencer par l&rsquo;homme fort de la coalition, le leader social-d\u00e9mocrate Liviu Dragnea. M\u00e9contents aussi d&rsquo;autres projets de lois, [&hellip;]\" \/>\n<meta property=\"og:url\" content=\"https:\/\/www.rri.ro\/fr\/actualites\/les-dossiers-de-lactualite\/nouvelles-protestations-en-roumanie-id399559.html\" \/>\n<meta property=\"og:site_name\" content=\"Radio Roumanie Internationale\" \/>\n<meta property=\"article:published_time\" content=\"2017-11-06T12:46:00+00:00\" \/>\n<meta property=\"og:image\" content=\"https:\/\/www.rri.ro\/wp-content\/uploads\/2023\/10\/proteste-nov-2017.png\" \/>\n\t<meta property=\"og:image:width\" content=\"640\" \/>\n\t<meta property=\"og:image:height\" content=\"480\" \/>\n\t<meta property=\"og:image:type\" content=\"image\/png\" \/>\n<meta name=\"author\" content=\"Corina Cristea\" \/>\n<meta name=\"twitter:card\" content=\"summary_large_image\" \/>\n<meta name=\"twitter:label1\" content=\"\u00c9crit par\" \/>\n\t<meta name=\"twitter:data1\" content=\"Corina Cristea\" \/>\n\t<meta name=\"twitter:label2\" content=\"Dur\u00e9e de lecture estim\u00e9e\" \/>\n\t<meta name=\"twitter:data2\" content=\"3 minutes\" \/>\n\t<meta name=\"twitter:label3\" content=\"Written by\" \/>\n\t<meta name=\"twitter:data3\" content=\"Corina Cristea\" \/>\n<script type=\"application\/ld+json\" class=\"yoast-schema-graph\">{\"@context\":\"https:\\\/\\\/schema.org\",\"@graph\":[{\"@type\":\"Article\",\"@id\":\"https:\\\/\\\/www.rri.ro\\\/fr\\\/actualites\\\/les-dossiers-de-lactualite\\\/nouvelles-protestations-en-roumanie-id399559.html#article\",\"isPartOf\":{\"@id\":\"https:\\\/\\\/www.rri.ro\\\/fr\\\/actualites\\\/les-dossiers-de-lactualite\\\/nouvelles-protestations-en-roumanie-id399559.html\"},\"author\":{\"name\":\"Corina Cristea\",\"@id\":\"https:\\\/\\\/www.rri.ro\\\/#\\\/schema\\\/person\\\/f9ab1cb3569dee1b2c033a814bb7f0fc\"},\"headline\":\"Nouvelles protestations en Roumanie\",\"datePublished\":\"2017-11-06T12:46:00+00:00\",\"mainEntityOfPage\":{\"@id\":\"https:\\\/\\\/www.rri.ro\\\/fr\\\/actualites\\\/les-dossiers-de-lactualite\\\/nouvelles-protestations-en-roumanie-id399559.html\"},\"wordCount\":589,\"image\":{\"@id\":\"https:\\\/\\\/www.rri.ro\\\/fr\\\/actualites\\\/les-dossiers-de-lactualite\\\/nouvelles-protestations-en-roumanie-id399559.html#primaryimage\"},\"thumbnailUrl\":\"https:\\\/\\\/www.rri.ro\\\/wp-content\\\/uploads\\\/2023\\\/10\\\/proteste-nov-2017.png\",\"keywords\":[\"Bucarest\",\"justice\",\"protestations\"],\"articleSection\":[\"Les dossiers de l'actualit\u00e9\"],\"inLanguage\":\"fr-FR\"},{\"@type\":\"WebPage\",\"@id\":\"https:\\\/\\\/www.rri.ro\\\/fr\\\/actualites\\\/les-dossiers-de-lactualite\\\/nouvelles-protestations-en-roumanie-id399559.html\",\"url\":\"https:\\\/\\\/www.rri.ro\\\/fr\\\/actualites\\\/les-dossiers-de-lactualite\\\/nouvelles-protestations-en-roumanie-id399559.html\",\"name\":\"Nouvelles protestations en Roumanie - Radio Roumanie Internationale\",\"isPartOf\":{\"@id\":\"https:\\\/\\\/www.rri.ro\\\/#website\"},\"primaryImageOfPage\":{\"@id\":\"https:\\\/\\\/www.rri.ro\\\/fr\\\/actualites\\\/les-dossiers-de-lactualite\\\/nouvelles-protestations-en-roumanie-id399559.html#primaryimage\"},\"image\":{\"@id\":\"https:\\\/\\\/www.rri.ro\\\/fr\\\/actualites\\\/les-dossiers-de-lactualite\\\/nouvelles-protestations-en-roumanie-id399559.html#primaryimage\"},\"thumbnailUrl\":\"https:\\\/\\\/www.rri.ro\\\/wp-content\\\/uploads\\\/2023\\\/10\\\/proteste-nov-2017.png\",\"datePublished\":\"2017-11-06T12:46:00+00:00\",\"author\":{\"@id\":\"https:\\\/\\\/www.rri.ro\\\/#\\\/schema\\\/person\\\/f9ab1cb3569dee1b2c033a814bb7f0fc\"},\"breadcrumb\":{\"@id\":\"https:\\\/\\\/www.rri.ro\\\/fr\\\/actualites\\\/les-dossiers-de-lactualite\\\/nouvelles-protestations-en-roumanie-id399559.html#breadcrumb\"},\"inLanguage\":\"fr-FR\",\"potentialAction\":[{\"@type\":\"ReadAction\",\"target\":[\"https:\\\/\\\/www.rri.ro\\\/fr\\\/actualites\\\/les-dossiers-de-lactualite\\\/nouvelles-protestations-en-roumanie-id399559.html\"]}]},{\"@type\":\"ImageObject\",\"inLanguage\":\"fr-FR\",\"@id\":\"https:\\\/\\\/www.rri.ro\\\/fr\\\/actualites\\\/les-dossiers-de-lactualite\\\/nouvelles-protestations-en-roumanie-id399559.html#primaryimage\",\"url\":\"https:\\\/\\\/www.rri.ro\\\/wp-content\\\/uploads\\\/2023\\\/10\\\/proteste-nov-2017.png\",\"contentUrl\":\"https:\\\/\\\/www.rri.ro\\\/wp-content\\\/uploads\\\/2023\\\/10\\\/proteste-nov-2017.png\",\"width\":640,\"height\":480},{\"@type\":\"BreadcrumbList\",\"@id\":\"https:\\\/\\\/www.rri.ro\\\/fr\\\/actualites\\\/les-dossiers-de-lactualite\\\/nouvelles-protestations-en-roumanie-id399559.html#breadcrumb\",\"itemListElement\":[{\"@type\":\"ListItem\",\"position\":1,\"name\":\"Page d'accueil\",\"item\":\"https:\\\/\\\/www.rri.ro\\\/fr\"},{\"@type\":\"ListItem\",\"position\":2,\"name\":\"Actualit\u00e9s\",\"item\":\"https:\\\/\\\/www.rri.ro\\\/fr\\\/actualites\"},{\"@type\":\"ListItem\",\"position\":3,\"name\":\"Les dossiers de l'actualit\u00e9\",\"item\":\"https:\\\/\\\/www.rri.ro\\\/fr\\\/actualites\\\/les-dossiers-de-lactualite\"},{\"@type\":\"ListItem\",\"position\":4,\"name\":\"Nouvelles protestations en Roumanie\"}]},{\"@type\":\"WebSite\",\"@id\":\"https:\\\/\\\/www.rri.ro\\\/#website\",\"url\":\"https:\\\/\\\/www.rri.ro\\\/\",\"name\":\"Radio Roumanie Internationale\",\"description\":\"Totul despre Rom\u00e2nia \u015fi rom\u00e2ni, \u00een 13 limbi\\\/dialecte!\",\"inLanguage\":\"fr-FR\"},{\"@type\":\"Person\",\"@id\":\"https:\\\/\\\/www.rri.ro\\\/#\\\/schema\\\/person\\\/f9ab1cb3569dee1b2c033a814bb7f0fc\",\"name\":\"Corina Cristea\",\"url\":\"https:\\\/\\\/www.rri.ro\\\/fr\\\/author\\\/corina-cristea\"}]}<\/script>\n<!-- \/ Yoast SEO plugin. -->","yoast_head_json":{"title":"Nouvelles protestations en Roumanie - Radio Roumanie Internationale","robots":{"index":"index","follow":"follow","max-snippet":"max-snippet:-1","max-image-preview":"max-image-preview:large","max-video-preview":"max-video-preview:-1"},"canonical":"https:\/\/www.rri.ro\/fr\/actualites\/les-dossiers-de-lactualite\/nouvelles-protestations-en-roumanie-id399559.html","og_locale":"fr_FR","og_type":"article","og_title":"Nouvelles protestations en Roumanie - Radio Roumanie Internationale","og_description":"La majorit\u00e9 PSD-ALDE au pouvoir en Roumanie souhaite instituer un seuil aussi \u00e9lev\u00e9 que possible du pr\u00e9judice engendr\u00e9, alors que les opposants consid\u00e8rent cela une tentative du pouvoir de sauver ses membres accus\u00e9s d&rsquo;abus de fonctions, \u00e0 commencer par l&rsquo;homme fort de la coalition, le leader social-d\u00e9mocrate Liviu Dragnea. M\u00e9contents aussi d&rsquo;autres projets de lois, [&hellip;]","og_url":"https:\/\/www.rri.ro\/fr\/actualites\/les-dossiers-de-lactualite\/nouvelles-protestations-en-roumanie-id399559.html","og_site_name":"Radio Roumanie Internationale","article_published_time":"2017-11-06T12:46:00+00:00","og_image":[{"width":640,"height":480,"url":"https:\/\/www.rri.ro\/wp-content\/uploads\/2023\/10\/proteste-nov-2017.png","type":"image\/png"}],"author":"Corina Cristea","twitter_card":"summary_large_image","twitter_misc":{"\u00c9crit par":"Corina Cristea","Dur\u00e9e de lecture estim\u00e9e":"3 minutes","Written by":"Corina Cristea"},"schema":{"@context":"https:\/\/schema.org","@graph":[{"@type":"Article","@id":"https:\/\/www.rri.ro\/fr\/actualites\/les-dossiers-de-lactualite\/nouvelles-protestations-en-roumanie-id399559.html#article","isPartOf":{"@id":"https:\/\/www.rri.ro\/fr\/actualites\/les-dossiers-de-lactualite\/nouvelles-protestations-en-roumanie-id399559.html"},"author":{"name":"Corina Cristea","@id":"https:\/\/www.rri.ro\/#\/schema\/person\/f9ab1cb3569dee1b2c033a814bb7f0fc"},"headline":"Nouvelles protestations en Roumanie","datePublished":"2017-11-06T12:46:00+00:00","mainEntityOfPage":{"@id":"https:\/\/www.rri.ro\/fr\/actualites\/les-dossiers-de-lactualite\/nouvelles-protestations-en-roumanie-id399559.html"},"wordCount":589,"image":{"@id":"https:\/\/www.rri.ro\/fr\/actualites\/les-dossiers-de-lactualite\/nouvelles-protestations-en-roumanie-id399559.html#primaryimage"},"thumbnailUrl":"https:\/\/www.rri.ro\/wp-content\/uploads\/2023\/10\/proteste-nov-2017.png","keywords":["Bucarest","justice","protestations"],"articleSection":["Les dossiers de l'actualit\u00e9"],"inLanguage":"fr-FR"},{"@type":"WebPage","@id":"https:\/\/www.rri.ro\/fr\/actualites\/les-dossiers-de-lactualite\/nouvelles-protestations-en-roumanie-id399559.html","url":"https:\/\/www.rri.ro\/fr\/actualites\/les-dossiers-de-lactualite\/nouvelles-protestations-en-roumanie-id399559.html","name":"Nouvelles protestations en Roumanie - Radio Roumanie Internationale","isPartOf":{"@id":"https:\/\/www.rri.ro\/#website"},"primaryImageOfPage":{"@id":"https:\/\/www.rri.ro\/fr\/actualites\/les-dossiers-de-lactualite\/nouvelles-protestations-en-roumanie-id399559.html#primaryimage"},"image":{"@id":"https:\/\/www.rri.ro\/fr\/actualites\/les-dossiers-de-lactualite\/nouvelles-protestations-en-roumanie-id399559.html#primaryimage"},"thumbnailUrl":"https:\/\/www.rri.ro\/wp-content\/uploads\/2023\/10\/proteste-nov-2017.png","datePublished":"2017-11-06T12:46:00+00:00","author":{"@id":"https:\/\/www.rri.ro\/#\/schema\/person\/f9ab1cb3569dee1b2c033a814bb7f0fc"},"breadcrumb":{"@id":"https:\/\/www.rri.ro\/fr\/actualites\/les-dossiers-de-lactualite\/nouvelles-protestations-en-roumanie-id399559.html#breadcrumb"},"inLanguage":"fr-FR","potentialAction":[{"@type":"ReadAction","target":["https:\/\/www.rri.ro\/fr\/actualites\/les-dossiers-de-lactualite\/nouvelles-protestations-en-roumanie-id399559.html"]}]},{"@type":"ImageObject","inLanguage":"fr-FR","@id":"https:\/\/www.rri.ro\/fr\/actualites\/les-dossiers-de-lactualite\/nouvelles-protestations-en-roumanie-id399559.html#primaryimage","url":"https:\/\/www.rri.ro\/wp-content\/uploads\/2023\/10\/proteste-nov-2017.png","contentUrl":"https:\/\/www.rri.ro\/wp-content\/uploads\/2023\/10\/proteste-nov-2017.png","width":640,"height":480},{"@type":"BreadcrumbList","@id":"https:\/\/www.rri.ro\/fr\/actualites\/les-dossiers-de-lactualite\/nouvelles-protestations-en-roumanie-id399559.html#breadcrumb","itemListElement":[{"@type":"ListItem","position":1,"name":"Page d'accueil","item":"https:\/\/www.rri.ro\/fr"},{"@type":"ListItem","position":2,"name":"Actualit\u00e9s","item":"https:\/\/www.rri.ro\/fr\/actualites"},{"@type":"ListItem","position":3,"name":"Les dossiers de l'actualit\u00e9","item":"https:\/\/www.rri.ro\/fr\/actualites\/les-dossiers-de-lactualite"},{"@type":"ListItem","position":4,"name":"Nouvelles protestations en Roumanie"}]},{"@type":"WebSite","@id":"https:\/\/www.rri.ro\/#website","url":"https:\/\/www.rri.ro\/","name":"Radio Roumanie Internationale","description":"Totul despre Rom\u00e2nia \u015fi rom\u00e2ni, \u00een 13 limbi\/dialecte!","inLanguage":"fr-FR"},{"@type":"Person","@id":"https:\/\/www.rri.ro\/#\/schema\/person\/f9ab1cb3569dee1b2c033a814bb7f0fc","name":"Corina Cristea","url":"https:\/\/www.rri.ro\/fr\/author\/corina-cristea"}]}},"_links":{"self":[{"href":"https:\/\/www.rri.ro\/fr\/wp-json\/wp\/v2\/posts\/399559","targetHints":{"allow":["GET"]}}],"collection":[{"href":"https:\/\/www.rri.ro\/fr\/wp-json\/wp\/v2\/posts"}],"about":[{"href":"https:\/\/www.rri.ro\/fr\/wp-json\/wp\/v2\/types\/post"}],"author":[{"embeddable":true,"href":"https:\/\/www.rri.ro\/fr\/wp-json\/wp\/v2\/users\/108"}],"replies":[{"embeddable":true,"href":"https:\/\/www.rri.ro\/fr\/wp-json\/wp\/v2\/comments?post=399559"}],"version-history":[{"count":0,"href":"https:\/\/www.rri.ro\/fr\/wp-json\/wp\/v2\/posts\/399559\/revisions"}],"wp:featuredmedia":[{"embeddable":true,"href":"https:\/\/www.rri.ro\/fr\/wp-json\/wp\/v2\/media\/75396"}],"wp:attachment":[{"href":"https:\/\/www.rri.ro\/fr\/wp-json\/wp\/v2\/media?parent=399559"}],"wp:term":[{"taxonomy":"category","embeddable":true,"href":"https:\/\/www.rri.ro\/fr\/wp-json\/wp\/v2\/categories?post=399559"},{"taxonomy":"post_tag","embeddable":true,"href":"https:\/\/www.rri.ro\/fr\/wp-json\/wp\/v2\/tags?post=399559"},{"taxonomy":"author","embeddable":true,"href":"https:\/\/www.rri.ro\/fr\/wp-json\/wp\/v2\/coauthors?post=399559"}],"curies":[{"name":"wp","href":"https:\/\/api.w.org\/{rel}","templated":true}]}}