{"id":399707,"date":"2018-04-19T12:48:00","date_gmt":"2018-04-19T09:48:00","guid":{"rendered":"http:\/\/devrri.freshlemon.ro\/le-roumain-mot-a-mot\/consulter-les-lecons\/le-gouvernement-roumain-envisage-de-saisir-la-cour-constitutionnelle-id399707.html"},"modified":"2018-04-19T12:48:00","modified_gmt":"2018-04-19T09:48:00","slug":"le-gouvernement-roumain-envisage-de-saisir-la-cour-constitutionnelle","status":"publish","type":"post","link":"https:\/\/www.rri.ro\/fr\/actualites\/les-dossiers-de-lactualite\/le-gouvernement-roumain-envisage-de-saisir-la-cour-constitutionnelle-id399707.html","title":{"rendered":"Le gouvernement roumain envisage de saisir la Cour constitutionnelle"},"content":{"rendered":"<\/p>\n<p>Le ministre de la Justice, Tudorel Toader, ne s&rsquo;est pas r\u00e9sign\u00e9 \u00e0 accepter le refus du pr\u00e9sident Klaus Iohannis de r\u00e9voquer de ses fonctions la cheffe des procureurs anti-corruption, Laura Codru\u0163a Kovesi. Aussi a-t-il fait savoir avoir finalis\u00e9 une premi\u00e8re variante de la saisine de la Cour constitutionnelle \u00e0 ce sujet. Selon lui, son recours \u00e0 la Cour constitutionnelle jouit du soutien politique de Liviu Dragnea, leader du Parti social-d\u00e9mocrates, principal parti au sein de la coalition au pouvoir, ainsi que de la premi\u00e8re ministre, Viorica D\u0103ncil\u0103. <em class=cms-italic>J&rsquo;ai pr\u00e9sent\u00e9 \u00e0 Mme le premier ministre les principaux \u00e9l\u00e9ments susceptibles de se retrouver dans la saisine de Cour constitutionnelle. J&rsquo;envisage de la finaliser dans les jours qui viennent, en valorisant aussi le document \u00e9manant du pr\u00e9sident.  Lundi, j&rsquo;aurai un nouvel entretien avec Mme le premier ministre. Le m\u00eame jour, nous allons saisir la Cour constitutionnelle.<\/em>      <\/p>\n<p><\/p>\n<p>       Le ministre de la Justice soutient que le pr\u00e9sident a pr\u00e9jug\u00e9 la question de la destitution de Laura Codru\u0163a Kovesi et que sa d\u00e9cision ne repose pas sur des arguments de nature juridique ou manag\u00e9riale. D&rsquo;o\u00f9 sa conclusion qu&rsquo;il s&rsquo;agit d&rsquo;un geste essentiellement politique. Pour sa part, le chef de l&rsquo;Etat estime avoir agi en toute l\u00e9galit\u00e9 dans sa prise de d\u00e9cision. Klaus Iohannis: <em class=cms-italic>A mon avis, il n&rsquo;y a aucun conflit, aucune raison qui puissent justifier la saisine de la Cour constitutionnelle. Tout au long de cette proc\u00e9dure lanc\u00e9e par le ministre, qui a comport\u00e9 la demande de r\u00e9vocation, l&rsquo;avis du Conseil de la magistrature et finalement ma d\u00e9cision, la l\u00e9gislation en vigueur a \u00e9t\u00e9 enti\u00e8rement respect\u00e9e. Tout le monde sait que la loi laisse toute latitude au pr\u00e9sident d&rsquo;accepter ou de rejeter la proposition de r\u00e9vocation<\/em>.     <\/p>\n<p><\/p>\n<p>      Selon Augustin Zegrean, ancien pr\u00e9sident de la Cour constitutionnelle de Roumanie, l&rsquo;avis n\u00e9gatif donn\u00e9 par le Conseil sup\u00e9rieur de la magistrature \u00e0 la proposition avanc\u00e9e par le ministre de la Justice et invoqu\u00e9 par le chef de l&rsquo;Etat est un argument suffisant en faveur de Klaus Iohannis. Augustin Zegrean opine que la d\u00e9cision a \u00e9t\u00e9 correcte, car, selon la proc\u00e9dure, le ministre propose, le Conseil sup\u00e9rieur de la magistrature donne son avis et \u00e0 la fin c&rsquo;est au pr\u00e9sident du pays d&rsquo;en d\u00e9cider. Le pr\u00e9sident n&rsquo;avait pas le choix, apr\u00e8s l&rsquo;avis n\u00e9gatif unanime exprim\u00e9 par les membres du Conseil sup\u00e9rieur de la magistrature, qui est le garant de l&rsquo;ind\u00e9pendance de la justice, a pr\u00e9cis\u00e9 Augustin Zegrean. La question de la r\u00e9vocation a \u00e9t\u00e9 tranch\u00e9e au moment o\u00f9 le pr\u00e9sident a prononc\u00e9 le verdict, a-t-il conclu.<\/p>\n<p><\/p>\n<p> Rappelons que la proposition de r\u00e9vocation a \u00e9t\u00e9 accompagn\u00e9e d&rsquo;un rapport au moyen duquel le ministre de la Justice Tudorel Toader a voulu d\u00e9monter que Laura Codru\u0163a Kovesi avait exc\u00e9d\u00e9 ses pouvoirs. Consid\u00e9r\u00e9 par les repr\u00e9sentants de la coalition au pouvoir comme solide et bien document\u00e9, ce rapport a \u00e9t\u00e9 critiqu\u00e9 par l&rsquo;opposition, qui le trouve partial et sans consistance. Le pr\u00e9sident Klaus Iohannis, partage l&rsquo;opinion de l&rsquo;opposition, qui s&rsquo;est d&rsquo;ailleurs retrouv\u00e9e parmi les arguments avanc\u00e9s lors de sa prise de d\u00e9cision, aux c\u00f4t\u00e9s de l&rsquo;avis consultatif, mais obligatoire, du Conseil sup\u00e9rieur de la magistrature. <\/p>\n","protected":false},"excerpt":{"rendered":"<p>Le ministre de la Justice, Tudorel Toader, ne s&rsquo;est pas r\u00e9sign\u00e9 \u00e0 accepter le refus du pr\u00e9sident Klaus Iohannis de r\u00e9voquer de ses fonctions la cheffe des procureurs anti-corruption, Laura Codru\u0163a Kovesi. Aussi a-t-il fait savoir avoir finalis\u00e9 une premi\u00e8re variante de la saisine de la Cour constitutionnelle \u00e0 ce sujet. Selon lui, son recours [&hellip;]<\/p>\n","protected":false},"author":110,"featured_media":43110,"comment_status":"closed","ping_status":"closed","sticky":false,"template":"","format":"standard","meta":{"_acf_changed":false,"footnotes":""},"categories":[93377],"tags":[91226,89778,30064,29871,28945,29799,91008,31676],"coauthors":[],"class_list":["post-399707","post","type-post","status-publish","format-standard","has-post-thumbnail","hentry","category-les-dossiers-de-lactualite","tag-avis","tag-conseil-superieur-de-la-magistrature","tag-dna","tag-justice","tag-klaus-iohannis","tag-laura-codruta-kovesi","tag-revocation","tag-tudorel-toader"],"acf":[],"yoast_head":"<!-- This site is optimized with the Yoast SEO plugin v27.5 - https:\/\/yoast.com\/product\/yoast-seo-wordpress\/ -->\n<title>Le gouvernement roumain envisage de saisir la Cour constitutionnelle - Radio Roumanie Internationale<\/title>\n<meta name=\"robots\" content=\"index, follow, max-snippet:-1, max-image-preview:large, max-video-preview:-1\" \/>\n<link rel=\"canonical\" href=\"https:\/\/www.rri.ro\/fr\/actualites\/les-dossiers-de-lactualite\/le-gouvernement-roumain-envisage-de-saisir-la-cour-constitutionnelle-id399707.html\" \/>\n<meta property=\"og:locale\" content=\"fr_FR\" \/>\n<meta property=\"og:type\" content=\"article\" \/>\n<meta property=\"og:title\" content=\"Le gouvernement roumain envisage de saisir la Cour constitutionnelle - Radio Roumanie Internationale\" \/>\n<meta property=\"og:description\" content=\"Le ministre de la Justice, Tudorel Toader, ne s&rsquo;est pas r\u00e9sign\u00e9 \u00e0 accepter le refus du pr\u00e9sident Klaus Iohannis de r\u00e9voquer de ses fonctions la cheffe des procureurs anti-corruption, Laura Codru\u0163a Kovesi. Aussi a-t-il fait savoir avoir finalis\u00e9 une premi\u00e8re variante de la saisine de la Cour constitutionnelle \u00e0 ce sujet. Selon lui, son recours [&hellip;]\" \/>\n<meta property=\"og:url\" content=\"https:\/\/www.rri.ro\/fr\/actualites\/les-dossiers-de-lactualite\/le-gouvernement-roumain-envisage-de-saisir-la-cour-constitutionnelle-id399707.html\" \/>\n<meta property=\"og:site_name\" content=\"Radio Roumanie Internationale\" \/>\n<meta property=\"article:published_time\" content=\"2018-04-19T09:48:00+00:00\" \/>\n<meta property=\"og:image\" content=\"https:\/\/www.rri.ro\/wp-content\/uploads\/2023\/10\/Curtea-Constitutionala.jpg\" \/>\n\t<meta property=\"og:image:width\" content=\"450\" \/>\n\t<meta property=\"og:image:height\" content=\"337\" \/>\n\t<meta property=\"og:image:type\" content=\"image\/jpeg\" \/>\n<meta name=\"author\" content=\"\u015etefan Stoica\" \/>\n<meta name=\"twitter:card\" content=\"summary_large_image\" \/>\n<meta name=\"twitter:label1\" content=\"\u00c9crit par\" \/>\n\t<meta name=\"twitter:data1\" content=\"\u015etefan Stoica\" \/>\n\t<meta name=\"twitter:label2\" content=\"Dur\u00e9e de lecture estim\u00e9e\" \/>\n\t<meta name=\"twitter:data2\" content=\"3 minutes\" \/>\n\t<meta name=\"twitter:label3\" content=\"Written by\" \/>\n\t<meta name=\"twitter:data3\" content=\"\u015etefan Stoica\" \/>\n<script type=\"application\/ld+json\" class=\"yoast-schema-graph\">{\"@context\":\"https:\\\/\\\/schema.org\",\"@graph\":[{\"@type\":\"Article\",\"@id\":\"https:\\\/\\\/www.rri.ro\\\/fr\\\/actualites\\\/les-dossiers-de-lactualite\\\/le-gouvernement-roumain-envisage-de-saisir-la-cour-constitutionnelle-id399707.html#article\",\"isPartOf\":{\"@id\":\"https:\\\/\\\/www.rri.ro\\\/fr\\\/actualites\\\/les-dossiers-de-lactualite\\\/le-gouvernement-roumain-envisage-de-saisir-la-cour-constitutionnelle-id399707.html\"},\"author\":{\"name\":\"\u015etefan Stoica\",\"@id\":\"https:\\\/\\\/www.rri.ro\\\/#\\\/schema\\\/person\\\/2d81d5dc94d44190d13245f64551d334\"},\"headline\":\"Le gouvernement roumain envisage de saisir la Cour constitutionnelle\",\"datePublished\":\"2018-04-19T09:48:00+00:00\",\"mainEntityOfPage\":{\"@id\":\"https:\\\/\\\/www.rri.ro\\\/fr\\\/actualites\\\/les-dossiers-de-lactualite\\\/le-gouvernement-roumain-envisage-de-saisir-la-cour-constitutionnelle-id399707.html\"},\"wordCount\":600,\"image\":{\"@id\":\"https:\\\/\\\/www.rri.ro\\\/fr\\\/actualites\\\/les-dossiers-de-lactualite\\\/le-gouvernement-roumain-envisage-de-saisir-la-cour-constitutionnelle-id399707.html#primaryimage\"},\"thumbnailUrl\":\"https:\\\/\\\/www.rri.ro\\\/wp-content\\\/uploads\\\/2023\\\/10\\\/Curtea-Constitutionala.jpg\",\"keywords\":[\"avis\",\"Conseil sup\u00e9rieur de la magistrature\",\"DNA\",\"justice\",\"Klaus Iohannis\",\"Laura Codruta Kovesi\",\"r\u00e9vocation\",\"Tudorel Toader\"],\"articleSection\":[\"Les dossiers de l'actualit\u00e9\"],\"inLanguage\":\"fr-FR\"},{\"@type\":\"WebPage\",\"@id\":\"https:\\\/\\\/www.rri.ro\\\/fr\\\/actualites\\\/les-dossiers-de-lactualite\\\/le-gouvernement-roumain-envisage-de-saisir-la-cour-constitutionnelle-id399707.html\",\"url\":\"https:\\\/\\\/www.rri.ro\\\/fr\\\/actualites\\\/les-dossiers-de-lactualite\\\/le-gouvernement-roumain-envisage-de-saisir-la-cour-constitutionnelle-id399707.html\",\"name\":\"Le gouvernement roumain envisage de saisir la Cour constitutionnelle - Radio Roumanie Internationale\",\"isPartOf\":{\"@id\":\"https:\\\/\\\/www.rri.ro\\\/#website\"},\"primaryImageOfPage\":{\"@id\":\"https:\\\/\\\/www.rri.ro\\\/fr\\\/actualites\\\/les-dossiers-de-lactualite\\\/le-gouvernement-roumain-envisage-de-saisir-la-cour-constitutionnelle-id399707.html#primaryimage\"},\"image\":{\"@id\":\"https:\\\/\\\/www.rri.ro\\\/fr\\\/actualites\\\/les-dossiers-de-lactualite\\\/le-gouvernement-roumain-envisage-de-saisir-la-cour-constitutionnelle-id399707.html#primaryimage\"},\"thumbnailUrl\":\"https:\\\/\\\/www.rri.ro\\\/wp-content\\\/uploads\\\/2023\\\/10\\\/Curtea-Constitutionala.jpg\",\"datePublished\":\"2018-04-19T09:48:00+00:00\",\"author\":{\"@id\":\"https:\\\/\\\/www.rri.ro\\\/#\\\/schema\\\/person\\\/2d81d5dc94d44190d13245f64551d334\"},\"breadcrumb\":{\"@id\":\"https:\\\/\\\/www.rri.ro\\\/fr\\\/actualites\\\/les-dossiers-de-lactualite\\\/le-gouvernement-roumain-envisage-de-saisir-la-cour-constitutionnelle-id399707.html#breadcrumb\"},\"inLanguage\":\"fr-FR\",\"potentialAction\":[{\"@type\":\"ReadAction\",\"target\":[\"https:\\\/\\\/www.rri.ro\\\/fr\\\/actualites\\\/les-dossiers-de-lactualite\\\/le-gouvernement-roumain-envisage-de-saisir-la-cour-constitutionnelle-id399707.html\"]}]},{\"@type\":\"ImageObject\",\"inLanguage\":\"fr-FR\",\"@id\":\"https:\\\/\\\/www.rri.ro\\\/fr\\\/actualites\\\/les-dossiers-de-lactualite\\\/le-gouvernement-roumain-envisage-de-saisir-la-cour-constitutionnelle-id399707.html#primaryimage\",\"url\":\"https:\\\/\\\/www.rri.ro\\\/wp-content\\\/uploads\\\/2023\\\/10\\\/Curtea-Constitutionala.jpg\",\"contentUrl\":\"https:\\\/\\\/www.rri.ro\\\/wp-content\\\/uploads\\\/2023\\\/10\\\/Curtea-Constitutionala.jpg\",\"width\":450,\"height\":337},{\"@type\":\"BreadcrumbList\",\"@id\":\"https:\\\/\\\/www.rri.ro\\\/fr\\\/actualites\\\/les-dossiers-de-lactualite\\\/le-gouvernement-roumain-envisage-de-saisir-la-cour-constitutionnelle-id399707.html#breadcrumb\",\"itemListElement\":[{\"@type\":\"ListItem\",\"position\":1,\"name\":\"Page d'accueil\",\"item\":\"https:\\\/\\\/www.rri.ro\\\/fr\"},{\"@type\":\"ListItem\",\"position\":2,\"name\":\"Actualit\u00e9s\",\"item\":\"https:\\\/\\\/www.rri.ro\\\/fr\\\/actualites\"},{\"@type\":\"ListItem\",\"position\":3,\"name\":\"Les dossiers de l'actualit\u00e9\",\"item\":\"https:\\\/\\\/www.rri.ro\\\/fr\\\/actualites\\\/les-dossiers-de-lactualite\"},{\"@type\":\"ListItem\",\"position\":4,\"name\":\"Le gouvernement roumain envisage de saisir la Cour constitutionnelle\"}]},{\"@type\":\"WebSite\",\"@id\":\"https:\\\/\\\/www.rri.ro\\\/#website\",\"url\":\"https:\\\/\\\/www.rri.ro\\\/\",\"name\":\"Radio Roumanie Internationale\",\"description\":\"Totul despre Rom\u00e2nia \u015fi rom\u00e2ni, \u00een 13 limbi\\\/dialecte!\",\"inLanguage\":\"fr-FR\"},{\"@type\":\"Person\",\"@id\":\"https:\\\/\\\/www.rri.ro\\\/#\\\/schema\\\/person\\\/2d81d5dc94d44190d13245f64551d334\",\"name\":\"\u015etefan Stoica\",\"url\":\"https:\\\/\\\/www.rri.ro\\\/fr\\\/author\\\/stefan-stoica\"}]}<\/script>\n<!-- \/ Yoast SEO plugin. -->","yoast_head_json":{"title":"Le gouvernement roumain envisage de saisir la Cour constitutionnelle - Radio Roumanie Internationale","robots":{"index":"index","follow":"follow","max-snippet":"max-snippet:-1","max-image-preview":"max-image-preview:large","max-video-preview":"max-video-preview:-1"},"canonical":"https:\/\/www.rri.ro\/fr\/actualites\/les-dossiers-de-lactualite\/le-gouvernement-roumain-envisage-de-saisir-la-cour-constitutionnelle-id399707.html","og_locale":"fr_FR","og_type":"article","og_title":"Le gouvernement roumain envisage de saisir la Cour constitutionnelle - Radio Roumanie Internationale","og_description":"Le ministre de la Justice, Tudorel Toader, ne s&rsquo;est pas r\u00e9sign\u00e9 \u00e0 accepter le refus du pr\u00e9sident Klaus Iohannis de r\u00e9voquer de ses fonctions la cheffe des procureurs anti-corruption, Laura Codru\u0163a Kovesi. Aussi a-t-il fait savoir avoir finalis\u00e9 une premi\u00e8re variante de la saisine de la Cour constitutionnelle \u00e0 ce sujet. Selon lui, son recours [&hellip;]","og_url":"https:\/\/www.rri.ro\/fr\/actualites\/les-dossiers-de-lactualite\/le-gouvernement-roumain-envisage-de-saisir-la-cour-constitutionnelle-id399707.html","og_site_name":"Radio Roumanie Internationale","article_published_time":"2018-04-19T09:48:00+00:00","og_image":[{"width":450,"height":337,"url":"https:\/\/www.rri.ro\/wp-content\/uploads\/2023\/10\/Curtea-Constitutionala.jpg","type":"image\/jpeg"}],"author":"\u015etefan Stoica","twitter_card":"summary_large_image","twitter_misc":{"\u00c9crit par":"\u015etefan Stoica","Dur\u00e9e de lecture estim\u00e9e":"3 minutes","Written by":"\u015etefan Stoica"},"schema":{"@context":"https:\/\/schema.org","@graph":[{"@type":"Article","@id":"https:\/\/www.rri.ro\/fr\/actualites\/les-dossiers-de-lactualite\/le-gouvernement-roumain-envisage-de-saisir-la-cour-constitutionnelle-id399707.html#article","isPartOf":{"@id":"https:\/\/www.rri.ro\/fr\/actualites\/les-dossiers-de-lactualite\/le-gouvernement-roumain-envisage-de-saisir-la-cour-constitutionnelle-id399707.html"},"author":{"name":"\u015etefan Stoica","@id":"https:\/\/www.rri.ro\/#\/schema\/person\/2d81d5dc94d44190d13245f64551d334"},"headline":"Le gouvernement roumain envisage de saisir la Cour constitutionnelle","datePublished":"2018-04-19T09:48:00+00:00","mainEntityOfPage":{"@id":"https:\/\/www.rri.ro\/fr\/actualites\/les-dossiers-de-lactualite\/le-gouvernement-roumain-envisage-de-saisir-la-cour-constitutionnelle-id399707.html"},"wordCount":600,"image":{"@id":"https:\/\/www.rri.ro\/fr\/actualites\/les-dossiers-de-lactualite\/le-gouvernement-roumain-envisage-de-saisir-la-cour-constitutionnelle-id399707.html#primaryimage"},"thumbnailUrl":"https:\/\/www.rri.ro\/wp-content\/uploads\/2023\/10\/Curtea-Constitutionala.jpg","keywords":["avis","Conseil sup\u00e9rieur de la magistrature","DNA","justice","Klaus Iohannis","Laura Codruta Kovesi","r\u00e9vocation","Tudorel Toader"],"articleSection":["Les dossiers de l'actualit\u00e9"],"inLanguage":"fr-FR"},{"@type":"WebPage","@id":"https:\/\/www.rri.ro\/fr\/actualites\/les-dossiers-de-lactualite\/le-gouvernement-roumain-envisage-de-saisir-la-cour-constitutionnelle-id399707.html","url":"https:\/\/www.rri.ro\/fr\/actualites\/les-dossiers-de-lactualite\/le-gouvernement-roumain-envisage-de-saisir-la-cour-constitutionnelle-id399707.html","name":"Le gouvernement roumain envisage de saisir la Cour constitutionnelle - Radio Roumanie Internationale","isPartOf":{"@id":"https:\/\/www.rri.ro\/#website"},"primaryImageOfPage":{"@id":"https:\/\/www.rri.ro\/fr\/actualites\/les-dossiers-de-lactualite\/le-gouvernement-roumain-envisage-de-saisir-la-cour-constitutionnelle-id399707.html#primaryimage"},"image":{"@id":"https:\/\/www.rri.ro\/fr\/actualites\/les-dossiers-de-lactualite\/le-gouvernement-roumain-envisage-de-saisir-la-cour-constitutionnelle-id399707.html#primaryimage"},"thumbnailUrl":"https:\/\/www.rri.ro\/wp-content\/uploads\/2023\/10\/Curtea-Constitutionala.jpg","datePublished":"2018-04-19T09:48:00+00:00","author":{"@id":"https:\/\/www.rri.ro\/#\/schema\/person\/2d81d5dc94d44190d13245f64551d334"},"breadcrumb":{"@id":"https:\/\/www.rri.ro\/fr\/actualites\/les-dossiers-de-lactualite\/le-gouvernement-roumain-envisage-de-saisir-la-cour-constitutionnelle-id399707.html#breadcrumb"},"inLanguage":"fr-FR","potentialAction":[{"@type":"ReadAction","target":["https:\/\/www.rri.ro\/fr\/actualites\/les-dossiers-de-lactualite\/le-gouvernement-roumain-envisage-de-saisir-la-cour-constitutionnelle-id399707.html"]}]},{"@type":"ImageObject","inLanguage":"fr-FR","@id":"https:\/\/www.rri.ro\/fr\/actualites\/les-dossiers-de-lactualite\/le-gouvernement-roumain-envisage-de-saisir-la-cour-constitutionnelle-id399707.html#primaryimage","url":"https:\/\/www.rri.ro\/wp-content\/uploads\/2023\/10\/Curtea-Constitutionala.jpg","contentUrl":"https:\/\/www.rri.ro\/wp-content\/uploads\/2023\/10\/Curtea-Constitutionala.jpg","width":450,"height":337},{"@type":"BreadcrumbList","@id":"https:\/\/www.rri.ro\/fr\/actualites\/les-dossiers-de-lactualite\/le-gouvernement-roumain-envisage-de-saisir-la-cour-constitutionnelle-id399707.html#breadcrumb","itemListElement":[{"@type":"ListItem","position":1,"name":"Page d'accueil","item":"https:\/\/www.rri.ro\/fr"},{"@type":"ListItem","position":2,"name":"Actualit\u00e9s","item":"https:\/\/www.rri.ro\/fr\/actualites"},{"@type":"ListItem","position":3,"name":"Les dossiers de l'actualit\u00e9","item":"https:\/\/www.rri.ro\/fr\/actualites\/les-dossiers-de-lactualite"},{"@type":"ListItem","position":4,"name":"Le gouvernement roumain envisage de saisir la Cour constitutionnelle"}]},{"@type":"WebSite","@id":"https:\/\/www.rri.ro\/#website","url":"https:\/\/www.rri.ro\/","name":"Radio Roumanie Internationale","description":"Totul despre Rom\u00e2nia \u015fi rom\u00e2ni, \u00een 13 limbi\/dialecte!","inLanguage":"fr-FR"},{"@type":"Person","@id":"https:\/\/www.rri.ro\/#\/schema\/person\/2d81d5dc94d44190d13245f64551d334","name":"\u015etefan Stoica","url":"https:\/\/www.rri.ro\/fr\/author\/stefan-stoica"}]}},"_links":{"self":[{"href":"https:\/\/www.rri.ro\/fr\/wp-json\/wp\/v2\/posts\/399707","targetHints":{"allow":["GET"]}}],"collection":[{"href":"https:\/\/www.rri.ro\/fr\/wp-json\/wp\/v2\/posts"}],"about":[{"href":"https:\/\/www.rri.ro\/fr\/wp-json\/wp\/v2\/types\/post"}],"author":[{"embeddable":true,"href":"https:\/\/www.rri.ro\/fr\/wp-json\/wp\/v2\/users\/110"}],"replies":[{"embeddable":true,"href":"https:\/\/www.rri.ro\/fr\/wp-json\/wp\/v2\/comments?post=399707"}],"version-history":[{"count":0,"href":"https:\/\/www.rri.ro\/fr\/wp-json\/wp\/v2\/posts\/399707\/revisions"}],"wp:featuredmedia":[{"embeddable":true,"href":"https:\/\/www.rri.ro\/fr\/wp-json\/wp\/v2\/media\/43110"}],"wp:attachment":[{"href":"https:\/\/www.rri.ro\/fr\/wp-json\/wp\/v2\/media?parent=399707"}],"wp:term":[{"taxonomy":"category","embeddable":true,"href":"https:\/\/www.rri.ro\/fr\/wp-json\/wp\/v2\/categories?post=399707"},{"taxonomy":"post_tag","embeddable":true,"href":"https:\/\/www.rri.ro\/fr\/wp-json\/wp\/v2\/tags?post=399707"},{"taxonomy":"author","embeddable":true,"href":"https:\/\/www.rri.ro\/fr\/wp-json\/wp\/v2\/coauthors?post=399707"}],"curies":[{"name":"wp","href":"https:\/\/api.w.org\/{rel}","templated":true}]}}