{"id":399756,"date":"2018-06-12T14:00:00","date_gmt":"2018-06-12T11:00:00","guid":{"rendered":"http:\/\/devrri.freshlemon.ro\/le-roumain-mot-a-mot\/consulter-les-lecons\/priorites-de-politique-etrangere-de-la-roumanie-id399756.html"},"modified":"2018-06-12T14:00:00","modified_gmt":"2018-06-12T11:00:00","slug":"priorites-de-politique-etrangere-de-la-roumanie","status":"publish","type":"post","link":"https:\/\/www.rri.ro\/fr\/actualites\/les-dossiers-de-lactualite\/priorites-de-politique-etrangere-de-la-roumanie-id399756.html","title":{"rendered":"Priorit\u00e9s de politique \u00e9trang\u00e8re de la Roumanie"},"content":{"rendered":"<p><p>L&rsquo;objectif fondamental de la diplomatie roumaine consiste&#13;<br \/>\n\u00e0 maintenir sa ligne traditionnelle en mati\u00e8re de politique \u00e9trang\u00e8re, a&#13;<br \/>\naffirm\u00e9 lundi le chef du minist\u00e8re de tutelle, Teodor Mele\u015fcanu. Il a \u00e9t\u00e9&#13;<br \/>\ninvit\u00e9 au Parlement, \u00e0 un d\u00e9bat sur des probl\u00e8mes d&rsquo;actualit\u00e9 de politique&#13;<br \/>\n\u00e9trang\u00e8re. L&rsquo;invitation est survenue sur la toile de fond des discussions&#13;<br \/>\nconcernant la relocalisation de l&rsquo;ambassade de Roumanie en Isra\u00ebl. <\/p>\n<p><\/p>\n<p>En avril dernier, Liviu Dragnea, pr\u00e9sident du Parti&#13;<br \/>\nsocial-d\u00e9mocrate, principale formation politique de la coalition au pouvoir, avait&#13;<br \/>\nannonc\u00e9 l&rsquo;adoption par le gouvernement d&rsquo;un m\u00e9morandum d\u00e9cidant le lancement&#13;<br \/>\ndes proc\u00e9dures en vue du transfert effectif de l&rsquo;ambassade roumaine de Tel Aviv&#13;<br \/>\n\u00e0 J\u00e9rusalem. L&rsquo;intention de l&rsquo;Ex\u00e9cutif de Bucarest a suscit\u00e9 une vive dispute&#13;<br \/>\nentre d&rsquo;une part la coalition gouvernementale form\u00e9e par les sociaux -&#13;<br \/>\nd\u00e9mocrates et par l&rsquo;Alliance des d\u00e9mocrates et des lib\u00e9raux et de l&rsquo;autre le&#13;<br \/>\npr\u00e9sident Klaus Iohannis, soutenu par&#13;<br \/>\nl&rsquo;opposition lib\u00e9rale. Le chef de l&rsquo;Etat a pr\u00e9cis\u00e9 que l&rsquo;ambassade ne pouvait&#13;<br \/>\npas \u00eatre relocalis\u00e9e sans son accord. <\/p>\n<p><\/p>\n<p>Dans ce contexte, le ministre des&#13;<br \/>\nAffaires \u00e9trang\u00e8res, Teodor Mele\u015fcanu, a d\u00e9clar\u00e9 que les autorit\u00e9s n&rsquo;avaient pas&#13;<br \/>\nencore pris de d\u00e9cision \u00e0 ce sujet. Il a ajout\u00e9 que son minist\u00e8re allait&#13;<br \/>\nfinaliser, dans deux semaines, une \u00e9valuation qui devrait servir de base aux&#13;<br \/>\nd\u00e9cideurs politiques afin d&rsquo;adopter une position commune.Teodor Mele\u015fcanu a par&#13;<br \/>\nailleurs assur\u00e9 que la politique \u00e9trang\u00e8re de la Roumanie en ce qui concerne la&#13;<br \/>\nsituation au Moyen Orient restait inchang\u00e9e. Teodor Mele\u015fcanu: \u00ab <em class=cms-italic>Nous militons en faveur de la cr\u00e9ation de deux Etats qui vivent en&#13;<br \/>\npaix et en s\u00e9curit\u00e9, Isra\u00ebl et Palestine. Nous estimons que des n\u00e9gociations&#13;<br \/>\ndirectes sont n\u00e9cessaires, notamment pour r\u00e9glementer le statut juridique de&#13;<br \/>\nJ\u00e9rusalem<\/em> \u00bb.<\/p>\n<p><\/p>\n<p> Une des priorit\u00e9s de la pr\u00e9sidence roumaine du Conseil de&#13;<br \/>\nl&rsquo;Europe porte sur la politique de l&rsquo;UE relative au Partenariat oriental et bien&#13;<br \/>\ns\u00fbr que lorsqu&rsquo;on parle de ce partenariat la R\u00e9publique de Moldova compte parmi&#13;<br \/>\nnos priorit\u00e9s, a encore affirm\u00e9 le chef de la diplomatie de Bucarest. Se&#13;<br \/>\nr\u00e9f\u00e9rant aux relations du pays avec la F\u00e9d\u00e9ration russe et la R\u00e9publique de Moldova,&#13;<br \/>\nTeodor Mele\u015fcanu d\u00e9clarait que: \u00ab <em class=cms-italic>Notre appui \u00e0<\/em><em class=cms-italic> la R\u00e9publique de Moldova vise les institutions et leurs&#13;<br \/>\nefforts pour mettre en \u0153uvre les r\u00e9formes. Pour ce qui est des rapports avec la&#13;<br \/>\nRussie, si les pr\u00e9sidents Trump et Poutine se rencontrent, nous aurons&#13;<br \/>\npeut-\u00eatre une situation plus claire quant \u00e0 notre position, laquelle demeure la&#13;<br \/>\nm\u00eame, \u00e0 savoir dissuasion et d\u00e9fense, mais aussi dialogue dans les relations&#13;<br \/>\navec la F\u00e9d\u00e9ration russe<\/em> \u00bb <\/p>\n<p><\/p>\n<p>Le ministre roumain des Affaires \u00e9trang\u00e8res a \u00e9galement&#13;<br \/>\nd\u00e9clar\u00e9 que Bucarest souhaitait d\u00e9velopper ses relations avec tous les pays&#13;<br \/>\nvoisins, y compris la Hongrie. \u00ab Ces relations ont progress\u00e9 derni\u00e8rement&#13;<br \/>\net nous esp\u00e9rons qu&rsquo;elles poursuivront dans la m\u00eame voie \u00bb, a conclu Teodor&#13;<br \/>\nMele\u015fcanu.  <\/p>\n<p>&#13;<br \/>\n&#13;<br \/>\n&#13;<br \/>\n&#13;<br \/><\/p>\n","protected":false},"excerpt":{"rendered":"<p>L&rsquo;objectif fondamental de la diplomatie roumaine consiste&#13; \u00e0 maintenir sa ligne traditionnelle en mati\u00e8re de politique \u00e9trang\u00e8re, a&#13; affirm\u00e9 lundi le chef du minist\u00e8re de tutelle, Teodor Mele\u015fcanu. Il a \u00e9t\u00e9&#13; invit\u00e9 au Parlement, \u00e0 un d\u00e9bat sur des probl\u00e8mes d&rsquo;actualit\u00e9 de politique&#13; \u00e9trang\u00e8re. L&rsquo;invitation est survenue sur la toile de fond des discussions&#13; concernant [&hellip;]<\/p>\n","protected":false},"author":46,"featured_media":78047,"comment_status":"closed","ping_status":"closed","sticky":false,"template":"","format":"standard","meta":{"_acf_changed":false,"footnotes":""},"categories":[93377],"tags":[87070,85310,29389,88060,88132,85918,31448,40296],"coauthors":[],"class_list":["post-399756","post","type-post","status-publish","format-standard","has-post-thumbnail","hentry","category-les-dossiers-de-lactualite","tag-ambassade","tag-hongrie","tag-israel","tag-partenariat-oriental","tag-politique-etrangere","tag-republique-de-moldova","tag-teodor-melescanu","tag-ue"],"acf":[],"yoast_head":"<!-- This site is optimized with the Yoast SEO plugin v27.5 - https:\/\/yoast.com\/product\/yoast-seo-wordpress\/ -->\n<title>Priorit\u00e9s de politique \u00e9trang\u00e8re de la Roumanie - Radio Roumanie Internationale<\/title>\n<meta name=\"robots\" content=\"index, follow, max-snippet:-1, max-image-preview:large, max-video-preview:-1\" \/>\n<link rel=\"canonical\" href=\"https:\/\/www.rri.ro\/fr\/actualites\/les-dossiers-de-lactualite\/priorites-de-politique-etrangere-de-la-roumanie-id399756.html\" \/>\n<meta property=\"og:locale\" content=\"fr_FR\" \/>\n<meta property=\"og:type\" content=\"article\" \/>\n<meta property=\"og:title\" content=\"Priorit\u00e9s de politique \u00e9trang\u00e8re de la Roumanie - Radio Roumanie Internationale\" \/>\n<meta property=\"og:description\" content=\"L&rsquo;objectif fondamental de la diplomatie roumaine consiste&#013; \u00e0 maintenir sa ligne traditionnelle en mati\u00e8re de politique \u00e9trang\u00e8re, a&#013; affirm\u00e9 lundi le chef du minist\u00e8re de tutelle, Teodor Mele\u015fcanu. Il a \u00e9t\u00e9&#013; invit\u00e9 au Parlement, \u00e0 un d\u00e9bat sur des probl\u00e8mes d&rsquo;actualit\u00e9 de politique&#013; \u00e9trang\u00e8re. L&rsquo;invitation est survenue sur la toile de fond des discussions&#013; concernant [&hellip;]\" \/>\n<meta property=\"og:url\" content=\"https:\/\/www.rri.ro\/fr\/actualites\/les-dossiers-de-lactualite\/priorites-de-politique-etrangere-de-la-roumanie-id399756.html\" \/>\n<meta property=\"og:site_name\" content=\"Radio Roumanie Internationale\" \/>\n<meta property=\"article:published_time\" content=\"2018-06-12T11:00:00+00:00\" \/>\n<meta property=\"og:image\" content=\"https:\/\/www.rri.ro\/wp-content\/uploads\/2023\/10\/teodor-melescanu-mae.png\" \/>\n\t<meta property=\"og:image:width\" content=\"640\" \/>\n\t<meta property=\"og:image:height\" content=\"475\" \/>\n\t<meta property=\"og:image:type\" content=\"image\/png\" \/>\n<meta name=\"author\" content=\"Leyla Cheamil\" \/>\n<meta name=\"twitter:card\" content=\"summary_large_image\" \/>\n<meta name=\"twitter:label1\" content=\"\u00c9crit par\" \/>\n\t<meta name=\"twitter:data1\" content=\"Leyla Cheamil\" \/>\n\t<meta name=\"twitter:label2\" content=\"Dur\u00e9e de lecture estim\u00e9e\" \/>\n\t<meta name=\"twitter:data2\" content=\"3 minutes\" \/>\n\t<meta name=\"twitter:label3\" content=\"Written by\" \/>\n\t<meta name=\"twitter:data3\" content=\"Leyla Cheamil\" \/>\n<script type=\"application\/ld+json\" class=\"yoast-schema-graph\">{\"@context\":\"https:\\\/\\\/schema.org\",\"@graph\":[{\"@type\":\"Article\",\"@id\":\"https:\\\/\\\/www.rri.ro\\\/fr\\\/actualites\\\/les-dossiers-de-lactualite\\\/priorites-de-politique-etrangere-de-la-roumanie-id399756.html#article\",\"isPartOf\":{\"@id\":\"https:\\\/\\\/www.rri.ro\\\/fr\\\/actualites\\\/les-dossiers-de-lactualite\\\/priorites-de-politique-etrangere-de-la-roumanie-id399756.html\"},\"author\":{\"name\":\"Leyla Cheamil\",\"@id\":\"https:\\\/\\\/www.rri.ro\\\/#\\\/schema\\\/person\\\/e6364ed2d4b6af207a82ca66000d07e0\"},\"headline\":\"Priorit\u00e9s de politique \u00e9trang\u00e8re de la Roumanie\",\"datePublished\":\"2018-06-12T11:00:00+00:00\",\"mainEntityOfPage\":{\"@id\":\"https:\\\/\\\/www.rri.ro\\\/fr\\\/actualites\\\/les-dossiers-de-lactualite\\\/priorites-de-politique-etrangere-de-la-roumanie-id399756.html\"},\"wordCount\":541,\"image\":{\"@id\":\"https:\\\/\\\/www.rri.ro\\\/fr\\\/actualites\\\/les-dossiers-de-lactualite\\\/priorites-de-politique-etrangere-de-la-roumanie-id399756.html#primaryimage\"},\"thumbnailUrl\":\"https:\\\/\\\/www.rri.ro\\\/wp-content\\\/uploads\\\/2023\\\/10\\\/teodor-melescanu-mae.png\",\"keywords\":[\"ambassade\",\"Hongrie\",\"Israel\",\"Partenariat oriental\",\"politique \u00e9trang\u00e8re\",\"R\u00e9publique de Moldova\",\"Teodor Mele\u015fcanu\",\"UE\"],\"articleSection\":[\"Les dossiers de l'actualit\u00e9\"],\"inLanguage\":\"fr-FR\"},{\"@type\":\"WebPage\",\"@id\":\"https:\\\/\\\/www.rri.ro\\\/fr\\\/actualites\\\/les-dossiers-de-lactualite\\\/priorites-de-politique-etrangere-de-la-roumanie-id399756.html\",\"url\":\"https:\\\/\\\/www.rri.ro\\\/fr\\\/actualites\\\/les-dossiers-de-lactualite\\\/priorites-de-politique-etrangere-de-la-roumanie-id399756.html\",\"name\":\"Priorit\u00e9s de politique \u00e9trang\u00e8re de la Roumanie - Radio Roumanie Internationale\",\"isPartOf\":{\"@id\":\"https:\\\/\\\/www.rri.ro\\\/#website\"},\"primaryImageOfPage\":{\"@id\":\"https:\\\/\\\/www.rri.ro\\\/fr\\\/actualites\\\/les-dossiers-de-lactualite\\\/priorites-de-politique-etrangere-de-la-roumanie-id399756.html#primaryimage\"},\"image\":{\"@id\":\"https:\\\/\\\/www.rri.ro\\\/fr\\\/actualites\\\/les-dossiers-de-lactualite\\\/priorites-de-politique-etrangere-de-la-roumanie-id399756.html#primaryimage\"},\"thumbnailUrl\":\"https:\\\/\\\/www.rri.ro\\\/wp-content\\\/uploads\\\/2023\\\/10\\\/teodor-melescanu-mae.png\",\"datePublished\":\"2018-06-12T11:00:00+00:00\",\"author\":{\"@id\":\"https:\\\/\\\/www.rri.ro\\\/#\\\/schema\\\/person\\\/e6364ed2d4b6af207a82ca66000d07e0\"},\"breadcrumb\":{\"@id\":\"https:\\\/\\\/www.rri.ro\\\/fr\\\/actualites\\\/les-dossiers-de-lactualite\\\/priorites-de-politique-etrangere-de-la-roumanie-id399756.html#breadcrumb\"},\"inLanguage\":\"fr-FR\",\"potentialAction\":[{\"@type\":\"ReadAction\",\"target\":[\"https:\\\/\\\/www.rri.ro\\\/fr\\\/actualites\\\/les-dossiers-de-lactualite\\\/priorites-de-politique-etrangere-de-la-roumanie-id399756.html\"]}]},{\"@type\":\"ImageObject\",\"inLanguage\":\"fr-FR\",\"@id\":\"https:\\\/\\\/www.rri.ro\\\/fr\\\/actualites\\\/les-dossiers-de-lactualite\\\/priorites-de-politique-etrangere-de-la-roumanie-id399756.html#primaryimage\",\"url\":\"https:\\\/\\\/www.rri.ro\\\/wp-content\\\/uploads\\\/2023\\\/10\\\/teodor-melescanu-mae.png\",\"contentUrl\":\"https:\\\/\\\/www.rri.ro\\\/wp-content\\\/uploads\\\/2023\\\/10\\\/teodor-melescanu-mae.png\",\"width\":640,\"height\":475},{\"@type\":\"BreadcrumbList\",\"@id\":\"https:\\\/\\\/www.rri.ro\\\/fr\\\/actualites\\\/les-dossiers-de-lactualite\\\/priorites-de-politique-etrangere-de-la-roumanie-id399756.html#breadcrumb\",\"itemListElement\":[{\"@type\":\"ListItem\",\"position\":1,\"name\":\"Page d'accueil\",\"item\":\"https:\\\/\\\/www.rri.ro\\\/fr\"},{\"@type\":\"ListItem\",\"position\":2,\"name\":\"Actualit\u00e9s\",\"item\":\"https:\\\/\\\/www.rri.ro\\\/fr\\\/actualites\"},{\"@type\":\"ListItem\",\"position\":3,\"name\":\"Les dossiers de l'actualit\u00e9\",\"item\":\"https:\\\/\\\/www.rri.ro\\\/fr\\\/actualites\\\/les-dossiers-de-lactualite\"},{\"@type\":\"ListItem\",\"position\":4,\"name\":\"Priorit\u00e9s de politique \u00e9trang\u00e8re de la Roumanie\"}]},{\"@type\":\"WebSite\",\"@id\":\"https:\\\/\\\/www.rri.ro\\\/#website\",\"url\":\"https:\\\/\\\/www.rri.ro\\\/\",\"name\":\"Radio Roumanie Internationale\",\"description\":\"Totul despre Rom\u00e2nia \u015fi rom\u00e2ni, \u00een 13 limbi\\\/dialecte!\",\"inLanguage\":\"fr-FR\"},{\"@type\":\"Person\",\"@id\":\"https:\\\/\\\/www.rri.ro\\\/#\\\/schema\\\/person\\\/e6364ed2d4b6af207a82ca66000d07e0\",\"name\":\"Leyla Cheamil\",\"url\":\"https:\\\/\\\/www.rri.ro\\\/fr\\\/author\\\/leyla-cheamil\"}]}<\/script>\n<!-- \/ Yoast SEO plugin. -->","yoast_head_json":{"title":"Priorit\u00e9s de politique \u00e9trang\u00e8re de la Roumanie - Radio Roumanie Internationale","robots":{"index":"index","follow":"follow","max-snippet":"max-snippet:-1","max-image-preview":"max-image-preview:large","max-video-preview":"max-video-preview:-1"},"canonical":"https:\/\/www.rri.ro\/fr\/actualites\/les-dossiers-de-lactualite\/priorites-de-politique-etrangere-de-la-roumanie-id399756.html","og_locale":"fr_FR","og_type":"article","og_title":"Priorit\u00e9s de politique \u00e9trang\u00e8re de la Roumanie - Radio Roumanie Internationale","og_description":"L&rsquo;objectif fondamental de la diplomatie roumaine consiste&#13; \u00e0 maintenir sa ligne traditionnelle en mati\u00e8re de politique \u00e9trang\u00e8re, a&#13; affirm\u00e9 lundi le chef du minist\u00e8re de tutelle, Teodor Mele\u015fcanu. Il a \u00e9t\u00e9&#13; invit\u00e9 au Parlement, \u00e0 un d\u00e9bat sur des probl\u00e8mes d&rsquo;actualit\u00e9 de politique&#13; \u00e9trang\u00e8re. L&rsquo;invitation est survenue sur la toile de fond des discussions&#13; concernant [&hellip;]","og_url":"https:\/\/www.rri.ro\/fr\/actualites\/les-dossiers-de-lactualite\/priorites-de-politique-etrangere-de-la-roumanie-id399756.html","og_site_name":"Radio Roumanie Internationale","article_published_time":"2018-06-12T11:00:00+00:00","og_image":[{"width":640,"height":475,"url":"https:\/\/www.rri.ro\/wp-content\/uploads\/2023\/10\/teodor-melescanu-mae.png","type":"image\/png"}],"author":"Leyla Cheamil","twitter_card":"summary_large_image","twitter_misc":{"\u00c9crit par":"Leyla Cheamil","Dur\u00e9e de lecture estim\u00e9e":"3 minutes","Written by":"Leyla Cheamil"},"schema":{"@context":"https:\/\/schema.org","@graph":[{"@type":"Article","@id":"https:\/\/www.rri.ro\/fr\/actualites\/les-dossiers-de-lactualite\/priorites-de-politique-etrangere-de-la-roumanie-id399756.html#article","isPartOf":{"@id":"https:\/\/www.rri.ro\/fr\/actualites\/les-dossiers-de-lactualite\/priorites-de-politique-etrangere-de-la-roumanie-id399756.html"},"author":{"name":"Leyla Cheamil","@id":"https:\/\/www.rri.ro\/#\/schema\/person\/e6364ed2d4b6af207a82ca66000d07e0"},"headline":"Priorit\u00e9s de politique \u00e9trang\u00e8re de la Roumanie","datePublished":"2018-06-12T11:00:00+00:00","mainEntityOfPage":{"@id":"https:\/\/www.rri.ro\/fr\/actualites\/les-dossiers-de-lactualite\/priorites-de-politique-etrangere-de-la-roumanie-id399756.html"},"wordCount":541,"image":{"@id":"https:\/\/www.rri.ro\/fr\/actualites\/les-dossiers-de-lactualite\/priorites-de-politique-etrangere-de-la-roumanie-id399756.html#primaryimage"},"thumbnailUrl":"https:\/\/www.rri.ro\/wp-content\/uploads\/2023\/10\/teodor-melescanu-mae.png","keywords":["ambassade","Hongrie","Israel","Partenariat oriental","politique \u00e9trang\u00e8re","R\u00e9publique de Moldova","Teodor Mele\u015fcanu","UE"],"articleSection":["Les dossiers de l'actualit\u00e9"],"inLanguage":"fr-FR"},{"@type":"WebPage","@id":"https:\/\/www.rri.ro\/fr\/actualites\/les-dossiers-de-lactualite\/priorites-de-politique-etrangere-de-la-roumanie-id399756.html","url":"https:\/\/www.rri.ro\/fr\/actualites\/les-dossiers-de-lactualite\/priorites-de-politique-etrangere-de-la-roumanie-id399756.html","name":"Priorit\u00e9s de politique \u00e9trang\u00e8re de la Roumanie - Radio Roumanie Internationale","isPartOf":{"@id":"https:\/\/www.rri.ro\/#website"},"primaryImageOfPage":{"@id":"https:\/\/www.rri.ro\/fr\/actualites\/les-dossiers-de-lactualite\/priorites-de-politique-etrangere-de-la-roumanie-id399756.html#primaryimage"},"image":{"@id":"https:\/\/www.rri.ro\/fr\/actualites\/les-dossiers-de-lactualite\/priorites-de-politique-etrangere-de-la-roumanie-id399756.html#primaryimage"},"thumbnailUrl":"https:\/\/www.rri.ro\/wp-content\/uploads\/2023\/10\/teodor-melescanu-mae.png","datePublished":"2018-06-12T11:00:00+00:00","author":{"@id":"https:\/\/www.rri.ro\/#\/schema\/person\/e6364ed2d4b6af207a82ca66000d07e0"},"breadcrumb":{"@id":"https:\/\/www.rri.ro\/fr\/actualites\/les-dossiers-de-lactualite\/priorites-de-politique-etrangere-de-la-roumanie-id399756.html#breadcrumb"},"inLanguage":"fr-FR","potentialAction":[{"@type":"ReadAction","target":["https:\/\/www.rri.ro\/fr\/actualites\/les-dossiers-de-lactualite\/priorites-de-politique-etrangere-de-la-roumanie-id399756.html"]}]},{"@type":"ImageObject","inLanguage":"fr-FR","@id":"https:\/\/www.rri.ro\/fr\/actualites\/les-dossiers-de-lactualite\/priorites-de-politique-etrangere-de-la-roumanie-id399756.html#primaryimage","url":"https:\/\/www.rri.ro\/wp-content\/uploads\/2023\/10\/teodor-melescanu-mae.png","contentUrl":"https:\/\/www.rri.ro\/wp-content\/uploads\/2023\/10\/teodor-melescanu-mae.png","width":640,"height":475},{"@type":"BreadcrumbList","@id":"https:\/\/www.rri.ro\/fr\/actualites\/les-dossiers-de-lactualite\/priorites-de-politique-etrangere-de-la-roumanie-id399756.html#breadcrumb","itemListElement":[{"@type":"ListItem","position":1,"name":"Page d'accueil","item":"https:\/\/www.rri.ro\/fr"},{"@type":"ListItem","position":2,"name":"Actualit\u00e9s","item":"https:\/\/www.rri.ro\/fr\/actualites"},{"@type":"ListItem","position":3,"name":"Les dossiers de l'actualit\u00e9","item":"https:\/\/www.rri.ro\/fr\/actualites\/les-dossiers-de-lactualite"},{"@type":"ListItem","position":4,"name":"Priorit\u00e9s de politique \u00e9trang\u00e8re de la Roumanie"}]},{"@type":"WebSite","@id":"https:\/\/www.rri.ro\/#website","url":"https:\/\/www.rri.ro\/","name":"Radio Roumanie Internationale","description":"Totul despre Rom\u00e2nia \u015fi rom\u00e2ni, \u00een 13 limbi\/dialecte!","inLanguage":"fr-FR"},{"@type":"Person","@id":"https:\/\/www.rri.ro\/#\/schema\/person\/e6364ed2d4b6af207a82ca66000d07e0","name":"Leyla Cheamil","url":"https:\/\/www.rri.ro\/fr\/author\/leyla-cheamil"}]}},"_links":{"self":[{"href":"https:\/\/www.rri.ro\/fr\/wp-json\/wp\/v2\/posts\/399756","targetHints":{"allow":["GET"]}}],"collection":[{"href":"https:\/\/www.rri.ro\/fr\/wp-json\/wp\/v2\/posts"}],"about":[{"href":"https:\/\/www.rri.ro\/fr\/wp-json\/wp\/v2\/types\/post"}],"author":[{"embeddable":true,"href":"https:\/\/www.rri.ro\/fr\/wp-json\/wp\/v2\/users\/46"}],"replies":[{"embeddable":true,"href":"https:\/\/www.rri.ro\/fr\/wp-json\/wp\/v2\/comments?post=399756"}],"version-history":[{"count":0,"href":"https:\/\/www.rri.ro\/fr\/wp-json\/wp\/v2\/posts\/399756\/revisions"}],"wp:featuredmedia":[{"embeddable":true,"href":"https:\/\/www.rri.ro\/fr\/wp-json\/wp\/v2\/media\/78047"}],"wp:attachment":[{"href":"https:\/\/www.rri.ro\/fr\/wp-json\/wp\/v2\/media?parent=399756"}],"wp:term":[{"taxonomy":"category","embeddable":true,"href":"https:\/\/www.rri.ro\/fr\/wp-json\/wp\/v2\/categories?post=399756"},{"taxonomy":"post_tag","embeddable":true,"href":"https:\/\/www.rri.ro\/fr\/wp-json\/wp\/v2\/tags?post=399756"},{"taxonomy":"author","embeddable":true,"href":"https:\/\/www.rri.ro\/fr\/wp-json\/wp\/v2\/coauthors?post=399756"}],"curies":[{"name":"wp","href":"https:\/\/api.w.org\/{rel}","templated":true}]}}