{"id":399885,"date":"2018-11-28T12:50:00","date_gmt":"2018-11-28T10:50:00","guid":{"rendered":"http:\/\/devrri.freshlemon.ro\/le-roumain-mot-a-mot\/consulter-les-lecons\/debut-de-la-saison-croisee-roumanie-france-id399885.html"},"modified":"2018-11-28T12:50:00","modified_gmt":"2018-11-28T10:50:00","slug":"debut-de-la-saison-croisee-roumanie-france","status":"publish","type":"post","link":"https:\/\/www.rri.ro\/fr\/actualites\/les-dossiers-de-lactualite\/debut-de-la-saison-croisee-roumanie-france-id399885.html","title":{"rendered":"D\u00e9but de la Saison crois\u00e9e Roumanie-France"},"content":{"rendered":"<p>En pr\u00e9sence des pr\u00e9sidents Klaus Iohannis et Emmanuel Macron, lancement de la Saison crois\u00e9e Roumanie-France \u00e0 Paris \u2013 \u00e9v\u00e9nement figurant sur la feuille de route du Partenariat strat\u00e9gique bilat\u00e9ral, et qui englobe des centaines de projets jusquau 14 juillet. La Saison propose au public des \u00e9v\u00e9nements culturels, mais aussi dans les domaines de l\u00e9ducation, de linnovation et de lentrepreneuriat, de la gastronomie, du tourisme, du sport et de la coop\u00e9ration entre collectivit\u00e9s locales. Le but, cest de faire conna\u00eetre et de renforcer les relations entre les deux pays.<\/p>\n<p>&#13;<br \/>\n&#13;<\/p>\n<p>&#13;<br \/>\n&#13;<\/p>\n<p>Lesprit de la Saison Roumanie-France 2019 est illustr\u00e9 par les affiches sous lesquelles elle est pr\u00e9sent\u00e9e sur sa page Internet \u2013 Edith Piaf dans les bras du comte Dracula pour la version en fran\u00e7ais, respectivement Napol\u00e9on aux c\u00f4t\u00e9s de Maria T\u0103nase pour la version en roumain du site, avec le slogan commun : \u00ab Oubliez vos clich\u00e9s ! \u00bb \u00ab LADN de la Saison crois\u00e9e Roumanie-France, cest lEurope, la francophonie et un regard sur lavenir de nos relations bilat\u00e9rales et de la place du couple franco-roumain en Europe \u00bb ; cest ainsi que Jean-Jacques Garnier, le commissaire g\u00e9n\u00e9ral en charge de la partie fran\u00e7aise de la Saison, a r\u00e9sum\u00e9 les \u00e9v\u00e9nements. \u00ab Il y a beaucoup de clich\u00e9s et un v\u00e9ritable manque de connaissance entre ces deux pays. Mais noublions pas que 25% des Roumains parlent ou \u00e9crivent le fran\u00e7ais et 75% des \u00e9l\u00e8ves de Roumanie \u00e9tudient le fran\u00e7ais jusqu\u00e0 la fin du lyc\u00e9e \u00bb, a-t-il ajout\u00e9.<\/p>\n<p>&#13;<br \/>\n&#13;<\/p>\n<p>&#13;<br \/>\n&#13;<\/p>\n<p>LAtelier Br\u00e2ncu\u015fi avec une installation de Mihai Olos, le dialogue cr\u00e9\u00e9 entre Matisse et le peintre roumain Theodor Pallady autour de la \u00ab Blouse roumaine \u00bb, ainsi que 50 \u0153uvres dAndrei C\u0103dere (1934-1978) qui seront expos\u00e9es dans les collections permanentes \u2013 ne sont que quelques-unes des \u0153uvres culturelles de la Saison de la Roumanie au Centre Pompidou. Les visiteurs pourront \u00e9galement d\u00e9couvrir une installation sign\u00e9e Adrian Ghenie, dont les \u0153uvres ont r\u00e9volutionn\u00e9 lart contemporain au niveau mondial. Au printemps, deux autres expositions seront inaugur\u00e9es : Ciprian Mure\u015fan et \u015eerban Savu \u00e0 lAtelier Br\u00e2ncu\u015fi, mais aussi la monographie de l\u0153uvre dIsidore Isou (1925 &#8211; 2007).<\/p>\n<p>&#13;<br \/>\n&#13;<\/p>\n<p>&#13;<br \/>\n&#13;<\/p>\n<p>Au printemps, les \u00e9v\u00e9nements emm\u00e9nageront en Roumanie, le lancement officiel de la Saison France-Roumanie 2019 \u00e0 Bucarest \u00e9tant pr\u00e9vu les 18-21 avril. Cest la premi\u00e8re Saison que la France organise avec un Etat de lUE. Les organisateurs \u2013 lInstitut fran\u00e7ais et lInstitut culturel roumain, aux c\u00f4t\u00e9s des gouvernements des deux pays \u2013 affirment que le choix de la Roumanie sest impos\u00e9 comme une \u00e9vidence, vu la conjoncture favorable : la Roumanie pr\u00e9sidera pour la premi\u00e8re fois le Conseil de lUE, dans la premi\u00e8re moiti\u00e9 de 2019. En m\u00eame temps, la Saison marque le Centenaire de la cr\u00e9ation de la Roumanie moderne, le 1er D\u00e9cembre 1918, ainsi que 100 ans depuis la fin de la Premi\u00e8re Guerre mondiale.<\/p>\n<p>&#13;<br \/>\n&#13;<\/p>\n<p>Trad. : Ligia<\/p>\n<p>&#13;<\/p>\n","protected":false},"excerpt":{"rendered":"<p>En pr\u00e9sence des pr\u00e9sidents Klaus Iohannis et Emmanuel Macron, lancement de la Saison crois\u00e9e Roumanie-France \u00e0 Paris \u2013 \u00e9v\u00e9nement figurant sur la feuille de route du Partenariat strat\u00e9gique bilat\u00e9ral, et qui englobe des centaines de projets jusquau 14 juillet. La Saison propose au public des \u00e9v\u00e9nements culturels, mais aussi dans les domaines de l\u00e9ducation, de [&hellip;]<\/p>\n","protected":false},"author":108,"featured_media":79729,"comment_status":"closed","ping_status":"closed","sticky":false,"template":"","format":"standard","meta":{"_acf_changed":false,"footnotes":""},"categories":[93377],"tags":[62032,142556,88199,150642,85412,91639],"coauthors":[],"class_list":["post-399885","post","type-post","status-publish","format-standard","has-post-thumbnail","hentry","category-les-dossiers-de-lactualite","tag-centre-pompidou","tag-culture-fr","tag-evenements","tag-france-fr","tag-roumanie","tag-saison-croisee"],"acf":[],"yoast_head":"<!-- This site is optimized with the Yoast SEO plugin v27.5 - https:\/\/yoast.com\/product\/yoast-seo-wordpress\/ -->\n<title>D\u00e9but de la Saison crois\u00e9e Roumanie-France - Radio Roumanie Internationale<\/title>\n<meta name=\"robots\" content=\"index, follow, max-snippet:-1, max-image-preview:large, max-video-preview:-1\" \/>\n<link rel=\"canonical\" href=\"https:\/\/www.rri.ro\/fr\/actualites\/les-dossiers-de-lactualite\/debut-de-la-saison-croisee-roumanie-france-id399885.html\" \/>\n<meta property=\"og:locale\" content=\"fr_FR\" \/>\n<meta property=\"og:type\" content=\"article\" \/>\n<meta property=\"og:title\" content=\"D\u00e9but de la Saison crois\u00e9e Roumanie-France - Radio Roumanie Internationale\" \/>\n<meta property=\"og:description\" content=\"En pr\u00e9sence des pr\u00e9sidents Klaus Iohannis et Emmanuel Macron, lancement de la Saison crois\u00e9e Roumanie-France \u00e0 Paris \u2013 \u00e9v\u00e9nement figurant sur la feuille de route du Partenariat strat\u00e9gique bilat\u00e9ral, et qui englobe des centaines de projets jusquau 14 juillet. La Saison propose au public des \u00e9v\u00e9nements culturels, mais aussi dans les domaines de l\u00e9ducation, de [&hellip;]\" \/>\n<meta property=\"og:url\" content=\"https:\/\/www.rri.ro\/fr\/actualites\/les-dossiers-de-lactualite\/debut-de-la-saison-croisee-roumanie-france-id399885.html\" \/>\n<meta property=\"og:site_name\" content=\"Radio Roumanie Internationale\" \/>\n<meta property=\"article:published_time\" content=\"2018-11-28T10:50:00+00:00\" \/>\n<meta property=\"og:image\" content=\"https:\/\/www.rri.ro\/wp-content\/uploads\/2023\/10\/iohannis-macron-la-paris-foto-presidency.png\" \/>\n\t<meta property=\"og:image:width\" content=\"640\" \/>\n\t<meta property=\"og:image:height\" content=\"360\" \/>\n\t<meta property=\"og:image:type\" content=\"image\/png\" \/>\n<meta name=\"author\" content=\"Corina Cristea\" \/>\n<meta name=\"twitter:card\" content=\"summary_large_image\" \/>\n<meta name=\"twitter:label1\" content=\"\u00c9crit par\" \/>\n\t<meta name=\"twitter:data1\" content=\"Corina Cristea\" \/>\n\t<meta name=\"twitter:label2\" content=\"Dur\u00e9e de lecture estim\u00e9e\" \/>\n\t<meta name=\"twitter:data2\" content=\"2 minutes\" \/>\n\t<meta name=\"twitter:label3\" content=\"Written by\" \/>\n\t<meta name=\"twitter:data3\" content=\"Corina Cristea\" \/>\n<script type=\"application\/ld+json\" class=\"yoast-schema-graph\">{\"@context\":\"https:\\\/\\\/schema.org\",\"@graph\":[{\"@type\":\"Article\",\"@id\":\"https:\\\/\\\/www.rri.ro\\\/fr\\\/actualites\\\/les-dossiers-de-lactualite\\\/debut-de-la-saison-croisee-roumanie-france-id399885.html#article\",\"isPartOf\":{\"@id\":\"https:\\\/\\\/www.rri.ro\\\/fr\\\/actualites\\\/les-dossiers-de-lactualite\\\/debut-de-la-saison-croisee-roumanie-france-id399885.html\"},\"author\":{\"name\":\"Corina Cristea\",\"@id\":\"https:\\\/\\\/www.rri.ro\\\/#\\\/schema\\\/person\\\/f9ab1cb3569dee1b2c033a814bb7f0fc\"},\"headline\":\"D\u00e9but de la Saison crois\u00e9e Roumanie-France\",\"datePublished\":\"2018-11-28T10:50:00+00:00\",\"mainEntityOfPage\":{\"@id\":\"https:\\\/\\\/www.rri.ro\\\/fr\\\/actualites\\\/les-dossiers-de-lactualite\\\/debut-de-la-saison-croisee-roumanie-france-id399885.html\"},\"wordCount\":502,\"image\":{\"@id\":\"https:\\\/\\\/www.rri.ro\\\/fr\\\/actualites\\\/les-dossiers-de-lactualite\\\/debut-de-la-saison-croisee-roumanie-france-id399885.html#primaryimage\"},\"thumbnailUrl\":\"https:\\\/\\\/www.rri.ro\\\/wp-content\\\/uploads\\\/2023\\\/10\\\/iohannis-macron-la-paris-foto-presidency.png\",\"keywords\":[\"Centre Pompidou\",\"culture\",\"\u00e9v\u00e9nements\",\"France\",\"Roumanie\",\"saison crois\u00e9e\"],\"articleSection\":[\"Les dossiers de l'actualit\u00e9\"],\"inLanguage\":\"fr-FR\"},{\"@type\":\"WebPage\",\"@id\":\"https:\\\/\\\/www.rri.ro\\\/fr\\\/actualites\\\/les-dossiers-de-lactualite\\\/debut-de-la-saison-croisee-roumanie-france-id399885.html\",\"url\":\"https:\\\/\\\/www.rri.ro\\\/fr\\\/actualites\\\/les-dossiers-de-lactualite\\\/debut-de-la-saison-croisee-roumanie-france-id399885.html\",\"name\":\"D\u00e9but de la Saison crois\u00e9e Roumanie-France - Radio Roumanie Internationale\",\"isPartOf\":{\"@id\":\"https:\\\/\\\/www.rri.ro\\\/#website\"},\"primaryImageOfPage\":{\"@id\":\"https:\\\/\\\/www.rri.ro\\\/fr\\\/actualites\\\/les-dossiers-de-lactualite\\\/debut-de-la-saison-croisee-roumanie-france-id399885.html#primaryimage\"},\"image\":{\"@id\":\"https:\\\/\\\/www.rri.ro\\\/fr\\\/actualites\\\/les-dossiers-de-lactualite\\\/debut-de-la-saison-croisee-roumanie-france-id399885.html#primaryimage\"},\"thumbnailUrl\":\"https:\\\/\\\/www.rri.ro\\\/wp-content\\\/uploads\\\/2023\\\/10\\\/iohannis-macron-la-paris-foto-presidency.png\",\"datePublished\":\"2018-11-28T10:50:00+00:00\",\"author\":{\"@id\":\"https:\\\/\\\/www.rri.ro\\\/#\\\/schema\\\/person\\\/f9ab1cb3569dee1b2c033a814bb7f0fc\"},\"breadcrumb\":{\"@id\":\"https:\\\/\\\/www.rri.ro\\\/fr\\\/actualites\\\/les-dossiers-de-lactualite\\\/debut-de-la-saison-croisee-roumanie-france-id399885.html#breadcrumb\"},\"inLanguage\":\"fr-FR\",\"potentialAction\":[{\"@type\":\"ReadAction\",\"target\":[\"https:\\\/\\\/www.rri.ro\\\/fr\\\/actualites\\\/les-dossiers-de-lactualite\\\/debut-de-la-saison-croisee-roumanie-france-id399885.html\"]}]},{\"@type\":\"ImageObject\",\"inLanguage\":\"fr-FR\",\"@id\":\"https:\\\/\\\/www.rri.ro\\\/fr\\\/actualites\\\/les-dossiers-de-lactualite\\\/debut-de-la-saison-croisee-roumanie-france-id399885.html#primaryimage\",\"url\":\"https:\\\/\\\/www.rri.ro\\\/wp-content\\\/uploads\\\/2023\\\/10\\\/iohannis-macron-la-paris-foto-presidency.png\",\"contentUrl\":\"https:\\\/\\\/www.rri.ro\\\/wp-content\\\/uploads\\\/2023\\\/10\\\/iohannis-macron-la-paris-foto-presidency.png\",\"width\":640,\"height\":360},{\"@type\":\"BreadcrumbList\",\"@id\":\"https:\\\/\\\/www.rri.ro\\\/fr\\\/actualites\\\/les-dossiers-de-lactualite\\\/debut-de-la-saison-croisee-roumanie-france-id399885.html#breadcrumb\",\"itemListElement\":[{\"@type\":\"ListItem\",\"position\":1,\"name\":\"Page d'accueil\",\"item\":\"https:\\\/\\\/www.rri.ro\\\/fr\"},{\"@type\":\"ListItem\",\"position\":2,\"name\":\"Actualit\u00e9s\",\"item\":\"https:\\\/\\\/www.rri.ro\\\/fr\\\/actualites\"},{\"@type\":\"ListItem\",\"position\":3,\"name\":\"Les dossiers de l'actualit\u00e9\",\"item\":\"https:\\\/\\\/www.rri.ro\\\/fr\\\/actualites\\\/les-dossiers-de-lactualite\"},{\"@type\":\"ListItem\",\"position\":4,\"name\":\"D\u00e9but de la Saison crois\u00e9e Roumanie-France\"}]},{\"@type\":\"WebSite\",\"@id\":\"https:\\\/\\\/www.rri.ro\\\/#website\",\"url\":\"https:\\\/\\\/www.rri.ro\\\/\",\"name\":\"Radio Roumanie Internationale\",\"description\":\"Totul despre Rom\u00e2nia \u015fi rom\u00e2ni, \u00een 13 limbi\\\/dialecte!\",\"inLanguage\":\"fr-FR\"},{\"@type\":\"Person\",\"@id\":\"https:\\\/\\\/www.rri.ro\\\/#\\\/schema\\\/person\\\/f9ab1cb3569dee1b2c033a814bb7f0fc\",\"name\":\"Corina Cristea\",\"url\":\"https:\\\/\\\/www.rri.ro\\\/fr\\\/author\\\/corina-cristea\"}]}<\/script>\n<!-- \/ Yoast SEO plugin. -->","yoast_head_json":{"title":"D\u00e9but de la Saison crois\u00e9e Roumanie-France - Radio Roumanie Internationale","robots":{"index":"index","follow":"follow","max-snippet":"max-snippet:-1","max-image-preview":"max-image-preview:large","max-video-preview":"max-video-preview:-1"},"canonical":"https:\/\/www.rri.ro\/fr\/actualites\/les-dossiers-de-lactualite\/debut-de-la-saison-croisee-roumanie-france-id399885.html","og_locale":"fr_FR","og_type":"article","og_title":"D\u00e9but de la Saison crois\u00e9e Roumanie-France - Radio Roumanie Internationale","og_description":"En pr\u00e9sence des pr\u00e9sidents Klaus Iohannis et Emmanuel Macron, lancement de la Saison crois\u00e9e Roumanie-France \u00e0 Paris \u2013 \u00e9v\u00e9nement figurant sur la feuille de route du Partenariat strat\u00e9gique bilat\u00e9ral, et qui englobe des centaines de projets jusquau 14 juillet. La Saison propose au public des \u00e9v\u00e9nements culturels, mais aussi dans les domaines de l\u00e9ducation, de [&hellip;]","og_url":"https:\/\/www.rri.ro\/fr\/actualites\/les-dossiers-de-lactualite\/debut-de-la-saison-croisee-roumanie-france-id399885.html","og_site_name":"Radio Roumanie Internationale","article_published_time":"2018-11-28T10:50:00+00:00","og_image":[{"width":640,"height":360,"url":"https:\/\/www.rri.ro\/wp-content\/uploads\/2023\/10\/iohannis-macron-la-paris-foto-presidency.png","type":"image\/png"}],"author":"Corina Cristea","twitter_card":"summary_large_image","twitter_misc":{"\u00c9crit par":"Corina Cristea","Dur\u00e9e de lecture estim\u00e9e":"2 minutes","Written by":"Corina Cristea"},"schema":{"@context":"https:\/\/schema.org","@graph":[{"@type":"Article","@id":"https:\/\/www.rri.ro\/fr\/actualites\/les-dossiers-de-lactualite\/debut-de-la-saison-croisee-roumanie-france-id399885.html#article","isPartOf":{"@id":"https:\/\/www.rri.ro\/fr\/actualites\/les-dossiers-de-lactualite\/debut-de-la-saison-croisee-roumanie-france-id399885.html"},"author":{"name":"Corina Cristea","@id":"https:\/\/www.rri.ro\/#\/schema\/person\/f9ab1cb3569dee1b2c033a814bb7f0fc"},"headline":"D\u00e9but de la Saison crois\u00e9e Roumanie-France","datePublished":"2018-11-28T10:50:00+00:00","mainEntityOfPage":{"@id":"https:\/\/www.rri.ro\/fr\/actualites\/les-dossiers-de-lactualite\/debut-de-la-saison-croisee-roumanie-france-id399885.html"},"wordCount":502,"image":{"@id":"https:\/\/www.rri.ro\/fr\/actualites\/les-dossiers-de-lactualite\/debut-de-la-saison-croisee-roumanie-france-id399885.html#primaryimage"},"thumbnailUrl":"https:\/\/www.rri.ro\/wp-content\/uploads\/2023\/10\/iohannis-macron-la-paris-foto-presidency.png","keywords":["Centre Pompidou","culture","\u00e9v\u00e9nements","France","Roumanie","saison crois\u00e9e"],"articleSection":["Les dossiers de l'actualit\u00e9"],"inLanguage":"fr-FR"},{"@type":"WebPage","@id":"https:\/\/www.rri.ro\/fr\/actualites\/les-dossiers-de-lactualite\/debut-de-la-saison-croisee-roumanie-france-id399885.html","url":"https:\/\/www.rri.ro\/fr\/actualites\/les-dossiers-de-lactualite\/debut-de-la-saison-croisee-roumanie-france-id399885.html","name":"D\u00e9but de la Saison crois\u00e9e Roumanie-France - Radio Roumanie Internationale","isPartOf":{"@id":"https:\/\/www.rri.ro\/#website"},"primaryImageOfPage":{"@id":"https:\/\/www.rri.ro\/fr\/actualites\/les-dossiers-de-lactualite\/debut-de-la-saison-croisee-roumanie-france-id399885.html#primaryimage"},"image":{"@id":"https:\/\/www.rri.ro\/fr\/actualites\/les-dossiers-de-lactualite\/debut-de-la-saison-croisee-roumanie-france-id399885.html#primaryimage"},"thumbnailUrl":"https:\/\/www.rri.ro\/wp-content\/uploads\/2023\/10\/iohannis-macron-la-paris-foto-presidency.png","datePublished":"2018-11-28T10:50:00+00:00","author":{"@id":"https:\/\/www.rri.ro\/#\/schema\/person\/f9ab1cb3569dee1b2c033a814bb7f0fc"},"breadcrumb":{"@id":"https:\/\/www.rri.ro\/fr\/actualites\/les-dossiers-de-lactualite\/debut-de-la-saison-croisee-roumanie-france-id399885.html#breadcrumb"},"inLanguage":"fr-FR","potentialAction":[{"@type":"ReadAction","target":["https:\/\/www.rri.ro\/fr\/actualites\/les-dossiers-de-lactualite\/debut-de-la-saison-croisee-roumanie-france-id399885.html"]}]},{"@type":"ImageObject","inLanguage":"fr-FR","@id":"https:\/\/www.rri.ro\/fr\/actualites\/les-dossiers-de-lactualite\/debut-de-la-saison-croisee-roumanie-france-id399885.html#primaryimage","url":"https:\/\/www.rri.ro\/wp-content\/uploads\/2023\/10\/iohannis-macron-la-paris-foto-presidency.png","contentUrl":"https:\/\/www.rri.ro\/wp-content\/uploads\/2023\/10\/iohannis-macron-la-paris-foto-presidency.png","width":640,"height":360},{"@type":"BreadcrumbList","@id":"https:\/\/www.rri.ro\/fr\/actualites\/les-dossiers-de-lactualite\/debut-de-la-saison-croisee-roumanie-france-id399885.html#breadcrumb","itemListElement":[{"@type":"ListItem","position":1,"name":"Page d'accueil","item":"https:\/\/www.rri.ro\/fr"},{"@type":"ListItem","position":2,"name":"Actualit\u00e9s","item":"https:\/\/www.rri.ro\/fr\/actualites"},{"@type":"ListItem","position":3,"name":"Les dossiers de l'actualit\u00e9","item":"https:\/\/www.rri.ro\/fr\/actualites\/les-dossiers-de-lactualite"},{"@type":"ListItem","position":4,"name":"D\u00e9but de la Saison crois\u00e9e Roumanie-France"}]},{"@type":"WebSite","@id":"https:\/\/www.rri.ro\/#website","url":"https:\/\/www.rri.ro\/","name":"Radio Roumanie Internationale","description":"Totul despre Rom\u00e2nia \u015fi rom\u00e2ni, \u00een 13 limbi\/dialecte!","inLanguage":"fr-FR"},{"@type":"Person","@id":"https:\/\/www.rri.ro\/#\/schema\/person\/f9ab1cb3569dee1b2c033a814bb7f0fc","name":"Corina Cristea","url":"https:\/\/www.rri.ro\/fr\/author\/corina-cristea"}]}},"_links":{"self":[{"href":"https:\/\/www.rri.ro\/fr\/wp-json\/wp\/v2\/posts\/399885","targetHints":{"allow":["GET"]}}],"collection":[{"href":"https:\/\/www.rri.ro\/fr\/wp-json\/wp\/v2\/posts"}],"about":[{"href":"https:\/\/www.rri.ro\/fr\/wp-json\/wp\/v2\/types\/post"}],"author":[{"embeddable":true,"href":"https:\/\/www.rri.ro\/fr\/wp-json\/wp\/v2\/users\/108"}],"replies":[{"embeddable":true,"href":"https:\/\/www.rri.ro\/fr\/wp-json\/wp\/v2\/comments?post=399885"}],"version-history":[{"count":0,"href":"https:\/\/www.rri.ro\/fr\/wp-json\/wp\/v2\/posts\/399885\/revisions"}],"wp:featuredmedia":[{"embeddable":true,"href":"https:\/\/www.rri.ro\/fr\/wp-json\/wp\/v2\/media\/79729"}],"wp:attachment":[{"href":"https:\/\/www.rri.ro\/fr\/wp-json\/wp\/v2\/media?parent=399885"}],"wp:term":[{"taxonomy":"category","embeddable":true,"href":"https:\/\/www.rri.ro\/fr\/wp-json\/wp\/v2\/categories?post=399885"},{"taxonomy":"post_tag","embeddable":true,"href":"https:\/\/www.rri.ro\/fr\/wp-json\/wp\/v2\/tags?post=399885"},{"taxonomy":"author","embeddable":true,"href":"https:\/\/www.rri.ro\/fr\/wp-json\/wp\/v2\/coauthors?post=399885"}],"curies":[{"name":"wp","href":"https:\/\/api.w.org\/{rel}","templated":true}]}}