{"id":400035,"date":"2019-05-14T13:14:00","date_gmt":"2019-05-14T10:14:00","guid":{"rendered":"http:\/\/devrri.freshlemon.ro\/le-roumain-mot-a-mot\/consulter-les-lecons\/le-partenariat-oriental-dix-ans-dexistence-id400035.html"},"modified":"2019-05-14T13:14:00","modified_gmt":"2019-05-14T10:14:00","slug":"le-partenariat-oriental-dix-ans-dexistence","status":"publish","type":"post","link":"https:\/\/www.rri.ro\/fr\/actualites\/les-dossiers-de-lactualite\/le-partenariat-oriental-dix-ans-dexistence-id400035.html","title":{"rendered":"Le Partenariat oriental, dix ans d\u2019existence"},"content":{"rendered":"<p>Lanc\u00e9 en 2009, dans le but de soutenir et d\u2019encourager les r\u00e9formes d\u00e9mocratiques en Arm\u00e9nie, Azerba\u00efdjan, au Belarus, en G\u00e9orgie, en R\u00e9publique de Moldova et en Ukraine, le Partenariat oriental a \u00e9galement permis au bloc communautaire d\u2019appuyer leur d\u00e9veloppement \u00e9conomique et de l\u2019approfondir gr\u00e2ce \u00e0 la signature, il y a cinq ans, par Chisinau, Kiev et Tbilissi, d\u2019accords d\u2019association et de libre \u00e9change avec Bruxelles. Par ailleurs, le r\u00e9gime des visas a \u00e9t\u00e9 lib\u00e9ralis\u00e9 pour tous les citoyens moldaves, g\u00e9orgiens et ukrainiens. Les ministres des Affaires \u00e9trang\u00e8res de l\u2019UE ont convenu d\u2019entamer des n\u00e9gociations avec le Belarus, l\u2019Azerba\u00efdjan et l\u2019Armenia en vue de conclure des accords similaires.<\/p>\n<p>&#13;<br \/>\n&#13;<\/p>\n<p>&#13;<br \/>\n&#13;<\/p>\n<p>Les repr\u00e9sentants des pays membres de l\u2019UE et des six Etats partenaires continueront \u00e0 \u00e9valuer les progr\u00e8s enregistr\u00e9s dans le cadre d\u2019un plan de travail pour l\u2019ann\u00e9e 2020, qui vise \u00e0 obtenir de nouveaux b\u00e9n\u00e9fices concrets pour les citoyens de la r\u00e9gion. Pour la Roumanie, pays voisin de l\u2019Ukraine et de la R\u00e9publique de Moldova, le Partenariat oriental a \u00e9t\u00e9 d\u00e8s le d\u00e9but un des programmes communautaires les plus importants.<\/p>\n<p>&#13;<br \/>\n&#13;<\/p>\n<p>&#13;<br \/>\n&#13;<\/p>\n<p>Pr\u00e9sent lundi \u00e0 Bruxelles aux c\u00e9r\u00e9monies anniversaires, le pr\u00e9sident roumain, Klaus Iohannis, s\u2019est prononc\u00e9 en faveur de la poursuite de l\u2019engagement que l\u2019Union a pris au travers du Partenariat oriental pour ce qui est de l\u2019approfondissement et de la consolidation de ce dernier. Le chef de la diplomatie de Bucarest, Teodor Mele\u015fcanu, a partag\u00e9 ce point de vue:<em>\u201d Il faut r\u00e9fl\u00e9chir \u00e0 ce que va devenir le Partenariat oriental apr\u00e8s 2020. En ce qui la concerne, la Roumanie estime qu\u2019il faudra d\u00e9passer l\u2019\u00e9tape de la coop\u00e9ration \u00e0 dominante sectorielle et se pencher sur les rapports futurs de l\u2019UE avec les pays membres de ce partenariat<\/em>\u201d.<\/p>\n<p>&#13;<br \/>\n&#13;<\/p>\n<p>&#13;<br \/>\n&#13;<\/p>\n<p> La s\u00e9curit\u00e9, la stabilit\u00e9 et la prosp\u00e9rit\u00e9, la d\u00e9mocratie et l\u2019Etat de droit en Europe de l\u2019Est et au Caucase du nord sont autant de priorit\u00e9s pour le bloc communautaire. D\u2019o\u00f9 la d\u00e9termination de l\u2019UE \u00e0 mettre en place un coop\u00e9ration \u00e9troite, diff\u00e9renci\u00e9e et mutuellement avantageuse avec tous les six pays partenaires. Les analystes notent que la Russie voit dans le Partenariat oriental un moyen par lequel l\u2019Occident cherche \u00e0 \u00e9tendre ses fronti\u00e8res.<\/p>\n<p>&#13;<br \/>\n&#13;<\/p>\n<p>&#13;<br \/>\n&#13;<\/p>\n<p>Si l\u2019Arm\u00e9nie et le Belarus surtout continuent \u00e0 graviter dans l\u2019orbite de Moscou, la G\u00e9orgie et l\u2019Ukraine, qui ont subi l\u2019agression militaire russe ces dix derni\u00e8res ann\u00e9es, sont profond\u00e9ment hostiles au Kremlin. En Azerba\u00efdjan, le pr\u00e9sident autoritaire Ilham Aliyev manque totalement d\u2019app\u00e9tit pour les r\u00e9formes d\u00e9mocratiques. Enfin, apr\u00e8s les \u00e9lections l\u00e9gislatives du mois de f\u00e9vrier, la R\u00e9publique de Moldova continue \u00e0 \u00eatre divis\u00e9e entre la gauche philo-russe et la droite pro-occidentale.<\/p>\n<p>&#13;<\/p>\n","protected":false},"excerpt":{"rendered":"<p>Lanc\u00e9 en 2009, dans le but de soutenir et d\u2019encourager les r\u00e9formes d\u00e9mocratiques en Arm\u00e9nie, Azerba\u00efdjan, au Belarus, en G\u00e9orgie, en R\u00e9publique de Moldova et en Ukraine, le Partenariat oriental a \u00e9galement permis au bloc communautaire d\u2019appuyer leur d\u00e9veloppement \u00e9conomique et de l\u2019approfondir gr\u00e2ce \u00e0 la signature, il y a cinq ans, par Chisinau, Kiev [&hellip;]<\/p>\n","protected":false},"author":105,"featured_media":81790,"comment_status":"closed","ping_status":"closed","sticky":false,"template":"","format":"standard","meta":{"_acf_changed":false,"footnotes":""},"categories":[93377],"tags":[85825,88060,85918,86838,31448,28905],"coauthors":[],"class_list":["post-400035","post","type-post","status-publish","format-standard","has-post-thumbnail","hentry","category-les-dossiers-de-lactualite","tag-europe-de-lest","tag-partenariat-oriental","tag-republique-de-moldova","tag-securite","tag-teodor-melescanu","tag-ukraine"],"acf":[],"yoast_head":"<!-- This site is optimized with the Yoast SEO plugin v27.5 - https:\/\/yoast.com\/product\/yoast-seo-wordpress\/ -->\n<title>Le Partenariat oriental, dix ans d\u2019existence - Radio Roumanie Internationale<\/title>\n<meta name=\"robots\" content=\"index, follow, max-snippet:-1, max-image-preview:large, max-video-preview:-1\" \/>\n<link rel=\"canonical\" href=\"https:\/\/www.rri.ro\/fr\/actualites\/les-dossiers-de-lactualite\/le-partenariat-oriental-dix-ans-dexistence-id400035.html\" \/>\n<meta property=\"og:locale\" content=\"fr_FR\" \/>\n<meta property=\"og:type\" content=\"article\" \/>\n<meta property=\"og:title\" content=\"Le Partenariat oriental, dix ans d\u2019existence - Radio Roumanie Internationale\" \/>\n<meta property=\"og:description\" content=\"Lanc\u00e9 en 2009, dans le but de soutenir et d\u2019encourager les r\u00e9formes d\u00e9mocratiques en Arm\u00e9nie, Azerba\u00efdjan, au Belarus, en G\u00e9orgie, en R\u00e9publique de Moldova et en Ukraine, le Partenariat oriental a \u00e9galement permis au bloc communautaire d\u2019appuyer leur d\u00e9veloppement \u00e9conomique et de l\u2019approfondir gr\u00e2ce \u00e0 la signature, il y a cinq ans, par Chisinau, Kiev [&hellip;]\" \/>\n<meta property=\"og:url\" content=\"https:\/\/www.rri.ro\/fr\/actualites\/les-dossiers-de-lactualite\/le-partenariat-oriental-dix-ans-dexistence-id400035.html\" \/>\n<meta property=\"og:site_name\" content=\"Radio Roumanie Internationale\" \/>\n<meta property=\"article:published_time\" content=\"2019-05-14T10:14:00+00:00\" \/>\n<meta property=\"og:image\" content=\"https:\/\/www.rri.ro\/wp-content\/uploads\/2023\/10\/melescanu-steagroue-mae-ro.jpg\" \/>\n\t<meta property=\"og:image:width\" content=\"640\" \/>\n\t<meta property=\"og:image:height\" content=\"426\" \/>\n\t<meta property=\"og:image:type\" content=\"image\/jpeg\" \/>\n<meta name=\"author\" content=\"Bogdan Matei\" \/>\n<meta name=\"twitter:card\" content=\"summary_large_image\" \/>\n<meta name=\"twitter:label1\" content=\"\u00c9crit par\" \/>\n\t<meta name=\"twitter:data1\" content=\"Bogdan Matei\" \/>\n\t<meta name=\"twitter:label2\" content=\"Dur\u00e9e de lecture estim\u00e9e\" \/>\n\t<meta name=\"twitter:data2\" content=\"3 minutes\" \/>\n\t<meta name=\"twitter:label3\" content=\"Written by\" \/>\n\t<meta name=\"twitter:data3\" content=\"Bogdan Matei\" \/>\n<script type=\"application\/ld+json\" class=\"yoast-schema-graph\">{\"@context\":\"https:\\\/\\\/schema.org\",\"@graph\":[{\"@type\":\"Article\",\"@id\":\"https:\\\/\\\/www.rri.ro\\\/fr\\\/actualites\\\/les-dossiers-de-lactualite\\\/le-partenariat-oriental-dix-ans-dexistence-id400035.html#article\",\"isPartOf\":{\"@id\":\"https:\\\/\\\/www.rri.ro\\\/fr\\\/actualites\\\/les-dossiers-de-lactualite\\\/le-partenariat-oriental-dix-ans-dexistence-id400035.html\"},\"author\":{\"name\":\"Bogdan Matei\",\"@id\":\"https:\\\/\\\/www.rri.ro\\\/#\\\/schema\\\/person\\\/0ed327d40678578e6dbb840527e3ba32\"},\"headline\":\"Le Partenariat oriental, dix ans d\u2019existence\",\"datePublished\":\"2019-05-14T10:14:00+00:00\",\"mainEntityOfPage\":{\"@id\":\"https:\\\/\\\/www.rri.ro\\\/fr\\\/actualites\\\/les-dossiers-de-lactualite\\\/le-partenariat-oriental-dix-ans-dexistence-id400035.html\"},\"wordCount\":508,\"image\":{\"@id\":\"https:\\\/\\\/www.rri.ro\\\/fr\\\/actualites\\\/les-dossiers-de-lactualite\\\/le-partenariat-oriental-dix-ans-dexistence-id400035.html#primaryimage\"},\"thumbnailUrl\":\"https:\\\/\\\/www.rri.ro\\\/wp-content\\\/uploads\\\/2023\\\/10\\\/melescanu-steagroue-mae-ro.jpg\",\"keywords\":[\"Europe de l'Est\",\"Partenariat oriental\",\"R\u00e9publique de Moldova\",\"s\u00e9curit\u00e9\",\"Teodor Mele\u015fcanu\",\"Ukraine\"],\"articleSection\":[\"Les dossiers de l'actualit\u00e9\"],\"inLanguage\":\"fr-FR\"},{\"@type\":\"WebPage\",\"@id\":\"https:\\\/\\\/www.rri.ro\\\/fr\\\/actualites\\\/les-dossiers-de-lactualite\\\/le-partenariat-oriental-dix-ans-dexistence-id400035.html\",\"url\":\"https:\\\/\\\/www.rri.ro\\\/fr\\\/actualites\\\/les-dossiers-de-lactualite\\\/le-partenariat-oriental-dix-ans-dexistence-id400035.html\",\"name\":\"Le Partenariat oriental, dix ans d\u2019existence - Radio Roumanie Internationale\",\"isPartOf\":{\"@id\":\"https:\\\/\\\/www.rri.ro\\\/#website\"},\"primaryImageOfPage\":{\"@id\":\"https:\\\/\\\/www.rri.ro\\\/fr\\\/actualites\\\/les-dossiers-de-lactualite\\\/le-partenariat-oriental-dix-ans-dexistence-id400035.html#primaryimage\"},\"image\":{\"@id\":\"https:\\\/\\\/www.rri.ro\\\/fr\\\/actualites\\\/les-dossiers-de-lactualite\\\/le-partenariat-oriental-dix-ans-dexistence-id400035.html#primaryimage\"},\"thumbnailUrl\":\"https:\\\/\\\/www.rri.ro\\\/wp-content\\\/uploads\\\/2023\\\/10\\\/melescanu-steagroue-mae-ro.jpg\",\"datePublished\":\"2019-05-14T10:14:00+00:00\",\"author\":{\"@id\":\"https:\\\/\\\/www.rri.ro\\\/#\\\/schema\\\/person\\\/0ed327d40678578e6dbb840527e3ba32\"},\"breadcrumb\":{\"@id\":\"https:\\\/\\\/www.rri.ro\\\/fr\\\/actualites\\\/les-dossiers-de-lactualite\\\/le-partenariat-oriental-dix-ans-dexistence-id400035.html#breadcrumb\"},\"inLanguage\":\"fr-FR\",\"potentialAction\":[{\"@type\":\"ReadAction\",\"target\":[\"https:\\\/\\\/www.rri.ro\\\/fr\\\/actualites\\\/les-dossiers-de-lactualite\\\/le-partenariat-oriental-dix-ans-dexistence-id400035.html\"]}]},{\"@type\":\"ImageObject\",\"inLanguage\":\"fr-FR\",\"@id\":\"https:\\\/\\\/www.rri.ro\\\/fr\\\/actualites\\\/les-dossiers-de-lactualite\\\/le-partenariat-oriental-dix-ans-dexistence-id400035.html#primaryimage\",\"url\":\"https:\\\/\\\/www.rri.ro\\\/wp-content\\\/uploads\\\/2023\\\/10\\\/melescanu-steagroue-mae-ro.jpg\",\"contentUrl\":\"https:\\\/\\\/www.rri.ro\\\/wp-content\\\/uploads\\\/2023\\\/10\\\/melescanu-steagroue-mae-ro.jpg\",\"width\":640,\"height\":426},{\"@type\":\"BreadcrumbList\",\"@id\":\"https:\\\/\\\/www.rri.ro\\\/fr\\\/actualites\\\/les-dossiers-de-lactualite\\\/le-partenariat-oriental-dix-ans-dexistence-id400035.html#breadcrumb\",\"itemListElement\":[{\"@type\":\"ListItem\",\"position\":1,\"name\":\"Page d'accueil\",\"item\":\"https:\\\/\\\/www.rri.ro\\\/fr\"},{\"@type\":\"ListItem\",\"position\":2,\"name\":\"Actualit\u00e9s\",\"item\":\"https:\\\/\\\/www.rri.ro\\\/fr\\\/actualites\"},{\"@type\":\"ListItem\",\"position\":3,\"name\":\"Les dossiers de l'actualit\u00e9\",\"item\":\"https:\\\/\\\/www.rri.ro\\\/fr\\\/actualites\\\/les-dossiers-de-lactualite\"},{\"@type\":\"ListItem\",\"position\":4,\"name\":\"Le Partenariat oriental, dix ans d\u2019existence\"}]},{\"@type\":\"WebSite\",\"@id\":\"https:\\\/\\\/www.rri.ro\\\/#website\",\"url\":\"https:\\\/\\\/www.rri.ro\\\/\",\"name\":\"Radio Roumanie Internationale\",\"description\":\"Totul despre Rom\u00e2nia \u015fi rom\u00e2ni, \u00een 13 limbi\\\/dialecte!\",\"inLanguage\":\"fr-FR\"},{\"@type\":\"Person\",\"@id\":\"https:\\\/\\\/www.rri.ro\\\/#\\\/schema\\\/person\\\/0ed327d40678578e6dbb840527e3ba32\",\"name\":\"Bogdan Matei\",\"url\":\"https:\\\/\\\/www.rri.ro\\\/fr\\\/author\\\/bogdan-matei\"}]}<\/script>\n<!-- \/ Yoast SEO plugin. -->","yoast_head_json":{"title":"Le Partenariat oriental, dix ans d\u2019existence - Radio Roumanie Internationale","robots":{"index":"index","follow":"follow","max-snippet":"max-snippet:-1","max-image-preview":"max-image-preview:large","max-video-preview":"max-video-preview:-1"},"canonical":"https:\/\/www.rri.ro\/fr\/actualites\/les-dossiers-de-lactualite\/le-partenariat-oriental-dix-ans-dexistence-id400035.html","og_locale":"fr_FR","og_type":"article","og_title":"Le Partenariat oriental, dix ans d\u2019existence - Radio Roumanie Internationale","og_description":"Lanc\u00e9 en 2009, dans le but de soutenir et d\u2019encourager les r\u00e9formes d\u00e9mocratiques en Arm\u00e9nie, Azerba\u00efdjan, au Belarus, en G\u00e9orgie, en R\u00e9publique de Moldova et en Ukraine, le Partenariat oriental a \u00e9galement permis au bloc communautaire d\u2019appuyer leur d\u00e9veloppement \u00e9conomique et de l\u2019approfondir gr\u00e2ce \u00e0 la signature, il y a cinq ans, par Chisinau, Kiev [&hellip;]","og_url":"https:\/\/www.rri.ro\/fr\/actualites\/les-dossiers-de-lactualite\/le-partenariat-oriental-dix-ans-dexistence-id400035.html","og_site_name":"Radio Roumanie Internationale","article_published_time":"2019-05-14T10:14:00+00:00","og_image":[{"width":640,"height":426,"url":"https:\/\/www.rri.ro\/wp-content\/uploads\/2023\/10\/melescanu-steagroue-mae-ro.jpg","type":"image\/jpeg"}],"author":"Bogdan Matei","twitter_card":"summary_large_image","twitter_misc":{"\u00c9crit par":"Bogdan Matei","Dur\u00e9e de lecture estim\u00e9e":"3 minutes","Written by":"Bogdan Matei"},"schema":{"@context":"https:\/\/schema.org","@graph":[{"@type":"Article","@id":"https:\/\/www.rri.ro\/fr\/actualites\/les-dossiers-de-lactualite\/le-partenariat-oriental-dix-ans-dexistence-id400035.html#article","isPartOf":{"@id":"https:\/\/www.rri.ro\/fr\/actualites\/les-dossiers-de-lactualite\/le-partenariat-oriental-dix-ans-dexistence-id400035.html"},"author":{"name":"Bogdan Matei","@id":"https:\/\/www.rri.ro\/#\/schema\/person\/0ed327d40678578e6dbb840527e3ba32"},"headline":"Le Partenariat oriental, dix ans d\u2019existence","datePublished":"2019-05-14T10:14:00+00:00","mainEntityOfPage":{"@id":"https:\/\/www.rri.ro\/fr\/actualites\/les-dossiers-de-lactualite\/le-partenariat-oriental-dix-ans-dexistence-id400035.html"},"wordCount":508,"image":{"@id":"https:\/\/www.rri.ro\/fr\/actualites\/les-dossiers-de-lactualite\/le-partenariat-oriental-dix-ans-dexistence-id400035.html#primaryimage"},"thumbnailUrl":"https:\/\/www.rri.ro\/wp-content\/uploads\/2023\/10\/melescanu-steagroue-mae-ro.jpg","keywords":["Europe de l'Est","Partenariat oriental","R\u00e9publique de Moldova","s\u00e9curit\u00e9","Teodor Mele\u015fcanu","Ukraine"],"articleSection":["Les dossiers de l'actualit\u00e9"],"inLanguage":"fr-FR"},{"@type":"WebPage","@id":"https:\/\/www.rri.ro\/fr\/actualites\/les-dossiers-de-lactualite\/le-partenariat-oriental-dix-ans-dexistence-id400035.html","url":"https:\/\/www.rri.ro\/fr\/actualites\/les-dossiers-de-lactualite\/le-partenariat-oriental-dix-ans-dexistence-id400035.html","name":"Le Partenariat oriental, dix ans d\u2019existence - Radio Roumanie Internationale","isPartOf":{"@id":"https:\/\/www.rri.ro\/#website"},"primaryImageOfPage":{"@id":"https:\/\/www.rri.ro\/fr\/actualites\/les-dossiers-de-lactualite\/le-partenariat-oriental-dix-ans-dexistence-id400035.html#primaryimage"},"image":{"@id":"https:\/\/www.rri.ro\/fr\/actualites\/les-dossiers-de-lactualite\/le-partenariat-oriental-dix-ans-dexistence-id400035.html#primaryimage"},"thumbnailUrl":"https:\/\/www.rri.ro\/wp-content\/uploads\/2023\/10\/melescanu-steagroue-mae-ro.jpg","datePublished":"2019-05-14T10:14:00+00:00","author":{"@id":"https:\/\/www.rri.ro\/#\/schema\/person\/0ed327d40678578e6dbb840527e3ba32"},"breadcrumb":{"@id":"https:\/\/www.rri.ro\/fr\/actualites\/les-dossiers-de-lactualite\/le-partenariat-oriental-dix-ans-dexistence-id400035.html#breadcrumb"},"inLanguage":"fr-FR","potentialAction":[{"@type":"ReadAction","target":["https:\/\/www.rri.ro\/fr\/actualites\/les-dossiers-de-lactualite\/le-partenariat-oriental-dix-ans-dexistence-id400035.html"]}]},{"@type":"ImageObject","inLanguage":"fr-FR","@id":"https:\/\/www.rri.ro\/fr\/actualites\/les-dossiers-de-lactualite\/le-partenariat-oriental-dix-ans-dexistence-id400035.html#primaryimage","url":"https:\/\/www.rri.ro\/wp-content\/uploads\/2023\/10\/melescanu-steagroue-mae-ro.jpg","contentUrl":"https:\/\/www.rri.ro\/wp-content\/uploads\/2023\/10\/melescanu-steagroue-mae-ro.jpg","width":640,"height":426},{"@type":"BreadcrumbList","@id":"https:\/\/www.rri.ro\/fr\/actualites\/les-dossiers-de-lactualite\/le-partenariat-oriental-dix-ans-dexistence-id400035.html#breadcrumb","itemListElement":[{"@type":"ListItem","position":1,"name":"Page d'accueil","item":"https:\/\/www.rri.ro\/fr"},{"@type":"ListItem","position":2,"name":"Actualit\u00e9s","item":"https:\/\/www.rri.ro\/fr\/actualites"},{"@type":"ListItem","position":3,"name":"Les dossiers de l'actualit\u00e9","item":"https:\/\/www.rri.ro\/fr\/actualites\/les-dossiers-de-lactualite"},{"@type":"ListItem","position":4,"name":"Le Partenariat oriental, dix ans d\u2019existence"}]},{"@type":"WebSite","@id":"https:\/\/www.rri.ro\/#website","url":"https:\/\/www.rri.ro\/","name":"Radio Roumanie Internationale","description":"Totul despre Rom\u00e2nia \u015fi rom\u00e2ni, \u00een 13 limbi\/dialecte!","inLanguage":"fr-FR"},{"@type":"Person","@id":"https:\/\/www.rri.ro\/#\/schema\/person\/0ed327d40678578e6dbb840527e3ba32","name":"Bogdan Matei","url":"https:\/\/www.rri.ro\/fr\/author\/bogdan-matei"}]}},"_links":{"self":[{"href":"https:\/\/www.rri.ro\/fr\/wp-json\/wp\/v2\/posts\/400035","targetHints":{"allow":["GET"]}}],"collection":[{"href":"https:\/\/www.rri.ro\/fr\/wp-json\/wp\/v2\/posts"}],"about":[{"href":"https:\/\/www.rri.ro\/fr\/wp-json\/wp\/v2\/types\/post"}],"author":[{"embeddable":true,"href":"https:\/\/www.rri.ro\/fr\/wp-json\/wp\/v2\/users\/105"}],"replies":[{"embeddable":true,"href":"https:\/\/www.rri.ro\/fr\/wp-json\/wp\/v2\/comments?post=400035"}],"version-history":[{"count":0,"href":"https:\/\/www.rri.ro\/fr\/wp-json\/wp\/v2\/posts\/400035\/revisions"}],"wp:featuredmedia":[{"embeddable":true,"href":"https:\/\/www.rri.ro\/fr\/wp-json\/wp\/v2\/media\/81790"}],"wp:attachment":[{"href":"https:\/\/www.rri.ro\/fr\/wp-json\/wp\/v2\/media?parent=400035"}],"wp:term":[{"taxonomy":"category","embeddable":true,"href":"https:\/\/www.rri.ro\/fr\/wp-json\/wp\/v2\/categories?post=400035"},{"taxonomy":"post_tag","embeddable":true,"href":"https:\/\/www.rri.ro\/fr\/wp-json\/wp\/v2\/tags?post=400035"},{"taxonomy":"author","embeddable":true,"href":"https:\/\/www.rri.ro\/fr\/wp-json\/wp\/v2\/coauthors?post=400035"}],"curies":[{"name":"wp","href":"https:\/\/api.w.org\/{rel}","templated":true}]}}