{"id":400361,"date":"2020-07-21T12:38:00","date_gmt":"2020-07-21T09:38:00","guid":{"rendered":"http:\/\/devrri.freshlemon.ro\/le-roumain-mot-a-mot\/consulter-les-lecons\/un-accord-pour-leurope-id400361.html"},"modified":"2020-07-21T12:38:00","modified_gmt":"2020-07-21T09:38:00","slug":"un-accord-pour-leurope","status":"publish","type":"post","link":"https:\/\/www.rri.ro\/fr\/actualites\/les-dossiers-de-lactualite\/un-accord-pour-leurope-id400361.html","title":{"rendered":"Un accord pour l\u2019Europe"},"content":{"rendered":"<p>Fum\u00e9e blanche, mardi matin, \u00e0 Bruxelles : les leaders des 27 ont convenu d&rsquo;un plan jug\u00e9 historique, qui devrait remettre l&rsquo;\u00e9conomie sur les rails, apr\u00e8s la crise g\u00e9n\u00e9r\u00e9e par le coronavirus. Il a fallu quatre jours et quatre nuits de n\u00e9gociations acharn\u00e9es, d\u00e9marr\u00e9es vendredi, pour que les chefs d&rsquo;Etat et de gouvernement de l&rsquo;UE scellent cet accord. <em class=cms-italic>\u00ab Deal ! \u00bb<\/em> a twitt\u00e9 le pr\u00e9sident du Conseil europ\u00e9en, Charles Michel. <em class=cms-italic>\u00ab Jour historique pour l&rsquo;Europe \u00bb<\/em> a \u00e9galement post\u00e9 sur Facebook le pr\u00e9sident fran\u00e7ais Emmanuel Macron, alors que la chanceli\u00e8re allemande Angela Merkel s&rsquo;est d\u00e9clar\u00e9e <em class=cms-italic>\u00ab tr\u00e8s soulag\u00e9e \u00bb<\/em>.<\/p>\n<p><\/p>\n<p>Au centre d&rsquo;amples d\u00e9bats entre le bin\u00f4me franco-allemand et les soi-disant pays \u00ab frugaux \u00bb, moins touch\u00e9s par la pand\u00e9mie et par cons\u00e9quent moins d\u00e9termin\u00e9s \u00e0 participer \u00e0 l&rsquo;effort g\u00e9n\u00e9ral, ce plan de relance de 750 milliards d&rsquo;euros, qui repose pour la premi\u00e8re fois sur une dette commune, s&rsquo;ajoute au budget pluriannuel, de 1074 milliards d&rsquo;euros, de l&rsquo;Union pour la p\u00e9riode 2021 &#8211; 2027. <\/p>\n<p><\/p>\n<p>C&rsquo;est la Commission europ\u00e9enne qui empruntera les 750 milliards d&rsquo;euros sur les march\u00e9s financiers. 390 milliards de subventions seront allou\u00e9s aux Etats les plus touch\u00e9s par la crise sanitaire et ce sont tous les 27 qui rembourseront la dette. Les autres 360 milliards d&rsquo;euros constitueront des pr\u00eats accord\u00e9s aux Etats qui en demandent et qui rembourseront individuellement leur dette. <\/p>\n<p><\/p>\n<p>Selon le pr\u00e9sident roumain Klaus Iohannis, la Roumanie b\u00e9n\u00e9ficiera de pr\u00e8s de 80 milliards d&rsquo;euros de financements. <em class=cms-italic>\u00ab Nous allons utiliser ce montant de 80 milliards pour refaire l&rsquo;infrastructure en Roumanie, pour construire des h\u00f4pitaux, des \u00e9coles, pour moderniser les grands syst\u00e8mes publics. Il est \u00e9galement tr\u00e8s important de savoir qu&rsquo;une partie importante de cet argent sera utilis\u00e9e \u00e0 relancer l&rsquo;\u00e9conomie. Je r\u00e9p\u00e8te le montant : 79.917 millions, soit 80.000 millions d&rsquo;euros, seront utilis\u00e9s pour mettre en \u0153uvre d&rsquo;un c\u00f4t\u00e9 le programme pour le budget pluriannuel 2021 &#8211; 2027, sur lequel nous travaillons d\u00e9j\u00e0 avec le gouvernement depuis janvier, et de l&rsquo;autre c\u00f4t\u00e9 le programme national de relance \u00e9conomique qui sera pr\u00e9sent\u00e9 \u00e0 la Commission europ\u00e9enne. Voil\u00e0 donc, que jusqu&rsquo;ici nous nous sommes bien pr\u00e9par\u00e9s et nous avons obtenu un tr\u00e8s beau r\u00e9sultat \u00bb<\/em>, a d\u00e9clar\u00e9 Klaus Iohannis. Et lui d&rsquo;ajouter que c&rsquo;\u00e9tait un jour important pour le projet europ\u00e9en et pour la Roumanie, qui va progresser ainsi, puisque cet argent doit \u00eatre utilis\u00e9 pour reconstruire le pays. <\/p>\n","protected":false},"excerpt":{"rendered":"<p>Fum\u00e9e blanche, mardi matin, \u00e0 Bruxelles : les leaders des 27 ont convenu d&rsquo;un plan jug\u00e9 historique, qui devrait remettre l&rsquo;\u00e9conomie sur les rails, apr\u00e8s la crise g\u00e9n\u00e9r\u00e9e par le coronavirus. Il a fallu quatre jours et quatre nuits de n\u00e9gociations acharn\u00e9es, d\u00e9marr\u00e9es vendredi, pour que les chefs d&rsquo;Etat et de gouvernement de l&rsquo;UE scellent [&hellip;]<\/p>\n","protected":false},"author":109,"featured_media":86331,"comment_status":"closed","ping_status":"closed","sticky":false,"template":"","format":"standard","meta":{"_acf_changed":false,"footnotes":""},"categories":[93377],"tags":[35339,147360,144283,88039,88110,143291],"coauthors":[],"class_list":["post-400361","post","type-post","status-publish","format-standard","has-post-thumbnail","hentry","category-les-dossiers-de-lactualite","tag-coronavirus","tag-credits-fr","tag-economie-fr","tag-relance","tag-sommet","tag-ue-fr"],"acf":[],"yoast_head":"<!-- This site is optimized with the Yoast SEO plugin v27.3 - https:\/\/yoast.com\/product\/yoast-seo-wordpress\/ -->\n<title>Un accord pour l\u2019Europe - Radio Roumanie Internationale<\/title>\n<meta name=\"robots\" content=\"index, follow, max-snippet:-1, max-image-preview:large, max-video-preview:-1\" \/>\n<link rel=\"canonical\" href=\"https:\/\/www.rri.ro\/fr\/actualites\/les-dossiers-de-lactualite\/un-accord-pour-leurope-id400361.html\" \/>\n<meta property=\"og:locale\" content=\"fr_FR\" \/>\n<meta property=\"og:type\" content=\"article\" \/>\n<meta property=\"og:title\" content=\"Un accord pour l\u2019Europe - Radio Roumanie Internationale\" \/>\n<meta property=\"og:description\" content=\"Fum\u00e9e blanche, mardi matin, \u00e0 Bruxelles : les leaders des 27 ont convenu d&rsquo;un plan jug\u00e9 historique, qui devrait remettre l&rsquo;\u00e9conomie sur les rails, apr\u00e8s la crise g\u00e9n\u00e9r\u00e9e par le coronavirus. Il a fallu quatre jours et quatre nuits de n\u00e9gociations acharn\u00e9es, d\u00e9marr\u00e9es vendredi, pour que les chefs d&rsquo;Etat et de gouvernement de l&rsquo;UE scellent [&hellip;]\" \/>\n<meta property=\"og:url\" content=\"https:\/\/www.rri.ro\/fr\/actualites\/les-dossiers-de-lactualite\/un-accord-pour-leurope-id400361.html\" \/>\n<meta property=\"og:site_name\" content=\"Radio Roumanie Internationale\" \/>\n<meta property=\"article:published_time\" content=\"2020-07-21T09:38:00+00:00\" \/>\n<meta property=\"og:image\" content=\"https:\/\/www.rri.ro\/wp-content\/uploads\/2023\/10\/klaus-iohannis-declaratii-de-final-consiliul-european-21-iulie-2020-foto-presidency.png\" \/>\n\t<meta property=\"og:image:width\" content=\"640\" \/>\n\t<meta property=\"og:image:height\" content=\"360\" \/>\n\t<meta property=\"og:image:type\" content=\"image\/png\" \/>\n<meta name=\"author\" content=\"Roxana Vasile\" \/>\n<meta name=\"twitter:card\" content=\"summary_large_image\" \/>\n<meta name=\"twitter:label1\" content=\"\u00c9crit par\" \/>\n\t<meta name=\"twitter:data1\" content=\"Roxana Vasile\" \/>\n\t<meta name=\"twitter:label2\" content=\"Dur\u00e9e de lecture estim\u00e9e\" \/>\n\t<meta name=\"twitter:data2\" content=\"2 minutes\" \/>\n\t<meta name=\"twitter:label3\" content=\"Written by\" \/>\n\t<meta name=\"twitter:data3\" content=\"Roxana Vasile\" \/>\n<script type=\"application\/ld+json\" class=\"yoast-schema-graph\">{\"@context\":\"https:\\\/\\\/schema.org\",\"@graph\":[{\"@type\":\"Article\",\"@id\":\"https:\\\/\\\/www.rri.ro\\\/fr\\\/actualites\\\/les-dossiers-de-lactualite\\\/un-accord-pour-leurope-id400361.html#article\",\"isPartOf\":{\"@id\":\"https:\\\/\\\/www.rri.ro\\\/fr\\\/actualites\\\/les-dossiers-de-lactualite\\\/un-accord-pour-leurope-id400361.html\"},\"author\":{\"name\":\"Roxana Vasile\",\"@id\":\"https:\\\/\\\/www.rri.ro\\\/#\\\/schema\\\/person\\\/0745b519f2d1287783422f162c4112af\"},\"headline\":\"Un accord pour l\u2019Europe\",\"datePublished\":\"2020-07-21T09:38:00+00:00\",\"mainEntityOfPage\":{\"@id\":\"https:\\\/\\\/www.rri.ro\\\/fr\\\/actualites\\\/les-dossiers-de-lactualite\\\/un-accord-pour-leurope-id400361.html\"},\"wordCount\":444,\"image\":{\"@id\":\"https:\\\/\\\/www.rri.ro\\\/fr\\\/actualites\\\/les-dossiers-de-lactualite\\\/un-accord-pour-leurope-id400361.html#primaryimage\"},\"thumbnailUrl\":\"https:\\\/\\\/www.rri.ro\\\/wp-content\\\/uploads\\\/2023\\\/10\\\/klaus-iohannis-declaratii-de-final-consiliul-european-21-iulie-2020-foto-presidency.png\",\"keywords\":[\"coronavirus\",\"credits\",\"economie\",\"relance\",\"sommet\",\"UE\"],\"articleSection\":[\"Les dossiers de l'actualit\u00e9\"],\"inLanguage\":\"fr-FR\"},{\"@type\":\"WebPage\",\"@id\":\"https:\\\/\\\/www.rri.ro\\\/fr\\\/actualites\\\/les-dossiers-de-lactualite\\\/un-accord-pour-leurope-id400361.html\",\"url\":\"https:\\\/\\\/www.rri.ro\\\/fr\\\/actualites\\\/les-dossiers-de-lactualite\\\/un-accord-pour-leurope-id400361.html\",\"name\":\"Un accord pour l\u2019Europe - Radio Roumanie Internationale\",\"isPartOf\":{\"@id\":\"https:\\\/\\\/www.rri.ro\\\/#website\"},\"primaryImageOfPage\":{\"@id\":\"https:\\\/\\\/www.rri.ro\\\/fr\\\/actualites\\\/les-dossiers-de-lactualite\\\/un-accord-pour-leurope-id400361.html#primaryimage\"},\"image\":{\"@id\":\"https:\\\/\\\/www.rri.ro\\\/fr\\\/actualites\\\/les-dossiers-de-lactualite\\\/un-accord-pour-leurope-id400361.html#primaryimage\"},\"thumbnailUrl\":\"https:\\\/\\\/www.rri.ro\\\/wp-content\\\/uploads\\\/2023\\\/10\\\/klaus-iohannis-declaratii-de-final-consiliul-european-21-iulie-2020-foto-presidency.png\",\"datePublished\":\"2020-07-21T09:38:00+00:00\",\"author\":{\"@id\":\"https:\\\/\\\/www.rri.ro\\\/#\\\/schema\\\/person\\\/0745b519f2d1287783422f162c4112af\"},\"breadcrumb\":{\"@id\":\"https:\\\/\\\/www.rri.ro\\\/fr\\\/actualites\\\/les-dossiers-de-lactualite\\\/un-accord-pour-leurope-id400361.html#breadcrumb\"},\"inLanguage\":\"fr-FR\",\"potentialAction\":[{\"@type\":\"ReadAction\",\"target\":[\"https:\\\/\\\/www.rri.ro\\\/fr\\\/actualites\\\/les-dossiers-de-lactualite\\\/un-accord-pour-leurope-id400361.html\"]}]},{\"@type\":\"ImageObject\",\"inLanguage\":\"fr-FR\",\"@id\":\"https:\\\/\\\/www.rri.ro\\\/fr\\\/actualites\\\/les-dossiers-de-lactualite\\\/un-accord-pour-leurope-id400361.html#primaryimage\",\"url\":\"https:\\\/\\\/www.rri.ro\\\/wp-content\\\/uploads\\\/2023\\\/10\\\/klaus-iohannis-declaratii-de-final-consiliul-european-21-iulie-2020-foto-presidency.png\",\"contentUrl\":\"https:\\\/\\\/www.rri.ro\\\/wp-content\\\/uploads\\\/2023\\\/10\\\/klaus-iohannis-declaratii-de-final-consiliul-european-21-iulie-2020-foto-presidency.png\",\"width\":640,\"height\":360},{\"@type\":\"BreadcrumbList\",\"@id\":\"https:\\\/\\\/www.rri.ro\\\/fr\\\/actualites\\\/les-dossiers-de-lactualite\\\/un-accord-pour-leurope-id400361.html#breadcrumb\",\"itemListElement\":[{\"@type\":\"ListItem\",\"position\":1,\"name\":\"Page d'accueil\",\"item\":\"https:\\\/\\\/www.rri.ro\\\/fr\"},{\"@type\":\"ListItem\",\"position\":2,\"name\":\"Actualit\u00e9s\",\"item\":\"https:\\\/\\\/www.rri.ro\\\/fr\\\/actualites\"},{\"@type\":\"ListItem\",\"position\":3,\"name\":\"Les dossiers de l'actualit\u00e9\",\"item\":\"https:\\\/\\\/www.rri.ro\\\/fr\\\/actualites\\\/les-dossiers-de-lactualite\"},{\"@type\":\"ListItem\",\"position\":4,\"name\":\"Un accord pour l\u2019Europe\"}]},{\"@type\":\"WebSite\",\"@id\":\"https:\\\/\\\/www.rri.ro\\\/#website\",\"url\":\"https:\\\/\\\/www.rri.ro\\\/\",\"name\":\"Radio Roumanie Internationale\",\"description\":\"Totul despre Rom\u00e2nia \u015fi rom\u00e2ni, \u00een 13 limbi\\\/dialecte!\",\"inLanguage\":\"fr-FR\"},{\"@type\":\"Person\",\"@id\":\"https:\\\/\\\/www.rri.ro\\\/#\\\/schema\\\/person\\\/0745b519f2d1287783422f162c4112af\",\"name\":\"Roxana Vasile\",\"url\":\"https:\\\/\\\/www.rri.ro\\\/fr\\\/author\\\/roxana-vasile\"}]}<\/script>\n<!-- \/ Yoast SEO plugin. -->","yoast_head_json":{"title":"Un accord pour l\u2019Europe - Radio Roumanie Internationale","robots":{"index":"index","follow":"follow","max-snippet":"max-snippet:-1","max-image-preview":"max-image-preview:large","max-video-preview":"max-video-preview:-1"},"canonical":"https:\/\/www.rri.ro\/fr\/actualites\/les-dossiers-de-lactualite\/un-accord-pour-leurope-id400361.html","og_locale":"fr_FR","og_type":"article","og_title":"Un accord pour l\u2019Europe - Radio Roumanie Internationale","og_description":"Fum\u00e9e blanche, mardi matin, \u00e0 Bruxelles : les leaders des 27 ont convenu d&rsquo;un plan jug\u00e9 historique, qui devrait remettre l&rsquo;\u00e9conomie sur les rails, apr\u00e8s la crise g\u00e9n\u00e9r\u00e9e par le coronavirus. Il a fallu quatre jours et quatre nuits de n\u00e9gociations acharn\u00e9es, d\u00e9marr\u00e9es vendredi, pour que les chefs d&rsquo;Etat et de gouvernement de l&rsquo;UE scellent [&hellip;]","og_url":"https:\/\/www.rri.ro\/fr\/actualites\/les-dossiers-de-lactualite\/un-accord-pour-leurope-id400361.html","og_site_name":"Radio Roumanie Internationale","article_published_time":"2020-07-21T09:38:00+00:00","og_image":[{"width":640,"height":360,"url":"https:\/\/www.rri.ro\/wp-content\/uploads\/2023\/10\/klaus-iohannis-declaratii-de-final-consiliul-european-21-iulie-2020-foto-presidency.png","type":"image\/png"}],"author":"Roxana Vasile","twitter_card":"summary_large_image","twitter_misc":{"\u00c9crit par":"Roxana Vasile","Dur\u00e9e de lecture estim\u00e9e":"2 minutes","Written by":"Roxana Vasile"},"schema":{"@context":"https:\/\/schema.org","@graph":[{"@type":"Article","@id":"https:\/\/www.rri.ro\/fr\/actualites\/les-dossiers-de-lactualite\/un-accord-pour-leurope-id400361.html#article","isPartOf":{"@id":"https:\/\/www.rri.ro\/fr\/actualites\/les-dossiers-de-lactualite\/un-accord-pour-leurope-id400361.html"},"author":{"name":"Roxana Vasile","@id":"https:\/\/www.rri.ro\/#\/schema\/person\/0745b519f2d1287783422f162c4112af"},"headline":"Un accord pour l\u2019Europe","datePublished":"2020-07-21T09:38:00+00:00","mainEntityOfPage":{"@id":"https:\/\/www.rri.ro\/fr\/actualites\/les-dossiers-de-lactualite\/un-accord-pour-leurope-id400361.html"},"wordCount":444,"image":{"@id":"https:\/\/www.rri.ro\/fr\/actualites\/les-dossiers-de-lactualite\/un-accord-pour-leurope-id400361.html#primaryimage"},"thumbnailUrl":"https:\/\/www.rri.ro\/wp-content\/uploads\/2023\/10\/klaus-iohannis-declaratii-de-final-consiliul-european-21-iulie-2020-foto-presidency.png","keywords":["coronavirus","credits","economie","relance","sommet","UE"],"articleSection":["Les dossiers de l'actualit\u00e9"],"inLanguage":"fr-FR"},{"@type":"WebPage","@id":"https:\/\/www.rri.ro\/fr\/actualites\/les-dossiers-de-lactualite\/un-accord-pour-leurope-id400361.html","url":"https:\/\/www.rri.ro\/fr\/actualites\/les-dossiers-de-lactualite\/un-accord-pour-leurope-id400361.html","name":"Un accord pour l\u2019Europe - Radio Roumanie Internationale","isPartOf":{"@id":"https:\/\/www.rri.ro\/#website"},"primaryImageOfPage":{"@id":"https:\/\/www.rri.ro\/fr\/actualites\/les-dossiers-de-lactualite\/un-accord-pour-leurope-id400361.html#primaryimage"},"image":{"@id":"https:\/\/www.rri.ro\/fr\/actualites\/les-dossiers-de-lactualite\/un-accord-pour-leurope-id400361.html#primaryimage"},"thumbnailUrl":"https:\/\/www.rri.ro\/wp-content\/uploads\/2023\/10\/klaus-iohannis-declaratii-de-final-consiliul-european-21-iulie-2020-foto-presidency.png","datePublished":"2020-07-21T09:38:00+00:00","author":{"@id":"https:\/\/www.rri.ro\/#\/schema\/person\/0745b519f2d1287783422f162c4112af"},"breadcrumb":{"@id":"https:\/\/www.rri.ro\/fr\/actualites\/les-dossiers-de-lactualite\/un-accord-pour-leurope-id400361.html#breadcrumb"},"inLanguage":"fr-FR","potentialAction":[{"@type":"ReadAction","target":["https:\/\/www.rri.ro\/fr\/actualites\/les-dossiers-de-lactualite\/un-accord-pour-leurope-id400361.html"]}]},{"@type":"ImageObject","inLanguage":"fr-FR","@id":"https:\/\/www.rri.ro\/fr\/actualites\/les-dossiers-de-lactualite\/un-accord-pour-leurope-id400361.html#primaryimage","url":"https:\/\/www.rri.ro\/wp-content\/uploads\/2023\/10\/klaus-iohannis-declaratii-de-final-consiliul-european-21-iulie-2020-foto-presidency.png","contentUrl":"https:\/\/www.rri.ro\/wp-content\/uploads\/2023\/10\/klaus-iohannis-declaratii-de-final-consiliul-european-21-iulie-2020-foto-presidency.png","width":640,"height":360},{"@type":"BreadcrumbList","@id":"https:\/\/www.rri.ro\/fr\/actualites\/les-dossiers-de-lactualite\/un-accord-pour-leurope-id400361.html#breadcrumb","itemListElement":[{"@type":"ListItem","position":1,"name":"Page d'accueil","item":"https:\/\/www.rri.ro\/fr"},{"@type":"ListItem","position":2,"name":"Actualit\u00e9s","item":"https:\/\/www.rri.ro\/fr\/actualites"},{"@type":"ListItem","position":3,"name":"Les dossiers de l'actualit\u00e9","item":"https:\/\/www.rri.ro\/fr\/actualites\/les-dossiers-de-lactualite"},{"@type":"ListItem","position":4,"name":"Un accord pour l\u2019Europe"}]},{"@type":"WebSite","@id":"https:\/\/www.rri.ro\/#website","url":"https:\/\/www.rri.ro\/","name":"Radio Roumanie Internationale","description":"Totul despre Rom\u00e2nia \u015fi rom\u00e2ni, \u00een 13 limbi\/dialecte!","inLanguage":"fr-FR"},{"@type":"Person","@id":"https:\/\/www.rri.ro\/#\/schema\/person\/0745b519f2d1287783422f162c4112af","name":"Roxana Vasile","url":"https:\/\/www.rri.ro\/fr\/author\/roxana-vasile"}]}},"_links":{"self":[{"href":"https:\/\/www.rri.ro\/fr\/wp-json\/wp\/v2\/posts\/400361","targetHints":{"allow":["GET"]}}],"collection":[{"href":"https:\/\/www.rri.ro\/fr\/wp-json\/wp\/v2\/posts"}],"about":[{"href":"https:\/\/www.rri.ro\/fr\/wp-json\/wp\/v2\/types\/post"}],"author":[{"embeddable":true,"href":"https:\/\/www.rri.ro\/fr\/wp-json\/wp\/v2\/users\/109"}],"replies":[{"embeddable":true,"href":"https:\/\/www.rri.ro\/fr\/wp-json\/wp\/v2\/comments?post=400361"}],"version-history":[{"count":0,"href":"https:\/\/www.rri.ro\/fr\/wp-json\/wp\/v2\/posts\/400361\/revisions"}],"wp:featuredmedia":[{"embeddable":true,"href":"https:\/\/www.rri.ro\/fr\/wp-json\/wp\/v2\/media\/86331"}],"wp:attachment":[{"href":"https:\/\/www.rri.ro\/fr\/wp-json\/wp\/v2\/media?parent=400361"}],"wp:term":[{"taxonomy":"category","embeddable":true,"href":"https:\/\/www.rri.ro\/fr\/wp-json\/wp\/v2\/categories?post=400361"},{"taxonomy":"post_tag","embeddable":true,"href":"https:\/\/www.rri.ro\/fr\/wp-json\/wp\/v2\/tags?post=400361"},{"taxonomy":"author","embeddable":true,"href":"https:\/\/www.rri.ro\/fr\/wp-json\/wp\/v2\/coauthors?post=400361"}],"curies":[{"name":"wp","href":"https:\/\/api.w.org\/{rel}","templated":true}]}}