{"id":400363,"date":"2020-07-23T00:32:00","date_gmt":"2020-07-22T21:32:00","guid":{"rendered":"http:\/\/devrri.freshlemon.ro\/le-roumain-mot-a-mot\/consulter-les-lecons\/bilan-inquietant-de-la-pandemie-id400363.html"},"modified":"2020-07-23T00:32:00","modified_gmt":"2020-07-22T21:32:00","slug":"bilan-inquietant-de-la-pandemie","status":"publish","type":"post","link":"https:\/\/www.rri.ro\/fr\/actualites\/les-dossiers-de-lactualite\/bilan-inquietant-de-la-pandemie-id400363.html","title":{"rendered":"Bilan inqui\u00e9tant de la pand\u00e9mie"},"content":{"rendered":"<p>Mercredi, dans le monde, le nombre des malades de Covid-19 a d\u00e9pass\u00e9 le seuil psychologique de 15 millions, tandis que 600.000 en avaient perdu la bataille contre la maladie. En revanche, il est r\u00e9jouissant de constater que les malades qui ont gu\u00e9ri sont de plus en plus nombreux, ce chiffre \u00e9tant actuellement de pr\u00e8s de 10 millions de personnes. Les Etats-Unis, l&rsquo;Inde, la Russie et l&rsquo;Afrique du Sud, mais aussi des pays d&rsquo;Am\u00e9rique latine &#8211; le Br\u00e9sil, le P\u00e9rou et le Chili &#8211; figurent dans un dramatique \u00ab top 10 \u00bb des pays les plus touch\u00e9s par la pand\u00e9mie. <\/p>\n<p><\/p>\n<p>L&rsquo;Europe, qui semblait avoir ma\u00eetris\u00e9 la crise sanitaire, envisage \u00e0 nouveau d&rsquo;imposer des restrictions, en raison des probl\u00e8mes provoqu\u00e9s par la reprise de l&rsquo;activit\u00e9 touristique estivale dans certains Etats. Si on fait une comparaison avec d&rsquo;autres pays, la Roumanie ne va pas si mal que \u00e7a! Le nombre des personnes infect\u00e9es, enregistr\u00e9es depuis le d\u00e9but de la crise il y a cinq mois, a d\u00e9pass\u00e9, mercredi, le seuil psychologique de 40.000, dont environ 25.000 ont gu\u00e9ri. Cependant, c&rsquo;est toujours mercredi que, pour la premi\u00e8re fois, le nombre de nouveaux cas d\u00e9pist\u00e9s en 24 heures a \u00e9t\u00e9 d&rsquo;un millier sur 25.000 tests effectu\u00e9s. Malheureusement, le bilan des d\u00e9c\u00e8s enregistr\u00e9s depuis cinq mois s&rsquo;\u00e9l\u00e8ve \u00e0 plus de 2.100. <\/p>\n<p><\/p>\n<p>Dans ce contexte, le ministre roumain de la sant\u00e9, Nelu T\u0103taru, d\u00e9clare qu&rsquo;\u00e0 l&rsquo;heure qu&rsquo;il est, la Roumanie n&rsquo;envisage pas de r\u00e9imposer l&rsquo;\u00e9tat d&rsquo;urgence, mais que le moment est difficile: <em class=cms-italic>\u00ab Ce sera difficile tant que nous avons ces courants qui nient l&rsquo;existence du virus ou qui discr\u00e9ditent les trois ou quatre mois d&rsquo;efforts communs, lorsque tout le monde a respect\u00e9 un paquet de r\u00e8gles. Ce que nous devons faire, nous &#8211; le minist\u00e8re de la sant\u00e9, et vous, les m\u00e9dias, c&rsquo;est de mettre en images tout ce qu&rsquo;il se passe ainsi que le vrai visage de l&rsquo;infection au coronavirus. Nous traversons un moment difficile. S&rsquo;il ne s&rsquo;agissait que de nous, on aurait pu dire que nous \u00e9tions subjectifs. Mais \u00e0 regarder l&rsquo;Europe enti\u00e8re et le monde entier, ce n&rsquo;est pas une question de subjectivit\u00e9. \u00bb<\/em>, a affirm\u00e9 le ministre de la sant\u00e9. <\/p>\n<p><\/p>\n<p>Selon M. T\u0103taru, l&rsquo;\u00e9tat d&rsquo;alerte restera en vigueur en Roumanie jusqu&rsquo;\u00e0 ce le nombre de nouveaux cas d&rsquo;infection au SARS-CoV-2 connaisse une diminution constante. 132 centres de test de d\u00e9pistage sont en mesure de r\u00e9aliser actuellement 19-20.000 tests par jour au niveau national, mais cette capacit\u00e9 pourrait augmenter jusqu&rsquo;\u00e0 27-28.000 tests par jour. Chaque cas positif fera l&rsquo;objet, par la suite, d&rsquo;une enqu\u00eate \u00e9pid\u00e9miologique, pour d\u00e9pister les personnes qui sont entr\u00e9es en contact avec la personne infect\u00e9e. <\/p>\n<p><\/p>\n<p>L&rsquo;hospitalisation sera recommand\u00e9e dans le cas des patients qui ont des sympt\u00f4mes de la maladie, tandis que les asymptomatiques passeront 48 heures \u00e0 l&rsquo;h\u00f4pital pour des analyses suppl\u00e9mentaires, et seront ensuite plac\u00e9s en isolement \u00e0 domicile. Des m\u00e9decins et des infirmiers seront d\u00e9tach\u00e9s dans les \u00e9tablissements m\u00e9dicaux en manque de personnel soignant. Les autorit\u00e9s recommandent \u00e0 la population de continuer \u00e0 porter le masque dans les espaces publics clos, de bien se laver les mains et de respecter la distanciation physique. (Trad. Ileana \u0162\u0103roi)<\/p>\n","protected":false},"excerpt":{"rendered":"<p>Mercredi, dans le monde, le nombre des malades de Covid-19 a d\u00e9pass\u00e9 le seuil psychologique de 15 millions, tandis que 600.000 en avaient perdu la bataille contre la maladie. En revanche, il est r\u00e9jouissant de constater que les malades qui ont gu\u00e9ri sont de plus en plus nombreux, ce chiffre \u00e9tant actuellement de pr\u00e8s de [&hellip;]<\/p>\n","protected":false},"author":109,"featured_media":86120,"comment_status":"closed","ping_status":"closed","sticky":false,"template":"","format":"standard","meta":{"_acf_changed":false,"footnotes":""},"categories":[93377],"tags":[85939,35339,35374,153068,69174,86066],"coauthors":[],"class_list":["post-400363","post","type-post","status-publish","format-standard","has-post-thumbnail","hentry","category-les-dossiers-de-lactualite","tag-bilan","tag-coronavirus","tag-covid-19","tag-deces-fr","tag-maladie","tag-sante"],"acf":[],"yoast_head":"<!-- This site is optimized with the Yoast SEO plugin v27.3 - https:\/\/yoast.com\/product\/yoast-seo-wordpress\/ -->\n<title>Bilan inqui\u00e9tant de la pand\u00e9mie - Radio Roumanie Internationale<\/title>\n<meta name=\"robots\" content=\"index, follow, max-snippet:-1, max-image-preview:large, max-video-preview:-1\" \/>\n<link rel=\"canonical\" href=\"https:\/\/www.rri.ro\/fr\/actualites\/les-dossiers-de-lactualite\/bilan-inquietant-de-la-pandemie-id400363.html\" \/>\n<meta property=\"og:locale\" content=\"fr_FR\" \/>\n<meta property=\"og:type\" content=\"article\" \/>\n<meta property=\"og:title\" content=\"Bilan inqui\u00e9tant de la pand\u00e9mie - Radio Roumanie Internationale\" \/>\n<meta property=\"og:description\" content=\"Mercredi, dans le monde, le nombre des malades de Covid-19 a d\u00e9pass\u00e9 le seuil psychologique de 15 millions, tandis que 600.000 en avaient perdu la bataille contre la maladie. En revanche, il est r\u00e9jouissant de constater que les malades qui ont gu\u00e9ri sont de plus en plus nombreux, ce chiffre \u00e9tant actuellement de pr\u00e8s de [&hellip;]\" \/>\n<meta property=\"og:url\" content=\"https:\/\/www.rri.ro\/fr\/actualites\/les-dossiers-de-lactualite\/bilan-inquietant-de-la-pandemie-id400363.html\" \/>\n<meta property=\"og:site_name\" content=\"Radio Roumanie Internationale\" \/>\n<meta property=\"article:published_time\" content=\"2020-07-22T21:32:00+00:00\" \/>\n<meta property=\"og:image\" content=\"https:\/\/www.rri.ro\/wp-content\/uploads\/2023\/10\/pandemie-covid19-coronavirus-foto-pixabay-com.png\" \/>\n\t<meta property=\"og:image:width\" content=\"640\" \/>\n\t<meta property=\"og:image:height\" content=\"427\" \/>\n\t<meta property=\"og:image:type\" content=\"image\/png\" \/>\n<meta name=\"author\" content=\"Roxana Vasile\" \/>\n<meta name=\"twitter:card\" content=\"summary_large_image\" \/>\n<meta name=\"twitter:label1\" content=\"\u00c9crit par\" \/>\n\t<meta name=\"twitter:data1\" content=\"Roxana Vasile\" \/>\n\t<meta name=\"twitter:label2\" content=\"Dur\u00e9e de lecture estim\u00e9e\" \/>\n\t<meta name=\"twitter:data2\" content=\"3 minutes\" \/>\n\t<meta name=\"twitter:label3\" content=\"Written by\" \/>\n\t<meta name=\"twitter:data3\" content=\"Roxana Vasile\" \/>\n<script type=\"application\/ld+json\" class=\"yoast-schema-graph\">{\"@context\":\"https:\\\/\\\/schema.org\",\"@graph\":[{\"@type\":\"Article\",\"@id\":\"https:\\\/\\\/www.rri.ro\\\/fr\\\/actualites\\\/les-dossiers-de-lactualite\\\/bilan-inquietant-de-la-pandemie-id400363.html#article\",\"isPartOf\":{\"@id\":\"https:\\\/\\\/www.rri.ro\\\/fr\\\/actualites\\\/les-dossiers-de-lactualite\\\/bilan-inquietant-de-la-pandemie-id400363.html\"},\"author\":{\"name\":\"Roxana Vasile\",\"@id\":\"https:\\\/\\\/www.rri.ro\\\/#\\\/schema\\\/person\\\/0745b519f2d1287783422f162c4112af\"},\"headline\":\"Bilan inqui\u00e9tant de la pand\u00e9mie\",\"datePublished\":\"2020-07-22T21:32:00+00:00\",\"mainEntityOfPage\":{\"@id\":\"https:\\\/\\\/www.rri.ro\\\/fr\\\/actualites\\\/les-dossiers-de-lactualite\\\/bilan-inquietant-de-la-pandemie-id400363.html\"},\"wordCount\":586,\"image\":{\"@id\":\"https:\\\/\\\/www.rri.ro\\\/fr\\\/actualites\\\/les-dossiers-de-lactualite\\\/bilan-inquietant-de-la-pandemie-id400363.html#primaryimage\"},\"thumbnailUrl\":\"https:\\\/\\\/www.rri.ro\\\/wp-content\\\/uploads\\\/2023\\\/10\\\/pandemie-covid19-coronavirus-foto-pixabay-com.png\",\"keywords\":[\"bilan\",\"coronavirus\",\"Covid-19\",\"deces\",\"maladie\",\"sant\u00e9\"],\"articleSection\":[\"Les dossiers de l'actualit\u00e9\"],\"inLanguage\":\"fr-FR\"},{\"@type\":\"WebPage\",\"@id\":\"https:\\\/\\\/www.rri.ro\\\/fr\\\/actualites\\\/les-dossiers-de-lactualite\\\/bilan-inquietant-de-la-pandemie-id400363.html\",\"url\":\"https:\\\/\\\/www.rri.ro\\\/fr\\\/actualites\\\/les-dossiers-de-lactualite\\\/bilan-inquietant-de-la-pandemie-id400363.html\",\"name\":\"Bilan inqui\u00e9tant de la pand\u00e9mie - Radio Roumanie Internationale\",\"isPartOf\":{\"@id\":\"https:\\\/\\\/www.rri.ro\\\/#website\"},\"primaryImageOfPage\":{\"@id\":\"https:\\\/\\\/www.rri.ro\\\/fr\\\/actualites\\\/les-dossiers-de-lactualite\\\/bilan-inquietant-de-la-pandemie-id400363.html#primaryimage\"},\"image\":{\"@id\":\"https:\\\/\\\/www.rri.ro\\\/fr\\\/actualites\\\/les-dossiers-de-lactualite\\\/bilan-inquietant-de-la-pandemie-id400363.html#primaryimage\"},\"thumbnailUrl\":\"https:\\\/\\\/www.rri.ro\\\/wp-content\\\/uploads\\\/2023\\\/10\\\/pandemie-covid19-coronavirus-foto-pixabay-com.png\",\"datePublished\":\"2020-07-22T21:32:00+00:00\",\"author\":{\"@id\":\"https:\\\/\\\/www.rri.ro\\\/#\\\/schema\\\/person\\\/0745b519f2d1287783422f162c4112af\"},\"breadcrumb\":{\"@id\":\"https:\\\/\\\/www.rri.ro\\\/fr\\\/actualites\\\/les-dossiers-de-lactualite\\\/bilan-inquietant-de-la-pandemie-id400363.html#breadcrumb\"},\"inLanguage\":\"fr-FR\",\"potentialAction\":[{\"@type\":\"ReadAction\",\"target\":[\"https:\\\/\\\/www.rri.ro\\\/fr\\\/actualites\\\/les-dossiers-de-lactualite\\\/bilan-inquietant-de-la-pandemie-id400363.html\"]}]},{\"@type\":\"ImageObject\",\"inLanguage\":\"fr-FR\",\"@id\":\"https:\\\/\\\/www.rri.ro\\\/fr\\\/actualites\\\/les-dossiers-de-lactualite\\\/bilan-inquietant-de-la-pandemie-id400363.html#primaryimage\",\"url\":\"https:\\\/\\\/www.rri.ro\\\/wp-content\\\/uploads\\\/2023\\\/10\\\/pandemie-covid19-coronavirus-foto-pixabay-com.png\",\"contentUrl\":\"https:\\\/\\\/www.rri.ro\\\/wp-content\\\/uploads\\\/2023\\\/10\\\/pandemie-covid19-coronavirus-foto-pixabay-com.png\",\"width\":640,\"height\":427},{\"@type\":\"BreadcrumbList\",\"@id\":\"https:\\\/\\\/www.rri.ro\\\/fr\\\/actualites\\\/les-dossiers-de-lactualite\\\/bilan-inquietant-de-la-pandemie-id400363.html#breadcrumb\",\"itemListElement\":[{\"@type\":\"ListItem\",\"position\":1,\"name\":\"Page d'accueil\",\"item\":\"https:\\\/\\\/www.rri.ro\\\/fr\"},{\"@type\":\"ListItem\",\"position\":2,\"name\":\"Actualit\u00e9s\",\"item\":\"https:\\\/\\\/www.rri.ro\\\/fr\\\/actualites\"},{\"@type\":\"ListItem\",\"position\":3,\"name\":\"Les dossiers de l'actualit\u00e9\",\"item\":\"https:\\\/\\\/www.rri.ro\\\/fr\\\/actualites\\\/les-dossiers-de-lactualite\"},{\"@type\":\"ListItem\",\"position\":4,\"name\":\"Bilan inqui\u00e9tant de la pand\u00e9mie\"}]},{\"@type\":\"WebSite\",\"@id\":\"https:\\\/\\\/www.rri.ro\\\/#website\",\"url\":\"https:\\\/\\\/www.rri.ro\\\/\",\"name\":\"Radio Roumanie Internationale\",\"description\":\"Totul despre Rom\u00e2nia \u015fi rom\u00e2ni, \u00een 13 limbi\\\/dialecte!\",\"inLanguage\":\"fr-FR\"},{\"@type\":\"Person\",\"@id\":\"https:\\\/\\\/www.rri.ro\\\/#\\\/schema\\\/person\\\/0745b519f2d1287783422f162c4112af\",\"name\":\"Roxana Vasile\",\"url\":\"https:\\\/\\\/www.rri.ro\\\/fr\\\/author\\\/roxana-vasile\"}]}<\/script>\n<!-- \/ Yoast SEO plugin. -->","yoast_head_json":{"title":"Bilan inqui\u00e9tant de la pand\u00e9mie - Radio Roumanie Internationale","robots":{"index":"index","follow":"follow","max-snippet":"max-snippet:-1","max-image-preview":"max-image-preview:large","max-video-preview":"max-video-preview:-1"},"canonical":"https:\/\/www.rri.ro\/fr\/actualites\/les-dossiers-de-lactualite\/bilan-inquietant-de-la-pandemie-id400363.html","og_locale":"fr_FR","og_type":"article","og_title":"Bilan inqui\u00e9tant de la pand\u00e9mie - Radio Roumanie Internationale","og_description":"Mercredi, dans le monde, le nombre des malades de Covid-19 a d\u00e9pass\u00e9 le seuil psychologique de 15 millions, tandis que 600.000 en avaient perdu la bataille contre la maladie. En revanche, il est r\u00e9jouissant de constater que les malades qui ont gu\u00e9ri sont de plus en plus nombreux, ce chiffre \u00e9tant actuellement de pr\u00e8s de [&hellip;]","og_url":"https:\/\/www.rri.ro\/fr\/actualites\/les-dossiers-de-lactualite\/bilan-inquietant-de-la-pandemie-id400363.html","og_site_name":"Radio Roumanie Internationale","article_published_time":"2020-07-22T21:32:00+00:00","og_image":[{"width":640,"height":427,"url":"https:\/\/www.rri.ro\/wp-content\/uploads\/2023\/10\/pandemie-covid19-coronavirus-foto-pixabay-com.png","type":"image\/png"}],"author":"Roxana Vasile","twitter_card":"summary_large_image","twitter_misc":{"\u00c9crit par":"Roxana Vasile","Dur\u00e9e de lecture estim\u00e9e":"3 minutes","Written by":"Roxana Vasile"},"schema":{"@context":"https:\/\/schema.org","@graph":[{"@type":"Article","@id":"https:\/\/www.rri.ro\/fr\/actualites\/les-dossiers-de-lactualite\/bilan-inquietant-de-la-pandemie-id400363.html#article","isPartOf":{"@id":"https:\/\/www.rri.ro\/fr\/actualites\/les-dossiers-de-lactualite\/bilan-inquietant-de-la-pandemie-id400363.html"},"author":{"name":"Roxana Vasile","@id":"https:\/\/www.rri.ro\/#\/schema\/person\/0745b519f2d1287783422f162c4112af"},"headline":"Bilan inqui\u00e9tant de la pand\u00e9mie","datePublished":"2020-07-22T21:32:00+00:00","mainEntityOfPage":{"@id":"https:\/\/www.rri.ro\/fr\/actualites\/les-dossiers-de-lactualite\/bilan-inquietant-de-la-pandemie-id400363.html"},"wordCount":586,"image":{"@id":"https:\/\/www.rri.ro\/fr\/actualites\/les-dossiers-de-lactualite\/bilan-inquietant-de-la-pandemie-id400363.html#primaryimage"},"thumbnailUrl":"https:\/\/www.rri.ro\/wp-content\/uploads\/2023\/10\/pandemie-covid19-coronavirus-foto-pixabay-com.png","keywords":["bilan","coronavirus","Covid-19","deces","maladie","sant\u00e9"],"articleSection":["Les dossiers de l'actualit\u00e9"],"inLanguage":"fr-FR"},{"@type":"WebPage","@id":"https:\/\/www.rri.ro\/fr\/actualites\/les-dossiers-de-lactualite\/bilan-inquietant-de-la-pandemie-id400363.html","url":"https:\/\/www.rri.ro\/fr\/actualites\/les-dossiers-de-lactualite\/bilan-inquietant-de-la-pandemie-id400363.html","name":"Bilan inqui\u00e9tant de la pand\u00e9mie - Radio Roumanie Internationale","isPartOf":{"@id":"https:\/\/www.rri.ro\/#website"},"primaryImageOfPage":{"@id":"https:\/\/www.rri.ro\/fr\/actualites\/les-dossiers-de-lactualite\/bilan-inquietant-de-la-pandemie-id400363.html#primaryimage"},"image":{"@id":"https:\/\/www.rri.ro\/fr\/actualites\/les-dossiers-de-lactualite\/bilan-inquietant-de-la-pandemie-id400363.html#primaryimage"},"thumbnailUrl":"https:\/\/www.rri.ro\/wp-content\/uploads\/2023\/10\/pandemie-covid19-coronavirus-foto-pixabay-com.png","datePublished":"2020-07-22T21:32:00+00:00","author":{"@id":"https:\/\/www.rri.ro\/#\/schema\/person\/0745b519f2d1287783422f162c4112af"},"breadcrumb":{"@id":"https:\/\/www.rri.ro\/fr\/actualites\/les-dossiers-de-lactualite\/bilan-inquietant-de-la-pandemie-id400363.html#breadcrumb"},"inLanguage":"fr-FR","potentialAction":[{"@type":"ReadAction","target":["https:\/\/www.rri.ro\/fr\/actualites\/les-dossiers-de-lactualite\/bilan-inquietant-de-la-pandemie-id400363.html"]}]},{"@type":"ImageObject","inLanguage":"fr-FR","@id":"https:\/\/www.rri.ro\/fr\/actualites\/les-dossiers-de-lactualite\/bilan-inquietant-de-la-pandemie-id400363.html#primaryimage","url":"https:\/\/www.rri.ro\/wp-content\/uploads\/2023\/10\/pandemie-covid19-coronavirus-foto-pixabay-com.png","contentUrl":"https:\/\/www.rri.ro\/wp-content\/uploads\/2023\/10\/pandemie-covid19-coronavirus-foto-pixabay-com.png","width":640,"height":427},{"@type":"BreadcrumbList","@id":"https:\/\/www.rri.ro\/fr\/actualites\/les-dossiers-de-lactualite\/bilan-inquietant-de-la-pandemie-id400363.html#breadcrumb","itemListElement":[{"@type":"ListItem","position":1,"name":"Page d'accueil","item":"https:\/\/www.rri.ro\/fr"},{"@type":"ListItem","position":2,"name":"Actualit\u00e9s","item":"https:\/\/www.rri.ro\/fr\/actualites"},{"@type":"ListItem","position":3,"name":"Les dossiers de l'actualit\u00e9","item":"https:\/\/www.rri.ro\/fr\/actualites\/les-dossiers-de-lactualite"},{"@type":"ListItem","position":4,"name":"Bilan inqui\u00e9tant de la pand\u00e9mie"}]},{"@type":"WebSite","@id":"https:\/\/www.rri.ro\/#website","url":"https:\/\/www.rri.ro\/","name":"Radio Roumanie Internationale","description":"Totul despre Rom\u00e2nia \u015fi rom\u00e2ni, \u00een 13 limbi\/dialecte!","inLanguage":"fr-FR"},{"@type":"Person","@id":"https:\/\/www.rri.ro\/#\/schema\/person\/0745b519f2d1287783422f162c4112af","name":"Roxana Vasile","url":"https:\/\/www.rri.ro\/fr\/author\/roxana-vasile"}]}},"_links":{"self":[{"href":"https:\/\/www.rri.ro\/fr\/wp-json\/wp\/v2\/posts\/400363","targetHints":{"allow":["GET"]}}],"collection":[{"href":"https:\/\/www.rri.ro\/fr\/wp-json\/wp\/v2\/posts"}],"about":[{"href":"https:\/\/www.rri.ro\/fr\/wp-json\/wp\/v2\/types\/post"}],"author":[{"embeddable":true,"href":"https:\/\/www.rri.ro\/fr\/wp-json\/wp\/v2\/users\/109"}],"replies":[{"embeddable":true,"href":"https:\/\/www.rri.ro\/fr\/wp-json\/wp\/v2\/comments?post=400363"}],"version-history":[{"count":0,"href":"https:\/\/www.rri.ro\/fr\/wp-json\/wp\/v2\/posts\/400363\/revisions"}],"wp:featuredmedia":[{"embeddable":true,"href":"https:\/\/www.rri.ro\/fr\/wp-json\/wp\/v2\/media\/86120"}],"wp:attachment":[{"href":"https:\/\/www.rri.ro\/fr\/wp-json\/wp\/v2\/media?parent=400363"}],"wp:term":[{"taxonomy":"category","embeddable":true,"href":"https:\/\/www.rri.ro\/fr\/wp-json\/wp\/v2\/categories?post=400363"},{"taxonomy":"post_tag","embeddable":true,"href":"https:\/\/www.rri.ro\/fr\/wp-json\/wp\/v2\/tags?post=400363"},{"taxonomy":"author","embeddable":true,"href":"https:\/\/www.rri.ro\/fr\/wp-json\/wp\/v2\/coauthors?post=400363"}],"curies":[{"name":"wp","href":"https:\/\/api.w.org\/{rel}","templated":true}]}}