{"id":400394,"date":"2020-09-03T11:37:00","date_gmt":"2020-09-03T08:37:00","guid":{"rendered":"http:\/\/devrri.freshlemon.ro\/le-roumain-mot-a-mot\/consulter-les-lecons\/un-nouvel-appel-a-la-responsabilisation-id400394.html"},"modified":"2020-09-03T11:37:00","modified_gmt":"2020-09-03T08:37:00","slug":"un-nouvel-appel-a-la-responsabilisation","status":"publish","type":"post","link":"https:\/\/www.rri.ro\/fr\/actualites\/les-dossiers-de-lactualite\/un-nouvel-appel-a-la-responsabilisation-id400394.html","title":{"rendered":"Un nouvel appel \u00e0 la responsabilisation"},"content":{"rendered":"<p><p>Les statistiques sont implacables. Chaque jour, des&#13;<br \/>\ndizaines de Roumains succombent au nouveau coronavirus, tandis que le nombre de&#13;<br \/>\nnouveaux cas d&rsquo;infection d\u00e9passe un millier de personnes par jour, en semaine.&#13;<br \/>\nCe chiffre devient moins inqui\u00e9tant seulement le weekend quand le nombre de&#13;<br \/>\ntests de d\u00e9pistage baisse lui aussi. Dans ce contexte, le chef de l&rsquo;Etat, Klaus&#13;<br \/>\nIohannis, a de nouveau appel\u00e9 mercredi, la population \u00e0 respecter les mesures&#13;<br \/>\nde protection sanitaire. Partout dans le monde, les syst\u00e8mes de sant\u00e9 se sont&#13;<br \/>\nvu mettre une pression \u00e9norme et la Roumanie n&rsquo;y fait pas exception. <\/p>\n<p><\/p>\n<p>En&#13;<br \/>\nattendant qu&rsquo;un vaccin soit mis au point, les Roumains doivent prendre soin&#13;<br \/>\nd&rsquo;eux-m\u00eames et se prot\u00e9ger tout seuls, a encore affirm\u00e9 Klaus Iohannis :<\/p>\n<p>&#13;<br \/>\n&#13;<\/p>\n<p>\u00ab<em class=cms-italic> Chers&#13;<br \/>\ncompatriotes, continuez \u00e0 vous conduire d&rsquo;une fa\u00e7on responsable. Faute de&#13;<br \/>\nvaccin, il  n&rsquo;y a qu&rsquo;une seule barri\u00e8re&#13;<br \/>\ncontre ce virus : le soin que chacun d&rsquo;entre nous prend de soi-m\u00eame et des&#13;<br \/>\nautres. Prot\u00e9gez-vous en respectant les mesures bien connues : le port du&#13;<br \/>\nmasque, la distanciation et l&rsquo;hygi\u00e8ne des mains. \u00bb<\/em><\/p>\n<p>&#13;<br \/>\n&#13;<\/p>\n<p><\/p>\n<p>Pour les autorit\u00e9s, tout comme pour le syst\u00e8me m\u00e9dical et&#13;<br \/>\npour la population, l&rsquo;arriv\u00e9e de l&rsquo;automne implique un nouveau test&#13;<br \/>\nd&rsquo;endurance. D\u00e9j\u00e0 que les stations au bord de la mer ou \u00e0 la montagne affichent&#13;<br \/>\ntoujours complet, ce qui pourrait justifier, selon les experts, l&rsquo;explosion des&#13;<br \/>\ncas, ces derniers temps. A cela s&rsquo;ajoute la rentr\u00e9e scolaire qui approche et \u00e0&#13;<br \/>\npartir, de ce moment-l\u00e0, les mesures de distanciation seront encore plus difficiles&#13;<br \/>\n\u00e0 respecter. Enfin, les Roumains sont attendus aux urnes aussi bien le 27&#13;<br \/>\nseptembre, pour les \u00e9lections locales, qu&rsquo;en novembre, pour les l\u00e9gislatives. <\/p>\n<p><\/p>\n<p>Dans&#13;<br \/>\nson allocution, le pr\u00e9sident roumain plaide pour une rentr\u00e9e scolaire \u00e0 la date&#13;<br \/>\npr\u00e9vue, \u00e0 savoir le 14 septembre. Pourtant, a-t-il dit, si le nombre de cas de&#13;<br \/>\ncontamination augmente, les autorit\u00e9s remettront en place les mesures appliqu\u00e9es&#13;<br \/>\nau dernier semestre de l&rsquo;ann\u00e9e scolaire pr\u00e9c\u00e9dente. <\/p>\n<p>&#13;<br \/>\n&#13;<\/p>\n<p>\u00ab<em class=cms-italic> Nombreux&#13;<br \/>\nsont ceux qui se posent la question : et maintenant, qu&rsquo;est-ce qu&rsquo;on&#13;<br \/>\nfait ? Pour l&rsquo;instant, on fait confiance aux experts et aux&#13;<br \/>\n\u00e9pid\u00e9miologistes, selon lesquels les \u00e9coles peuvent rouvrir leurs portes \u00e0&#13;<br \/>\npartir du 14 septembre. En revanche, si, par malheur, on constate une&#13;<br \/>\nrecrudescence des cas d&rsquo;infection ou, pire, une hausse du nombre de personnes hospitalis\u00e9es&#13;<br \/>\nen soins intensifs, eh bien on pourrait recourir \u00e0 des formules d\u00e9j\u00e0 utilis\u00e9es,&#13;<br \/>\ntelles la formation \u00e0 distance ou les cours optionnels organis\u00e9s une fois par&#13;<br \/>\nan, lors de ce qu&rsquo;on l&rsquo;on appelle \u00ab la Semaine d\u00e9roul\u00e9e autrement \u00bb.&#13;<br \/>\nMais bon, esp\u00e9rons que ce ne sera pas le cas. <\/em>\u00bb a conclu le chef de l&rsquo;Etat.<\/p>\n<p>&#13;<br \/>\n&#13;<\/p>\n<p><\/p>\n<p>A l&rsquo;heure o\u00f9 l&rsquo;on parle, non seulement les responsables&#13;<br \/>\npolitiques de l&rsquo;opposition, mais aussi les syndicalistes de l&rsquo;Education et les&#13;<br \/>\nrepr\u00e9sentants des associations des \u00e9l\u00e8ves critiquent la mani\u00e8re dont le&#13;<br \/>\ngouvernement g\u00e8re la rentr\u00e9e scolaire. Les protestataires d\u00e9noncent l&rsquo;absence&#13;<br \/>\nde proc\u00e9dures claires et de mat\u00e9riel sanitaire n\u00e9cessaire en pleine pand\u00e9mie. (trad. Ioana Stancescu)<\/p>\n<p>&#13;<br \/>\n&#13;<br \/><\/p>\n","protected":false},"excerpt":{"rendered":"<p>Les statistiques sont implacables. Chaque jour, des&#13; dizaines de Roumains succombent au nouveau coronavirus, tandis que le nombre de&#13; nouveaux cas d&rsquo;infection d\u00e9passe un millier de personnes par jour, en semaine.&#13; Ce chiffre devient moins inqui\u00e9tant seulement le weekend quand le nombre de&#13; tests de d\u00e9pistage baisse lui aussi. Dans ce contexte, le chef de [&hellip;]<\/p>\n","protected":false},"author":105,"featured_media":86559,"comment_status":"closed","ping_status":"closed","sticky":false,"template":"","format":"standard","meta":{"_acf_changed":false,"footnotes":""},"categories":[93377],"tags":[35339,132394,88082,47026,86965],"coauthors":[],"class_list":["post-400394","post","type-post","status-publish","format-standard","has-post-thumbnail","hentry","category-les-dossiers-de-lactualite","tag-coronavirus","tag-elections-fr","tag-mesures","tag-pandemie","tag-rentree"],"acf":[],"yoast_head":"<!-- This site is optimized with the Yoast SEO plugin v27.3 - https:\/\/yoast.com\/product\/yoast-seo-wordpress\/ -->\n<title>Un nouvel appel \u00e0 la responsabilisation - Radio Roumanie Internationale<\/title>\n<meta name=\"robots\" content=\"index, follow, max-snippet:-1, max-image-preview:large, max-video-preview:-1\" \/>\n<link rel=\"canonical\" href=\"https:\/\/www.rri.ro\/fr\/actualites\/les-dossiers-de-lactualite\/un-nouvel-appel-a-la-responsabilisation-id400394.html\" \/>\n<meta property=\"og:locale\" content=\"fr_FR\" \/>\n<meta property=\"og:type\" content=\"article\" \/>\n<meta property=\"og:title\" content=\"Un nouvel appel \u00e0 la responsabilisation - Radio Roumanie Internationale\" \/>\n<meta property=\"og:description\" content=\"Les statistiques sont implacables. Chaque jour, des&#013; dizaines de Roumains succombent au nouveau coronavirus, tandis que le nombre de&#013; nouveaux cas d&rsquo;infection d\u00e9passe un millier de personnes par jour, en semaine.&#013; Ce chiffre devient moins inqui\u00e9tant seulement le weekend quand le nombre de&#013; tests de d\u00e9pistage baisse lui aussi. Dans ce contexte, le chef de [&hellip;]\" \/>\n<meta property=\"og:url\" content=\"https:\/\/www.rri.ro\/fr\/actualites\/les-dossiers-de-lactualite\/un-nouvel-appel-a-la-responsabilisation-id400394.html\" \/>\n<meta property=\"og:site_name\" content=\"Radio Roumanie Internationale\" \/>\n<meta property=\"article:published_time\" content=\"2020-09-03T08:37:00+00:00\" \/>\n<meta property=\"og:image\" content=\"https:\/\/www.rri.ro\/wp-content\/uploads\/2023\/10\/klaus-iohannis-la-cotroceni-foto-presidency-ro.png\" \/>\n\t<meta property=\"og:image:width\" content=\"640\" \/>\n\t<meta property=\"og:image:height\" content=\"360\" \/>\n\t<meta property=\"og:image:type\" content=\"image\/png\" \/>\n<meta name=\"author\" content=\"Bogdan Matei\" \/>\n<meta name=\"twitter:card\" content=\"summary_large_image\" \/>\n<meta name=\"twitter:label1\" content=\"\u00c9crit par\" \/>\n\t<meta name=\"twitter:data1\" content=\"Bogdan Matei\" \/>\n\t<meta name=\"twitter:label2\" content=\"Dur\u00e9e de lecture estim\u00e9e\" \/>\n\t<meta name=\"twitter:data2\" content=\"3 minutes\" \/>\n\t<meta name=\"twitter:label3\" content=\"Written by\" \/>\n\t<meta name=\"twitter:data3\" content=\"Bogdan Matei\" \/>\n<script type=\"application\/ld+json\" class=\"yoast-schema-graph\">{\"@context\":\"https:\\\/\\\/schema.org\",\"@graph\":[{\"@type\":\"Article\",\"@id\":\"https:\\\/\\\/www.rri.ro\\\/fr\\\/actualites\\\/les-dossiers-de-lactualite\\\/un-nouvel-appel-a-la-responsabilisation-id400394.html#article\",\"isPartOf\":{\"@id\":\"https:\\\/\\\/www.rri.ro\\\/fr\\\/actualites\\\/les-dossiers-de-lactualite\\\/un-nouvel-appel-a-la-responsabilisation-id400394.html\"},\"author\":{\"name\":\"Bogdan Matei\",\"@id\":\"https:\\\/\\\/www.rri.ro\\\/#\\\/schema\\\/person\\\/0ed327d40678578e6dbb840527e3ba32\"},\"headline\":\"Un nouvel appel \u00e0 la responsabilisation\",\"datePublished\":\"2020-09-03T08:37:00+00:00\",\"mainEntityOfPage\":{\"@id\":\"https:\\\/\\\/www.rri.ro\\\/fr\\\/actualites\\\/les-dossiers-de-lactualite\\\/un-nouvel-appel-a-la-responsabilisation-id400394.html\"},\"wordCount\":537,\"image\":{\"@id\":\"https:\\\/\\\/www.rri.ro\\\/fr\\\/actualites\\\/les-dossiers-de-lactualite\\\/un-nouvel-appel-a-la-responsabilisation-id400394.html#primaryimage\"},\"thumbnailUrl\":\"https:\\\/\\\/www.rri.ro\\\/wp-content\\\/uploads\\\/2023\\\/10\\\/klaus-iohannis-la-cotroceni-foto-presidency-ro.png\",\"keywords\":[\"coronavirus\",\"elections\",\"mesures\",\"pandemie\",\"rentr\u00e9e\"],\"articleSection\":[\"Les dossiers de l'actualit\u00e9\"],\"inLanguage\":\"fr-FR\"},{\"@type\":\"WebPage\",\"@id\":\"https:\\\/\\\/www.rri.ro\\\/fr\\\/actualites\\\/les-dossiers-de-lactualite\\\/un-nouvel-appel-a-la-responsabilisation-id400394.html\",\"url\":\"https:\\\/\\\/www.rri.ro\\\/fr\\\/actualites\\\/les-dossiers-de-lactualite\\\/un-nouvel-appel-a-la-responsabilisation-id400394.html\",\"name\":\"Un nouvel appel \u00e0 la responsabilisation - Radio Roumanie Internationale\",\"isPartOf\":{\"@id\":\"https:\\\/\\\/www.rri.ro\\\/#website\"},\"primaryImageOfPage\":{\"@id\":\"https:\\\/\\\/www.rri.ro\\\/fr\\\/actualites\\\/les-dossiers-de-lactualite\\\/un-nouvel-appel-a-la-responsabilisation-id400394.html#primaryimage\"},\"image\":{\"@id\":\"https:\\\/\\\/www.rri.ro\\\/fr\\\/actualites\\\/les-dossiers-de-lactualite\\\/un-nouvel-appel-a-la-responsabilisation-id400394.html#primaryimage\"},\"thumbnailUrl\":\"https:\\\/\\\/www.rri.ro\\\/wp-content\\\/uploads\\\/2023\\\/10\\\/klaus-iohannis-la-cotroceni-foto-presidency-ro.png\",\"datePublished\":\"2020-09-03T08:37:00+00:00\",\"author\":{\"@id\":\"https:\\\/\\\/www.rri.ro\\\/#\\\/schema\\\/person\\\/0ed327d40678578e6dbb840527e3ba32\"},\"breadcrumb\":{\"@id\":\"https:\\\/\\\/www.rri.ro\\\/fr\\\/actualites\\\/les-dossiers-de-lactualite\\\/un-nouvel-appel-a-la-responsabilisation-id400394.html#breadcrumb\"},\"inLanguage\":\"fr-FR\",\"potentialAction\":[{\"@type\":\"ReadAction\",\"target\":[\"https:\\\/\\\/www.rri.ro\\\/fr\\\/actualites\\\/les-dossiers-de-lactualite\\\/un-nouvel-appel-a-la-responsabilisation-id400394.html\"]}]},{\"@type\":\"ImageObject\",\"inLanguage\":\"fr-FR\",\"@id\":\"https:\\\/\\\/www.rri.ro\\\/fr\\\/actualites\\\/les-dossiers-de-lactualite\\\/un-nouvel-appel-a-la-responsabilisation-id400394.html#primaryimage\",\"url\":\"https:\\\/\\\/www.rri.ro\\\/wp-content\\\/uploads\\\/2023\\\/10\\\/klaus-iohannis-la-cotroceni-foto-presidency-ro.png\",\"contentUrl\":\"https:\\\/\\\/www.rri.ro\\\/wp-content\\\/uploads\\\/2023\\\/10\\\/klaus-iohannis-la-cotroceni-foto-presidency-ro.png\",\"width\":640,\"height\":360},{\"@type\":\"BreadcrumbList\",\"@id\":\"https:\\\/\\\/www.rri.ro\\\/fr\\\/actualites\\\/les-dossiers-de-lactualite\\\/un-nouvel-appel-a-la-responsabilisation-id400394.html#breadcrumb\",\"itemListElement\":[{\"@type\":\"ListItem\",\"position\":1,\"name\":\"Page d'accueil\",\"item\":\"https:\\\/\\\/www.rri.ro\\\/fr\"},{\"@type\":\"ListItem\",\"position\":2,\"name\":\"Actualit\u00e9s\",\"item\":\"https:\\\/\\\/www.rri.ro\\\/fr\\\/actualites\"},{\"@type\":\"ListItem\",\"position\":3,\"name\":\"Les dossiers de l'actualit\u00e9\",\"item\":\"https:\\\/\\\/www.rri.ro\\\/fr\\\/actualites\\\/les-dossiers-de-lactualite\"},{\"@type\":\"ListItem\",\"position\":4,\"name\":\"Un nouvel appel \u00e0 la responsabilisation\"}]},{\"@type\":\"WebSite\",\"@id\":\"https:\\\/\\\/www.rri.ro\\\/#website\",\"url\":\"https:\\\/\\\/www.rri.ro\\\/\",\"name\":\"Radio Roumanie Internationale\",\"description\":\"Totul despre Rom\u00e2nia \u015fi rom\u00e2ni, \u00een 13 limbi\\\/dialecte!\",\"inLanguage\":\"fr-FR\"},{\"@type\":\"Person\",\"@id\":\"https:\\\/\\\/www.rri.ro\\\/#\\\/schema\\\/person\\\/0ed327d40678578e6dbb840527e3ba32\",\"name\":\"Bogdan Matei\",\"url\":\"https:\\\/\\\/www.rri.ro\\\/fr\\\/author\\\/bogdan-matei\"}]}<\/script>\n<!-- \/ Yoast SEO plugin. -->","yoast_head_json":{"title":"Un nouvel appel \u00e0 la responsabilisation - Radio Roumanie Internationale","robots":{"index":"index","follow":"follow","max-snippet":"max-snippet:-1","max-image-preview":"max-image-preview:large","max-video-preview":"max-video-preview:-1"},"canonical":"https:\/\/www.rri.ro\/fr\/actualites\/les-dossiers-de-lactualite\/un-nouvel-appel-a-la-responsabilisation-id400394.html","og_locale":"fr_FR","og_type":"article","og_title":"Un nouvel appel \u00e0 la responsabilisation - Radio Roumanie Internationale","og_description":"Les statistiques sont implacables. Chaque jour, des&#13; dizaines de Roumains succombent au nouveau coronavirus, tandis que le nombre de&#13; nouveaux cas d&rsquo;infection d\u00e9passe un millier de personnes par jour, en semaine.&#13; Ce chiffre devient moins inqui\u00e9tant seulement le weekend quand le nombre de&#13; tests de d\u00e9pistage baisse lui aussi. Dans ce contexte, le chef de [&hellip;]","og_url":"https:\/\/www.rri.ro\/fr\/actualites\/les-dossiers-de-lactualite\/un-nouvel-appel-a-la-responsabilisation-id400394.html","og_site_name":"Radio Roumanie Internationale","article_published_time":"2020-09-03T08:37:00+00:00","og_image":[{"width":640,"height":360,"url":"https:\/\/www.rri.ro\/wp-content\/uploads\/2023\/10\/klaus-iohannis-la-cotroceni-foto-presidency-ro.png","type":"image\/png"}],"author":"Bogdan Matei","twitter_card":"summary_large_image","twitter_misc":{"\u00c9crit par":"Bogdan Matei","Dur\u00e9e de lecture estim\u00e9e":"3 minutes","Written by":"Bogdan Matei"},"schema":{"@context":"https:\/\/schema.org","@graph":[{"@type":"Article","@id":"https:\/\/www.rri.ro\/fr\/actualites\/les-dossiers-de-lactualite\/un-nouvel-appel-a-la-responsabilisation-id400394.html#article","isPartOf":{"@id":"https:\/\/www.rri.ro\/fr\/actualites\/les-dossiers-de-lactualite\/un-nouvel-appel-a-la-responsabilisation-id400394.html"},"author":{"name":"Bogdan Matei","@id":"https:\/\/www.rri.ro\/#\/schema\/person\/0ed327d40678578e6dbb840527e3ba32"},"headline":"Un nouvel appel \u00e0 la responsabilisation","datePublished":"2020-09-03T08:37:00+00:00","mainEntityOfPage":{"@id":"https:\/\/www.rri.ro\/fr\/actualites\/les-dossiers-de-lactualite\/un-nouvel-appel-a-la-responsabilisation-id400394.html"},"wordCount":537,"image":{"@id":"https:\/\/www.rri.ro\/fr\/actualites\/les-dossiers-de-lactualite\/un-nouvel-appel-a-la-responsabilisation-id400394.html#primaryimage"},"thumbnailUrl":"https:\/\/www.rri.ro\/wp-content\/uploads\/2023\/10\/klaus-iohannis-la-cotroceni-foto-presidency-ro.png","keywords":["coronavirus","elections","mesures","pandemie","rentr\u00e9e"],"articleSection":["Les dossiers de l'actualit\u00e9"],"inLanguage":"fr-FR"},{"@type":"WebPage","@id":"https:\/\/www.rri.ro\/fr\/actualites\/les-dossiers-de-lactualite\/un-nouvel-appel-a-la-responsabilisation-id400394.html","url":"https:\/\/www.rri.ro\/fr\/actualites\/les-dossiers-de-lactualite\/un-nouvel-appel-a-la-responsabilisation-id400394.html","name":"Un nouvel appel \u00e0 la responsabilisation - Radio Roumanie Internationale","isPartOf":{"@id":"https:\/\/www.rri.ro\/#website"},"primaryImageOfPage":{"@id":"https:\/\/www.rri.ro\/fr\/actualites\/les-dossiers-de-lactualite\/un-nouvel-appel-a-la-responsabilisation-id400394.html#primaryimage"},"image":{"@id":"https:\/\/www.rri.ro\/fr\/actualites\/les-dossiers-de-lactualite\/un-nouvel-appel-a-la-responsabilisation-id400394.html#primaryimage"},"thumbnailUrl":"https:\/\/www.rri.ro\/wp-content\/uploads\/2023\/10\/klaus-iohannis-la-cotroceni-foto-presidency-ro.png","datePublished":"2020-09-03T08:37:00+00:00","author":{"@id":"https:\/\/www.rri.ro\/#\/schema\/person\/0ed327d40678578e6dbb840527e3ba32"},"breadcrumb":{"@id":"https:\/\/www.rri.ro\/fr\/actualites\/les-dossiers-de-lactualite\/un-nouvel-appel-a-la-responsabilisation-id400394.html#breadcrumb"},"inLanguage":"fr-FR","potentialAction":[{"@type":"ReadAction","target":["https:\/\/www.rri.ro\/fr\/actualites\/les-dossiers-de-lactualite\/un-nouvel-appel-a-la-responsabilisation-id400394.html"]}]},{"@type":"ImageObject","inLanguage":"fr-FR","@id":"https:\/\/www.rri.ro\/fr\/actualites\/les-dossiers-de-lactualite\/un-nouvel-appel-a-la-responsabilisation-id400394.html#primaryimage","url":"https:\/\/www.rri.ro\/wp-content\/uploads\/2023\/10\/klaus-iohannis-la-cotroceni-foto-presidency-ro.png","contentUrl":"https:\/\/www.rri.ro\/wp-content\/uploads\/2023\/10\/klaus-iohannis-la-cotroceni-foto-presidency-ro.png","width":640,"height":360},{"@type":"BreadcrumbList","@id":"https:\/\/www.rri.ro\/fr\/actualites\/les-dossiers-de-lactualite\/un-nouvel-appel-a-la-responsabilisation-id400394.html#breadcrumb","itemListElement":[{"@type":"ListItem","position":1,"name":"Page d'accueil","item":"https:\/\/www.rri.ro\/fr"},{"@type":"ListItem","position":2,"name":"Actualit\u00e9s","item":"https:\/\/www.rri.ro\/fr\/actualites"},{"@type":"ListItem","position":3,"name":"Les dossiers de l'actualit\u00e9","item":"https:\/\/www.rri.ro\/fr\/actualites\/les-dossiers-de-lactualite"},{"@type":"ListItem","position":4,"name":"Un nouvel appel \u00e0 la responsabilisation"}]},{"@type":"WebSite","@id":"https:\/\/www.rri.ro\/#website","url":"https:\/\/www.rri.ro\/","name":"Radio Roumanie Internationale","description":"Totul despre Rom\u00e2nia \u015fi rom\u00e2ni, \u00een 13 limbi\/dialecte!","inLanguage":"fr-FR"},{"@type":"Person","@id":"https:\/\/www.rri.ro\/#\/schema\/person\/0ed327d40678578e6dbb840527e3ba32","name":"Bogdan Matei","url":"https:\/\/www.rri.ro\/fr\/author\/bogdan-matei"}]}},"_links":{"self":[{"href":"https:\/\/www.rri.ro\/fr\/wp-json\/wp\/v2\/posts\/400394","targetHints":{"allow":["GET"]}}],"collection":[{"href":"https:\/\/www.rri.ro\/fr\/wp-json\/wp\/v2\/posts"}],"about":[{"href":"https:\/\/www.rri.ro\/fr\/wp-json\/wp\/v2\/types\/post"}],"author":[{"embeddable":true,"href":"https:\/\/www.rri.ro\/fr\/wp-json\/wp\/v2\/users\/105"}],"replies":[{"embeddable":true,"href":"https:\/\/www.rri.ro\/fr\/wp-json\/wp\/v2\/comments?post=400394"}],"version-history":[{"count":0,"href":"https:\/\/www.rri.ro\/fr\/wp-json\/wp\/v2\/posts\/400394\/revisions"}],"wp:featuredmedia":[{"embeddable":true,"href":"https:\/\/www.rri.ro\/fr\/wp-json\/wp\/v2\/media\/86559"}],"wp:attachment":[{"href":"https:\/\/www.rri.ro\/fr\/wp-json\/wp\/v2\/media?parent=400394"}],"wp:term":[{"taxonomy":"category","embeddable":true,"href":"https:\/\/www.rri.ro\/fr\/wp-json\/wp\/v2\/categories?post=400394"},{"taxonomy":"post_tag","embeddable":true,"href":"https:\/\/www.rri.ro\/fr\/wp-json\/wp\/v2\/tags?post=400394"},{"taxonomy":"author","embeddable":true,"href":"https:\/\/www.rri.ro\/fr\/wp-json\/wp\/v2\/coauthors?post=400394"}],"curies":[{"name":"wp","href":"https:\/\/api.w.org\/{rel}","templated":true}]}}