{"id":400397,"date":"2020-09-08T11:26:00","date_gmt":"2020-09-08T08:26:00","guid":{"rendered":"http:\/\/devrri.freshlemon.ro\/le-roumain-mot-a-mot\/consulter-les-lecons\/de-nouvelles-approches-diplomatiques-id400397.html"},"modified":"2020-09-08T11:26:00","modified_gmt":"2020-09-08T08:26:00","slug":"de-nouvelles-approches-diplomatiques","status":"publish","type":"post","link":"https:\/\/www.rri.ro\/fr\/actualites\/les-dossiers-de-lactualite\/de-nouvelles-approches-diplomatiques-id400397.html","title":{"rendered":"De nouvelles approches diplomatiques"},"content":{"rendered":"<p>Ev\u00e9nement coutumier du mois de septembre, la r\u00e9union annuelle de la diplomatie roumaine postcommuniste s&rsquo;est, elle aussi, adapt\u00e9e aux restrictions impos\u00e9es par l&rsquo;actuel contexte pand\u00e9mique. Du coup, elle se d\u00e9roulera en ligne, en visioconf\u00e9rence. Pour le reste, les piliers sur lesquels reposera la politique \u00e9trang\u00e8re de Roumanie resteront inchang\u00e9s, comme l&rsquo;a pr\u00e9cis\u00e9 en ouverture de la r\u00e9union le chef de l&rsquo;Etat, Klaus Iohannis. La diplomatie roumaine devra continuer \u00e0 \u0153uvrer pour renforcer le r\u00f4le de Bucarest au sein de l&rsquo;UE et de l&rsquo;OTAN et pour \u00e9largir le Partenariat strat\u00e9gique roumano- am\u00e9ricain, a conclu Klaus Iohannis. <\/p>\n<p><\/p>\n<p>Un point de vue soutenu aussi par le ministre des affaires \u00e9trang\u00e8res, Bogdan Aurescu. Celui-ci a pr\u00e9cis\u00e9 que dans l&rsquo;actuel contexte de pand\u00e9mie, son minist\u00e8re a commenc\u00e9 depuis trois mois \u00e0 r\u00e9fl\u00e9chir \u00e0 de nouvelles lignes directrices d&rsquo;action diplomatique qui d\u00e9boucheront sur des strat\u00e9gies cens\u00e9es r\u00e9pondre aux r\u00e9alit\u00e9s internationales. En fait, la crise provoqu\u00e9e par le coronavirus risque d&rsquo;amplifier les tensions internationales et la Roumanie doit s&rsquo;y adapter. La r\u00e9union de la diplomatie roumaine devra, d&rsquo;une part, examiner les grandes tendances mondiales et europ\u00e9ennes cr\u00e9\u00e9es ou acc\u00e9l\u00e9r\u00e9es par la pand\u00e9mie et, de l&rsquo;autre, pr\u00e9parer la mise en place d&rsquo;un m\u00e9canisme d&rsquo;alerte en situation de crise. <\/p>\n<p><\/p>\n<p>En revanche, Bogdan Aurescu affirme que:\u00ab <em class=cms-italic>S&rsquo;adapter aux r\u00e9alit\u00e9s internationales n&rsquo;implique aucun changement majeur des fondements de notre diplomatie. Nous continuerons \u00e0 accro\u00eetre notre r\u00f4le au sein de l&rsquo;UE et de l&rsquo;OTAN, \u00e0 d\u00e9velopper et \u00e0 renforcer le partenariat strat\u00e9gique avec les Etats-Unis et \u00e0 soutenir le multiculturalisme et les valeurs d\u00e9mocratiques. <\/em>\u00bb <\/p>\n<p><\/p>\n<p>Pr\u00e9sent aux d\u00e9bats, le premier ministre, Ludovic Orban, a insist\u00e9 sur la n\u00e9cessite que la Roumanie emprunte une direction pr\u00e9visible dans ses rapports internationaux, fine allusion aux initiatives diplomatiques souvent surprenantes des anciens gouvernements de gauche. Ludovic Orban: \u00ab<em class=cms-italic> Fini le temps des aventures diplomatiques mises en place sur ordre politique partisan. Fini aussi le temps des tensions et des combats men\u00e9s par des petits soldats en carton. A pr\u00e9sent, la Roumanie a \u00e0 sa t\u00eate un gouvernement profond\u00e9ment d\u00e9termin\u00e9 \u00e0 d\u00e9fendre la d\u00e9mocratie et les engagements internationaux d&rsquo;abord avec les partenaires strat\u00e9giques, les Etats-Unis, l&rsquo;UE et l&rsquo;OTAN, et ensuite avec tous les autres partenaires. <\/em>\u00bb <\/p>\n<p><\/p>\n<p>D\u00e9tail important: parmi les personnalit\u00e9s invit\u00e9es cette ann\u00e9e \u00e0 la r\u00e9union figure aussi le chef de la diplomatie europ\u00e9enne, Josep Borell, et l&rsquo;adjoint au secr\u00e9taire g\u00e9n\u00e9ral de l&rsquo;OTAN, le roumain Mircea Geoana, ancien ministre des affaires \u00e9trang\u00e8res de la Roumanie. (trad. Ioana Stancescu)<\/p>\n<p><\/p>\n","protected":false},"excerpt":{"rendered":"<p>Ev\u00e9nement coutumier du mois de septembre, la r\u00e9union annuelle de la diplomatie roumaine postcommuniste s&rsquo;est, elle aussi, adapt\u00e9e aux restrictions impos\u00e9es par l&rsquo;actuel contexte pand\u00e9mique. Du coup, elle se d\u00e9roulera en ligne, en visioconf\u00e9rence. Pour le reste, les piliers sur lesquels reposera la politique \u00e9trang\u00e8re de Roumanie resteront inchang\u00e9s, comme l&rsquo;a pr\u00e9cis\u00e9 en ouverture de [&hellip;]<\/p>\n","protected":false},"author":105,"featured_media":84299,"comment_status":"closed","ping_status":"closed","sticky":false,"template":"","format":"standard","meta":{"_acf_changed":false,"footnotes":""},"categories":[93377],"tags":[28963,149356,137215,47026,143291],"coauthors":[],"class_list":["post-400397","post","type-post","status-publish","format-standard","has-post-thumbnail","hentry","category-les-dossiers-de-lactualite","tag-bogdan-aurescu","tag-diplomatie-fr","tag-otan-fr","tag-pandemie","tag-ue-fr"],"acf":[],"yoast_head":"<!-- This site is optimized with the Yoast SEO plugin v27.3 - https:\/\/yoast.com\/product\/yoast-seo-wordpress\/ -->\n<title>De nouvelles approches diplomatiques - Radio Roumanie Internationale<\/title>\n<meta name=\"robots\" content=\"index, follow, max-snippet:-1, max-image-preview:large, max-video-preview:-1\" \/>\n<link rel=\"canonical\" href=\"https:\/\/www.rri.ro\/fr\/actualites\/les-dossiers-de-lactualite\/de-nouvelles-approches-diplomatiques-id400397.html\" \/>\n<meta property=\"og:locale\" content=\"fr_FR\" \/>\n<meta property=\"og:type\" content=\"article\" \/>\n<meta property=\"og:title\" content=\"De nouvelles approches diplomatiques - Radio Roumanie Internationale\" \/>\n<meta property=\"og:description\" content=\"Ev\u00e9nement coutumier du mois de septembre, la r\u00e9union annuelle de la diplomatie roumaine postcommuniste s&rsquo;est, elle aussi, adapt\u00e9e aux restrictions impos\u00e9es par l&rsquo;actuel contexte pand\u00e9mique. Du coup, elle se d\u00e9roulera en ligne, en visioconf\u00e9rence. Pour le reste, les piliers sur lesquels reposera la politique \u00e9trang\u00e8re de Roumanie resteront inchang\u00e9s, comme l&rsquo;a pr\u00e9cis\u00e9 en ouverture de [&hellip;]\" \/>\n<meta property=\"og:url\" content=\"https:\/\/www.rri.ro\/fr\/actualites\/les-dossiers-de-lactualite\/de-nouvelles-approches-diplomatiques-id400397.html\" \/>\n<meta property=\"og:site_name\" content=\"Radio Roumanie Internationale\" \/>\n<meta property=\"article:published_time\" content=\"2020-09-08T08:26:00+00:00\" \/>\n<meta property=\"og:image\" content=\"https:\/\/www.rri.ro\/wp-content\/uploads\/2023\/10\/bogdan-aurescu-generic-mae-ro.jpg\" \/>\n\t<meta property=\"og:image:width\" content=\"640\" \/>\n\t<meta property=\"og:image:height\" content=\"427\" \/>\n\t<meta property=\"og:image:type\" content=\"image\/jpeg\" \/>\n<meta name=\"author\" content=\"Bogdan Matei\" \/>\n<meta name=\"twitter:card\" content=\"summary_large_image\" \/>\n<meta name=\"twitter:label1\" content=\"\u00c9crit par\" \/>\n\t<meta name=\"twitter:data1\" content=\"Bogdan Matei\" \/>\n\t<meta name=\"twitter:label2\" content=\"Dur\u00e9e de lecture estim\u00e9e\" \/>\n\t<meta name=\"twitter:data2\" content=\"2 minutes\" \/>\n\t<meta name=\"twitter:label3\" content=\"Written by\" \/>\n\t<meta name=\"twitter:data3\" content=\"Bogdan Matei\" \/>\n<script type=\"application\/ld+json\" class=\"yoast-schema-graph\">{\"@context\":\"https:\\\/\\\/schema.org\",\"@graph\":[{\"@type\":\"Article\",\"@id\":\"https:\\\/\\\/www.rri.ro\\\/fr\\\/actualites\\\/les-dossiers-de-lactualite\\\/de-nouvelles-approches-diplomatiques-id400397.html#article\",\"isPartOf\":{\"@id\":\"https:\\\/\\\/www.rri.ro\\\/fr\\\/actualites\\\/les-dossiers-de-lactualite\\\/de-nouvelles-approches-diplomatiques-id400397.html\"},\"author\":{\"name\":\"Bogdan Matei\",\"@id\":\"https:\\\/\\\/www.rri.ro\\\/#\\\/schema\\\/person\\\/0ed327d40678578e6dbb840527e3ba32\"},\"headline\":\"De nouvelles approches diplomatiques\",\"datePublished\":\"2020-09-08T08:26:00+00:00\",\"mainEntityOfPage\":{\"@id\":\"https:\\\/\\\/www.rri.ro\\\/fr\\\/actualites\\\/les-dossiers-de-lactualite\\\/de-nouvelles-approches-diplomatiques-id400397.html\"},\"wordCount\":481,\"image\":{\"@id\":\"https:\\\/\\\/www.rri.ro\\\/fr\\\/actualites\\\/les-dossiers-de-lactualite\\\/de-nouvelles-approches-diplomatiques-id400397.html#primaryimage\"},\"thumbnailUrl\":\"https:\\\/\\\/www.rri.ro\\\/wp-content\\\/uploads\\\/2023\\\/10\\\/bogdan-aurescu-generic-mae-ro.jpg\",\"keywords\":[\"Bogdan Aurescu\",\"diplomatie\",\"OTAN\",\"pandemie\",\"UE\"],\"articleSection\":[\"Les dossiers de l'actualit\u00e9\"],\"inLanguage\":\"fr-FR\"},{\"@type\":\"WebPage\",\"@id\":\"https:\\\/\\\/www.rri.ro\\\/fr\\\/actualites\\\/les-dossiers-de-lactualite\\\/de-nouvelles-approches-diplomatiques-id400397.html\",\"url\":\"https:\\\/\\\/www.rri.ro\\\/fr\\\/actualites\\\/les-dossiers-de-lactualite\\\/de-nouvelles-approches-diplomatiques-id400397.html\",\"name\":\"De nouvelles approches diplomatiques - Radio Roumanie Internationale\",\"isPartOf\":{\"@id\":\"https:\\\/\\\/www.rri.ro\\\/#website\"},\"primaryImageOfPage\":{\"@id\":\"https:\\\/\\\/www.rri.ro\\\/fr\\\/actualites\\\/les-dossiers-de-lactualite\\\/de-nouvelles-approches-diplomatiques-id400397.html#primaryimage\"},\"image\":{\"@id\":\"https:\\\/\\\/www.rri.ro\\\/fr\\\/actualites\\\/les-dossiers-de-lactualite\\\/de-nouvelles-approches-diplomatiques-id400397.html#primaryimage\"},\"thumbnailUrl\":\"https:\\\/\\\/www.rri.ro\\\/wp-content\\\/uploads\\\/2023\\\/10\\\/bogdan-aurescu-generic-mae-ro.jpg\",\"datePublished\":\"2020-09-08T08:26:00+00:00\",\"author\":{\"@id\":\"https:\\\/\\\/www.rri.ro\\\/#\\\/schema\\\/person\\\/0ed327d40678578e6dbb840527e3ba32\"},\"breadcrumb\":{\"@id\":\"https:\\\/\\\/www.rri.ro\\\/fr\\\/actualites\\\/les-dossiers-de-lactualite\\\/de-nouvelles-approches-diplomatiques-id400397.html#breadcrumb\"},\"inLanguage\":\"fr-FR\",\"potentialAction\":[{\"@type\":\"ReadAction\",\"target\":[\"https:\\\/\\\/www.rri.ro\\\/fr\\\/actualites\\\/les-dossiers-de-lactualite\\\/de-nouvelles-approches-diplomatiques-id400397.html\"]}]},{\"@type\":\"ImageObject\",\"inLanguage\":\"fr-FR\",\"@id\":\"https:\\\/\\\/www.rri.ro\\\/fr\\\/actualites\\\/les-dossiers-de-lactualite\\\/de-nouvelles-approches-diplomatiques-id400397.html#primaryimage\",\"url\":\"https:\\\/\\\/www.rri.ro\\\/wp-content\\\/uploads\\\/2023\\\/10\\\/bogdan-aurescu-generic-mae-ro.jpg\",\"contentUrl\":\"https:\\\/\\\/www.rri.ro\\\/wp-content\\\/uploads\\\/2023\\\/10\\\/bogdan-aurescu-generic-mae-ro.jpg\",\"width\":640,\"height\":427},{\"@type\":\"BreadcrumbList\",\"@id\":\"https:\\\/\\\/www.rri.ro\\\/fr\\\/actualites\\\/les-dossiers-de-lactualite\\\/de-nouvelles-approches-diplomatiques-id400397.html#breadcrumb\",\"itemListElement\":[{\"@type\":\"ListItem\",\"position\":1,\"name\":\"Page d'accueil\",\"item\":\"https:\\\/\\\/www.rri.ro\\\/fr\"},{\"@type\":\"ListItem\",\"position\":2,\"name\":\"Actualit\u00e9s\",\"item\":\"https:\\\/\\\/www.rri.ro\\\/fr\\\/actualites\"},{\"@type\":\"ListItem\",\"position\":3,\"name\":\"Les dossiers de l'actualit\u00e9\",\"item\":\"https:\\\/\\\/www.rri.ro\\\/fr\\\/actualites\\\/les-dossiers-de-lactualite\"},{\"@type\":\"ListItem\",\"position\":4,\"name\":\"De nouvelles approches diplomatiques\"}]},{\"@type\":\"WebSite\",\"@id\":\"https:\\\/\\\/www.rri.ro\\\/#website\",\"url\":\"https:\\\/\\\/www.rri.ro\\\/\",\"name\":\"Radio Roumanie Internationale\",\"description\":\"Totul despre Rom\u00e2nia \u015fi rom\u00e2ni, \u00een 13 limbi\\\/dialecte!\",\"inLanguage\":\"fr-FR\"},{\"@type\":\"Person\",\"@id\":\"https:\\\/\\\/www.rri.ro\\\/#\\\/schema\\\/person\\\/0ed327d40678578e6dbb840527e3ba32\",\"name\":\"Bogdan Matei\",\"url\":\"https:\\\/\\\/www.rri.ro\\\/fr\\\/author\\\/bogdan-matei\"}]}<\/script>\n<!-- \/ Yoast SEO plugin. -->","yoast_head_json":{"title":"De nouvelles approches diplomatiques - Radio Roumanie Internationale","robots":{"index":"index","follow":"follow","max-snippet":"max-snippet:-1","max-image-preview":"max-image-preview:large","max-video-preview":"max-video-preview:-1"},"canonical":"https:\/\/www.rri.ro\/fr\/actualites\/les-dossiers-de-lactualite\/de-nouvelles-approches-diplomatiques-id400397.html","og_locale":"fr_FR","og_type":"article","og_title":"De nouvelles approches diplomatiques - Radio Roumanie Internationale","og_description":"Ev\u00e9nement coutumier du mois de septembre, la r\u00e9union annuelle de la diplomatie roumaine postcommuniste s&rsquo;est, elle aussi, adapt\u00e9e aux restrictions impos\u00e9es par l&rsquo;actuel contexte pand\u00e9mique. Du coup, elle se d\u00e9roulera en ligne, en visioconf\u00e9rence. Pour le reste, les piliers sur lesquels reposera la politique \u00e9trang\u00e8re de Roumanie resteront inchang\u00e9s, comme l&rsquo;a pr\u00e9cis\u00e9 en ouverture de [&hellip;]","og_url":"https:\/\/www.rri.ro\/fr\/actualites\/les-dossiers-de-lactualite\/de-nouvelles-approches-diplomatiques-id400397.html","og_site_name":"Radio Roumanie Internationale","article_published_time":"2020-09-08T08:26:00+00:00","og_image":[{"width":640,"height":427,"url":"https:\/\/www.rri.ro\/wp-content\/uploads\/2023\/10\/bogdan-aurescu-generic-mae-ro.jpg","type":"image\/jpeg"}],"author":"Bogdan Matei","twitter_card":"summary_large_image","twitter_misc":{"\u00c9crit par":"Bogdan Matei","Dur\u00e9e de lecture estim\u00e9e":"2 minutes","Written by":"Bogdan Matei"},"schema":{"@context":"https:\/\/schema.org","@graph":[{"@type":"Article","@id":"https:\/\/www.rri.ro\/fr\/actualites\/les-dossiers-de-lactualite\/de-nouvelles-approches-diplomatiques-id400397.html#article","isPartOf":{"@id":"https:\/\/www.rri.ro\/fr\/actualites\/les-dossiers-de-lactualite\/de-nouvelles-approches-diplomatiques-id400397.html"},"author":{"name":"Bogdan Matei","@id":"https:\/\/www.rri.ro\/#\/schema\/person\/0ed327d40678578e6dbb840527e3ba32"},"headline":"De nouvelles approches diplomatiques","datePublished":"2020-09-08T08:26:00+00:00","mainEntityOfPage":{"@id":"https:\/\/www.rri.ro\/fr\/actualites\/les-dossiers-de-lactualite\/de-nouvelles-approches-diplomatiques-id400397.html"},"wordCount":481,"image":{"@id":"https:\/\/www.rri.ro\/fr\/actualites\/les-dossiers-de-lactualite\/de-nouvelles-approches-diplomatiques-id400397.html#primaryimage"},"thumbnailUrl":"https:\/\/www.rri.ro\/wp-content\/uploads\/2023\/10\/bogdan-aurescu-generic-mae-ro.jpg","keywords":["Bogdan Aurescu","diplomatie","OTAN","pandemie","UE"],"articleSection":["Les dossiers de l'actualit\u00e9"],"inLanguage":"fr-FR"},{"@type":"WebPage","@id":"https:\/\/www.rri.ro\/fr\/actualites\/les-dossiers-de-lactualite\/de-nouvelles-approches-diplomatiques-id400397.html","url":"https:\/\/www.rri.ro\/fr\/actualites\/les-dossiers-de-lactualite\/de-nouvelles-approches-diplomatiques-id400397.html","name":"De nouvelles approches diplomatiques - Radio Roumanie Internationale","isPartOf":{"@id":"https:\/\/www.rri.ro\/#website"},"primaryImageOfPage":{"@id":"https:\/\/www.rri.ro\/fr\/actualites\/les-dossiers-de-lactualite\/de-nouvelles-approches-diplomatiques-id400397.html#primaryimage"},"image":{"@id":"https:\/\/www.rri.ro\/fr\/actualites\/les-dossiers-de-lactualite\/de-nouvelles-approches-diplomatiques-id400397.html#primaryimage"},"thumbnailUrl":"https:\/\/www.rri.ro\/wp-content\/uploads\/2023\/10\/bogdan-aurescu-generic-mae-ro.jpg","datePublished":"2020-09-08T08:26:00+00:00","author":{"@id":"https:\/\/www.rri.ro\/#\/schema\/person\/0ed327d40678578e6dbb840527e3ba32"},"breadcrumb":{"@id":"https:\/\/www.rri.ro\/fr\/actualites\/les-dossiers-de-lactualite\/de-nouvelles-approches-diplomatiques-id400397.html#breadcrumb"},"inLanguage":"fr-FR","potentialAction":[{"@type":"ReadAction","target":["https:\/\/www.rri.ro\/fr\/actualites\/les-dossiers-de-lactualite\/de-nouvelles-approches-diplomatiques-id400397.html"]}]},{"@type":"ImageObject","inLanguage":"fr-FR","@id":"https:\/\/www.rri.ro\/fr\/actualites\/les-dossiers-de-lactualite\/de-nouvelles-approches-diplomatiques-id400397.html#primaryimage","url":"https:\/\/www.rri.ro\/wp-content\/uploads\/2023\/10\/bogdan-aurescu-generic-mae-ro.jpg","contentUrl":"https:\/\/www.rri.ro\/wp-content\/uploads\/2023\/10\/bogdan-aurescu-generic-mae-ro.jpg","width":640,"height":427},{"@type":"BreadcrumbList","@id":"https:\/\/www.rri.ro\/fr\/actualites\/les-dossiers-de-lactualite\/de-nouvelles-approches-diplomatiques-id400397.html#breadcrumb","itemListElement":[{"@type":"ListItem","position":1,"name":"Page d'accueil","item":"https:\/\/www.rri.ro\/fr"},{"@type":"ListItem","position":2,"name":"Actualit\u00e9s","item":"https:\/\/www.rri.ro\/fr\/actualites"},{"@type":"ListItem","position":3,"name":"Les dossiers de l'actualit\u00e9","item":"https:\/\/www.rri.ro\/fr\/actualites\/les-dossiers-de-lactualite"},{"@type":"ListItem","position":4,"name":"De nouvelles approches diplomatiques"}]},{"@type":"WebSite","@id":"https:\/\/www.rri.ro\/#website","url":"https:\/\/www.rri.ro\/","name":"Radio Roumanie Internationale","description":"Totul despre Rom\u00e2nia \u015fi rom\u00e2ni, \u00een 13 limbi\/dialecte!","inLanguage":"fr-FR"},{"@type":"Person","@id":"https:\/\/www.rri.ro\/#\/schema\/person\/0ed327d40678578e6dbb840527e3ba32","name":"Bogdan Matei","url":"https:\/\/www.rri.ro\/fr\/author\/bogdan-matei"}]}},"_links":{"self":[{"href":"https:\/\/www.rri.ro\/fr\/wp-json\/wp\/v2\/posts\/400397","targetHints":{"allow":["GET"]}}],"collection":[{"href":"https:\/\/www.rri.ro\/fr\/wp-json\/wp\/v2\/posts"}],"about":[{"href":"https:\/\/www.rri.ro\/fr\/wp-json\/wp\/v2\/types\/post"}],"author":[{"embeddable":true,"href":"https:\/\/www.rri.ro\/fr\/wp-json\/wp\/v2\/users\/105"}],"replies":[{"embeddable":true,"href":"https:\/\/www.rri.ro\/fr\/wp-json\/wp\/v2\/comments?post=400397"}],"version-history":[{"count":0,"href":"https:\/\/www.rri.ro\/fr\/wp-json\/wp\/v2\/posts\/400397\/revisions"}],"wp:featuredmedia":[{"embeddable":true,"href":"https:\/\/www.rri.ro\/fr\/wp-json\/wp\/v2\/media\/84299"}],"wp:attachment":[{"href":"https:\/\/www.rri.ro\/fr\/wp-json\/wp\/v2\/media?parent=400397"}],"wp:term":[{"taxonomy":"category","embeddable":true,"href":"https:\/\/www.rri.ro\/fr\/wp-json\/wp\/v2\/categories?post=400397"},{"taxonomy":"post_tag","embeddable":true,"href":"https:\/\/www.rri.ro\/fr\/wp-json\/wp\/v2\/tags?post=400397"},{"taxonomy":"author","embeddable":true,"href":"https:\/\/www.rri.ro\/fr\/wp-json\/wp\/v2\/coauthors?post=400397"}],"curies":[{"name":"wp","href":"https:\/\/api.w.org\/{rel}","templated":true}]}}