{"id":400403,"date":"2020-09-16T12:57:00","date_gmt":"2020-09-16T09:57:00","guid":{"rendered":"http:\/\/devrri.freshlemon.ro\/le-roumain-mot-a-mot\/consulter-les-lecons\/debut-de-la-campagne-de-vaccination-contre-la-grippe-saisonniere-id400403.html"},"modified":"2020-09-16T12:57:00","modified_gmt":"2020-09-16T09:57:00","slug":"debut-de-la-campagne-de-vaccination-contre-la-grippe-saisonniere","status":"publish","type":"post","link":"https:\/\/www.rri.ro\/fr\/actualites\/les-dossiers-de-lactualite\/debut-de-la-campagne-de-vaccination-contre-la-grippe-saisonniere-id400403.html","title":{"rendered":"D\u00e9but de la campagne de vaccination contre la grippe saisonni\u00e8re"},"content":{"rendered":"<\/p>\n<p>La campagne annuelle de vaccination contre la&#13;<br \/>\ngrippe saisonni\u00e8re a d\u00e9marr\u00e9 cette semaine en Roumanie par la distribution d&rsquo;une&#13;<br \/>\npremi\u00e8re tranche de vaccins au niveau national. Cette ann\u00e9e, le minist\u00e8re de la&#13;<br \/>\nSant\u00e9 a achet\u00e9 3 millions de doses, soit le double par rapport \u00e0 l&rsquo;ann\u00e9e derni\u00e8re,&#13;<br \/>\nafin d&rsquo;immuniser un nombre aussi grand que possible de personnes pr\u00e9sentant un&#13;<br \/>\nrisque accru de tomber malades, surtout dans le contexte de la pand\u00e9mie de&#13;<br \/>\ncoronavirus. <\/p>\n<p><\/p>\n<p>&#13;<br \/>\n&#13;<br \/>\n&#13;<br \/>\n&#13;<br \/>\n&#13;<br \/>\n&#13;<\/p>\n<p>Les Directions de sant\u00e9 publique du pays recevront le&#13;<br \/>\nvaccin par \u00e9tapes, comme d&rsquo;habitude. Lundi, le minist\u00e8re de la Sant\u00e9 a lanc\u00e9 la&#13;<br \/>\ndistribution des premi\u00e8res 330.000 doses, que les Directions de sant\u00e9 publique&#13;<br \/>\nenverront \u00e0 leur tour aux cabinets des m\u00e9decins traitants et aux \u00e9tablissements&#13;<br \/>\nsanitaires pour d\u00e9marrer la vaccination. Les autres tranches seront distribu\u00e9es&#13;<br \/>\n\u00e0 la mi-octobre et en novembre prochain. Les personnes courant un risque accru seront&#13;<br \/>\nprioritaires ; il s&rsquo;agit notamment des personnes de plus de 65 ans, des&#13;<br \/>\npatients atteints de maladies chroniques, principalement de maladies respiratoires&#13;<br \/>\net cardiovasculaires ou de maladies m\u00e9taboliques. S&rsquo;y ajoutent les enfants et&#13;<br \/>\nles personnes \u00e2g\u00e9es institutionnalis\u00e9es, le personnel m\u00e9dical et les femmes&#13;<br \/>\nenceintes, selon les recommandations de l&rsquo;OMS et du Centre europ\u00e9en de&#13;<br \/>\npr\u00e9vention et de contr\u00f4le des maladies. <\/p>\n<p><\/p>\n<p>&#13;<br \/>\n&#13;<br \/>\n&#13;<br \/>\n&#13;<br \/>\n&#13;<br \/>\n&#13;<\/p>\n<p>Compte tenu de la situation \u00e9pid\u00e9miologique&#13;<br \/>\nactuelle, les sp\u00e9cialistes recommandent \u00e0 la population qui ne pr\u00e9sente pas de&#13;<br \/>\nrisque sp\u00e9cial de se faire quand m\u00eame vacciner contre la grippe saisonni\u00e8re. De&#13;<br \/>\nl&rsquo;avis des m\u00e9decins, c&rsquo;est la m\u00e9thode la plus efficace d&rsquo;\u00e9viter cette maladie. Le&#13;<br \/>\nminist\u00e8re recommande aussi aux pharmacies d&rsquo;acqu\u00e9rir d&rsquo;avance du vaccin antigrippal.&#13;<br \/>\nCela dans le contexte o\u00f9 la Roumanie compte parmi les pays ayant le taux de&#13;<br \/>\nvaccination antigrippale le plus bas d&rsquo;Europe, en ce qui concerne les personnes&#13;<br \/>\n\u00e2g\u00e9es, qui forment d&rsquo;ailleurs la cat\u00e9gorie la plus vuln\u00e9rable. <\/p>\n<p><\/p>\n<p>&#13;<br \/>\n&#13;<br \/>\n&#13;<br \/>\n&#13;<br \/>\n&#13;<br \/>\n&#13;<\/p>\n<p>Selon les donn\u00e9es les plus r\u00e9centes fournies par Eurostat,&#13;<br \/>\nl&rsquo;office de statistique de l&rsquo;UE, pour l&rsquo;ann\u00e9e 2018, un peu plus d&rsquo;un cinqui\u00e8me&#13;<br \/>\nde la population de la Roumanie \u00e2g\u00e9e de plus de 65 ans s&rsquo;est fait vacciner&#13;<br \/>\ncontre la grippe, soit la moiti\u00e9 de la moyenne europ\u00e9enne. Au niveau de l&rsquo;UE, la&#13;<br \/>\nLettonie, l&rsquo;Estonie, la Slovaquie, la Slov\u00e9nie et la Lituanie ont rapport\u00e9 des&#13;<br \/>\ntaux de vaccination inf\u00e9rieurs \u00e0 la Roumanie. Au p\u00f4le oppos\u00e9 on retrouve l&rsquo;Irlande,&#13;<br \/>\no\u00f9 deux tiers des personnes \u00e2g\u00e9es s&rsquo;\u00e9taient fait vacciner contre la grippe en&#13;<br \/>\n2018. Suivent les Pays-Bas, le Portugal et la Belgique, avec des pourcentages&#13;<br \/>\nsimilaires. (Trad. Valentina Beleavski) <\/p>\n<p><\/p>\n","protected":false},"excerpt":{"rendered":"<p>La campagne annuelle de vaccination contre la&#13; grippe saisonni\u00e8re a d\u00e9marr\u00e9 cette semaine en Roumanie par la distribution d&rsquo;une&#13; premi\u00e8re tranche de vaccins au niveau national. Cette ann\u00e9e, le minist\u00e8re de la&#13; Sant\u00e9 a achet\u00e9 3 millions de doses, soit le double par rapport \u00e0 l&rsquo;ann\u00e9e derni\u00e8re,&#13; afin d&rsquo;immuniser un nombre aussi grand que possible [&hellip;]<\/p>\n","protected":false},"author":107,"featured_media":84611,"comment_status":"closed","ping_status":"closed","sticky":false,"template":"","format":"standard","meta":{"_acf_changed":false,"footnotes":""},"categories":[93377],"tags":[92774,164585,91272],"coauthors":[],"class_list":["post-400403","post","type-post","status-publish","format-standard","has-post-thumbnail","hentry","category-les-dossiers-de-lactualite","tag-grippe-saisonniere","tag-vaccination-fr","tag-vaccins"],"acf":[],"yoast_head":"<!-- This site is optimized with the Yoast SEO plugin v27.3 - https:\/\/yoast.com\/product\/yoast-seo-wordpress\/ -->\n<title>D\u00e9but de la campagne de vaccination contre la grippe saisonni\u00e8re - Radio Roumanie Internationale<\/title>\n<meta name=\"robots\" content=\"index, follow, max-snippet:-1, max-image-preview:large, max-video-preview:-1\" \/>\n<link rel=\"canonical\" href=\"https:\/\/www.rri.ro\/fr\/actualites\/les-dossiers-de-lactualite\/debut-de-la-campagne-de-vaccination-contre-la-grippe-saisonniere-id400403.html\" \/>\n<meta property=\"og:locale\" content=\"fr_FR\" \/>\n<meta property=\"og:type\" content=\"article\" \/>\n<meta property=\"og:title\" content=\"D\u00e9but de la campagne de vaccination contre la grippe saisonni\u00e8re - Radio Roumanie Internationale\" \/>\n<meta property=\"og:description\" content=\"La campagne annuelle de vaccination contre la&#013; grippe saisonni\u00e8re a d\u00e9marr\u00e9 cette semaine en Roumanie par la distribution d&rsquo;une&#013; premi\u00e8re tranche de vaccins au niveau national. Cette ann\u00e9e, le minist\u00e8re de la&#013; Sant\u00e9 a achet\u00e9 3 millions de doses, soit le double par rapport \u00e0 l&rsquo;ann\u00e9e derni\u00e8re,&#013; afin d&rsquo;immuniser un nombre aussi grand que possible [&hellip;]\" \/>\n<meta property=\"og:url\" content=\"https:\/\/www.rri.ro\/fr\/actualites\/les-dossiers-de-lactualite\/debut-de-la-campagne-de-vaccination-contre-la-grippe-saisonniere-id400403.html\" \/>\n<meta property=\"og:site_name\" content=\"Radio Roumanie Internationale\" \/>\n<meta property=\"article:published_time\" content=\"2020-09-16T09:57:00+00:00\" \/>\n<meta property=\"og:image\" content=\"https:\/\/www.rri.ro\/wp-content\/uploads\/2023\/10\/vaccin-sanatate-medic-sursa-foto-pixabay.png\" \/>\n\t<meta property=\"og:image:width\" content=\"640\" \/>\n\t<meta property=\"og:image:height\" content=\"427\" \/>\n\t<meta property=\"og:image:type\" content=\"image\/png\" \/>\n<meta name=\"author\" content=\"Daniela Budu\" \/>\n<meta name=\"twitter:card\" content=\"summary_large_image\" \/>\n<meta name=\"twitter:label1\" content=\"\u00c9crit par\" \/>\n\t<meta name=\"twitter:data1\" content=\"Daniela Budu\" \/>\n\t<meta name=\"twitter:label2\" content=\"Dur\u00e9e de lecture estim\u00e9e\" \/>\n\t<meta name=\"twitter:data2\" content=\"2 minutes\" \/>\n\t<meta name=\"twitter:label3\" content=\"Written by\" \/>\n\t<meta name=\"twitter:data3\" content=\"Daniela Budu\" \/>\n<script type=\"application\/ld+json\" class=\"yoast-schema-graph\">{\"@context\":\"https:\\\/\\\/schema.org\",\"@graph\":[{\"@type\":\"Article\",\"@id\":\"https:\\\/\\\/www.rri.ro\\\/fr\\\/actualites\\\/les-dossiers-de-lactualite\\\/debut-de-la-campagne-de-vaccination-contre-la-grippe-saisonniere-id400403.html#article\",\"isPartOf\":{\"@id\":\"https:\\\/\\\/www.rri.ro\\\/fr\\\/actualites\\\/les-dossiers-de-lactualite\\\/debut-de-la-campagne-de-vaccination-contre-la-grippe-saisonniere-id400403.html\"},\"author\":{\"name\":\"Daniela Budu\",\"@id\":\"https:\\\/\\\/www.rri.ro\\\/#\\\/schema\\\/person\\\/b46b8f80d7d6e4b5ac9f14f0acbad0c4\"},\"headline\":\"D\u00e9but de la campagne de vaccination contre la grippe saisonni\u00e8re\",\"datePublished\":\"2020-09-16T09:57:00+00:00\",\"mainEntityOfPage\":{\"@id\":\"https:\\\/\\\/www.rri.ro\\\/fr\\\/actualites\\\/les-dossiers-de-lactualite\\\/debut-de-la-campagne-de-vaccination-contre-la-grippe-saisonniere-id400403.html\"},\"wordCount\":466,\"image\":{\"@id\":\"https:\\\/\\\/www.rri.ro\\\/fr\\\/actualites\\\/les-dossiers-de-lactualite\\\/debut-de-la-campagne-de-vaccination-contre-la-grippe-saisonniere-id400403.html#primaryimage\"},\"thumbnailUrl\":\"https:\\\/\\\/www.rri.ro\\\/wp-content\\\/uploads\\\/2023\\\/10\\\/vaccin-sanatate-medic-sursa-foto-pixabay.png\",\"keywords\":[\"grippe saisonni\u00e8re\",\"vaccination\",\"vaccins\"],\"articleSection\":[\"Les dossiers de l'actualit\u00e9\"],\"inLanguage\":\"fr-FR\"},{\"@type\":\"WebPage\",\"@id\":\"https:\\\/\\\/www.rri.ro\\\/fr\\\/actualites\\\/les-dossiers-de-lactualite\\\/debut-de-la-campagne-de-vaccination-contre-la-grippe-saisonniere-id400403.html\",\"url\":\"https:\\\/\\\/www.rri.ro\\\/fr\\\/actualites\\\/les-dossiers-de-lactualite\\\/debut-de-la-campagne-de-vaccination-contre-la-grippe-saisonniere-id400403.html\",\"name\":\"D\u00e9but de la campagne de vaccination contre la grippe saisonni\u00e8re - Radio Roumanie Internationale\",\"isPartOf\":{\"@id\":\"https:\\\/\\\/www.rri.ro\\\/#website\"},\"primaryImageOfPage\":{\"@id\":\"https:\\\/\\\/www.rri.ro\\\/fr\\\/actualites\\\/les-dossiers-de-lactualite\\\/debut-de-la-campagne-de-vaccination-contre-la-grippe-saisonniere-id400403.html#primaryimage\"},\"image\":{\"@id\":\"https:\\\/\\\/www.rri.ro\\\/fr\\\/actualites\\\/les-dossiers-de-lactualite\\\/debut-de-la-campagne-de-vaccination-contre-la-grippe-saisonniere-id400403.html#primaryimage\"},\"thumbnailUrl\":\"https:\\\/\\\/www.rri.ro\\\/wp-content\\\/uploads\\\/2023\\\/10\\\/vaccin-sanatate-medic-sursa-foto-pixabay.png\",\"datePublished\":\"2020-09-16T09:57:00+00:00\",\"author\":{\"@id\":\"https:\\\/\\\/www.rri.ro\\\/#\\\/schema\\\/person\\\/b46b8f80d7d6e4b5ac9f14f0acbad0c4\"},\"breadcrumb\":{\"@id\":\"https:\\\/\\\/www.rri.ro\\\/fr\\\/actualites\\\/les-dossiers-de-lactualite\\\/debut-de-la-campagne-de-vaccination-contre-la-grippe-saisonniere-id400403.html#breadcrumb\"},\"inLanguage\":\"fr-FR\",\"potentialAction\":[{\"@type\":\"ReadAction\",\"target\":[\"https:\\\/\\\/www.rri.ro\\\/fr\\\/actualites\\\/les-dossiers-de-lactualite\\\/debut-de-la-campagne-de-vaccination-contre-la-grippe-saisonniere-id400403.html\"]}]},{\"@type\":\"ImageObject\",\"inLanguage\":\"fr-FR\",\"@id\":\"https:\\\/\\\/www.rri.ro\\\/fr\\\/actualites\\\/les-dossiers-de-lactualite\\\/debut-de-la-campagne-de-vaccination-contre-la-grippe-saisonniere-id400403.html#primaryimage\",\"url\":\"https:\\\/\\\/www.rri.ro\\\/wp-content\\\/uploads\\\/2023\\\/10\\\/vaccin-sanatate-medic-sursa-foto-pixabay.png\",\"contentUrl\":\"https:\\\/\\\/www.rri.ro\\\/wp-content\\\/uploads\\\/2023\\\/10\\\/vaccin-sanatate-medic-sursa-foto-pixabay.png\",\"width\":640,\"height\":427},{\"@type\":\"BreadcrumbList\",\"@id\":\"https:\\\/\\\/www.rri.ro\\\/fr\\\/actualites\\\/les-dossiers-de-lactualite\\\/debut-de-la-campagne-de-vaccination-contre-la-grippe-saisonniere-id400403.html#breadcrumb\",\"itemListElement\":[{\"@type\":\"ListItem\",\"position\":1,\"name\":\"Page d'accueil\",\"item\":\"https:\\\/\\\/www.rri.ro\\\/fr\"},{\"@type\":\"ListItem\",\"position\":2,\"name\":\"Actualit\u00e9s\",\"item\":\"https:\\\/\\\/www.rri.ro\\\/fr\\\/actualites\"},{\"@type\":\"ListItem\",\"position\":3,\"name\":\"Les dossiers de l'actualit\u00e9\",\"item\":\"https:\\\/\\\/www.rri.ro\\\/fr\\\/actualites\\\/les-dossiers-de-lactualite\"},{\"@type\":\"ListItem\",\"position\":4,\"name\":\"D\u00e9but de la campagne de vaccination contre la grippe saisonni\u00e8re\"}]},{\"@type\":\"WebSite\",\"@id\":\"https:\\\/\\\/www.rri.ro\\\/#website\",\"url\":\"https:\\\/\\\/www.rri.ro\\\/\",\"name\":\"Radio Roumanie Internationale\",\"description\":\"Totul despre Rom\u00e2nia \u015fi rom\u00e2ni, \u00een 13 limbi\\\/dialecte!\",\"inLanguage\":\"fr-FR\"},{\"@type\":\"Person\",\"@id\":\"https:\\\/\\\/www.rri.ro\\\/#\\\/schema\\\/person\\\/b46b8f80d7d6e4b5ac9f14f0acbad0c4\",\"name\":\"Daniela Budu\",\"url\":\"https:\\\/\\\/www.rri.ro\\\/fr\\\/author\\\/daniela-budu\"}]}<\/script>\n<!-- \/ Yoast SEO plugin. -->","yoast_head_json":{"title":"D\u00e9but de la campagne de vaccination contre la grippe saisonni\u00e8re - Radio Roumanie Internationale","robots":{"index":"index","follow":"follow","max-snippet":"max-snippet:-1","max-image-preview":"max-image-preview:large","max-video-preview":"max-video-preview:-1"},"canonical":"https:\/\/www.rri.ro\/fr\/actualites\/les-dossiers-de-lactualite\/debut-de-la-campagne-de-vaccination-contre-la-grippe-saisonniere-id400403.html","og_locale":"fr_FR","og_type":"article","og_title":"D\u00e9but de la campagne de vaccination contre la grippe saisonni\u00e8re - Radio Roumanie Internationale","og_description":"La campagne annuelle de vaccination contre la&#13; grippe saisonni\u00e8re a d\u00e9marr\u00e9 cette semaine en Roumanie par la distribution d&rsquo;une&#13; premi\u00e8re tranche de vaccins au niveau national. Cette ann\u00e9e, le minist\u00e8re de la&#13; Sant\u00e9 a achet\u00e9 3 millions de doses, soit le double par rapport \u00e0 l&rsquo;ann\u00e9e derni\u00e8re,&#13; afin d&rsquo;immuniser un nombre aussi grand que possible [&hellip;]","og_url":"https:\/\/www.rri.ro\/fr\/actualites\/les-dossiers-de-lactualite\/debut-de-la-campagne-de-vaccination-contre-la-grippe-saisonniere-id400403.html","og_site_name":"Radio Roumanie Internationale","article_published_time":"2020-09-16T09:57:00+00:00","og_image":[{"width":640,"height":427,"url":"https:\/\/www.rri.ro\/wp-content\/uploads\/2023\/10\/vaccin-sanatate-medic-sursa-foto-pixabay.png","type":"image\/png"}],"author":"Daniela Budu","twitter_card":"summary_large_image","twitter_misc":{"\u00c9crit par":"Daniela Budu","Dur\u00e9e de lecture estim\u00e9e":"2 minutes","Written by":"Daniela Budu"},"schema":{"@context":"https:\/\/schema.org","@graph":[{"@type":"Article","@id":"https:\/\/www.rri.ro\/fr\/actualites\/les-dossiers-de-lactualite\/debut-de-la-campagne-de-vaccination-contre-la-grippe-saisonniere-id400403.html#article","isPartOf":{"@id":"https:\/\/www.rri.ro\/fr\/actualites\/les-dossiers-de-lactualite\/debut-de-la-campagne-de-vaccination-contre-la-grippe-saisonniere-id400403.html"},"author":{"name":"Daniela Budu","@id":"https:\/\/www.rri.ro\/#\/schema\/person\/b46b8f80d7d6e4b5ac9f14f0acbad0c4"},"headline":"D\u00e9but de la campagne de vaccination contre la grippe saisonni\u00e8re","datePublished":"2020-09-16T09:57:00+00:00","mainEntityOfPage":{"@id":"https:\/\/www.rri.ro\/fr\/actualites\/les-dossiers-de-lactualite\/debut-de-la-campagne-de-vaccination-contre-la-grippe-saisonniere-id400403.html"},"wordCount":466,"image":{"@id":"https:\/\/www.rri.ro\/fr\/actualites\/les-dossiers-de-lactualite\/debut-de-la-campagne-de-vaccination-contre-la-grippe-saisonniere-id400403.html#primaryimage"},"thumbnailUrl":"https:\/\/www.rri.ro\/wp-content\/uploads\/2023\/10\/vaccin-sanatate-medic-sursa-foto-pixabay.png","keywords":["grippe saisonni\u00e8re","vaccination","vaccins"],"articleSection":["Les dossiers de l'actualit\u00e9"],"inLanguage":"fr-FR"},{"@type":"WebPage","@id":"https:\/\/www.rri.ro\/fr\/actualites\/les-dossiers-de-lactualite\/debut-de-la-campagne-de-vaccination-contre-la-grippe-saisonniere-id400403.html","url":"https:\/\/www.rri.ro\/fr\/actualites\/les-dossiers-de-lactualite\/debut-de-la-campagne-de-vaccination-contre-la-grippe-saisonniere-id400403.html","name":"D\u00e9but de la campagne de vaccination contre la grippe saisonni\u00e8re - Radio Roumanie Internationale","isPartOf":{"@id":"https:\/\/www.rri.ro\/#website"},"primaryImageOfPage":{"@id":"https:\/\/www.rri.ro\/fr\/actualites\/les-dossiers-de-lactualite\/debut-de-la-campagne-de-vaccination-contre-la-grippe-saisonniere-id400403.html#primaryimage"},"image":{"@id":"https:\/\/www.rri.ro\/fr\/actualites\/les-dossiers-de-lactualite\/debut-de-la-campagne-de-vaccination-contre-la-grippe-saisonniere-id400403.html#primaryimage"},"thumbnailUrl":"https:\/\/www.rri.ro\/wp-content\/uploads\/2023\/10\/vaccin-sanatate-medic-sursa-foto-pixabay.png","datePublished":"2020-09-16T09:57:00+00:00","author":{"@id":"https:\/\/www.rri.ro\/#\/schema\/person\/b46b8f80d7d6e4b5ac9f14f0acbad0c4"},"breadcrumb":{"@id":"https:\/\/www.rri.ro\/fr\/actualites\/les-dossiers-de-lactualite\/debut-de-la-campagne-de-vaccination-contre-la-grippe-saisonniere-id400403.html#breadcrumb"},"inLanguage":"fr-FR","potentialAction":[{"@type":"ReadAction","target":["https:\/\/www.rri.ro\/fr\/actualites\/les-dossiers-de-lactualite\/debut-de-la-campagne-de-vaccination-contre-la-grippe-saisonniere-id400403.html"]}]},{"@type":"ImageObject","inLanguage":"fr-FR","@id":"https:\/\/www.rri.ro\/fr\/actualites\/les-dossiers-de-lactualite\/debut-de-la-campagne-de-vaccination-contre-la-grippe-saisonniere-id400403.html#primaryimage","url":"https:\/\/www.rri.ro\/wp-content\/uploads\/2023\/10\/vaccin-sanatate-medic-sursa-foto-pixabay.png","contentUrl":"https:\/\/www.rri.ro\/wp-content\/uploads\/2023\/10\/vaccin-sanatate-medic-sursa-foto-pixabay.png","width":640,"height":427},{"@type":"BreadcrumbList","@id":"https:\/\/www.rri.ro\/fr\/actualites\/les-dossiers-de-lactualite\/debut-de-la-campagne-de-vaccination-contre-la-grippe-saisonniere-id400403.html#breadcrumb","itemListElement":[{"@type":"ListItem","position":1,"name":"Page d'accueil","item":"https:\/\/www.rri.ro\/fr"},{"@type":"ListItem","position":2,"name":"Actualit\u00e9s","item":"https:\/\/www.rri.ro\/fr\/actualites"},{"@type":"ListItem","position":3,"name":"Les dossiers de l'actualit\u00e9","item":"https:\/\/www.rri.ro\/fr\/actualites\/les-dossiers-de-lactualite"},{"@type":"ListItem","position":4,"name":"D\u00e9but de la campagne de vaccination contre la grippe saisonni\u00e8re"}]},{"@type":"WebSite","@id":"https:\/\/www.rri.ro\/#website","url":"https:\/\/www.rri.ro\/","name":"Radio Roumanie Internationale","description":"Totul despre Rom\u00e2nia \u015fi rom\u00e2ni, \u00een 13 limbi\/dialecte!","inLanguage":"fr-FR"},{"@type":"Person","@id":"https:\/\/www.rri.ro\/#\/schema\/person\/b46b8f80d7d6e4b5ac9f14f0acbad0c4","name":"Daniela Budu","url":"https:\/\/www.rri.ro\/fr\/author\/daniela-budu"}]}},"_links":{"self":[{"href":"https:\/\/www.rri.ro\/fr\/wp-json\/wp\/v2\/posts\/400403","targetHints":{"allow":["GET"]}}],"collection":[{"href":"https:\/\/www.rri.ro\/fr\/wp-json\/wp\/v2\/posts"}],"about":[{"href":"https:\/\/www.rri.ro\/fr\/wp-json\/wp\/v2\/types\/post"}],"author":[{"embeddable":true,"href":"https:\/\/www.rri.ro\/fr\/wp-json\/wp\/v2\/users\/107"}],"replies":[{"embeddable":true,"href":"https:\/\/www.rri.ro\/fr\/wp-json\/wp\/v2\/comments?post=400403"}],"version-history":[{"count":0,"href":"https:\/\/www.rri.ro\/fr\/wp-json\/wp\/v2\/posts\/400403\/revisions"}],"wp:featuredmedia":[{"embeddable":true,"href":"https:\/\/www.rri.ro\/fr\/wp-json\/wp\/v2\/media\/84611"}],"wp:attachment":[{"href":"https:\/\/www.rri.ro\/fr\/wp-json\/wp\/v2\/media?parent=400403"}],"wp:term":[{"taxonomy":"category","embeddable":true,"href":"https:\/\/www.rri.ro\/fr\/wp-json\/wp\/v2\/categories?post=400403"},{"taxonomy":"post_tag","embeddable":true,"href":"https:\/\/www.rri.ro\/fr\/wp-json\/wp\/v2\/tags?post=400403"},{"taxonomy":"author","embeddable":true,"href":"https:\/\/www.rri.ro\/fr\/wp-json\/wp\/v2\/coauthors?post=400403"}],"curies":[{"name":"wp","href":"https:\/\/api.w.org\/{rel}","templated":true}]}}