{"id":400408,"date":"2020-09-23T14:10:00","date_gmt":"2020-09-23T11:10:00","guid":{"rendered":"http:\/\/devrri.freshlemon.ro\/le-roumain-mot-a-mot\/consulter-les-lecons\/disputes-politiques-autour-de-la-majoration-des-pensions-de-retraite-id400408.html"},"modified":"2020-09-23T14:10:00","modified_gmt":"2020-09-23T11:10:00","slug":"disputes-politiques-autour-de-la-majoration-des-pensions-de-retraite","status":"publish","type":"post","link":"https:\/\/www.rri.ro\/fr\/actualites\/les-dossiers-de-lactualite\/disputes-politiques-autour-de-la-majoration-des-pensions-de-retraite-id400408.html","title":{"rendered":"Disputes politiques autour de la majoration des pensions de retraite"},"content":{"rendered":"<p><p>La derni\u00e8re ligne droite avant les \u00e9lections&#13;<br \/>\nmunicipales de dimanche ne fait qu&rsquo;agiter davantage la sc\u00e8ne politique&#13;<br \/>\nroumaine. Le parlement, domin\u00e9 par les \u00e9lus de gauche, a adopt\u00e9 une loi du&#13;<br \/>\nbudget rectificatif totalement diff\u00e9rente par rapport \u00e0 l&rsquo;\u00e9bauche imagin\u00e9e par&#13;<br \/>\nl&rsquo;ex\u00e9cutif lib\u00e9ral. Les sociaux-d\u00e9mocrates et leurs alli\u00e9s traditionnels &#8211; l&rsquo;Alliance&#13;<br \/>\ndes lib\u00e9raux et des d\u00e9mocrates &#8211; ou temporaires &#8211; comme l&rsquo;Union d\u00e9mocrate&#13;<br \/>\nmagyare de Roumanie &#8211; ont impos\u00e9 la majoration du point de retraite de 40% \u00e0&#13;<br \/>\ncompter du 1er septembre au lieu de 14% selon le projet du gouvernement. Les \u00e9lus&#13;<br \/>\nnationaux ont \u00e9galement vot\u00e9 pour la majoration, toujours \u00e0 partir de cette&#13;<br \/>\nann\u00e9e, des salaires des enseignants ainsi que pour l&rsquo;allocation d&rsquo;un budget&#13;<br \/>\nsuppl\u00e9mentaire aux autorit\u00e9s locales. Reposant sur seulement 22% des voix au&#13;<br \/>\nParlement, le gouvernement lib\u00e9ral a imm\u00e9diatement annonc\u00e9 qu&rsquo;il utiliserait&#13;<br \/>\ntous les leviers dont il dispose pour emp\u00eacher l&rsquo;entr\u00e9e en vigueur de cette&#13;<br \/>\nloi. Les lib\u00e9raux affirment que dans ce contexte de crise g\u00e9n\u00e9r\u00e9e par&#13;<br \/>\nl&rsquo;\u00e9pid\u00e9mie de coronavirus, l&rsquo;\u00e9conomie roumaine ne pourrait pas supporter une&#13;<br \/>\ntelle mesure, qui pousserait la Roumanie dans le d\u00e9faut de paiement. <\/p>\n<p><\/p>\n<p>&#13;<br \/>\n&#13;<br \/>\n&#13;<br \/>\n&#13;<br \/>\n&#13;<br \/>\n&#13;<\/p>\n<p>Le premier ministre roumain, Ludovic Orban :&#13;<br \/>\n\u00ab Le gouvernement que nous dirigeons contestera cette loi \u00e0 la Cour constitutionnelle.&#13;<br \/>\nCe qui plus est, nous n&rsquo;accepterions jamais ces majorations sans aucun&#13;<br \/>\nfondement. Nous ne pouvons pas rester impassibles alors que le destin de la Roumanie&#13;<br \/>\nest mis entre parenth\u00e8ses par une bande d&rsquo;irresponsables qui se moquent de la&#13;<br \/>\nRoumanie. Tous les leviers constitutionnels et l\u00e9gaux dont nous disposons&#13;<br \/>\nseront utilis\u00e9s pour emp\u00eacher l&rsquo;entr\u00e9e en vigueur de cette aberration&#13;<br \/>\n\u00e9conomique. \u00bb <\/p>\n<p><\/p>\n<p>&#13;<br \/>\n&#13;<br \/>\n&#13;<br \/>\n&#13;<br \/>\n&#13;<br \/>\n&#13;<\/p>\n<p>Les sociaux-d\u00e9mocrates, pr\u00e9f\u00e9r\u00e9s par les&#13;<br \/>\nretrait\u00e9s depuis toujours, affirment que l&rsquo;argent n\u00e9cessaire \u00e0 cette majoration&#13;<br \/>\nsubstantielle est disponible. Alfred Simonis, leader du groupe social-d\u00e9mocrate&#13;<br \/>\nde la Chambre des D\u00e9put\u00e9s, accuse les lib\u00e9raux et leur patron politique, le&#13;<br \/>\npr\u00e9sident roumain, Klaus Iohannis, d&rsquo;avoir initialement soutenu eux aussi la&#13;<br \/>\nmajoration des retraites. Il affirme qu&rsquo;\u00e0 l&rsquo;abri de la crise g\u00e9n\u00e9r\u00e9e par&#13;<br \/>\nl&rsquo;\u00e9pid\u00e9mie de Covid-19, le pouvoir ne fait que gaspiller arbitrairement&#13;<br \/>\nl&rsquo;argent public. <\/p>\n<p><\/p>\n<p>&#13;<br \/>\n&#13;<br \/>\n&#13;<br \/>\n&#13;<\/p>\n<p>Alfred Simonis : \u00ab Avant d&rsquo;arriver&#13;<br \/>\nau pouvoir, votre gouvernement et le pr\u00e9sident de la Roumanie ont annonc\u00e9&#13;<br \/>\nqu&rsquo;ils allaient appliquer cette loi, puis vous avez brusquement chang\u00e9 d&rsquo;avis.&#13;<br \/>\nCertaines des personnes que vous appel\u00e9es b\u00e9n\u00e9ficiaires d&rsquo;aides sociales n&rsquo;ont que&#13;<br \/>\nquelques ann\u00e9es, sinon quelques mois \u00e0 vivre. Pensez \u00e0 cela lorsque vous tentez&#13;<br \/>\nde bloquer la prosp\u00e9rit\u00e9, pour quelques mois et ann\u00e9es seulement, de tous ces&#13;<br \/>\ngens-l\u00e0. Arr\u00eatez les d\u00e9penses injustifi\u00e9es et les affaires douteuses et vous trouverez&#13;<br \/>\nl&rsquo;argent n\u00e9cessaire \u00bb, a martel\u00e9 Alfred Simonis, leader du groupe&#13;<br \/>\nsocial-d\u00e9mocrate de la Chambre des D\u00e9put\u00e9s. <\/p>\n<p><\/p>\n<p>&#13;<br \/>\n&#13;<br \/>\n&#13;<br \/>\n&#13;<br \/>\n&#13;<br \/>\n&#13;<\/p>\n<p>Officiellement au-del\u00e0 des jeux et des enjeux&#13;<br \/>\npolitiques, la Banque centrale avertit elle aussi que la majoration de 40% des&#13;<br \/>\nretraites porterait le d\u00e9ficit budg\u00e9taire l&rsquo;ann\u00e9e prochaine au-dessus de la&#13;<br \/>\nbarre des 11% du PIB. \u00ab Au lieu&#13;<br \/>\nd&rsquo;une correction ordonn\u00e9e s&rsquo;\u00e9talant sur plusieurs ann\u00e9es, nous serons tenus de&#13;<br \/>\nproc\u00e9der \u00e0 une correction d\u00e9sordonn\u00e9e, tr\u00e8s co\u00fbteuse du point de vue \u00e9conomique&#13;<br \/>\net social \u00bb, affirme la Banque centrale. Les patronats et les associations&#13;<br \/>\ndes hommes d&rsquo;affaires craignent \u00e9galement que de telles d\u00e9penses impossibles \u00e0&#13;<br \/>\nsoutenir par le budget, introduites pour des raisons purement \u00e9lectorales, ne&#13;<br \/>\nconstituent des facteurs de risque majeurs pour la Roumanie. (Trad. Alex Diaconescu)<\/p>\n<p><\/p>\n","protected":false},"excerpt":{"rendered":"<p>La derni\u00e8re ligne droite avant les \u00e9lections&#13; municipales de dimanche ne fait qu&rsquo;agiter davantage la sc\u00e8ne politique&#13; roumaine. Le parlement, domin\u00e9 par les \u00e9lus de gauche, a adopt\u00e9 une loi du&#13; budget rectificatif totalement diff\u00e9rente par rapport \u00e0 l&rsquo;\u00e9bauche imagin\u00e9e par&#13; l&rsquo;ex\u00e9cutif lib\u00e9ral. Les sociaux-d\u00e9mocrates et leurs alli\u00e9s traditionnels &#8211; l&rsquo;Alliance&#13; des lib\u00e9raux et des [&hellip;]<\/p>\n","protected":false},"author":105,"featured_media":82472,"comment_status":"closed","ping_status":"closed","sticky":false,"template":"","format":"standard","meta":{"_acf_changed":false,"footnotes":""},"categories":[93377],"tags":[],"coauthors":[],"class_list":["post-400408","post","type-post","status-publish","format-standard","has-post-thumbnail","hentry","category-les-dossiers-de-lactualite"],"acf":[],"yoast_head":"<!-- This site is optimized with the Yoast SEO plugin v27.3 - https:\/\/yoast.com\/product\/yoast-seo-wordpress\/ -->\n<title>Disputes politiques autour de la majoration des pensions de retraite - Radio Roumanie Internationale<\/title>\n<meta name=\"robots\" content=\"index, follow, max-snippet:-1, max-image-preview:large, max-video-preview:-1\" \/>\n<link rel=\"canonical\" href=\"https:\/\/www.rri.ro\/fr\/actualites\/les-dossiers-de-lactualite\/disputes-politiques-autour-de-la-majoration-des-pensions-de-retraite-id400408.html\" \/>\n<meta property=\"og:locale\" content=\"fr_FR\" \/>\n<meta property=\"og:type\" content=\"article\" \/>\n<meta property=\"og:title\" content=\"Disputes politiques autour de la majoration des pensions de retraite - Radio Roumanie Internationale\" \/>\n<meta property=\"og:description\" content=\"La derni\u00e8re ligne droite avant les \u00e9lections&#013; municipales de dimanche ne fait qu&rsquo;agiter davantage la sc\u00e8ne politique&#013; roumaine. Le parlement, domin\u00e9 par les \u00e9lus de gauche, a adopt\u00e9 une loi du&#013; budget rectificatif totalement diff\u00e9rente par rapport \u00e0 l&rsquo;\u00e9bauche imagin\u00e9e par&#013; l&rsquo;ex\u00e9cutif lib\u00e9ral. Les sociaux-d\u00e9mocrates et leurs alli\u00e9s traditionnels &#8211; l&rsquo;Alliance&#013; des lib\u00e9raux et des [&hellip;]\" \/>\n<meta property=\"og:url\" content=\"https:\/\/www.rri.ro\/fr\/actualites\/les-dossiers-de-lactualite\/disputes-politiques-autour-de-la-majoration-des-pensions-de-retraite-id400408.html\" \/>\n<meta property=\"og:site_name\" content=\"Radio Roumanie Internationale\" \/>\n<meta property=\"article:published_time\" content=\"2020-09-23T11:10:00+00:00\" \/>\n<meta property=\"og:image\" content=\"https:\/\/www.rri.ro\/wp-content\/uploads\/2023\/10\/pensionar-pixabay-ok.jpg\" \/>\n\t<meta property=\"og:image:width\" content=\"640\" \/>\n\t<meta property=\"og:image:height\" content=\"405\" \/>\n\t<meta property=\"og:image:type\" content=\"image\/jpeg\" \/>\n<meta name=\"author\" content=\"Bogdan Matei\" \/>\n<meta name=\"twitter:card\" content=\"summary_large_image\" \/>\n<meta name=\"twitter:label1\" content=\"\u00c9crit par\" \/>\n\t<meta name=\"twitter:data1\" content=\"Bogdan Matei\" \/>\n\t<meta name=\"twitter:label2\" content=\"Dur\u00e9e de lecture estim\u00e9e\" \/>\n\t<meta name=\"twitter:data2\" content=\"3 minutes\" \/>\n\t<meta name=\"twitter:label3\" content=\"Written by\" \/>\n\t<meta name=\"twitter:data3\" content=\"Bogdan Matei\" \/>\n<script type=\"application\/ld+json\" class=\"yoast-schema-graph\">{\"@context\":\"https:\\\/\\\/schema.org\",\"@graph\":[{\"@type\":\"Article\",\"@id\":\"https:\\\/\\\/www.rri.ro\\\/fr\\\/actualites\\\/les-dossiers-de-lactualite\\\/disputes-politiques-autour-de-la-majoration-des-pensions-de-retraite-id400408.html#article\",\"isPartOf\":{\"@id\":\"https:\\\/\\\/www.rri.ro\\\/fr\\\/actualites\\\/les-dossiers-de-lactualite\\\/disputes-politiques-autour-de-la-majoration-des-pensions-de-retraite-id400408.html\"},\"author\":{\"name\":\"Bogdan Matei\",\"@id\":\"https:\\\/\\\/www.rri.ro\\\/#\\\/schema\\\/person\\\/0ed327d40678578e6dbb840527e3ba32\"},\"headline\":\"Disputes politiques autour de la majoration des pensions de retraite\",\"datePublished\":\"2020-09-23T11:10:00+00:00\",\"mainEntityOfPage\":{\"@id\":\"https:\\\/\\\/www.rri.ro\\\/fr\\\/actualites\\\/les-dossiers-de-lactualite\\\/disputes-politiques-autour-de-la-majoration-des-pensions-de-retraite-id400408.html\"},\"wordCount\":620,\"image\":{\"@id\":\"https:\\\/\\\/www.rri.ro\\\/fr\\\/actualites\\\/les-dossiers-de-lactualite\\\/disputes-politiques-autour-de-la-majoration-des-pensions-de-retraite-id400408.html#primaryimage\"},\"thumbnailUrl\":\"https:\\\/\\\/www.rri.ro\\\/wp-content\\\/uploads\\\/2023\\\/10\\\/pensionar-pixabay-ok.jpg\",\"articleSection\":[\"Les dossiers de l'actualit\u00e9\"],\"inLanguage\":\"fr-FR\"},{\"@type\":\"WebPage\",\"@id\":\"https:\\\/\\\/www.rri.ro\\\/fr\\\/actualites\\\/les-dossiers-de-lactualite\\\/disputes-politiques-autour-de-la-majoration-des-pensions-de-retraite-id400408.html\",\"url\":\"https:\\\/\\\/www.rri.ro\\\/fr\\\/actualites\\\/les-dossiers-de-lactualite\\\/disputes-politiques-autour-de-la-majoration-des-pensions-de-retraite-id400408.html\",\"name\":\"Disputes politiques autour de la majoration des pensions de retraite - Radio Roumanie Internationale\",\"isPartOf\":{\"@id\":\"https:\\\/\\\/www.rri.ro\\\/#website\"},\"primaryImageOfPage\":{\"@id\":\"https:\\\/\\\/www.rri.ro\\\/fr\\\/actualites\\\/les-dossiers-de-lactualite\\\/disputes-politiques-autour-de-la-majoration-des-pensions-de-retraite-id400408.html#primaryimage\"},\"image\":{\"@id\":\"https:\\\/\\\/www.rri.ro\\\/fr\\\/actualites\\\/les-dossiers-de-lactualite\\\/disputes-politiques-autour-de-la-majoration-des-pensions-de-retraite-id400408.html#primaryimage\"},\"thumbnailUrl\":\"https:\\\/\\\/www.rri.ro\\\/wp-content\\\/uploads\\\/2023\\\/10\\\/pensionar-pixabay-ok.jpg\",\"datePublished\":\"2020-09-23T11:10:00+00:00\",\"author\":{\"@id\":\"https:\\\/\\\/www.rri.ro\\\/#\\\/schema\\\/person\\\/0ed327d40678578e6dbb840527e3ba32\"},\"breadcrumb\":{\"@id\":\"https:\\\/\\\/www.rri.ro\\\/fr\\\/actualites\\\/les-dossiers-de-lactualite\\\/disputes-politiques-autour-de-la-majoration-des-pensions-de-retraite-id400408.html#breadcrumb\"},\"inLanguage\":\"fr-FR\",\"potentialAction\":[{\"@type\":\"ReadAction\",\"target\":[\"https:\\\/\\\/www.rri.ro\\\/fr\\\/actualites\\\/les-dossiers-de-lactualite\\\/disputes-politiques-autour-de-la-majoration-des-pensions-de-retraite-id400408.html\"]}]},{\"@type\":\"ImageObject\",\"inLanguage\":\"fr-FR\",\"@id\":\"https:\\\/\\\/www.rri.ro\\\/fr\\\/actualites\\\/les-dossiers-de-lactualite\\\/disputes-politiques-autour-de-la-majoration-des-pensions-de-retraite-id400408.html#primaryimage\",\"url\":\"https:\\\/\\\/www.rri.ro\\\/wp-content\\\/uploads\\\/2023\\\/10\\\/pensionar-pixabay-ok.jpg\",\"contentUrl\":\"https:\\\/\\\/www.rri.ro\\\/wp-content\\\/uploads\\\/2023\\\/10\\\/pensionar-pixabay-ok.jpg\",\"width\":640,\"height\":405},{\"@type\":\"BreadcrumbList\",\"@id\":\"https:\\\/\\\/www.rri.ro\\\/fr\\\/actualites\\\/les-dossiers-de-lactualite\\\/disputes-politiques-autour-de-la-majoration-des-pensions-de-retraite-id400408.html#breadcrumb\",\"itemListElement\":[{\"@type\":\"ListItem\",\"position\":1,\"name\":\"Page d'accueil\",\"item\":\"https:\\\/\\\/www.rri.ro\\\/fr\"},{\"@type\":\"ListItem\",\"position\":2,\"name\":\"Actualit\u00e9s\",\"item\":\"https:\\\/\\\/www.rri.ro\\\/fr\\\/actualites\"},{\"@type\":\"ListItem\",\"position\":3,\"name\":\"Les dossiers de l'actualit\u00e9\",\"item\":\"https:\\\/\\\/www.rri.ro\\\/fr\\\/actualites\\\/les-dossiers-de-lactualite\"},{\"@type\":\"ListItem\",\"position\":4,\"name\":\"Disputes politiques autour de la majoration des pensions de retraite\"}]},{\"@type\":\"WebSite\",\"@id\":\"https:\\\/\\\/www.rri.ro\\\/#website\",\"url\":\"https:\\\/\\\/www.rri.ro\\\/\",\"name\":\"Radio Roumanie Internationale\",\"description\":\"Totul despre Rom\u00e2nia \u015fi rom\u00e2ni, \u00een 13 limbi\\\/dialecte!\",\"inLanguage\":\"fr-FR\"},{\"@type\":\"Person\",\"@id\":\"https:\\\/\\\/www.rri.ro\\\/#\\\/schema\\\/person\\\/0ed327d40678578e6dbb840527e3ba32\",\"name\":\"Bogdan Matei\",\"url\":\"https:\\\/\\\/www.rri.ro\\\/fr\\\/author\\\/bogdan-matei\"}]}<\/script>\n<!-- \/ Yoast SEO plugin. -->","yoast_head_json":{"title":"Disputes politiques autour de la majoration des pensions de retraite - Radio Roumanie Internationale","robots":{"index":"index","follow":"follow","max-snippet":"max-snippet:-1","max-image-preview":"max-image-preview:large","max-video-preview":"max-video-preview:-1"},"canonical":"https:\/\/www.rri.ro\/fr\/actualites\/les-dossiers-de-lactualite\/disputes-politiques-autour-de-la-majoration-des-pensions-de-retraite-id400408.html","og_locale":"fr_FR","og_type":"article","og_title":"Disputes politiques autour de la majoration des pensions de retraite - Radio Roumanie Internationale","og_description":"La derni\u00e8re ligne droite avant les \u00e9lections&#13; municipales de dimanche ne fait qu&rsquo;agiter davantage la sc\u00e8ne politique&#13; roumaine. Le parlement, domin\u00e9 par les \u00e9lus de gauche, a adopt\u00e9 une loi du&#13; budget rectificatif totalement diff\u00e9rente par rapport \u00e0 l&rsquo;\u00e9bauche imagin\u00e9e par&#13; l&rsquo;ex\u00e9cutif lib\u00e9ral. Les sociaux-d\u00e9mocrates et leurs alli\u00e9s traditionnels &#8211; l&rsquo;Alliance&#13; des lib\u00e9raux et des [&hellip;]","og_url":"https:\/\/www.rri.ro\/fr\/actualites\/les-dossiers-de-lactualite\/disputes-politiques-autour-de-la-majoration-des-pensions-de-retraite-id400408.html","og_site_name":"Radio Roumanie Internationale","article_published_time":"2020-09-23T11:10:00+00:00","og_image":[{"width":640,"height":405,"url":"https:\/\/www.rri.ro\/wp-content\/uploads\/2023\/10\/pensionar-pixabay-ok.jpg","type":"image\/jpeg"}],"author":"Bogdan Matei","twitter_card":"summary_large_image","twitter_misc":{"\u00c9crit par":"Bogdan Matei","Dur\u00e9e de lecture estim\u00e9e":"3 minutes","Written by":"Bogdan Matei"},"schema":{"@context":"https:\/\/schema.org","@graph":[{"@type":"Article","@id":"https:\/\/www.rri.ro\/fr\/actualites\/les-dossiers-de-lactualite\/disputes-politiques-autour-de-la-majoration-des-pensions-de-retraite-id400408.html#article","isPartOf":{"@id":"https:\/\/www.rri.ro\/fr\/actualites\/les-dossiers-de-lactualite\/disputes-politiques-autour-de-la-majoration-des-pensions-de-retraite-id400408.html"},"author":{"name":"Bogdan Matei","@id":"https:\/\/www.rri.ro\/#\/schema\/person\/0ed327d40678578e6dbb840527e3ba32"},"headline":"Disputes politiques autour de la majoration des pensions de retraite","datePublished":"2020-09-23T11:10:00+00:00","mainEntityOfPage":{"@id":"https:\/\/www.rri.ro\/fr\/actualites\/les-dossiers-de-lactualite\/disputes-politiques-autour-de-la-majoration-des-pensions-de-retraite-id400408.html"},"wordCount":620,"image":{"@id":"https:\/\/www.rri.ro\/fr\/actualites\/les-dossiers-de-lactualite\/disputes-politiques-autour-de-la-majoration-des-pensions-de-retraite-id400408.html#primaryimage"},"thumbnailUrl":"https:\/\/www.rri.ro\/wp-content\/uploads\/2023\/10\/pensionar-pixabay-ok.jpg","articleSection":["Les dossiers de l'actualit\u00e9"],"inLanguage":"fr-FR"},{"@type":"WebPage","@id":"https:\/\/www.rri.ro\/fr\/actualites\/les-dossiers-de-lactualite\/disputes-politiques-autour-de-la-majoration-des-pensions-de-retraite-id400408.html","url":"https:\/\/www.rri.ro\/fr\/actualites\/les-dossiers-de-lactualite\/disputes-politiques-autour-de-la-majoration-des-pensions-de-retraite-id400408.html","name":"Disputes politiques autour de la majoration des pensions de retraite - Radio Roumanie Internationale","isPartOf":{"@id":"https:\/\/www.rri.ro\/#website"},"primaryImageOfPage":{"@id":"https:\/\/www.rri.ro\/fr\/actualites\/les-dossiers-de-lactualite\/disputes-politiques-autour-de-la-majoration-des-pensions-de-retraite-id400408.html#primaryimage"},"image":{"@id":"https:\/\/www.rri.ro\/fr\/actualites\/les-dossiers-de-lactualite\/disputes-politiques-autour-de-la-majoration-des-pensions-de-retraite-id400408.html#primaryimage"},"thumbnailUrl":"https:\/\/www.rri.ro\/wp-content\/uploads\/2023\/10\/pensionar-pixabay-ok.jpg","datePublished":"2020-09-23T11:10:00+00:00","author":{"@id":"https:\/\/www.rri.ro\/#\/schema\/person\/0ed327d40678578e6dbb840527e3ba32"},"breadcrumb":{"@id":"https:\/\/www.rri.ro\/fr\/actualites\/les-dossiers-de-lactualite\/disputes-politiques-autour-de-la-majoration-des-pensions-de-retraite-id400408.html#breadcrumb"},"inLanguage":"fr-FR","potentialAction":[{"@type":"ReadAction","target":["https:\/\/www.rri.ro\/fr\/actualites\/les-dossiers-de-lactualite\/disputes-politiques-autour-de-la-majoration-des-pensions-de-retraite-id400408.html"]}]},{"@type":"ImageObject","inLanguage":"fr-FR","@id":"https:\/\/www.rri.ro\/fr\/actualites\/les-dossiers-de-lactualite\/disputes-politiques-autour-de-la-majoration-des-pensions-de-retraite-id400408.html#primaryimage","url":"https:\/\/www.rri.ro\/wp-content\/uploads\/2023\/10\/pensionar-pixabay-ok.jpg","contentUrl":"https:\/\/www.rri.ro\/wp-content\/uploads\/2023\/10\/pensionar-pixabay-ok.jpg","width":640,"height":405},{"@type":"BreadcrumbList","@id":"https:\/\/www.rri.ro\/fr\/actualites\/les-dossiers-de-lactualite\/disputes-politiques-autour-de-la-majoration-des-pensions-de-retraite-id400408.html#breadcrumb","itemListElement":[{"@type":"ListItem","position":1,"name":"Page d'accueil","item":"https:\/\/www.rri.ro\/fr"},{"@type":"ListItem","position":2,"name":"Actualit\u00e9s","item":"https:\/\/www.rri.ro\/fr\/actualites"},{"@type":"ListItem","position":3,"name":"Les dossiers de l'actualit\u00e9","item":"https:\/\/www.rri.ro\/fr\/actualites\/les-dossiers-de-lactualite"},{"@type":"ListItem","position":4,"name":"Disputes politiques autour de la majoration des pensions de retraite"}]},{"@type":"WebSite","@id":"https:\/\/www.rri.ro\/#website","url":"https:\/\/www.rri.ro\/","name":"Radio Roumanie Internationale","description":"Totul despre Rom\u00e2nia \u015fi rom\u00e2ni, \u00een 13 limbi\/dialecte!","inLanguage":"fr-FR"},{"@type":"Person","@id":"https:\/\/www.rri.ro\/#\/schema\/person\/0ed327d40678578e6dbb840527e3ba32","name":"Bogdan Matei","url":"https:\/\/www.rri.ro\/fr\/author\/bogdan-matei"}]}},"_links":{"self":[{"href":"https:\/\/www.rri.ro\/fr\/wp-json\/wp\/v2\/posts\/400408","targetHints":{"allow":["GET"]}}],"collection":[{"href":"https:\/\/www.rri.ro\/fr\/wp-json\/wp\/v2\/posts"}],"about":[{"href":"https:\/\/www.rri.ro\/fr\/wp-json\/wp\/v2\/types\/post"}],"author":[{"embeddable":true,"href":"https:\/\/www.rri.ro\/fr\/wp-json\/wp\/v2\/users\/105"}],"replies":[{"embeddable":true,"href":"https:\/\/www.rri.ro\/fr\/wp-json\/wp\/v2\/comments?post=400408"}],"version-history":[{"count":0,"href":"https:\/\/www.rri.ro\/fr\/wp-json\/wp\/v2\/posts\/400408\/revisions"}],"wp:featuredmedia":[{"embeddable":true,"href":"https:\/\/www.rri.ro\/fr\/wp-json\/wp\/v2\/media\/82472"}],"wp:attachment":[{"href":"https:\/\/www.rri.ro\/fr\/wp-json\/wp\/v2\/media?parent=400408"}],"wp:term":[{"taxonomy":"category","embeddable":true,"href":"https:\/\/www.rri.ro\/fr\/wp-json\/wp\/v2\/categories?post=400408"},{"taxonomy":"post_tag","embeddable":true,"href":"https:\/\/www.rri.ro\/fr\/wp-json\/wp\/v2\/tags?post=400408"},{"taxonomy":"author","embeddable":true,"href":"https:\/\/www.rri.ro\/fr\/wp-json\/wp\/v2\/coauthors?post=400408"}],"curies":[{"name":"wp","href":"https:\/\/api.w.org\/{rel}","templated":true}]}}