{"id":400409,"date":"2020-09-24T00:30:00","date_gmt":"2020-09-23T21:30:00","guid":{"rendered":"http:\/\/devrri.freshlemon.ro\/le-roumain-mot-a-mot\/consulter-les-lecons\/nouveau-record-dinfections-id400409.html"},"modified":"2020-09-24T00:30:00","modified_gmt":"2020-09-23T21:30:00","slug":"nouveau-record-dinfections","status":"publish","type":"post","link":"https:\/\/www.rri.ro\/fr\/actualites\/les-dossiers-de-lactualite\/nouveau-record-dinfections-id400409.html","title":{"rendered":"Nouveau record d&rsquo;infections"},"content":{"rendered":"<p><p>Le nombre&#13;<br \/>\nrecord de cas d&rsquo;infection au nouveau coronavirus enregistr\u00e9 mercredi intervient&#13;<br \/>\ndans le contexte de la rentr\u00e9e scolaire et quelques jours seulement avant les&#13;<br \/>\n\u00e9lections municipales du 27 septembre. Il s&rsquo;agit de pr\u00e8s de 1800 nouveaux cas&#13;<br \/>\nde Covid-19 d\u00e9pist\u00e9s en 24 heures sur quelque 25 mille tests effectu\u00e9s. La&#13;<br \/>\nmajorit\u00e9 des cas positifs ont \u00e9t\u00e9 recens\u00e9s, comme d&rsquo;habitude ces derniers temps,&#13;<br \/>\ndans la capitale, Bucarest, o\u00f9 le taux d&rsquo;infection a \u00e9t\u00e9 de 1,36 cas par millier&#13;<br \/>\nd&rsquo;habitants, soit le deuxi\u00e8me le plus \u00e9lev\u00e9 de Roumanie. La moyenne nationale, bien&#13;<br \/>\nqu&rsquo;\u00e0 la hausse, est pourtant inf\u00e9rieure \u00e0 1, plus pr\u00e9cis\u00e9ment elle est de 0,82&#13;<br \/>\npour mille habitants. <\/p>\n<p><\/p>\n<p>&#13;<br \/>\n&#13;<br \/>\n&#13;<br \/>\n&#13;<br \/>\n&#13;<br \/>\n&#13;<\/p>\n<p>Ce que&#13;<br \/>\nles autorit\u00e9s se proposent dans cette situation a \u00e9t\u00e9 du moins partiellement&#13;<br \/>\nexpliqu\u00e9 dans une conf\u00e9rence de presse du pr\u00e9sident roumain, Klaus Iohannis. Il&#13;<br \/>\na affirm\u00e9 que dans le cas d&rsquo;une \u00e9ventuelle hausse du nombre de malades de Covid-19,&#13;<br \/>\ndes mesures suppl\u00e9mentaires pourraient \u00eatre introduites au niveau local ou&#13;<br \/>\nd\u00e9partemental. Ces mesures diff\u00e9renci\u00e9es sont envisag\u00e9es parce que la&#13;<br \/>\npropagation du virus n&rsquo;est pas uniforme. Il est important que les mesures&#13;<br \/>\nsoient proportionnelles au risque de transmission du virus. Parmi ces mesures&#13;<br \/>\nfigurent le port obligatoire des masques de protection ou des campagnes de&#13;<br \/>\nd\u00e9pistage en masse. <\/p>\n<p><\/p>\n<p>&#13;<br \/>\n&#13;<br \/>\n&#13;<br \/>\n&#13;<br \/>\n&#13;<br \/>\n&#13;<\/p>\n<p>Ce qui&#13;<br \/>\nplus est, la Roumanie pourrait demander aux voyageurs en provenance d&rsquo;\u00c9tats \u00e0&#13;<br \/>\ntaux \u00e9lev\u00e9 d&rsquo;infection de pr\u00e9senter le r\u00e9sultat n\u00e9gatif d&rsquo;un test de d\u00e9pistage&#13;<br \/>\ndu SARS-CoV-2 ou bien de se faire tester d\u00e8s l&rsquo;entr\u00e9e sur le territoire&#13;<br \/>\nnational, a \u00e9galement d\u00e9clar\u00e9 le ministre de la Sant\u00e9, Nelu Tataru. Et lui de&#13;<br \/>\npr\u00e9ciser que le co\u00fbt du test sera support\u00e9 par les personnes qui entrent en Roumanie,&#13;<br \/>\nconform\u00e9ment \u00e0 une proposition examin\u00e9e actuellement par l&rsquo;Institut national de&#13;<br \/>\nsant\u00e9 publique. <\/p>\n<p><\/p>\n<p>&#13;<br \/>\n&#13;<br \/>\n&#13;<br \/>\n&#13;<br \/>\n&#13;<br \/>\n&#13;<\/p>\n<p>M Tataru&#13;<br \/>\na \u00e9galement annonc\u00e9 que les masques de protection destin\u00e9s aux personnes les&#13;<br \/>\nplus d\u00e9munies avaient d\u00e9j\u00e0 \u00e9t\u00e9 livr\u00e9s dans chaque d\u00e9partement roumain. Il&#13;<br \/>\ns&rsquo;agit l\u00e0 d&rsquo;une centaine de millions de masques. Quelle est la mesure que les&#13;<br \/>\nautorit\u00e9s cherchent \u00e0 ne pas introduire ? Eh bien, il s&rsquo;agit d&rsquo;un nouvel&#13;<br \/>\n\u00e9tat d&rsquo;urgence, avec des restrictions de sortie et le confinement \u00e0 domicile de&#13;<br \/>\nla population, comme ce fut le cas ce printemps, selon le ministre de la Sant\u00e9.&#13;\n<\/p>\n<p><\/p>\n<p>&#13;<br \/>\n&#13;<br \/>\n&#13;<br \/>\n&#13;<br \/>\n&#13;<br \/>\n&#13;<\/p>\n<p>Ces&#13;<br \/>\npropos ont \u00e9t\u00e9 confirm\u00e9s aussi par le pr\u00e9sident roumain Klaus Iohannis : \u00ab Un&#13;<br \/>\nretour \u00e0 l&rsquo;\u00e9tat d&rsquo;urgence est peu probable \u00e0 cause notamment des difficult\u00e9s&#13;<br \/>\nengendr\u00e9es au niveau de l&rsquo;\u00e9conomie, des grands syst\u00e8mes de l&rsquo;Etat. Entre temps&#13;<br \/>\nnous avons beaucoup appris sur cette pand\u00e9mie. Nous savons comment la g\u00e9rer,&#13;<br \/>\nnous savons comment appliquer des restrictions et des normes au niveau local,&#13;<br \/>\nd\u00e9partemental et r\u00e9gional. J&rsquo;esp\u00e8re que la Roumanie puisse ma\u00eetriser la&#13;<br \/>\npropagation de cette pand\u00e9mie par le biais de mesures d\u00e9j\u00e0 exerc\u00e9es avec&#13;<br \/>\nsucc\u00e8s, sans un retour \u00e0 l&rsquo;\u00e9tat d&rsquo;urgence. Celui-ci devrait \u00eatre une derni\u00e8re&#13;<br \/>\nsolution, \u00e0 adopter lorsque rien ne fonctionne plus et j&rsquo;esp\u00e8re bien ne pas&#13;<br \/>\narriver \u00e0 cette situation \u00bb. <\/p>\n<p><\/p>\n<p>&#13;<br \/>\n&#13;<br \/>\n&#13;<br \/>\n&#13;<br \/>\nLe chef de l&rsquo;Etat a \u00e9galement ajout\u00e9 que le sc\u00e9nario&#13;<br \/>\nde la fermeture de toutes les \u00e9coles et du d\u00e9roulement des cours exclusivement&#13;<br \/>\nen ligne n&rsquo;est plus possible. Les autorit\u00e9s ont \u00e0 nouveau appel\u00e9 la population&#13;<br \/>\n\u00e0 respecter les r\u00e8gles de s\u00e9curit\u00e9 sanitaire afin d&rsquo;\u00e9viter une hausse du nombre&#13;<br \/>\nd&rsquo;infections. (Trad. Alex Diaconescu)<\/p>\n","protected":false},"excerpt":{"rendered":"<p>Le nombre&#13; record de cas d&rsquo;infection au nouveau coronavirus enregistr\u00e9 mercredi intervient&#13; dans le contexte de la rentr\u00e9e scolaire et quelques jours seulement avant les&#13; \u00e9lections municipales du 27 septembre. Il s&rsquo;agit de pr\u00e8s de 1800 nouveaux cas&#13; de Covid-19 d\u00e9pist\u00e9s en 24 heures sur quelque 25 mille tests effectu\u00e9s. La&#13; majorit\u00e9 des cas positifs [&hellip;]<\/p>\n","protected":false},"author":104,"featured_media":368195,"comment_status":"closed","ping_status":"closed","sticky":false,"template":"","format":"standard","meta":{"_acf_changed":false,"footnotes":""},"categories":[93377],"tags":[35339,160972,47026,174457],"coauthors":[],"class_list":["post-400409","post","type-post","status-publish","format-standard","has-post-thumbnail","hentry","category-les-dossiers-de-lactualite","tag-coronavirus","tag-infections-fr","tag-pandemie","tag-record-fr"],"acf":[],"yoast_head":"<!-- This site is optimized with the Yoast SEO plugin v27.3 - https:\/\/yoast.com\/product\/yoast-seo-wordpress\/ -->\n<title>Nouveau record d&#039;infections - Radio Roumanie Internationale<\/title>\n<meta name=\"robots\" content=\"index, follow, max-snippet:-1, max-image-preview:large, max-video-preview:-1\" \/>\n<link rel=\"canonical\" href=\"https:\/\/www.rri.ro\/fr\/actualites\/les-dossiers-de-lactualite\/nouveau-record-dinfections-id400409.html\" \/>\n<meta property=\"og:locale\" content=\"fr_FR\" \/>\n<meta property=\"og:type\" content=\"article\" \/>\n<meta property=\"og:title\" content=\"Nouveau record d&#039;infections - Radio Roumanie Internationale\" \/>\n<meta property=\"og:description\" content=\"Le nombre&#013; record de cas d&rsquo;infection au nouveau coronavirus enregistr\u00e9 mercredi intervient&#013; dans le contexte de la rentr\u00e9e scolaire et quelques jours seulement avant les&#013; \u00e9lections municipales du 27 septembre. Il s&rsquo;agit de pr\u00e8s de 1800 nouveaux cas&#013; de Covid-19 d\u00e9pist\u00e9s en 24 heures sur quelque 25 mille tests effectu\u00e9s. La&#013; majorit\u00e9 des cas positifs [&hellip;]\" \/>\n<meta property=\"og:url\" content=\"https:\/\/www.rri.ro\/fr\/actualites\/les-dossiers-de-lactualite\/nouveau-record-dinfections-id400409.html\" \/>\n<meta property=\"og:site_name\" content=\"Radio Roumanie Internationale\" \/>\n<meta property=\"article:published_time\" content=\"2020-09-23T21:30:00+00:00\" \/>\n<meta property=\"og:image\" content=\"https:\/\/www.rri.ro\/wp-content\/uploads\/2023\/10\/echipament-medical-doctor-manusi-masca-covid-coronavirus-protectie-foto-pixabay.png\" \/>\n\t<meta property=\"og:image:width\" content=\"640\" \/>\n\t<meta property=\"og:image:height\" content=\"427\" \/>\n\t<meta property=\"og:image:type\" content=\"image\/png\" \/>\n<meta name=\"author\" content=\"Eugen Coroianu\" \/>\n<meta name=\"twitter:card\" content=\"summary_large_image\" \/>\n<meta name=\"twitter:label1\" content=\"\u00c9crit par\" \/>\n\t<meta name=\"twitter:data1\" content=\"Eugen Coroianu\" \/>\n\t<meta name=\"twitter:label2\" content=\"Dur\u00e9e de lecture estim\u00e9e\" \/>\n\t<meta name=\"twitter:data2\" content=\"3 minutes\" \/>\n\t<meta name=\"twitter:label3\" content=\"Written by\" \/>\n\t<meta name=\"twitter:data3\" content=\"Eugen Coroianu\" \/>\n<script type=\"application\/ld+json\" class=\"yoast-schema-graph\">{\"@context\":\"https:\\\/\\\/schema.org\",\"@graph\":[{\"@type\":\"Article\",\"@id\":\"https:\\\/\\\/www.rri.ro\\\/fr\\\/actualites\\\/les-dossiers-de-lactualite\\\/nouveau-record-dinfections-id400409.html#article\",\"isPartOf\":{\"@id\":\"https:\\\/\\\/www.rri.ro\\\/fr\\\/actualites\\\/les-dossiers-de-lactualite\\\/nouveau-record-dinfections-id400409.html\"},\"author\":{\"name\":\"Eugen Coroianu\",\"@id\":\"https:\\\/\\\/www.rri.ro\\\/#\\\/schema\\\/person\\\/5d5d5bd8eec0e962a50aaf3b0f6919c4\"},\"headline\":\"Nouveau record d&rsquo;infections\",\"datePublished\":\"2020-09-23T21:30:00+00:00\",\"mainEntityOfPage\":{\"@id\":\"https:\\\/\\\/www.rri.ro\\\/fr\\\/actualites\\\/les-dossiers-de-lactualite\\\/nouveau-record-dinfections-id400409.html\"},\"wordCount\":602,\"image\":{\"@id\":\"https:\\\/\\\/www.rri.ro\\\/fr\\\/actualites\\\/les-dossiers-de-lactualite\\\/nouveau-record-dinfections-id400409.html#primaryimage\"},\"thumbnailUrl\":\"https:\\\/\\\/www.rri.ro\\\/wp-content\\\/uploads\\\/2023\\\/10\\\/echipament-medical-doctor-manusi-masca-covid-coronavirus-protectie-foto-pixabay.png\",\"keywords\":[\"coronavirus\",\"infections\",\"pandemie\",\"record\"],\"articleSection\":[\"Les dossiers de l'actualit\u00e9\"],\"inLanguage\":\"fr-FR\"},{\"@type\":\"WebPage\",\"@id\":\"https:\\\/\\\/www.rri.ro\\\/fr\\\/actualites\\\/les-dossiers-de-lactualite\\\/nouveau-record-dinfections-id400409.html\",\"url\":\"https:\\\/\\\/www.rri.ro\\\/fr\\\/actualites\\\/les-dossiers-de-lactualite\\\/nouveau-record-dinfections-id400409.html\",\"name\":\"Nouveau record d'infections - Radio Roumanie Internationale\",\"isPartOf\":{\"@id\":\"https:\\\/\\\/www.rri.ro\\\/#website\"},\"primaryImageOfPage\":{\"@id\":\"https:\\\/\\\/www.rri.ro\\\/fr\\\/actualites\\\/les-dossiers-de-lactualite\\\/nouveau-record-dinfections-id400409.html#primaryimage\"},\"image\":{\"@id\":\"https:\\\/\\\/www.rri.ro\\\/fr\\\/actualites\\\/les-dossiers-de-lactualite\\\/nouveau-record-dinfections-id400409.html#primaryimage\"},\"thumbnailUrl\":\"https:\\\/\\\/www.rri.ro\\\/wp-content\\\/uploads\\\/2023\\\/10\\\/echipament-medical-doctor-manusi-masca-covid-coronavirus-protectie-foto-pixabay.png\",\"datePublished\":\"2020-09-23T21:30:00+00:00\",\"author\":{\"@id\":\"https:\\\/\\\/www.rri.ro\\\/#\\\/schema\\\/person\\\/5d5d5bd8eec0e962a50aaf3b0f6919c4\"},\"breadcrumb\":{\"@id\":\"https:\\\/\\\/www.rri.ro\\\/fr\\\/actualites\\\/les-dossiers-de-lactualite\\\/nouveau-record-dinfections-id400409.html#breadcrumb\"},\"inLanguage\":\"fr-FR\",\"potentialAction\":[{\"@type\":\"ReadAction\",\"target\":[\"https:\\\/\\\/www.rri.ro\\\/fr\\\/actualites\\\/les-dossiers-de-lactualite\\\/nouveau-record-dinfections-id400409.html\"]}]},{\"@type\":\"ImageObject\",\"inLanguage\":\"fr-FR\",\"@id\":\"https:\\\/\\\/www.rri.ro\\\/fr\\\/actualites\\\/les-dossiers-de-lactualite\\\/nouveau-record-dinfections-id400409.html#primaryimage\",\"url\":\"https:\\\/\\\/www.rri.ro\\\/wp-content\\\/uploads\\\/2023\\\/10\\\/echipament-medical-doctor-manusi-masca-covid-coronavirus-protectie-foto-pixabay.png\",\"contentUrl\":\"https:\\\/\\\/www.rri.ro\\\/wp-content\\\/uploads\\\/2023\\\/10\\\/echipament-medical-doctor-manusi-masca-covid-coronavirus-protectie-foto-pixabay.png\",\"width\":640,\"height\":427},{\"@type\":\"BreadcrumbList\",\"@id\":\"https:\\\/\\\/www.rri.ro\\\/fr\\\/actualites\\\/les-dossiers-de-lactualite\\\/nouveau-record-dinfections-id400409.html#breadcrumb\",\"itemListElement\":[{\"@type\":\"ListItem\",\"position\":1,\"name\":\"Page d'accueil\",\"item\":\"https:\\\/\\\/www.rri.ro\\\/fr\"},{\"@type\":\"ListItem\",\"position\":2,\"name\":\"Actualit\u00e9s\",\"item\":\"https:\\\/\\\/www.rri.ro\\\/fr\\\/actualites\"},{\"@type\":\"ListItem\",\"position\":3,\"name\":\"Les dossiers de l'actualit\u00e9\",\"item\":\"https:\\\/\\\/www.rri.ro\\\/fr\\\/actualites\\\/les-dossiers-de-lactualite\"},{\"@type\":\"ListItem\",\"position\":4,\"name\":\"Nouveau record d&rsquo;infections\"}]},{\"@type\":\"WebSite\",\"@id\":\"https:\\\/\\\/www.rri.ro\\\/#website\",\"url\":\"https:\\\/\\\/www.rri.ro\\\/\",\"name\":\"Radio Roumanie Internationale\",\"description\":\"Totul despre Rom\u00e2nia \u015fi rom\u00e2ni, \u00een 13 limbi\\\/dialecte!\",\"inLanguage\":\"fr-FR\"},{\"@type\":\"Person\",\"@id\":\"https:\\\/\\\/www.rri.ro\\\/#\\\/schema\\\/person\\\/5d5d5bd8eec0e962a50aaf3b0f6919c4\",\"name\":\"Eugen Coroianu\",\"url\":\"https:\\\/\\\/www.rri.ro\\\/fr\\\/author\\\/eugen-coroianu\"}]}<\/script>\n<!-- \/ Yoast SEO plugin. -->","yoast_head_json":{"title":"Nouveau record d'infections - Radio Roumanie Internationale","robots":{"index":"index","follow":"follow","max-snippet":"max-snippet:-1","max-image-preview":"max-image-preview:large","max-video-preview":"max-video-preview:-1"},"canonical":"https:\/\/www.rri.ro\/fr\/actualites\/les-dossiers-de-lactualite\/nouveau-record-dinfections-id400409.html","og_locale":"fr_FR","og_type":"article","og_title":"Nouveau record d'infections - Radio Roumanie Internationale","og_description":"Le nombre&#13; record de cas d&rsquo;infection au nouveau coronavirus enregistr\u00e9 mercredi intervient&#13; dans le contexte de la rentr\u00e9e scolaire et quelques jours seulement avant les&#13; \u00e9lections municipales du 27 septembre. Il s&rsquo;agit de pr\u00e8s de 1800 nouveaux cas&#13; de Covid-19 d\u00e9pist\u00e9s en 24 heures sur quelque 25 mille tests effectu\u00e9s. La&#13; majorit\u00e9 des cas positifs [&hellip;]","og_url":"https:\/\/www.rri.ro\/fr\/actualites\/les-dossiers-de-lactualite\/nouveau-record-dinfections-id400409.html","og_site_name":"Radio Roumanie Internationale","article_published_time":"2020-09-23T21:30:00+00:00","og_image":[{"width":640,"height":427,"url":"https:\/\/www.rri.ro\/wp-content\/uploads\/2023\/10\/echipament-medical-doctor-manusi-masca-covid-coronavirus-protectie-foto-pixabay.png","type":"image\/png"}],"author":"Eugen Coroianu","twitter_card":"summary_large_image","twitter_misc":{"\u00c9crit par":"Eugen Coroianu","Dur\u00e9e de lecture estim\u00e9e":"3 minutes","Written by":"Eugen Coroianu"},"schema":{"@context":"https:\/\/schema.org","@graph":[{"@type":"Article","@id":"https:\/\/www.rri.ro\/fr\/actualites\/les-dossiers-de-lactualite\/nouveau-record-dinfections-id400409.html#article","isPartOf":{"@id":"https:\/\/www.rri.ro\/fr\/actualites\/les-dossiers-de-lactualite\/nouveau-record-dinfections-id400409.html"},"author":{"name":"Eugen Coroianu","@id":"https:\/\/www.rri.ro\/#\/schema\/person\/5d5d5bd8eec0e962a50aaf3b0f6919c4"},"headline":"Nouveau record d&rsquo;infections","datePublished":"2020-09-23T21:30:00+00:00","mainEntityOfPage":{"@id":"https:\/\/www.rri.ro\/fr\/actualites\/les-dossiers-de-lactualite\/nouveau-record-dinfections-id400409.html"},"wordCount":602,"image":{"@id":"https:\/\/www.rri.ro\/fr\/actualites\/les-dossiers-de-lactualite\/nouveau-record-dinfections-id400409.html#primaryimage"},"thumbnailUrl":"https:\/\/www.rri.ro\/wp-content\/uploads\/2023\/10\/echipament-medical-doctor-manusi-masca-covid-coronavirus-protectie-foto-pixabay.png","keywords":["coronavirus","infections","pandemie","record"],"articleSection":["Les dossiers de l'actualit\u00e9"],"inLanguage":"fr-FR"},{"@type":"WebPage","@id":"https:\/\/www.rri.ro\/fr\/actualites\/les-dossiers-de-lactualite\/nouveau-record-dinfections-id400409.html","url":"https:\/\/www.rri.ro\/fr\/actualites\/les-dossiers-de-lactualite\/nouveau-record-dinfections-id400409.html","name":"Nouveau record d'infections - Radio Roumanie Internationale","isPartOf":{"@id":"https:\/\/www.rri.ro\/#website"},"primaryImageOfPage":{"@id":"https:\/\/www.rri.ro\/fr\/actualites\/les-dossiers-de-lactualite\/nouveau-record-dinfections-id400409.html#primaryimage"},"image":{"@id":"https:\/\/www.rri.ro\/fr\/actualites\/les-dossiers-de-lactualite\/nouveau-record-dinfections-id400409.html#primaryimage"},"thumbnailUrl":"https:\/\/www.rri.ro\/wp-content\/uploads\/2023\/10\/echipament-medical-doctor-manusi-masca-covid-coronavirus-protectie-foto-pixabay.png","datePublished":"2020-09-23T21:30:00+00:00","author":{"@id":"https:\/\/www.rri.ro\/#\/schema\/person\/5d5d5bd8eec0e962a50aaf3b0f6919c4"},"breadcrumb":{"@id":"https:\/\/www.rri.ro\/fr\/actualites\/les-dossiers-de-lactualite\/nouveau-record-dinfections-id400409.html#breadcrumb"},"inLanguage":"fr-FR","potentialAction":[{"@type":"ReadAction","target":["https:\/\/www.rri.ro\/fr\/actualites\/les-dossiers-de-lactualite\/nouveau-record-dinfections-id400409.html"]}]},{"@type":"ImageObject","inLanguage":"fr-FR","@id":"https:\/\/www.rri.ro\/fr\/actualites\/les-dossiers-de-lactualite\/nouveau-record-dinfections-id400409.html#primaryimage","url":"https:\/\/www.rri.ro\/wp-content\/uploads\/2023\/10\/echipament-medical-doctor-manusi-masca-covid-coronavirus-protectie-foto-pixabay.png","contentUrl":"https:\/\/www.rri.ro\/wp-content\/uploads\/2023\/10\/echipament-medical-doctor-manusi-masca-covid-coronavirus-protectie-foto-pixabay.png","width":640,"height":427},{"@type":"BreadcrumbList","@id":"https:\/\/www.rri.ro\/fr\/actualites\/les-dossiers-de-lactualite\/nouveau-record-dinfections-id400409.html#breadcrumb","itemListElement":[{"@type":"ListItem","position":1,"name":"Page d'accueil","item":"https:\/\/www.rri.ro\/fr"},{"@type":"ListItem","position":2,"name":"Actualit\u00e9s","item":"https:\/\/www.rri.ro\/fr\/actualites"},{"@type":"ListItem","position":3,"name":"Les dossiers de l'actualit\u00e9","item":"https:\/\/www.rri.ro\/fr\/actualites\/les-dossiers-de-lactualite"},{"@type":"ListItem","position":4,"name":"Nouveau record d&rsquo;infections"}]},{"@type":"WebSite","@id":"https:\/\/www.rri.ro\/#website","url":"https:\/\/www.rri.ro\/","name":"Radio Roumanie Internationale","description":"Totul despre Rom\u00e2nia \u015fi rom\u00e2ni, \u00een 13 limbi\/dialecte!","inLanguage":"fr-FR"},{"@type":"Person","@id":"https:\/\/www.rri.ro\/#\/schema\/person\/5d5d5bd8eec0e962a50aaf3b0f6919c4","name":"Eugen Coroianu","url":"https:\/\/www.rri.ro\/fr\/author\/eugen-coroianu"}]}},"_links":{"self":[{"href":"https:\/\/www.rri.ro\/fr\/wp-json\/wp\/v2\/posts\/400409","targetHints":{"allow":["GET"]}}],"collection":[{"href":"https:\/\/www.rri.ro\/fr\/wp-json\/wp\/v2\/posts"}],"about":[{"href":"https:\/\/www.rri.ro\/fr\/wp-json\/wp\/v2\/types\/post"}],"author":[{"embeddable":true,"href":"https:\/\/www.rri.ro\/fr\/wp-json\/wp\/v2\/users\/104"}],"replies":[{"embeddable":true,"href":"https:\/\/www.rri.ro\/fr\/wp-json\/wp\/v2\/comments?post=400409"}],"version-history":[{"count":0,"href":"https:\/\/www.rri.ro\/fr\/wp-json\/wp\/v2\/posts\/400409\/revisions"}],"wp:featuredmedia":[{"embeddable":true,"href":"https:\/\/www.rri.ro\/fr\/wp-json\/wp\/v2\/media\/368195"}],"wp:attachment":[{"href":"https:\/\/www.rri.ro\/fr\/wp-json\/wp\/v2\/media?parent=400409"}],"wp:term":[{"taxonomy":"category","embeddable":true,"href":"https:\/\/www.rri.ro\/fr\/wp-json\/wp\/v2\/categories?post=400409"},{"taxonomy":"post_tag","embeddable":true,"href":"https:\/\/www.rri.ro\/fr\/wp-json\/wp\/v2\/tags?post=400409"},{"taxonomy":"author","embeddable":true,"href":"https:\/\/www.rri.ro\/fr\/wp-json\/wp\/v2\/coauthors?post=400409"}],"curies":[{"name":"wp","href":"https:\/\/api.w.org\/{rel}","templated":true}]}}