{"id":400420,"date":"2020-10-09T12:57:00","date_gmt":"2020-10-09T09:57:00","guid":{"rendered":"http:\/\/devrri.freshlemon.ro\/le-roumain-mot-a-mot\/consulter-les-lecons\/mesures-sociales-par-temps-de-pandemie-2-id400420.html"},"modified":"2020-10-09T12:57:00","modified_gmt":"2020-10-09T09:57:00","slug":"mesures-sociales-par-temps-de-pandemie-2","status":"publish","type":"post","link":"https:\/\/www.rri.ro\/fr\/actualites\/les-dossiers-de-lactualite\/mesures-sociales-par-temps-de-pandemie-2-id400420.html","title":{"rendered":"Mesures sociales par temps de pand\u00e9mie"},"content":{"rendered":"<\/p>\n<p>Jeudi, le jour m\u00eame o\u00f9 la Roumanie a franchi le seuil des&#13;<br \/>\n3000 infections rapport\u00e9es en 24 heures, le gouvernement de Bucarest a prolong\u00e9&#13;<br \/>\nde 6 mois les 2000 postes qui compl\u00e8tent le personnel n\u00e9cessaire pour les Directions&#13;<br \/>\nde sant\u00e9 publique et pour les services d&rsquo;ambulance sur l&rsquo;ensemble du pays. S&rsquo;y&#13;<br \/>\najoute un m\u00e9morandum relatif \u00e0 un emprunt de 250 millions d&rsquo;euros \u00e0 la Banque&#13;<br \/>\neurop\u00e9enne d&rsquo;investissements pour l&rsquo;H\u00f4pital r\u00e9gional des urgences de Iasi&#13;<br \/>\n(est), a fait savoir le ministre des Finances Florin C\u00ee\u0163u, \u00e0 l&rsquo;issue de la r\u00e9union&#13;<br \/>\ngouvernementale. La valeur totale de l&rsquo;investissement est de 500 millions&#13;<br \/>\nd&rsquo;euros, la moiti\u00e9 du projet \u00e9tant financ\u00e9e de fonds europ\u00e9ens et l&rsquo;autre&#13;<br \/>\nmoiti\u00e9 &#8211; du budget de l&rsquo;Etat. \u00ab Ce cr\u00e9dit est cens\u00e9 soutenir les&#13;<br \/>\ninvestissements \u00e0 faire avant l&rsquo;arriv\u00e9e des fonds europ\u00e9ens, pour ne pas&#13;<br \/>\nattarder la construction de cet objectif \u00bb, a expliqu\u00e9 le ministre.<\/p>\n<p><\/p>\n<p>&#13;<br \/>\n&#13;<br \/>\n&#13;<br \/>\n&#13;<br \/>\n&#13;<br \/>\n&#13;<\/p>\n<p>Toujours dans la r\u00e9union gouvernementale de jeudi, un d\u00e9cret&#13;<br \/>\nd&rsquo;urgence a \u00e9t\u00e9 pr\u00e9sent\u00e9, portant sur plusieurs mesures fiscales et budg\u00e9taires.&#13;<br \/>\nParmi elles : des facilit\u00e9s de paiement pour les dettes au budget de&#13;<br \/>\nl&rsquo;Etat accumul\u00e9es depuis la d\u00e9claration de l&rsquo;\u00e9tat d&rsquo;urgence, le 16 mars&#13;<br \/>\ndernier, jusqu&rsquo;au 25 octobre par les compagnies touch\u00e9es par les restrictions&#13;<br \/>\nimpos\u00e9es afin de limiter la propagation de l&rsquo;\u00e9pid\u00e9mie. En fait, il s&rsquo;agit de&#13;<br \/>\nsimplifier les proc\u00e9dures qui permettent de payer ces dettes par tranches&#13;<br \/>\n\u00e9tal\u00e9es sur 12 mois, a pr\u00e9cis\u00e9 le ministre des Finances, qui a aussi \u00e9num\u00e9r\u00e9&#13;<br \/>\nles conditions \u00e0 remplir pour en b\u00e9n\u00e9ficier :<\/p>\n<p><\/p>\n<p>&#13;<br \/>\n&#13;<\/p>\n<p>Florin C\u00ee\u0163u :<em class=cms-italic> \u00ab Ne pas avoir d&rsquo;obligations budg\u00e9taires&#13;<br \/>\navant la date o\u00f9 l&rsquo;\u00e9tat d&rsquo;urgence a \u00e9t\u00e9 mis en place. Ne pas se trouver en&#13;<br \/>\nproc\u00e9dure de faillite. Il y aura des normes sp\u00e9cifiques pour les compagnies qui&#13;<br \/>\nsont en proc\u00e9dure de faillite, mais qui ont pay\u00e9 leurs mensualit\u00e9s et n&rsquo;ont pas&#13;<br \/>\nenregistr\u00e9 de retards. Puis, ne pas \u00eatre en proc\u00e9dure de dissolution&#13;<br \/>\nconform\u00e9ment aux normes en vigueur et aussi avoir d\u00e9pos\u00e9 toutes les&#13;<br \/>\nd\u00e9clarations fiscales requises \u00bb.<\/em><\/p>\n<\/p>\n<p>&#13;<br \/>\n&#13;<\/p>\n<p>Selon les autorit\u00e9s de Bucarest, cette initiative est&#13;<br \/>\ncens\u00e9e d&rsquo;une part aider les contribuables se trouvant en difficult\u00e9 en raison&#13;<br \/>\nde l&rsquo;absence de liquidit\u00e9s financi\u00e8res. D&rsquo;autre part, il s&rsquo;agit d&rsquo;assurer des&#13;<br \/>\nrecettes s\u00fbres et p\u00e9riodiques au budget g\u00e9n\u00e9ral consolid\u00e9.  <\/p>\n<p><\/p>\n<p>&#13;<br \/>\n&#13;<br \/>\n&#13;<br \/>\n&#13;<br \/>\n&#13;<br \/>\n&#13;<\/p>\n<p>Le d\u00e9bat public est lanc\u00e9 pour une autre initiative l\u00e9gislative jusqu&rsquo;\u00e0 la&#13;<br \/>\nprochaine r\u00e9union gouvernementale. Elle vise \u00e0 prolonger jusqu&rsquo;au 2 d\u00e9cembre le&#13;<br \/>\nd\u00e9lai pour les autorit\u00e9s de fixer la r\u00e9duction jusqu&rsquo;\u00e0 50% de la taxe fonci\u00e8re&#13;<br \/>\nsur le b\u00e2ti. Les propri\u00e9taires peuvent d\u00e9poser d&rsquo;ici le 21 d\u00e9cembre leurs&#13;<br \/>\ndemandes pour la r\u00e9duction de cet imp\u00f4t. (Trad. Valentina&#13;<br \/>\nBeleavski)<\/p>\n<p>&#13;<br \/>\n&#13;<br \/><\/p>\n","protected":false},"excerpt":{"rendered":"<p>Jeudi, le jour m\u00eame o\u00f9 la Roumanie a franchi le seuil des&#13; 3000 infections rapport\u00e9es en 24 heures, le gouvernement de Bucarest a prolong\u00e9&#13; de 6 mois les 2000 postes qui compl\u00e8tent le personnel n\u00e9cessaire pour les Directions&#13; de sant\u00e9 publique et pour les services d&rsquo;ambulance sur l&rsquo;ensemble du pays. S&rsquo;y&#13; ajoute un m\u00e9morandum relatif [&hellip;]<\/p>\n","protected":false},"author":108,"featured_media":85441,"comment_status":"closed","ping_status":"closed","sticky":false,"template":"","format":"standard","meta":{"_acf_changed":false,"footnotes":""},"categories":[93377],"tags":[39936,94145,91511,88082,47026],"coauthors":[],"class_list":["post-400420","post","type-post","status-publish","format-standard","has-post-thumbnail","hentry","category-les-dossiers-de-lactualite","tag-credit","tag-facilites-de-paiement","tag-impot","tag-mesures","tag-pandemie"],"acf":[],"yoast_head":"<!-- This site is optimized with the Yoast SEO plugin v27.3 - https:\/\/yoast.com\/product\/yoast-seo-wordpress\/ -->\n<title>Mesures sociales par temps de pand\u00e9mie - Radio Roumanie Internationale<\/title>\n<meta name=\"robots\" content=\"index, follow, max-snippet:-1, max-image-preview:large, max-video-preview:-1\" \/>\n<link rel=\"canonical\" href=\"https:\/\/www.rri.ro\/fr\/actualites\/les-dossiers-de-lactualite\/mesures-sociales-par-temps-de-pandemie-2-id400420.html\" \/>\n<meta property=\"og:locale\" content=\"fr_FR\" \/>\n<meta property=\"og:type\" content=\"article\" \/>\n<meta property=\"og:title\" content=\"Mesures sociales par temps de pand\u00e9mie - Radio Roumanie Internationale\" \/>\n<meta property=\"og:description\" content=\"Jeudi, le jour m\u00eame o\u00f9 la Roumanie a franchi le seuil des&#013; 3000 infections rapport\u00e9es en 24 heures, le gouvernement de Bucarest a prolong\u00e9&#013; de 6 mois les 2000 postes qui compl\u00e8tent le personnel n\u00e9cessaire pour les Directions&#013; de sant\u00e9 publique et pour les services d&rsquo;ambulance sur l&rsquo;ensemble du pays. S&rsquo;y&#013; ajoute un m\u00e9morandum relatif [&hellip;]\" \/>\n<meta property=\"og:url\" content=\"https:\/\/www.rri.ro\/fr\/actualites\/les-dossiers-de-lactualite\/mesures-sociales-par-temps-de-pandemie-2-id400420.html\" \/>\n<meta property=\"og:site_name\" content=\"Radio Roumanie Internationale\" \/>\n<meta property=\"article:published_time\" content=\"2020-10-09T09:57:00+00:00\" \/>\n<meta property=\"og:image\" content=\"https:\/\/www.rri.ro\/wp-content\/uploads\/2023\/10\/florin-citu-apr2020-gov-ro.jpg\" \/>\n\t<meta property=\"og:image:width\" content=\"640\" \/>\n\t<meta property=\"og:image:height\" content=\"481\" \/>\n\t<meta property=\"og:image:type\" content=\"image\/jpeg\" \/>\n<meta name=\"author\" content=\"Corina Cristea\" \/>\n<meta name=\"twitter:card\" content=\"summary_large_image\" \/>\n<meta name=\"twitter:label1\" content=\"\u00c9crit par\" \/>\n\t<meta name=\"twitter:data1\" content=\"Corina Cristea\" \/>\n\t<meta name=\"twitter:label2\" content=\"Dur\u00e9e de lecture estim\u00e9e\" \/>\n\t<meta name=\"twitter:data2\" content=\"2 minutes\" \/>\n\t<meta name=\"twitter:label3\" content=\"Written by\" \/>\n\t<meta name=\"twitter:data3\" content=\"Corina Cristea\" \/>\n<script type=\"application\/ld+json\" class=\"yoast-schema-graph\">{\"@context\":\"https:\\\/\\\/schema.org\",\"@graph\":[{\"@type\":\"Article\",\"@id\":\"https:\\\/\\\/www.rri.ro\\\/fr\\\/actualites\\\/les-dossiers-de-lactualite\\\/mesures-sociales-par-temps-de-pandemie-2-id400420.html#article\",\"isPartOf\":{\"@id\":\"https:\\\/\\\/www.rri.ro\\\/fr\\\/actualites\\\/les-dossiers-de-lactualite\\\/mesures-sociales-par-temps-de-pandemie-2-id400420.html\"},\"author\":{\"name\":\"Corina Cristea\",\"@id\":\"https:\\\/\\\/www.rri.ro\\\/#\\\/schema\\\/person\\\/f9ab1cb3569dee1b2c033a814bb7f0fc\"},\"headline\":\"Mesures sociales par temps de pand\u00e9mie\",\"datePublished\":\"2020-10-09T09:57:00+00:00\",\"mainEntityOfPage\":{\"@id\":\"https:\\\/\\\/www.rri.ro\\\/fr\\\/actualites\\\/les-dossiers-de-lactualite\\\/mesures-sociales-par-temps-de-pandemie-2-id400420.html\"},\"wordCount\":498,\"image\":{\"@id\":\"https:\\\/\\\/www.rri.ro\\\/fr\\\/actualites\\\/les-dossiers-de-lactualite\\\/mesures-sociales-par-temps-de-pandemie-2-id400420.html#primaryimage\"},\"thumbnailUrl\":\"https:\\\/\\\/www.rri.ro\\\/wp-content\\\/uploads\\\/2023\\\/10\\\/florin-citu-apr2020-gov-ro.jpg\",\"keywords\":[\"credit\",\"facilit\u00e9s de paiement\",\"imp\u00f4t\",\"mesures\",\"pandemie\"],\"articleSection\":[\"Les dossiers de l'actualit\u00e9\"],\"inLanguage\":\"fr-FR\"},{\"@type\":\"WebPage\",\"@id\":\"https:\\\/\\\/www.rri.ro\\\/fr\\\/actualites\\\/les-dossiers-de-lactualite\\\/mesures-sociales-par-temps-de-pandemie-2-id400420.html\",\"url\":\"https:\\\/\\\/www.rri.ro\\\/fr\\\/actualites\\\/les-dossiers-de-lactualite\\\/mesures-sociales-par-temps-de-pandemie-2-id400420.html\",\"name\":\"Mesures sociales par temps de pand\u00e9mie - Radio Roumanie Internationale\",\"isPartOf\":{\"@id\":\"https:\\\/\\\/www.rri.ro\\\/#website\"},\"primaryImageOfPage\":{\"@id\":\"https:\\\/\\\/www.rri.ro\\\/fr\\\/actualites\\\/les-dossiers-de-lactualite\\\/mesures-sociales-par-temps-de-pandemie-2-id400420.html#primaryimage\"},\"image\":{\"@id\":\"https:\\\/\\\/www.rri.ro\\\/fr\\\/actualites\\\/les-dossiers-de-lactualite\\\/mesures-sociales-par-temps-de-pandemie-2-id400420.html#primaryimage\"},\"thumbnailUrl\":\"https:\\\/\\\/www.rri.ro\\\/wp-content\\\/uploads\\\/2023\\\/10\\\/florin-citu-apr2020-gov-ro.jpg\",\"datePublished\":\"2020-10-09T09:57:00+00:00\",\"author\":{\"@id\":\"https:\\\/\\\/www.rri.ro\\\/#\\\/schema\\\/person\\\/f9ab1cb3569dee1b2c033a814bb7f0fc\"},\"breadcrumb\":{\"@id\":\"https:\\\/\\\/www.rri.ro\\\/fr\\\/actualites\\\/les-dossiers-de-lactualite\\\/mesures-sociales-par-temps-de-pandemie-2-id400420.html#breadcrumb\"},\"inLanguage\":\"fr-FR\",\"potentialAction\":[{\"@type\":\"ReadAction\",\"target\":[\"https:\\\/\\\/www.rri.ro\\\/fr\\\/actualites\\\/les-dossiers-de-lactualite\\\/mesures-sociales-par-temps-de-pandemie-2-id400420.html\"]}]},{\"@type\":\"ImageObject\",\"inLanguage\":\"fr-FR\",\"@id\":\"https:\\\/\\\/www.rri.ro\\\/fr\\\/actualites\\\/les-dossiers-de-lactualite\\\/mesures-sociales-par-temps-de-pandemie-2-id400420.html#primaryimage\",\"url\":\"https:\\\/\\\/www.rri.ro\\\/wp-content\\\/uploads\\\/2023\\\/10\\\/florin-citu-apr2020-gov-ro.jpg\",\"contentUrl\":\"https:\\\/\\\/www.rri.ro\\\/wp-content\\\/uploads\\\/2023\\\/10\\\/florin-citu-apr2020-gov-ro.jpg\",\"width\":640,\"height\":481},{\"@type\":\"BreadcrumbList\",\"@id\":\"https:\\\/\\\/www.rri.ro\\\/fr\\\/actualites\\\/les-dossiers-de-lactualite\\\/mesures-sociales-par-temps-de-pandemie-2-id400420.html#breadcrumb\",\"itemListElement\":[{\"@type\":\"ListItem\",\"position\":1,\"name\":\"Page d'accueil\",\"item\":\"https:\\\/\\\/www.rri.ro\\\/fr\"},{\"@type\":\"ListItem\",\"position\":2,\"name\":\"Actualit\u00e9s\",\"item\":\"https:\\\/\\\/www.rri.ro\\\/fr\\\/actualites\"},{\"@type\":\"ListItem\",\"position\":3,\"name\":\"Les dossiers de l'actualit\u00e9\",\"item\":\"https:\\\/\\\/www.rri.ro\\\/fr\\\/actualites\\\/les-dossiers-de-lactualite\"},{\"@type\":\"ListItem\",\"position\":4,\"name\":\"Mesures sociales par temps de pand\u00e9mie\"}]},{\"@type\":\"WebSite\",\"@id\":\"https:\\\/\\\/www.rri.ro\\\/#website\",\"url\":\"https:\\\/\\\/www.rri.ro\\\/\",\"name\":\"Radio Roumanie Internationale\",\"description\":\"Totul despre Rom\u00e2nia \u015fi rom\u00e2ni, \u00een 13 limbi\\\/dialecte!\",\"inLanguage\":\"fr-FR\"},{\"@type\":\"Person\",\"@id\":\"https:\\\/\\\/www.rri.ro\\\/#\\\/schema\\\/person\\\/f9ab1cb3569dee1b2c033a814bb7f0fc\",\"name\":\"Corina Cristea\",\"url\":\"https:\\\/\\\/www.rri.ro\\\/fr\\\/author\\\/corina-cristea\"}]}<\/script>\n<!-- \/ Yoast SEO plugin. -->","yoast_head_json":{"title":"Mesures sociales par temps de pand\u00e9mie - Radio Roumanie Internationale","robots":{"index":"index","follow":"follow","max-snippet":"max-snippet:-1","max-image-preview":"max-image-preview:large","max-video-preview":"max-video-preview:-1"},"canonical":"https:\/\/www.rri.ro\/fr\/actualites\/les-dossiers-de-lactualite\/mesures-sociales-par-temps-de-pandemie-2-id400420.html","og_locale":"fr_FR","og_type":"article","og_title":"Mesures sociales par temps de pand\u00e9mie - Radio Roumanie Internationale","og_description":"Jeudi, le jour m\u00eame o\u00f9 la Roumanie a franchi le seuil des&#13; 3000 infections rapport\u00e9es en 24 heures, le gouvernement de Bucarest a prolong\u00e9&#13; de 6 mois les 2000 postes qui compl\u00e8tent le personnel n\u00e9cessaire pour les Directions&#13; de sant\u00e9 publique et pour les services d&rsquo;ambulance sur l&rsquo;ensemble du pays. S&rsquo;y&#13; ajoute un m\u00e9morandum relatif [&hellip;]","og_url":"https:\/\/www.rri.ro\/fr\/actualites\/les-dossiers-de-lactualite\/mesures-sociales-par-temps-de-pandemie-2-id400420.html","og_site_name":"Radio Roumanie Internationale","article_published_time":"2020-10-09T09:57:00+00:00","og_image":[{"width":640,"height":481,"url":"https:\/\/www.rri.ro\/wp-content\/uploads\/2023\/10\/florin-citu-apr2020-gov-ro.jpg","type":"image\/jpeg"}],"author":"Corina Cristea","twitter_card":"summary_large_image","twitter_misc":{"\u00c9crit par":"Corina Cristea","Dur\u00e9e de lecture estim\u00e9e":"2 minutes","Written by":"Corina Cristea"},"schema":{"@context":"https:\/\/schema.org","@graph":[{"@type":"Article","@id":"https:\/\/www.rri.ro\/fr\/actualites\/les-dossiers-de-lactualite\/mesures-sociales-par-temps-de-pandemie-2-id400420.html#article","isPartOf":{"@id":"https:\/\/www.rri.ro\/fr\/actualites\/les-dossiers-de-lactualite\/mesures-sociales-par-temps-de-pandemie-2-id400420.html"},"author":{"name":"Corina Cristea","@id":"https:\/\/www.rri.ro\/#\/schema\/person\/f9ab1cb3569dee1b2c033a814bb7f0fc"},"headline":"Mesures sociales par temps de pand\u00e9mie","datePublished":"2020-10-09T09:57:00+00:00","mainEntityOfPage":{"@id":"https:\/\/www.rri.ro\/fr\/actualites\/les-dossiers-de-lactualite\/mesures-sociales-par-temps-de-pandemie-2-id400420.html"},"wordCount":498,"image":{"@id":"https:\/\/www.rri.ro\/fr\/actualites\/les-dossiers-de-lactualite\/mesures-sociales-par-temps-de-pandemie-2-id400420.html#primaryimage"},"thumbnailUrl":"https:\/\/www.rri.ro\/wp-content\/uploads\/2023\/10\/florin-citu-apr2020-gov-ro.jpg","keywords":["credit","facilit\u00e9s de paiement","imp\u00f4t","mesures","pandemie"],"articleSection":["Les dossiers de l'actualit\u00e9"],"inLanguage":"fr-FR"},{"@type":"WebPage","@id":"https:\/\/www.rri.ro\/fr\/actualites\/les-dossiers-de-lactualite\/mesures-sociales-par-temps-de-pandemie-2-id400420.html","url":"https:\/\/www.rri.ro\/fr\/actualites\/les-dossiers-de-lactualite\/mesures-sociales-par-temps-de-pandemie-2-id400420.html","name":"Mesures sociales par temps de pand\u00e9mie - Radio Roumanie Internationale","isPartOf":{"@id":"https:\/\/www.rri.ro\/#website"},"primaryImageOfPage":{"@id":"https:\/\/www.rri.ro\/fr\/actualites\/les-dossiers-de-lactualite\/mesures-sociales-par-temps-de-pandemie-2-id400420.html#primaryimage"},"image":{"@id":"https:\/\/www.rri.ro\/fr\/actualites\/les-dossiers-de-lactualite\/mesures-sociales-par-temps-de-pandemie-2-id400420.html#primaryimage"},"thumbnailUrl":"https:\/\/www.rri.ro\/wp-content\/uploads\/2023\/10\/florin-citu-apr2020-gov-ro.jpg","datePublished":"2020-10-09T09:57:00+00:00","author":{"@id":"https:\/\/www.rri.ro\/#\/schema\/person\/f9ab1cb3569dee1b2c033a814bb7f0fc"},"breadcrumb":{"@id":"https:\/\/www.rri.ro\/fr\/actualites\/les-dossiers-de-lactualite\/mesures-sociales-par-temps-de-pandemie-2-id400420.html#breadcrumb"},"inLanguage":"fr-FR","potentialAction":[{"@type":"ReadAction","target":["https:\/\/www.rri.ro\/fr\/actualites\/les-dossiers-de-lactualite\/mesures-sociales-par-temps-de-pandemie-2-id400420.html"]}]},{"@type":"ImageObject","inLanguage":"fr-FR","@id":"https:\/\/www.rri.ro\/fr\/actualites\/les-dossiers-de-lactualite\/mesures-sociales-par-temps-de-pandemie-2-id400420.html#primaryimage","url":"https:\/\/www.rri.ro\/wp-content\/uploads\/2023\/10\/florin-citu-apr2020-gov-ro.jpg","contentUrl":"https:\/\/www.rri.ro\/wp-content\/uploads\/2023\/10\/florin-citu-apr2020-gov-ro.jpg","width":640,"height":481},{"@type":"BreadcrumbList","@id":"https:\/\/www.rri.ro\/fr\/actualites\/les-dossiers-de-lactualite\/mesures-sociales-par-temps-de-pandemie-2-id400420.html#breadcrumb","itemListElement":[{"@type":"ListItem","position":1,"name":"Page d'accueil","item":"https:\/\/www.rri.ro\/fr"},{"@type":"ListItem","position":2,"name":"Actualit\u00e9s","item":"https:\/\/www.rri.ro\/fr\/actualites"},{"@type":"ListItem","position":3,"name":"Les dossiers de l'actualit\u00e9","item":"https:\/\/www.rri.ro\/fr\/actualites\/les-dossiers-de-lactualite"},{"@type":"ListItem","position":4,"name":"Mesures sociales par temps de pand\u00e9mie"}]},{"@type":"WebSite","@id":"https:\/\/www.rri.ro\/#website","url":"https:\/\/www.rri.ro\/","name":"Radio Roumanie Internationale","description":"Totul despre Rom\u00e2nia \u015fi rom\u00e2ni, \u00een 13 limbi\/dialecte!","inLanguage":"fr-FR"},{"@type":"Person","@id":"https:\/\/www.rri.ro\/#\/schema\/person\/f9ab1cb3569dee1b2c033a814bb7f0fc","name":"Corina Cristea","url":"https:\/\/www.rri.ro\/fr\/author\/corina-cristea"}]}},"_links":{"self":[{"href":"https:\/\/www.rri.ro\/fr\/wp-json\/wp\/v2\/posts\/400420","targetHints":{"allow":["GET"]}}],"collection":[{"href":"https:\/\/www.rri.ro\/fr\/wp-json\/wp\/v2\/posts"}],"about":[{"href":"https:\/\/www.rri.ro\/fr\/wp-json\/wp\/v2\/types\/post"}],"author":[{"embeddable":true,"href":"https:\/\/www.rri.ro\/fr\/wp-json\/wp\/v2\/users\/108"}],"replies":[{"embeddable":true,"href":"https:\/\/www.rri.ro\/fr\/wp-json\/wp\/v2\/comments?post=400420"}],"version-history":[{"count":0,"href":"https:\/\/www.rri.ro\/fr\/wp-json\/wp\/v2\/posts\/400420\/revisions"}],"wp:featuredmedia":[{"embeddable":true,"href":"https:\/\/www.rri.ro\/fr\/wp-json\/wp\/v2\/media\/85441"}],"wp:attachment":[{"href":"https:\/\/www.rri.ro\/fr\/wp-json\/wp\/v2\/media?parent=400420"}],"wp:term":[{"taxonomy":"category","embeddable":true,"href":"https:\/\/www.rri.ro\/fr\/wp-json\/wp\/v2\/categories?post=400420"},{"taxonomy":"post_tag","embeddable":true,"href":"https:\/\/www.rri.ro\/fr\/wp-json\/wp\/v2\/tags?post=400420"},{"taxonomy":"author","embeddable":true,"href":"https:\/\/www.rri.ro\/fr\/wp-json\/wp\/v2\/coauthors?post=400420"}],"curies":[{"name":"wp","href":"https:\/\/api.w.org\/{rel}","templated":true}]}}