{"id":400515,"date":"2021-02-24T12:40:00","date_gmt":"2021-02-24T10:40:00","guid":{"rendered":"http:\/\/devrri.freshlemon.ro\/le-roumain-mot-a-mot\/consulter-les-lecons\/fin-de-laction-de-protestation-des-gueules-noires-de-la-vallee-du-jiu-id400515.html"},"modified":"2021-02-24T12:40:00","modified_gmt":"2021-02-24T10:40:00","slug":"fin-de-laction-de-protestation-des-gueules-noires-de-la-vallee-du-jiu","status":"publish","type":"post","link":"https:\/\/www.rri.ro\/fr\/actualites\/les-dossiers-de-lactualite\/fin-de-laction-de-protestation-des-gueules-noires-de-la-vallee-du-jiu-id400515.html","title":{"rendered":"Fin de l\u2019action de protestation des gueules noires de la Vall\u00e9e du Jiu"},"content":{"rendered":"<\/p>\n<p>Les gueules noires de la Vall\u00e9e du Jiu, le&#13;<br \/>\nplus grand bassin carbonif\u00e8re de Roumanie, situ\u00e9 dans le centre-ouest du pays, ont mis un terme \u00e0&#13;<br \/>\nleur action de protestation. Les mineurs de fond sont revenus \u00e0 la surface,&#13;<br \/>\napr\u00e8s que les autorit\u00e9s de Bucarest ont trouv\u00e9 des solutions pour leur payer&#13;<br \/>\nles salaires retard\u00e9s par leur entreprise, le Complexe \u00e9nerg\u00e9tique Hunedoara. Un&#13;<br \/>\ndocument officiel adopt\u00e9 en ce sens autorise le paiement des cr\u00e9ances&#13;<br \/>\nsalariales y compris dans le cas des compagnies en proc\u00e9dure d&rsquo;insolvabilit\u00e9,&#13;<br \/>\ntelles le Complexe \u00e9nerg\u00e9tique Hunedoara, frapp\u00e9 par une telle proc\u00e9dure depuis&#13;<br \/>\nplus d&rsquo;un an. Cela veut-dire que les mineurs recevront les salaires du dernier&#13;<br \/>\nmois et une partie des arri\u00e9r\u00e9s pour les tickets-restaurant et le transport. <\/p>\n<p><\/p>\n<p>Les&#13;<br \/>\nquelque 70 gueules noires, qui avaient refus\u00e9 de remonter \u00e0 la surface, ont&#13;<br \/>\nd\u00e9cid\u00e9 de cesser leur action, apr\u00e8s qu&rsquo;un responsable syndical est descendu&#13;<br \/>\ndans la mine et leur a montr\u00e9 le document sign\u00e9 par les autorit\u00e9s. Au bout de&#13;<br \/>\nplusieurs jours pass\u00e9s dans le souterrain, certains des mineurs ont eu besoin de&#13;<br \/>\nsoins m\u00e9dicaux. L&rsquo;un des 70 hommes a d\u00e9clar\u00e9 que le jour de d\u00e9but de l&rsquo;action avait&#13;<br \/>\naussi \u00e9t\u00e9 son dernier jour de travail, puisqu&rsquo;il venait de demander son d\u00e9part&#13;<br \/>\n\u00e0 la retraite. Les mineurs protestataires de la Vall\u00e9e du Jiu affirment,&#13;<br \/>\nn\u00e9anmoins, qu&rsquo;au-del\u00e0 des probl\u00e8mes r\u00e9solus pour l&rsquo;instant, il y en a d&rsquo;autres&#13;<br \/>\nqui restent &#8211; le manque de mat\u00e9riel et  le manque d&rsquo;\u00e9quipement n\u00e9cessaire pour&#13;<br \/>\ntravailler dans le souterrain, or la solution de ces probl\u00e8mes se trouve dans&#13;<br \/>\nles investissements. Quant \u00e0 la solution d\u00e9nich\u00e9e par les n\u00e9gociations&#13;<br \/>\nmen\u00e9es \u00e0 Bucarest, elle assure le paiement des salaires des mineurs pour les&#13;<br \/>\ntrois mois \u00e0 venir. La direction du Complexe \u00e9nerg\u00e9tique Hunedoara doit&#13;<br \/>\nutiliser ce temps pour r\u00e9organiser l&rsquo;entreprise et mettre au point un plan de&#13;<br \/>\nredressement \u00e0 long terme. Un processus d\u00e9j\u00e0 d\u00e9marr\u00e9 l&rsquo;ann\u00e9e derni\u00e8re, qui&#13;<br \/>\npourrait \u00eatre finalis\u00e9 d&rsquo;ici un mois et demi, affirme le ministre de l&rsquo;\u00e9nergie,&#13;<br \/>\nVirgil Popescu. Et lui d&rsquo;ajouter que le processus est arriv\u00e9 \u00e0 l&rsquo;\u00e9tape finale, sa&#13;<br \/>\nlongueur \u00e9tant due \u00e0 la bureaucratie juridique li\u00e9e \u00e0 la proc\u00e9dure d&rsquo;insolvabilit\u00e9&#13;<br \/>\n&#8211; contestations des cr\u00e9diteurs, actions en justice pour d\u00e9clarer l&rsquo;entreprise&#13;<br \/>\nen faillite, rejets de ces actions. Le ministre de l&rsquo;\u00e9nergie, Virgil Popescu, a&#13;<br \/>\ninsist\u00e9 sur le fait que le Complexe \u00e9nerg\u00e9tique n&rsquo;avait plus de fonds suffisants&#13;<br \/>\net que la production de charbon n&rsquo;arrivait pas \u00e0 couvrir toutes les d\u00e9penses. <\/p>\n<p><\/p>\n<p>Frapp\u00e9&#13;<br \/>\npar une proc\u00e9dure d&rsquo;insolvabilit\u00e9 depuis un certain temps d\u00e9j\u00e0, le Complexe&#13;<br \/>\n\u00e9nerg\u00e9tique Hunedoara a re\u00e7u ces derniers temps plusieurs subventions, qui le&#13;<br \/>\nmaintiennent en vie, malgr\u00e9 les \u00e9normes pertes enregistr\u00e9es. La compagnie est&#13;<br \/>\ndans l&rsquo;impossibilit\u00e9 de payer les salaires du personnel, car, depuis janvier&#13;<br \/>\ndernier, elle ne re\u00e7oit plus ni la subvention pour la Mine Lonea, en proc\u00e9dure&#13;<br \/>\nde fermeture, ni l&rsquo;argent pour les services syst\u00e8me. En 2018, la Commission&#13;<br \/>\neurop\u00e9enne constatait que le producteur d&rsquo;\u00e9nergie d\u00e9nomm\u00e9 \u00ab le Complexe&#13;<br \/>\n\u00e9nerg\u00e9tique Hunedoara \u00bb avait re\u00e7u pr\u00e8s de 60 millions d&rsquo;euros d&rsquo;aide d&rsquo;Etat&#13;<br \/>\nincompatible, via quatre pr\u00eats financ\u00e9s de fonds publics. Or, selon la CE, la&#13;<br \/>\nRoumanie doit, \u00e0 pr\u00e9sent, r\u00e9cup\u00e9rer l&rsquo;aide ill\u00e9gale et les int\u00e9r\u00eats qui en&#13;<br \/>\nd\u00e9coulent. En 2019, le gouvernement de Bucarest d\u00e9cidait d&rsquo;ignorer la CE et d&rsquo;accorder&#13;<br \/>\nune nouvelle aide d&rsquo;Etat sous forme d&rsquo;effacement des dettes de la compagnie en&#13;<br \/>\nquestion. L&rsquo;ordonnance d&rsquo;urgence qui actait cette d\u00e9cision n&rsquo;a pourtant pas \u00e9t\u00e9&#13;<br \/>\nappliqu\u00e9e jusqu&rsquo;\u00e0 l&rsquo;heure o\u00f9 l&rsquo;on parle.(Trad. :Ileana\u0162\u0103roi)<\/p><\/p>\n","protected":false},"excerpt":{"rendered":"<p>Les gueules noires de la Vall\u00e9e du Jiu, le&#13; plus grand bassin carbonif\u00e8re de Roumanie, situ\u00e9 dans le centre-ouest du pays, ont mis un terme \u00e0&#13; leur action de protestation. Les mineurs de fond sont revenus \u00e0 la surface,&#13; apr\u00e8s que les autorit\u00e9s de Bucarest ont trouv\u00e9 des solutions pour leur payer&#13; les salaires retard\u00e9s [&hellip;]<\/p>\n","protected":false},"author":106,"featured_media":88183,"comment_status":"closed","ping_status":"closed","sticky":false,"template":"","format":"standard","meta":{"_acf_changed":false,"footnotes":""},"categories":[93377],"tags":[94193,85566,85700],"coauthors":[],"class_list":["post-400515","post","type-post","status-publish","format-standard","has-post-thumbnail","hentry","category-les-dossiers-de-lactualite","tag-complexe-energetique-hunedoara","tag-mineurs","tag-protestations"],"acf":[],"yoast_head":"<!-- This site is optimized with the Yoast SEO plugin v27.3 - https:\/\/yoast.com\/product\/yoast-seo-wordpress\/ -->\n<title>Fin de l\u2019action de protestation des gueules noires de la Vall\u00e9e du Jiu - Radio Roumanie Internationale<\/title>\n<meta name=\"robots\" content=\"index, follow, max-snippet:-1, max-image-preview:large, max-video-preview:-1\" \/>\n<link rel=\"canonical\" href=\"https:\/\/www.rri.ro\/fr\/actualites\/les-dossiers-de-lactualite\/fin-de-laction-de-protestation-des-gueules-noires-de-la-vallee-du-jiu-id400515.html\" \/>\n<meta property=\"og:locale\" content=\"fr_FR\" \/>\n<meta property=\"og:type\" content=\"article\" \/>\n<meta property=\"og:title\" content=\"Fin de l\u2019action de protestation des gueules noires de la Vall\u00e9e du Jiu - Radio Roumanie Internationale\" \/>\n<meta property=\"og:description\" content=\"Les gueules noires de la Vall\u00e9e du Jiu, le&#013; plus grand bassin carbonif\u00e8re de Roumanie, situ\u00e9 dans le centre-ouest du pays, ont mis un terme \u00e0&#013; leur action de protestation. Les mineurs de fond sont revenus \u00e0 la surface,&#013; apr\u00e8s que les autorit\u00e9s de Bucarest ont trouv\u00e9 des solutions pour leur payer&#013; les salaires retard\u00e9s [&hellip;]\" \/>\n<meta property=\"og:url\" content=\"https:\/\/www.rri.ro\/fr\/actualites\/les-dossiers-de-lactualite\/fin-de-laction-de-protestation-des-gueules-noires-de-la-vallee-du-jiu-id400515.html\" \/>\n<meta property=\"og:site_name\" content=\"Radio Roumanie Internationale\" \/>\n<meta property=\"article:published_time\" content=\"2021-02-24T10:40:00+00:00\" \/>\n<meta property=\"og:image\" content=\"https:\/\/www.rri.ro\/wp-content\/uploads\/2023\/10\/mina-generic-pixabay-com.jpg\" \/>\n\t<meta property=\"og:image:width\" content=\"640\" \/>\n\t<meta property=\"og:image:height\" content=\"480\" \/>\n\t<meta property=\"og:image:type\" content=\"image\/jpeg\" \/>\n<meta name=\"author\" content=\"Mihai Pelin\" \/>\n<meta name=\"twitter:card\" content=\"summary_large_image\" \/>\n<meta name=\"twitter:label1\" content=\"\u00c9crit par\" \/>\n\t<meta name=\"twitter:data1\" content=\"Mihai Pelin\" \/>\n\t<meta name=\"twitter:label2\" content=\"Dur\u00e9e de lecture estim\u00e9e\" \/>\n\t<meta name=\"twitter:data2\" content=\"3 minutes\" \/>\n\t<meta name=\"twitter:label3\" content=\"Written by\" \/>\n\t<meta name=\"twitter:data3\" content=\"Mihai Pelin\" \/>\n<script type=\"application\/ld+json\" class=\"yoast-schema-graph\">{\"@context\":\"https:\\\/\\\/schema.org\",\"@graph\":[{\"@type\":\"Article\",\"@id\":\"https:\\\/\\\/www.rri.ro\\\/fr\\\/actualites\\\/les-dossiers-de-lactualite\\\/fin-de-laction-de-protestation-des-gueules-noires-de-la-vallee-du-jiu-id400515.html#article\",\"isPartOf\":{\"@id\":\"https:\\\/\\\/www.rri.ro\\\/fr\\\/actualites\\\/les-dossiers-de-lactualite\\\/fin-de-laction-de-protestation-des-gueules-noires-de-la-vallee-du-jiu-id400515.html\"},\"author\":{\"name\":\"Mihai Pelin\",\"@id\":\"https:\\\/\\\/www.rri.ro\\\/#\\\/schema\\\/person\\\/c6036c822534c855dc3aad41a484f05d\"},\"headline\":\"Fin de l\u2019action de protestation des gueules noires de la Vall\u00e9e du Jiu\",\"datePublished\":\"2021-02-24T10:40:00+00:00\",\"mainEntityOfPage\":{\"@id\":\"https:\\\/\\\/www.rri.ro\\\/fr\\\/actualites\\\/les-dossiers-de-lactualite\\\/fin-de-laction-de-protestation-des-gueules-noires-de-la-vallee-du-jiu-id400515.html\"},\"wordCount\":665,\"image\":{\"@id\":\"https:\\\/\\\/www.rri.ro\\\/fr\\\/actualites\\\/les-dossiers-de-lactualite\\\/fin-de-laction-de-protestation-des-gueules-noires-de-la-vallee-du-jiu-id400515.html#primaryimage\"},\"thumbnailUrl\":\"https:\\\/\\\/www.rri.ro\\\/wp-content\\\/uploads\\\/2023\\\/10\\\/mina-generic-pixabay-com.jpg\",\"keywords\":[\"Complexe \u00e9nerg\u00e9tique Hunedoara\",\"mineurs\",\"protestations\"],\"articleSection\":[\"Les dossiers de l'actualit\u00e9\"],\"inLanguage\":\"fr-FR\"},{\"@type\":\"WebPage\",\"@id\":\"https:\\\/\\\/www.rri.ro\\\/fr\\\/actualites\\\/les-dossiers-de-lactualite\\\/fin-de-laction-de-protestation-des-gueules-noires-de-la-vallee-du-jiu-id400515.html\",\"url\":\"https:\\\/\\\/www.rri.ro\\\/fr\\\/actualites\\\/les-dossiers-de-lactualite\\\/fin-de-laction-de-protestation-des-gueules-noires-de-la-vallee-du-jiu-id400515.html\",\"name\":\"Fin de l\u2019action de protestation des gueules noires de la Vall\u00e9e du Jiu - Radio Roumanie Internationale\",\"isPartOf\":{\"@id\":\"https:\\\/\\\/www.rri.ro\\\/#website\"},\"primaryImageOfPage\":{\"@id\":\"https:\\\/\\\/www.rri.ro\\\/fr\\\/actualites\\\/les-dossiers-de-lactualite\\\/fin-de-laction-de-protestation-des-gueules-noires-de-la-vallee-du-jiu-id400515.html#primaryimage\"},\"image\":{\"@id\":\"https:\\\/\\\/www.rri.ro\\\/fr\\\/actualites\\\/les-dossiers-de-lactualite\\\/fin-de-laction-de-protestation-des-gueules-noires-de-la-vallee-du-jiu-id400515.html#primaryimage\"},\"thumbnailUrl\":\"https:\\\/\\\/www.rri.ro\\\/wp-content\\\/uploads\\\/2023\\\/10\\\/mina-generic-pixabay-com.jpg\",\"datePublished\":\"2021-02-24T10:40:00+00:00\",\"author\":{\"@id\":\"https:\\\/\\\/www.rri.ro\\\/#\\\/schema\\\/person\\\/c6036c822534c855dc3aad41a484f05d\"},\"breadcrumb\":{\"@id\":\"https:\\\/\\\/www.rri.ro\\\/fr\\\/actualites\\\/les-dossiers-de-lactualite\\\/fin-de-laction-de-protestation-des-gueules-noires-de-la-vallee-du-jiu-id400515.html#breadcrumb\"},\"inLanguage\":\"fr-FR\",\"potentialAction\":[{\"@type\":\"ReadAction\",\"target\":[\"https:\\\/\\\/www.rri.ro\\\/fr\\\/actualites\\\/les-dossiers-de-lactualite\\\/fin-de-laction-de-protestation-des-gueules-noires-de-la-vallee-du-jiu-id400515.html\"]}]},{\"@type\":\"ImageObject\",\"inLanguage\":\"fr-FR\",\"@id\":\"https:\\\/\\\/www.rri.ro\\\/fr\\\/actualites\\\/les-dossiers-de-lactualite\\\/fin-de-laction-de-protestation-des-gueules-noires-de-la-vallee-du-jiu-id400515.html#primaryimage\",\"url\":\"https:\\\/\\\/www.rri.ro\\\/wp-content\\\/uploads\\\/2023\\\/10\\\/mina-generic-pixabay-com.jpg\",\"contentUrl\":\"https:\\\/\\\/www.rri.ro\\\/wp-content\\\/uploads\\\/2023\\\/10\\\/mina-generic-pixabay-com.jpg\",\"width\":640,\"height\":480},{\"@type\":\"BreadcrumbList\",\"@id\":\"https:\\\/\\\/www.rri.ro\\\/fr\\\/actualites\\\/les-dossiers-de-lactualite\\\/fin-de-laction-de-protestation-des-gueules-noires-de-la-vallee-du-jiu-id400515.html#breadcrumb\",\"itemListElement\":[{\"@type\":\"ListItem\",\"position\":1,\"name\":\"Page d'accueil\",\"item\":\"https:\\\/\\\/www.rri.ro\\\/fr\"},{\"@type\":\"ListItem\",\"position\":2,\"name\":\"Actualit\u00e9s\",\"item\":\"https:\\\/\\\/www.rri.ro\\\/fr\\\/actualites\"},{\"@type\":\"ListItem\",\"position\":3,\"name\":\"Les dossiers de l'actualit\u00e9\",\"item\":\"https:\\\/\\\/www.rri.ro\\\/fr\\\/actualites\\\/les-dossiers-de-lactualite\"},{\"@type\":\"ListItem\",\"position\":4,\"name\":\"Fin de l\u2019action de protestation des gueules noires de la Vall\u00e9e du Jiu\"}]},{\"@type\":\"WebSite\",\"@id\":\"https:\\\/\\\/www.rri.ro\\\/#website\",\"url\":\"https:\\\/\\\/www.rri.ro\\\/\",\"name\":\"Radio Roumanie Internationale\",\"description\":\"Totul despre Rom\u00e2nia \u015fi rom\u00e2ni, \u00een 13 limbi\\\/dialecte!\",\"inLanguage\":\"fr-FR\"},{\"@type\":\"Person\",\"@id\":\"https:\\\/\\\/www.rri.ro\\\/#\\\/schema\\\/person\\\/c6036c822534c855dc3aad41a484f05d\",\"name\":\"Mihai Pelin\",\"url\":\"https:\\\/\\\/www.rri.ro\\\/fr\\\/author\\\/mihai-pelin\"}]}<\/script>\n<!-- \/ Yoast SEO plugin. -->","yoast_head_json":{"title":"Fin de l\u2019action de protestation des gueules noires de la Vall\u00e9e du Jiu - Radio Roumanie Internationale","robots":{"index":"index","follow":"follow","max-snippet":"max-snippet:-1","max-image-preview":"max-image-preview:large","max-video-preview":"max-video-preview:-1"},"canonical":"https:\/\/www.rri.ro\/fr\/actualites\/les-dossiers-de-lactualite\/fin-de-laction-de-protestation-des-gueules-noires-de-la-vallee-du-jiu-id400515.html","og_locale":"fr_FR","og_type":"article","og_title":"Fin de l\u2019action de protestation des gueules noires de la Vall\u00e9e du Jiu - Radio Roumanie Internationale","og_description":"Les gueules noires de la Vall\u00e9e du Jiu, le&#13; plus grand bassin carbonif\u00e8re de Roumanie, situ\u00e9 dans le centre-ouest du pays, ont mis un terme \u00e0&#13; leur action de protestation. Les mineurs de fond sont revenus \u00e0 la surface,&#13; apr\u00e8s que les autorit\u00e9s de Bucarest ont trouv\u00e9 des solutions pour leur payer&#13; les salaires retard\u00e9s [&hellip;]","og_url":"https:\/\/www.rri.ro\/fr\/actualites\/les-dossiers-de-lactualite\/fin-de-laction-de-protestation-des-gueules-noires-de-la-vallee-du-jiu-id400515.html","og_site_name":"Radio Roumanie Internationale","article_published_time":"2021-02-24T10:40:00+00:00","og_image":[{"width":640,"height":480,"url":"https:\/\/www.rri.ro\/wp-content\/uploads\/2023\/10\/mina-generic-pixabay-com.jpg","type":"image\/jpeg"}],"author":"Mihai Pelin","twitter_card":"summary_large_image","twitter_misc":{"\u00c9crit par":"Mihai Pelin","Dur\u00e9e de lecture estim\u00e9e":"3 minutes","Written by":"Mihai Pelin"},"schema":{"@context":"https:\/\/schema.org","@graph":[{"@type":"Article","@id":"https:\/\/www.rri.ro\/fr\/actualites\/les-dossiers-de-lactualite\/fin-de-laction-de-protestation-des-gueules-noires-de-la-vallee-du-jiu-id400515.html#article","isPartOf":{"@id":"https:\/\/www.rri.ro\/fr\/actualites\/les-dossiers-de-lactualite\/fin-de-laction-de-protestation-des-gueules-noires-de-la-vallee-du-jiu-id400515.html"},"author":{"name":"Mihai Pelin","@id":"https:\/\/www.rri.ro\/#\/schema\/person\/c6036c822534c855dc3aad41a484f05d"},"headline":"Fin de l\u2019action de protestation des gueules noires de la Vall\u00e9e du Jiu","datePublished":"2021-02-24T10:40:00+00:00","mainEntityOfPage":{"@id":"https:\/\/www.rri.ro\/fr\/actualites\/les-dossiers-de-lactualite\/fin-de-laction-de-protestation-des-gueules-noires-de-la-vallee-du-jiu-id400515.html"},"wordCount":665,"image":{"@id":"https:\/\/www.rri.ro\/fr\/actualites\/les-dossiers-de-lactualite\/fin-de-laction-de-protestation-des-gueules-noires-de-la-vallee-du-jiu-id400515.html#primaryimage"},"thumbnailUrl":"https:\/\/www.rri.ro\/wp-content\/uploads\/2023\/10\/mina-generic-pixabay-com.jpg","keywords":["Complexe \u00e9nerg\u00e9tique Hunedoara","mineurs","protestations"],"articleSection":["Les dossiers de l'actualit\u00e9"],"inLanguage":"fr-FR"},{"@type":"WebPage","@id":"https:\/\/www.rri.ro\/fr\/actualites\/les-dossiers-de-lactualite\/fin-de-laction-de-protestation-des-gueules-noires-de-la-vallee-du-jiu-id400515.html","url":"https:\/\/www.rri.ro\/fr\/actualites\/les-dossiers-de-lactualite\/fin-de-laction-de-protestation-des-gueules-noires-de-la-vallee-du-jiu-id400515.html","name":"Fin de l\u2019action de protestation des gueules noires de la Vall\u00e9e du Jiu - Radio Roumanie Internationale","isPartOf":{"@id":"https:\/\/www.rri.ro\/#website"},"primaryImageOfPage":{"@id":"https:\/\/www.rri.ro\/fr\/actualites\/les-dossiers-de-lactualite\/fin-de-laction-de-protestation-des-gueules-noires-de-la-vallee-du-jiu-id400515.html#primaryimage"},"image":{"@id":"https:\/\/www.rri.ro\/fr\/actualites\/les-dossiers-de-lactualite\/fin-de-laction-de-protestation-des-gueules-noires-de-la-vallee-du-jiu-id400515.html#primaryimage"},"thumbnailUrl":"https:\/\/www.rri.ro\/wp-content\/uploads\/2023\/10\/mina-generic-pixabay-com.jpg","datePublished":"2021-02-24T10:40:00+00:00","author":{"@id":"https:\/\/www.rri.ro\/#\/schema\/person\/c6036c822534c855dc3aad41a484f05d"},"breadcrumb":{"@id":"https:\/\/www.rri.ro\/fr\/actualites\/les-dossiers-de-lactualite\/fin-de-laction-de-protestation-des-gueules-noires-de-la-vallee-du-jiu-id400515.html#breadcrumb"},"inLanguage":"fr-FR","potentialAction":[{"@type":"ReadAction","target":["https:\/\/www.rri.ro\/fr\/actualites\/les-dossiers-de-lactualite\/fin-de-laction-de-protestation-des-gueules-noires-de-la-vallee-du-jiu-id400515.html"]}]},{"@type":"ImageObject","inLanguage":"fr-FR","@id":"https:\/\/www.rri.ro\/fr\/actualites\/les-dossiers-de-lactualite\/fin-de-laction-de-protestation-des-gueules-noires-de-la-vallee-du-jiu-id400515.html#primaryimage","url":"https:\/\/www.rri.ro\/wp-content\/uploads\/2023\/10\/mina-generic-pixabay-com.jpg","contentUrl":"https:\/\/www.rri.ro\/wp-content\/uploads\/2023\/10\/mina-generic-pixabay-com.jpg","width":640,"height":480},{"@type":"BreadcrumbList","@id":"https:\/\/www.rri.ro\/fr\/actualites\/les-dossiers-de-lactualite\/fin-de-laction-de-protestation-des-gueules-noires-de-la-vallee-du-jiu-id400515.html#breadcrumb","itemListElement":[{"@type":"ListItem","position":1,"name":"Page d'accueil","item":"https:\/\/www.rri.ro\/fr"},{"@type":"ListItem","position":2,"name":"Actualit\u00e9s","item":"https:\/\/www.rri.ro\/fr\/actualites"},{"@type":"ListItem","position":3,"name":"Les dossiers de l'actualit\u00e9","item":"https:\/\/www.rri.ro\/fr\/actualites\/les-dossiers-de-lactualite"},{"@type":"ListItem","position":4,"name":"Fin de l\u2019action de protestation des gueules noires de la Vall\u00e9e du Jiu"}]},{"@type":"WebSite","@id":"https:\/\/www.rri.ro\/#website","url":"https:\/\/www.rri.ro\/","name":"Radio Roumanie Internationale","description":"Totul despre Rom\u00e2nia \u015fi rom\u00e2ni, \u00een 13 limbi\/dialecte!","inLanguage":"fr-FR"},{"@type":"Person","@id":"https:\/\/www.rri.ro\/#\/schema\/person\/c6036c822534c855dc3aad41a484f05d","name":"Mihai Pelin","url":"https:\/\/www.rri.ro\/fr\/author\/mihai-pelin"}]}},"_links":{"self":[{"href":"https:\/\/www.rri.ro\/fr\/wp-json\/wp\/v2\/posts\/400515","targetHints":{"allow":["GET"]}}],"collection":[{"href":"https:\/\/www.rri.ro\/fr\/wp-json\/wp\/v2\/posts"}],"about":[{"href":"https:\/\/www.rri.ro\/fr\/wp-json\/wp\/v2\/types\/post"}],"author":[{"embeddable":true,"href":"https:\/\/www.rri.ro\/fr\/wp-json\/wp\/v2\/users\/106"}],"replies":[{"embeddable":true,"href":"https:\/\/www.rri.ro\/fr\/wp-json\/wp\/v2\/comments?post=400515"}],"version-history":[{"count":0,"href":"https:\/\/www.rri.ro\/fr\/wp-json\/wp\/v2\/posts\/400515\/revisions"}],"wp:featuredmedia":[{"embeddable":true,"href":"https:\/\/www.rri.ro\/fr\/wp-json\/wp\/v2\/media\/88183"}],"wp:attachment":[{"href":"https:\/\/www.rri.ro\/fr\/wp-json\/wp\/v2\/media?parent=400515"}],"wp:term":[{"taxonomy":"category","embeddable":true,"href":"https:\/\/www.rri.ro\/fr\/wp-json\/wp\/v2\/categories?post=400515"},{"taxonomy":"post_tag","embeddable":true,"href":"https:\/\/www.rri.ro\/fr\/wp-json\/wp\/v2\/tags?post=400515"},{"taxonomy":"author","embeddable":true,"href":"https:\/\/www.rri.ro\/fr\/wp-json\/wp\/v2\/coauthors?post=400515"}],"curies":[{"name":"wp","href":"https:\/\/api.w.org\/{rel}","templated":true}]}}