{"id":400819,"date":"2022-02-09T11:54:00","date_gmt":"2022-02-09T09:54:00","guid":{"rendered":"http:\/\/devrri.freshlemon.ro\/le-roumain-mot-a-mot\/consulter-les-lecons\/nouveaux-renforts-americains-arrives-en-roumanie-id400819.html"},"modified":"2022-02-09T11:54:00","modified_gmt":"2022-02-09T09:54:00","slug":"nouveaux-renforts-americains-arrives-en-roumanie","status":"publish","type":"post","link":"https:\/\/www.rri.ro\/fr\/actualites\/les-dossiers-de-lactualite\/nouveaux-renforts-americains-arrives-en-roumanie-id400819.html","title":{"rendered":"Nouveaux renforts am\u00e9ricains arriv\u00e9s en Roumanie"},"content":{"rendered":"<p><p>Les&#13;<br \/>\npremiers soldats am\u00e9ricains du nouveau contingent sont arriv\u00e9s en Roumanie&#13;<br \/>\ndepuis l&rsquo;Allemagne. Ils ont pour mission de pr\u00e9parer l&rsquo;arriv\u00e9e de l&rsquo;ensemble&#13;<br \/>\ndes effectifs, form\u00e9s de 1 000 militaires, que Washington a d\u00e9cid\u00e9 de&#13;<br \/>\ntransf\u00e9rer dans notre pays. Une d\u00e9cision prise dans le contexte de la crise&#13;<br \/>\nentre la Russie et l&rsquo;Ukraine, dans le but de renforcer le flanc oriental de&#13;<br \/>\nl&rsquo;OTAN. <\/p>\n<p><\/p>\n<p>&#13;<br \/>\n&#13;<br \/>\n&#13;<br \/>\n&#13;<\/p>\n<p>Le&#13;<br \/>\nministre roumain de la d\u00e9fense, Vasile D\u00eencu, a expliqu\u00e9 : \u00ab Plus de cent militaires am\u00e9ricains&#13;<br \/>\nsont d\u00e9j\u00e0 arriv\u00e9s, ce sont des sp\u00e9cialistes charg\u00e9s de pr\u00e9parer le cantonnement&#13;<br \/>\ndes troupes. Ils sont donc d\u00e9j\u00e0 arriv\u00e9s en Roumanie, en Pologne aussi. Chez&#13;<br \/>\nnous, ils travaillent ensemble avec nos sp\u00e9cialistes en logistique. Il est&#13;<br \/>\n\u00e9vident que le reste des effectifs les rejoindra bient\u00f4t, et nous vous en&#13;<br \/>\ntiendrons inform\u00e9s, avec la transparence qui est la n\u00f4tre, de tous les d\u00e9tails&#13;<br \/>\net m\u00eame des lieux de campement. Pour l&rsquo;instant, il ne s&rsquo;agit pas d&rsquo;un endroit&#13;<br \/>\nunique, il n&rsquo;y a pas non plus de d\u00e9cision concernant la date ou les dates pr\u00e9cises&#13;<br \/>\nde leur arriv\u00e9e. \u00bb.<\/p>\n<p><\/p>\n<p>&#13;<br \/>\n&#13;<br \/>\n&#13;<br \/>\n&#13;<br \/>\n&#13;<br \/>\n&#13;<\/p>\n<p>Le&#13;<br \/>\nministre de la d\u00e9fense a encore pr\u00e9cis\u00e9 que la Roumanie \u00e9tait pr\u00e9par\u00e9e \u00e0&#13;<br \/>\naccueillir les troupes am\u00e9ricaines. D&rsquo;un point de vue militaire, a-t-il&#13;<br \/>\nsoulign\u00e9, l&rsquo;on ne saurait parler d&rsquo;une guerre imminente. \u00c0 l&rsquo;heure qu&rsquo;il est, les militaires&#13;<br \/>\nam\u00e9ricains d\u00e9ploy\u00e9s en Roumanie sont install\u00e9s dans trois bases principales:&#13;<br \/>\nDeveselu (sud), Mihail Kog\u0103lniceanu (sud-est) et C\u00e2mpia Turzii (nord-ouest). Cette&#13;<br \/>\nderni\u00e8re est consid\u00e9r\u00e9e comme un hub strat\u00e9gique important pour les op\u00e9rations&#13;<br \/>\ndes forces a\u00e9riennes am\u00e9ricaines, tout en \u00e9tant aussi une base d&rsquo;appui de la&#13;<br \/>\n\u00ab profondeur strat\u00e9gique \u00bb: elle devrait servir de point de d\u00e9part du&#13;<br \/>\nrenfort militaire pour les troupes alli\u00e9es engag\u00e9es dans un conflit&#13;<br \/>\nhypoth\u00e9tique contre un agresseur qui attaque la Roumanie. <\/p>\n<p><\/p>\n<p>&#13;<br \/>\n&#13;<br \/>\n&#13;<br \/>\n&#13;<br \/>\n&#13;<br \/>\n&#13;<\/p>\n<p>Les&#13;<br \/>\nAm\u00e9ricains ont \u00e9galement annonc\u00e9 la modernisation, \u00e0 hauteur de 150 millions de&#13;<br \/>\ndollars, de l&rsquo;infrastructure de la base a\u00e9rienne de C\u00e2mpia Turzii. La semaine derni\u00e8re, les \u00c9tats-Unis ont&#13;<br \/>\ncommuniqu\u00e9 leur d\u00e9cision de d\u00e9ployer quelque 3 000 militaires dans des pays du&#13;<br \/>\nflanc oriental de l&rsquo;Alliance atlantique. Outre la Roumanie, la Pologne et&#13;<br \/>\nl&rsquo;Allemagne accueilleront elles aussi pr\u00e8s de 2 000 soldats am\u00e9ricains. Le&#13;<br \/>\nPentagone a expliqu\u00e9 qu&rsquo;il s&rsquo;agissait de missions temporaires de consolidation&#13;<br \/>\nde la d\u00e9fense des alli\u00e9s europ\u00e9ens, sur la toile de fond des tensions entre la&#13;<br \/>\nRussie et l&rsquo;Ukraine.<\/p>\n<p><\/p>\n<p>&#13;<br \/>\n&#13;<br \/>\n&#13;<br \/>\n&#13;<br \/>\n&#13;<br \/>\n&#13;<\/p>\n<p> La situation demeure&#13;<br \/>\ntendue, suite \u00e0 la mobilisation par Moscou de plus de 100 000 militaires et&#13;<br \/>\nd&rsquo;importants moyens de combat \u00e0 la fronti\u00e8re ukrainienne, les pays occidentaux&#13;<br \/>\ncraignant une invasion. <\/p>\n<p><\/p>\n<p>&#13;<br \/>\n&#13;<\/p>\n<p>La Russie nie cette intention, mais elle a demand\u00e9 plusieurs&#13;<br \/>\nchoses \u00e0 l&rsquo;OTAN, dont le rejet de la candidature de l&rsquo;Ukraine \u00e0 adh\u00e9rer \u00e0&#13;<br \/>\nl&rsquo;Alliance, ainsi que la diminution des activit\u00e9s des alli\u00e9s dans les \u00c9tats&#13;<br \/>\nmembres ex-communistes, y compris la Roumanie. Les alli\u00e9s ont rejet\u00e9 ces&#13;<br \/>\ndemandes, tandis que les efforts de trouver une solution diplomatique \u00e0 la&#13;<br \/>\ncrise se poursuivent. (Trad. Ileana \u0162\u0103roi)<\/p>\n<p><\/p>\n","protected":false},"excerpt":{"rendered":"<p>Les&#13; premiers soldats am\u00e9ricains du nouveau contingent sont arriv\u00e9s en Roumanie&#13; depuis l&rsquo;Allemagne. Ils ont pour mission de pr\u00e9parer l&rsquo;arriv\u00e9e de l&rsquo;ensemble&#13; des effectifs, form\u00e9s de 1 000 militaires, que Washington a d\u00e9cid\u00e9 de&#13; transf\u00e9rer dans notre pays. Une d\u00e9cision prise dans le contexte de la crise&#13; entre la Russie et l&rsquo;Ukraine, dans le but [&hellip;]<\/p>\n","protected":false},"author":106,"featured_media":91030,"comment_status":"closed","ping_status":"closed","sticky":false,"template":"","format":"standard","meta":{"_acf_changed":false,"footnotes":""},"categories":[93377],"tags":[],"coauthors":[],"class_list":["post-400819","post","type-post","status-publish","format-standard","has-post-thumbnail","hentry","category-les-dossiers-de-lactualite"],"acf":[],"yoast_head":"<!-- This site is optimized with the Yoast SEO plugin v27.3 - https:\/\/yoast.com\/product\/yoast-seo-wordpress\/ -->\n<title>Nouveaux renforts am\u00e9ricains arriv\u00e9s en Roumanie - Radio Roumanie Internationale<\/title>\n<meta name=\"robots\" content=\"index, follow, max-snippet:-1, max-image-preview:large, max-video-preview:-1\" \/>\n<link rel=\"canonical\" href=\"https:\/\/www.rri.ro\/fr\/actualites\/les-dossiers-de-lactualite\/nouveaux-renforts-americains-arrives-en-roumanie-id400819.html\" \/>\n<meta property=\"og:locale\" content=\"fr_FR\" \/>\n<meta property=\"og:type\" content=\"article\" \/>\n<meta property=\"og:title\" content=\"Nouveaux renforts am\u00e9ricains arriv\u00e9s en Roumanie - Radio Roumanie Internationale\" \/>\n<meta property=\"og:description\" content=\"Les&#013; premiers soldats am\u00e9ricains du nouveau contingent sont arriv\u00e9s en Roumanie&#013; depuis l&rsquo;Allemagne. Ils ont pour mission de pr\u00e9parer l&rsquo;arriv\u00e9e de l&rsquo;ensemble&#013; des effectifs, form\u00e9s de 1 000 militaires, que Washington a d\u00e9cid\u00e9 de&#013; transf\u00e9rer dans notre pays. Une d\u00e9cision prise dans le contexte de la crise&#013; entre la Russie et l&rsquo;Ukraine, dans le but [&hellip;]\" \/>\n<meta property=\"og:url\" content=\"https:\/\/www.rri.ro\/fr\/actualites\/les-dossiers-de-lactualite\/nouveaux-renforts-americains-arrives-en-roumanie-id400819.html\" \/>\n<meta property=\"og:site_name\" content=\"Radio Roumanie Internationale\" \/>\n<meta property=\"article:published_time\" content=\"2022-02-09T09:54:00+00:00\" \/>\n<meta property=\"og:image\" content=\"https:\/\/www.rri.ro\/wp-content\/uploads\/2023\/10\/soldati-americani-4iul-agerpres.jpg\" \/>\n\t<meta property=\"og:image:width\" content=\"640\" \/>\n\t<meta property=\"og:image:height\" content=\"461\" \/>\n\t<meta property=\"og:image:type\" content=\"image\/jpeg\" \/>\n<meta name=\"author\" content=\"Mihai Pelin\" \/>\n<meta name=\"twitter:card\" content=\"summary_large_image\" \/>\n<meta name=\"twitter:label1\" content=\"\u00c9crit par\" \/>\n\t<meta name=\"twitter:data1\" content=\"Mihai Pelin\" \/>\n\t<meta name=\"twitter:label2\" content=\"Dur\u00e9e de lecture estim\u00e9e\" \/>\n\t<meta name=\"twitter:data2\" content=\"3 minutes\" \/>\n\t<meta name=\"twitter:label3\" content=\"Written by\" \/>\n\t<meta name=\"twitter:data3\" content=\"Mihai Pelin\" \/>\n<script type=\"application\/ld+json\" class=\"yoast-schema-graph\">{\"@context\":\"https:\\\/\\\/schema.org\",\"@graph\":[{\"@type\":\"Article\",\"@id\":\"https:\\\/\\\/www.rri.ro\\\/fr\\\/actualites\\\/les-dossiers-de-lactualite\\\/nouveaux-renforts-americains-arrives-en-roumanie-id400819.html#article\",\"isPartOf\":{\"@id\":\"https:\\\/\\\/www.rri.ro\\\/fr\\\/actualites\\\/les-dossiers-de-lactualite\\\/nouveaux-renforts-americains-arrives-en-roumanie-id400819.html\"},\"author\":{\"name\":\"Mihai Pelin\",\"@id\":\"https:\\\/\\\/www.rri.ro\\\/#\\\/schema\\\/person\\\/c6036c822534c855dc3aad41a484f05d\"},\"headline\":\"Nouveaux renforts am\u00e9ricains arriv\u00e9s en Roumanie\",\"datePublished\":\"2022-02-09T09:54:00+00:00\",\"mainEntityOfPage\":{\"@id\":\"https:\\\/\\\/www.rri.ro\\\/fr\\\/actualites\\\/les-dossiers-de-lactualite\\\/nouveaux-renforts-americains-arrives-en-roumanie-id400819.html\"},\"wordCount\":551,\"image\":{\"@id\":\"https:\\\/\\\/www.rri.ro\\\/fr\\\/actualites\\\/les-dossiers-de-lactualite\\\/nouveaux-renforts-americains-arrives-en-roumanie-id400819.html#primaryimage\"},\"thumbnailUrl\":\"https:\\\/\\\/www.rri.ro\\\/wp-content\\\/uploads\\\/2023\\\/10\\\/soldati-americani-4iul-agerpres.jpg\",\"articleSection\":[\"Les dossiers de l'actualit\u00e9\"],\"inLanguage\":\"fr-FR\"},{\"@type\":\"WebPage\",\"@id\":\"https:\\\/\\\/www.rri.ro\\\/fr\\\/actualites\\\/les-dossiers-de-lactualite\\\/nouveaux-renforts-americains-arrives-en-roumanie-id400819.html\",\"url\":\"https:\\\/\\\/www.rri.ro\\\/fr\\\/actualites\\\/les-dossiers-de-lactualite\\\/nouveaux-renforts-americains-arrives-en-roumanie-id400819.html\",\"name\":\"Nouveaux renforts am\u00e9ricains arriv\u00e9s en Roumanie - Radio Roumanie Internationale\",\"isPartOf\":{\"@id\":\"https:\\\/\\\/www.rri.ro\\\/#website\"},\"primaryImageOfPage\":{\"@id\":\"https:\\\/\\\/www.rri.ro\\\/fr\\\/actualites\\\/les-dossiers-de-lactualite\\\/nouveaux-renforts-americains-arrives-en-roumanie-id400819.html#primaryimage\"},\"image\":{\"@id\":\"https:\\\/\\\/www.rri.ro\\\/fr\\\/actualites\\\/les-dossiers-de-lactualite\\\/nouveaux-renforts-americains-arrives-en-roumanie-id400819.html#primaryimage\"},\"thumbnailUrl\":\"https:\\\/\\\/www.rri.ro\\\/wp-content\\\/uploads\\\/2023\\\/10\\\/soldati-americani-4iul-agerpres.jpg\",\"datePublished\":\"2022-02-09T09:54:00+00:00\",\"author\":{\"@id\":\"https:\\\/\\\/www.rri.ro\\\/#\\\/schema\\\/person\\\/c6036c822534c855dc3aad41a484f05d\"},\"breadcrumb\":{\"@id\":\"https:\\\/\\\/www.rri.ro\\\/fr\\\/actualites\\\/les-dossiers-de-lactualite\\\/nouveaux-renforts-americains-arrives-en-roumanie-id400819.html#breadcrumb\"},\"inLanguage\":\"fr-FR\",\"potentialAction\":[{\"@type\":\"ReadAction\",\"target\":[\"https:\\\/\\\/www.rri.ro\\\/fr\\\/actualites\\\/les-dossiers-de-lactualite\\\/nouveaux-renforts-americains-arrives-en-roumanie-id400819.html\"]}]},{\"@type\":\"ImageObject\",\"inLanguage\":\"fr-FR\",\"@id\":\"https:\\\/\\\/www.rri.ro\\\/fr\\\/actualites\\\/les-dossiers-de-lactualite\\\/nouveaux-renforts-americains-arrives-en-roumanie-id400819.html#primaryimage\",\"url\":\"https:\\\/\\\/www.rri.ro\\\/wp-content\\\/uploads\\\/2023\\\/10\\\/soldati-americani-4iul-agerpres.jpg\",\"contentUrl\":\"https:\\\/\\\/www.rri.ro\\\/wp-content\\\/uploads\\\/2023\\\/10\\\/soldati-americani-4iul-agerpres.jpg\",\"width\":640,\"height\":461},{\"@type\":\"BreadcrumbList\",\"@id\":\"https:\\\/\\\/www.rri.ro\\\/fr\\\/actualites\\\/les-dossiers-de-lactualite\\\/nouveaux-renforts-americains-arrives-en-roumanie-id400819.html#breadcrumb\",\"itemListElement\":[{\"@type\":\"ListItem\",\"position\":1,\"name\":\"Page d'accueil\",\"item\":\"https:\\\/\\\/www.rri.ro\\\/fr\"},{\"@type\":\"ListItem\",\"position\":2,\"name\":\"Actualit\u00e9s\",\"item\":\"https:\\\/\\\/www.rri.ro\\\/fr\\\/actualites\"},{\"@type\":\"ListItem\",\"position\":3,\"name\":\"Les dossiers de l'actualit\u00e9\",\"item\":\"https:\\\/\\\/www.rri.ro\\\/fr\\\/actualites\\\/les-dossiers-de-lactualite\"},{\"@type\":\"ListItem\",\"position\":4,\"name\":\"Nouveaux renforts am\u00e9ricains arriv\u00e9s en Roumanie\"}]},{\"@type\":\"WebSite\",\"@id\":\"https:\\\/\\\/www.rri.ro\\\/#website\",\"url\":\"https:\\\/\\\/www.rri.ro\\\/\",\"name\":\"Radio Roumanie Internationale\",\"description\":\"Totul despre Rom\u00e2nia \u015fi rom\u00e2ni, \u00een 13 limbi\\\/dialecte!\",\"inLanguage\":\"fr-FR\"},{\"@type\":\"Person\",\"@id\":\"https:\\\/\\\/www.rri.ro\\\/#\\\/schema\\\/person\\\/c6036c822534c855dc3aad41a484f05d\",\"name\":\"Mihai Pelin\",\"url\":\"https:\\\/\\\/www.rri.ro\\\/fr\\\/author\\\/mihai-pelin\"}]}<\/script>\n<!-- \/ Yoast SEO plugin. -->","yoast_head_json":{"title":"Nouveaux renforts am\u00e9ricains arriv\u00e9s en Roumanie - Radio Roumanie Internationale","robots":{"index":"index","follow":"follow","max-snippet":"max-snippet:-1","max-image-preview":"max-image-preview:large","max-video-preview":"max-video-preview:-1"},"canonical":"https:\/\/www.rri.ro\/fr\/actualites\/les-dossiers-de-lactualite\/nouveaux-renforts-americains-arrives-en-roumanie-id400819.html","og_locale":"fr_FR","og_type":"article","og_title":"Nouveaux renforts am\u00e9ricains arriv\u00e9s en Roumanie - Radio Roumanie Internationale","og_description":"Les&#13; premiers soldats am\u00e9ricains du nouveau contingent sont arriv\u00e9s en Roumanie&#13; depuis l&rsquo;Allemagne. Ils ont pour mission de pr\u00e9parer l&rsquo;arriv\u00e9e de l&rsquo;ensemble&#13; des effectifs, form\u00e9s de 1 000 militaires, que Washington a d\u00e9cid\u00e9 de&#13; transf\u00e9rer dans notre pays. Une d\u00e9cision prise dans le contexte de la crise&#13; entre la Russie et l&rsquo;Ukraine, dans le but [&hellip;]","og_url":"https:\/\/www.rri.ro\/fr\/actualites\/les-dossiers-de-lactualite\/nouveaux-renforts-americains-arrives-en-roumanie-id400819.html","og_site_name":"Radio Roumanie Internationale","article_published_time":"2022-02-09T09:54:00+00:00","og_image":[{"width":640,"height":461,"url":"https:\/\/www.rri.ro\/wp-content\/uploads\/2023\/10\/soldati-americani-4iul-agerpres.jpg","type":"image\/jpeg"}],"author":"Mihai Pelin","twitter_card":"summary_large_image","twitter_misc":{"\u00c9crit par":"Mihai Pelin","Dur\u00e9e de lecture estim\u00e9e":"3 minutes","Written by":"Mihai Pelin"},"schema":{"@context":"https:\/\/schema.org","@graph":[{"@type":"Article","@id":"https:\/\/www.rri.ro\/fr\/actualites\/les-dossiers-de-lactualite\/nouveaux-renforts-americains-arrives-en-roumanie-id400819.html#article","isPartOf":{"@id":"https:\/\/www.rri.ro\/fr\/actualites\/les-dossiers-de-lactualite\/nouveaux-renforts-americains-arrives-en-roumanie-id400819.html"},"author":{"name":"Mihai Pelin","@id":"https:\/\/www.rri.ro\/#\/schema\/person\/c6036c822534c855dc3aad41a484f05d"},"headline":"Nouveaux renforts am\u00e9ricains arriv\u00e9s en Roumanie","datePublished":"2022-02-09T09:54:00+00:00","mainEntityOfPage":{"@id":"https:\/\/www.rri.ro\/fr\/actualites\/les-dossiers-de-lactualite\/nouveaux-renforts-americains-arrives-en-roumanie-id400819.html"},"wordCount":551,"image":{"@id":"https:\/\/www.rri.ro\/fr\/actualites\/les-dossiers-de-lactualite\/nouveaux-renforts-americains-arrives-en-roumanie-id400819.html#primaryimage"},"thumbnailUrl":"https:\/\/www.rri.ro\/wp-content\/uploads\/2023\/10\/soldati-americani-4iul-agerpres.jpg","articleSection":["Les dossiers de l'actualit\u00e9"],"inLanguage":"fr-FR"},{"@type":"WebPage","@id":"https:\/\/www.rri.ro\/fr\/actualites\/les-dossiers-de-lactualite\/nouveaux-renforts-americains-arrives-en-roumanie-id400819.html","url":"https:\/\/www.rri.ro\/fr\/actualites\/les-dossiers-de-lactualite\/nouveaux-renforts-americains-arrives-en-roumanie-id400819.html","name":"Nouveaux renforts am\u00e9ricains arriv\u00e9s en Roumanie - Radio Roumanie Internationale","isPartOf":{"@id":"https:\/\/www.rri.ro\/#website"},"primaryImageOfPage":{"@id":"https:\/\/www.rri.ro\/fr\/actualites\/les-dossiers-de-lactualite\/nouveaux-renforts-americains-arrives-en-roumanie-id400819.html#primaryimage"},"image":{"@id":"https:\/\/www.rri.ro\/fr\/actualites\/les-dossiers-de-lactualite\/nouveaux-renforts-americains-arrives-en-roumanie-id400819.html#primaryimage"},"thumbnailUrl":"https:\/\/www.rri.ro\/wp-content\/uploads\/2023\/10\/soldati-americani-4iul-agerpres.jpg","datePublished":"2022-02-09T09:54:00+00:00","author":{"@id":"https:\/\/www.rri.ro\/#\/schema\/person\/c6036c822534c855dc3aad41a484f05d"},"breadcrumb":{"@id":"https:\/\/www.rri.ro\/fr\/actualites\/les-dossiers-de-lactualite\/nouveaux-renforts-americains-arrives-en-roumanie-id400819.html#breadcrumb"},"inLanguage":"fr-FR","potentialAction":[{"@type":"ReadAction","target":["https:\/\/www.rri.ro\/fr\/actualites\/les-dossiers-de-lactualite\/nouveaux-renforts-americains-arrives-en-roumanie-id400819.html"]}]},{"@type":"ImageObject","inLanguage":"fr-FR","@id":"https:\/\/www.rri.ro\/fr\/actualites\/les-dossiers-de-lactualite\/nouveaux-renforts-americains-arrives-en-roumanie-id400819.html#primaryimage","url":"https:\/\/www.rri.ro\/wp-content\/uploads\/2023\/10\/soldati-americani-4iul-agerpres.jpg","contentUrl":"https:\/\/www.rri.ro\/wp-content\/uploads\/2023\/10\/soldati-americani-4iul-agerpres.jpg","width":640,"height":461},{"@type":"BreadcrumbList","@id":"https:\/\/www.rri.ro\/fr\/actualites\/les-dossiers-de-lactualite\/nouveaux-renforts-americains-arrives-en-roumanie-id400819.html#breadcrumb","itemListElement":[{"@type":"ListItem","position":1,"name":"Page d'accueil","item":"https:\/\/www.rri.ro\/fr"},{"@type":"ListItem","position":2,"name":"Actualit\u00e9s","item":"https:\/\/www.rri.ro\/fr\/actualites"},{"@type":"ListItem","position":3,"name":"Les dossiers de l'actualit\u00e9","item":"https:\/\/www.rri.ro\/fr\/actualites\/les-dossiers-de-lactualite"},{"@type":"ListItem","position":4,"name":"Nouveaux renforts am\u00e9ricains arriv\u00e9s en Roumanie"}]},{"@type":"WebSite","@id":"https:\/\/www.rri.ro\/#website","url":"https:\/\/www.rri.ro\/","name":"Radio Roumanie Internationale","description":"Totul despre Rom\u00e2nia \u015fi rom\u00e2ni, \u00een 13 limbi\/dialecte!","inLanguage":"fr-FR"},{"@type":"Person","@id":"https:\/\/www.rri.ro\/#\/schema\/person\/c6036c822534c855dc3aad41a484f05d","name":"Mihai Pelin","url":"https:\/\/www.rri.ro\/fr\/author\/mihai-pelin"}]}},"_links":{"self":[{"href":"https:\/\/www.rri.ro\/fr\/wp-json\/wp\/v2\/posts\/400819","targetHints":{"allow":["GET"]}}],"collection":[{"href":"https:\/\/www.rri.ro\/fr\/wp-json\/wp\/v2\/posts"}],"about":[{"href":"https:\/\/www.rri.ro\/fr\/wp-json\/wp\/v2\/types\/post"}],"author":[{"embeddable":true,"href":"https:\/\/www.rri.ro\/fr\/wp-json\/wp\/v2\/users\/106"}],"replies":[{"embeddable":true,"href":"https:\/\/www.rri.ro\/fr\/wp-json\/wp\/v2\/comments?post=400819"}],"version-history":[{"count":0,"href":"https:\/\/www.rri.ro\/fr\/wp-json\/wp\/v2\/posts\/400819\/revisions"}],"wp:featuredmedia":[{"embeddable":true,"href":"https:\/\/www.rri.ro\/fr\/wp-json\/wp\/v2\/media\/91030"}],"wp:attachment":[{"href":"https:\/\/www.rri.ro\/fr\/wp-json\/wp\/v2\/media?parent=400819"}],"wp:term":[{"taxonomy":"category","embeddable":true,"href":"https:\/\/www.rri.ro\/fr\/wp-json\/wp\/v2\/categories?post=400819"},{"taxonomy":"post_tag","embeddable":true,"href":"https:\/\/www.rri.ro\/fr\/wp-json\/wp\/v2\/tags?post=400819"},{"taxonomy":"author","embeddable":true,"href":"https:\/\/www.rri.ro\/fr\/wp-json\/wp\/v2\/coauthors?post=400819"}],"curies":[{"name":"wp","href":"https:\/\/api.w.org\/{rel}","templated":true}]}}