{"id":400821,"date":"2022-02-11T12:24:00","date_gmt":"2022-02-11T10:24:00","guid":{"rendered":"http:\/\/devrri.freshlemon.ro\/le-roumain-mot-a-mot\/consulter-les-lecons\/aide-detat-dans-le-domaine-de-lenergie-id400821.html"},"modified":"2022-02-11T12:24:00","modified_gmt":"2022-02-11T10:24:00","slug":"aide-detat-dans-le-domaine-de-lenergie","status":"publish","type":"post","link":"https:\/\/www.rri.ro\/fr\/actualites\/les-dossiers-de-lactualite\/aide-detat-dans-le-domaine-de-lenergie-id400821.html","title":{"rendered":"Aide d\u2019\u00c9tat dans le domaine de l\u2019\u00e9nergie"},"content":{"rendered":"<p><p>Le gouvernement de&#13;<br \/>\nBucarest a approuv\u00e9 jeudi deux sch\u00e9mas d&rsquo;aide \u00e0 l&rsquo;intention, d&rsquo;une part, des&#13;<br \/>\nproducteurs d&rsquo;\u00e9nergie, et, d&rsquo;autre part, des municipalit\u00e9s et des associations&#13;<br \/>\nde d\u00e9veloppement intercommunautaire qui r\u00e9alisent ou modernisent des&#13;<br \/>\ninstallations d&rsquo;\u00e9nergie. <\/p>\n<p><\/p>\n<p>&#13;<br \/>\n&#13;<br \/>\n&#13;<br \/>\n&#13;<br \/>\n&#13;<br \/>\n&#13;<\/p>\n<p>Plusieurs dizaines&#13;<br \/>\nde millions d&rsquo;euros iront aux investisseurs qui cherchent \u00e0 privil\u00e9gier les&#13;<br \/>\nsources d&rsquo;\u00e9nergie renouvelable, a expliqu\u00e9 le porte-parole de l&rsquo;Ex\u00e9cutif, Dan&#13;<br \/>\nC\u0103rbunaru : <em class=cms-italic>\u00ab Les deux sch\u00e9mas&#13;<br \/>\nd&rsquo;aide s&rsquo;appuient sur  82 millions&#13;<br \/>\nd&rsquo;euros, avec pour b\u00e9n\u00e9ficiaires potentiels des entreprises productrices&#13;<br \/>\nd&rsquo;\u00e9nergie et des unit\u00e9s administratives ou des associations de d\u00e9veloppement intercommunautaire qui r\u00e9alisent ou&#13;<br \/>\nmodernisent des installations productrices d&rsquo;\u00e9nergie. \u00bb<\/em> <\/p>\n<p><\/p>\n<p>&#13;<br \/>\n&#13;<br \/>\n&#13;<br \/>\n&#13;<br \/>\n&#13;<br \/>\n&#13;<\/p>\n<p>Le gouvernement&#13;<br \/>\ncherchent aussi des solutions pour maintenir les aides dans le domaine de&#13;<br \/>\nl&rsquo;\u00e9nergie \u00e9galement dans le cas des grands consommateurs industriels, tels les&#13;<br \/>\nUsines d&rsquo;aluminium ALRO&#13;<br \/>\nde Slatina ou la compagnie Azomure\u015f, le plus important producteur d&rsquo;engrais&#13;<br \/>\npour l&rsquo;agriculture et l&rsquo;industrie de Roumanie. Dans le contexte de la hausse&#13;<br \/>\ndes prix de l&rsquo;\u00e9nergie, les grands consommateurs envisagent de r\u00e9duire et m\u00eame&#13;<br \/>\nd&rsquo;arr\u00eater la production. Or, le gouvernement a agi concr\u00e8tement pour prolonger&#13;<br \/>\nl&rsquo;application du sch\u00e9ma d&rsquo;aide dans leur cas. Le minist\u00e8re de l&rsquo;\u00e9nergie&#13;<br \/>\nest charg\u00e9 de consulter les repr\u00e9sentants de la Commission europ\u00e9enne,&#13;<br \/>\nl&rsquo;objectif \u00e9tant de pr\u00e9server la comp\u00e9titivit\u00e9 des entreprises roumaines et les&#13;<br \/>\nemplois, explique le porte-parole gouvernemental Dan&#13;<br \/>\nC\u0103rbunaru. <\/p>\n<p><\/p>\n<p>&#13;<br \/>\n&#13;<br \/>\n&#13;<br \/>\n&#13;<\/p>\n<p>Dan C\u0103rbunaru : <em class=cms-italic>\u00ab Ces sch\u00e9mas d&rsquo;aide ont \u00e9t\u00e9&#13;<br \/>\nintroduits, avec de bons r\u00e9sultats, en Roumanie en 2019-2021, sachant que les&#13;<br \/>\nentreprises des secteurs \u00e9nergo-intensifs produisent annuellement environ 6% du&#13;<br \/>\nPIB de la Roumanie. Mais nous devons nous rapporter aussi \u00e0 un autre \u00e9l\u00e9ment&#13;<br \/>\nimportant, les emplois, que les entreprises b\u00e9n\u00e9ficiaires d&rsquo;aide d&rsquo;\u00c9tat sont tenues de&#13;<br \/>\npr\u00e9server. \u00bb<\/em><\/p>\n<p><\/p>\n<p>&#13;<br \/>\n&#13;<br \/>\n&#13;<br \/>\n&#13;<br \/>\n&#13;<br \/>\n&#13;<\/p>\n<p>G\u00e9rer les effets de la crise de l&rsquo;\u00e9nergie demeure un des&#13;<br \/>\nprincipaux objectifs de l&rsquo;Ex\u00e9cutif de Bucarest, a soulign\u00e9 Dan C\u0103rbunaru.&#13;<br \/>\nPar la d\u00e9cision prise jeudi, il envisage de soutenir les investissements  dans la production d&rsquo;\u00e9nergie de sources&#13;<br \/>\nrenouvelables moins exploit\u00e9s, telles que la biomasse, le biogaz ou l&rsquo;\u00e9nergie&#13;<br \/>\nthermique, ainsi que les investissements dans la cog\u00e9n\u00e9ration \u00e0 haut rendement. Les deux sch\u00e9mas d&rsquo;aide d&rsquo;\u00c9tat s&rsquo;appliqueront jusqu&rsquo;au 31 d\u00e9cembre 2023, l&rsquo;argent allou\u00e9 provenant \u00e0 85% de&#13;<br \/>\nfonds europ\u00e9ens non-remboursables assur\u00e9s par le Fonds europ\u00e9ens de&#13;<br \/>\nd\u00e9veloppement r\u00e9gional et \u00e0 15% du budget d&rsquo;\u00c9tat&#13;<br \/>\nde la Roumanie. (Trad.&#13;<br \/>\nIleana \u0162\u0103roi)<\/p>\n<p><\/p>\n","protected":false},"excerpt":{"rendered":"<p>Le gouvernement de&#13; Bucarest a approuv\u00e9 jeudi deux sch\u00e9mas d&rsquo;aide \u00e0 l&rsquo;intention, d&rsquo;une part, des&#13; producteurs d&rsquo;\u00e9nergie, et, d&rsquo;autre part, des municipalit\u00e9s et des associations&#13; de d\u00e9veloppement intercommunautaire qui r\u00e9alisent ou modernisent des&#13; installations d&rsquo;\u00e9nergie. &#13; &#13; &#13; &#13; &#13; &#13; Plusieurs dizaines&#13; de millions d&rsquo;euros iront aux investisseurs qui cherchent \u00e0 privil\u00e9gier les&#13; sources [&hellip;]<\/p>\n","protected":false},"author":106,"featured_media":89927,"comment_status":"closed","ping_status":"closed","sticky":false,"template":"","format":"standard","meta":{"_acf_changed":false,"footnotes":""},"categories":[93377],"tags":[],"coauthors":[],"class_list":["post-400821","post","type-post","status-publish","format-standard","has-post-thumbnail","hentry","category-les-dossiers-de-lactualite"],"acf":[],"yoast_head":"<!-- This site is optimized with the Yoast SEO plugin v27.3 - https:\/\/yoast.com\/product\/yoast-seo-wordpress\/ -->\n<title>Aide d\u2019\u00c9tat dans le domaine de l\u2019\u00e9nergie - Radio Roumanie Internationale<\/title>\n<meta name=\"robots\" content=\"index, follow, max-snippet:-1, max-image-preview:large, max-video-preview:-1\" \/>\n<link rel=\"canonical\" href=\"https:\/\/www.rri.ro\/fr\/actualites\/les-dossiers-de-lactualite\/aide-detat-dans-le-domaine-de-lenergie-id400821.html\" \/>\n<meta property=\"og:locale\" content=\"fr_FR\" \/>\n<meta property=\"og:type\" content=\"article\" \/>\n<meta property=\"og:title\" content=\"Aide d\u2019\u00c9tat dans le domaine de l\u2019\u00e9nergie - Radio Roumanie Internationale\" \/>\n<meta property=\"og:description\" content=\"Le gouvernement de&#013; Bucarest a approuv\u00e9 jeudi deux sch\u00e9mas d&rsquo;aide \u00e0 l&rsquo;intention, d&rsquo;une part, des&#013; producteurs d&rsquo;\u00e9nergie, et, d&rsquo;autre part, des municipalit\u00e9s et des associations&#013; de d\u00e9veloppement intercommunautaire qui r\u00e9alisent ou modernisent des&#013; installations d&rsquo;\u00e9nergie. &#013; &#013; &#013; &#013; &#013; &#013; Plusieurs dizaines&#013; de millions d&rsquo;euros iront aux investisseurs qui cherchent \u00e0 privil\u00e9gier les&#013; sources [&hellip;]\" \/>\n<meta property=\"og:url\" content=\"https:\/\/www.rri.ro\/fr\/actualites\/les-dossiers-de-lactualite\/aide-detat-dans-le-domaine-de-lenergie-id400821.html\" \/>\n<meta property=\"og:site_name\" content=\"Radio Roumanie Internationale\" \/>\n<meta property=\"article:published_time\" content=\"2022-02-11T10:24:00+00:00\" \/>\n<meta property=\"og:image\" content=\"https:\/\/www.rri.ro\/wp-content\/uploads\/2023\/10\/gaze-energie-magnascan-pixabay-com.jpg\" \/>\n\t<meta property=\"og:image:width\" content=\"640\" \/>\n\t<meta property=\"og:image:height\" content=\"480\" \/>\n\t<meta property=\"og:image:type\" content=\"image\/jpeg\" \/>\n<meta name=\"author\" content=\"Mihai Pelin\" \/>\n<meta name=\"twitter:card\" content=\"summary_large_image\" \/>\n<meta name=\"twitter:label1\" content=\"\u00c9crit par\" \/>\n\t<meta name=\"twitter:data1\" content=\"Mihai Pelin\" \/>\n\t<meta name=\"twitter:label2\" content=\"Dur\u00e9e de lecture estim\u00e9e\" \/>\n\t<meta name=\"twitter:data2\" content=\"2 minutes\" \/>\n\t<meta name=\"twitter:label3\" content=\"Written by\" \/>\n\t<meta name=\"twitter:data3\" content=\"Mihai Pelin\" \/>\n<script type=\"application\/ld+json\" class=\"yoast-schema-graph\">{\"@context\":\"https:\\\/\\\/schema.org\",\"@graph\":[{\"@type\":\"Article\",\"@id\":\"https:\\\/\\\/www.rri.ro\\\/fr\\\/actualites\\\/les-dossiers-de-lactualite\\\/aide-detat-dans-le-domaine-de-lenergie-id400821.html#article\",\"isPartOf\":{\"@id\":\"https:\\\/\\\/www.rri.ro\\\/fr\\\/actualites\\\/les-dossiers-de-lactualite\\\/aide-detat-dans-le-domaine-de-lenergie-id400821.html\"},\"author\":{\"name\":\"Mihai Pelin\",\"@id\":\"https:\\\/\\\/www.rri.ro\\\/#\\\/schema\\\/person\\\/c6036c822534c855dc3aad41a484f05d\"},\"headline\":\"Aide d\u2019\u00c9tat dans le domaine de l\u2019\u00e9nergie\",\"datePublished\":\"2022-02-11T10:24:00+00:00\",\"mainEntityOfPage\":{\"@id\":\"https:\\\/\\\/www.rri.ro\\\/fr\\\/actualites\\\/les-dossiers-de-lactualite\\\/aide-detat-dans-le-domaine-de-lenergie-id400821.html\"},\"wordCount\":441,\"image\":{\"@id\":\"https:\\\/\\\/www.rri.ro\\\/fr\\\/actualites\\\/les-dossiers-de-lactualite\\\/aide-detat-dans-le-domaine-de-lenergie-id400821.html#primaryimage\"},\"thumbnailUrl\":\"https:\\\/\\\/www.rri.ro\\\/wp-content\\\/uploads\\\/2023\\\/10\\\/gaze-energie-magnascan-pixabay-com.jpg\",\"articleSection\":[\"Les dossiers de l'actualit\u00e9\"],\"inLanguage\":\"fr-FR\"},{\"@type\":\"WebPage\",\"@id\":\"https:\\\/\\\/www.rri.ro\\\/fr\\\/actualites\\\/les-dossiers-de-lactualite\\\/aide-detat-dans-le-domaine-de-lenergie-id400821.html\",\"url\":\"https:\\\/\\\/www.rri.ro\\\/fr\\\/actualites\\\/les-dossiers-de-lactualite\\\/aide-detat-dans-le-domaine-de-lenergie-id400821.html\",\"name\":\"Aide d\u2019\u00c9tat dans le domaine de l\u2019\u00e9nergie - Radio Roumanie Internationale\",\"isPartOf\":{\"@id\":\"https:\\\/\\\/www.rri.ro\\\/#website\"},\"primaryImageOfPage\":{\"@id\":\"https:\\\/\\\/www.rri.ro\\\/fr\\\/actualites\\\/les-dossiers-de-lactualite\\\/aide-detat-dans-le-domaine-de-lenergie-id400821.html#primaryimage\"},\"image\":{\"@id\":\"https:\\\/\\\/www.rri.ro\\\/fr\\\/actualites\\\/les-dossiers-de-lactualite\\\/aide-detat-dans-le-domaine-de-lenergie-id400821.html#primaryimage\"},\"thumbnailUrl\":\"https:\\\/\\\/www.rri.ro\\\/wp-content\\\/uploads\\\/2023\\\/10\\\/gaze-energie-magnascan-pixabay-com.jpg\",\"datePublished\":\"2022-02-11T10:24:00+00:00\",\"author\":{\"@id\":\"https:\\\/\\\/www.rri.ro\\\/#\\\/schema\\\/person\\\/c6036c822534c855dc3aad41a484f05d\"},\"breadcrumb\":{\"@id\":\"https:\\\/\\\/www.rri.ro\\\/fr\\\/actualites\\\/les-dossiers-de-lactualite\\\/aide-detat-dans-le-domaine-de-lenergie-id400821.html#breadcrumb\"},\"inLanguage\":\"fr-FR\",\"potentialAction\":[{\"@type\":\"ReadAction\",\"target\":[\"https:\\\/\\\/www.rri.ro\\\/fr\\\/actualites\\\/les-dossiers-de-lactualite\\\/aide-detat-dans-le-domaine-de-lenergie-id400821.html\"]}]},{\"@type\":\"ImageObject\",\"inLanguage\":\"fr-FR\",\"@id\":\"https:\\\/\\\/www.rri.ro\\\/fr\\\/actualites\\\/les-dossiers-de-lactualite\\\/aide-detat-dans-le-domaine-de-lenergie-id400821.html#primaryimage\",\"url\":\"https:\\\/\\\/www.rri.ro\\\/wp-content\\\/uploads\\\/2023\\\/10\\\/gaze-energie-magnascan-pixabay-com.jpg\",\"contentUrl\":\"https:\\\/\\\/www.rri.ro\\\/wp-content\\\/uploads\\\/2023\\\/10\\\/gaze-energie-magnascan-pixabay-com.jpg\",\"width\":640,\"height\":480},{\"@type\":\"BreadcrumbList\",\"@id\":\"https:\\\/\\\/www.rri.ro\\\/fr\\\/actualites\\\/les-dossiers-de-lactualite\\\/aide-detat-dans-le-domaine-de-lenergie-id400821.html#breadcrumb\",\"itemListElement\":[{\"@type\":\"ListItem\",\"position\":1,\"name\":\"Page d'accueil\",\"item\":\"https:\\\/\\\/www.rri.ro\\\/fr\"},{\"@type\":\"ListItem\",\"position\":2,\"name\":\"Actualit\u00e9s\",\"item\":\"https:\\\/\\\/www.rri.ro\\\/fr\\\/actualites\"},{\"@type\":\"ListItem\",\"position\":3,\"name\":\"Les dossiers de l'actualit\u00e9\",\"item\":\"https:\\\/\\\/www.rri.ro\\\/fr\\\/actualites\\\/les-dossiers-de-lactualite\"},{\"@type\":\"ListItem\",\"position\":4,\"name\":\"Aide d\u2019\u00c9tat dans le domaine de l\u2019\u00e9nergie\"}]},{\"@type\":\"WebSite\",\"@id\":\"https:\\\/\\\/www.rri.ro\\\/#website\",\"url\":\"https:\\\/\\\/www.rri.ro\\\/\",\"name\":\"Radio Roumanie Internationale\",\"description\":\"Totul despre Rom\u00e2nia \u015fi rom\u00e2ni, \u00een 13 limbi\\\/dialecte!\",\"inLanguage\":\"fr-FR\"},{\"@type\":\"Person\",\"@id\":\"https:\\\/\\\/www.rri.ro\\\/#\\\/schema\\\/person\\\/c6036c822534c855dc3aad41a484f05d\",\"name\":\"Mihai Pelin\",\"url\":\"https:\\\/\\\/www.rri.ro\\\/fr\\\/author\\\/mihai-pelin\"}]}<\/script>\n<!-- \/ Yoast SEO plugin. -->","yoast_head_json":{"title":"Aide d\u2019\u00c9tat dans le domaine de l\u2019\u00e9nergie - Radio Roumanie Internationale","robots":{"index":"index","follow":"follow","max-snippet":"max-snippet:-1","max-image-preview":"max-image-preview:large","max-video-preview":"max-video-preview:-1"},"canonical":"https:\/\/www.rri.ro\/fr\/actualites\/les-dossiers-de-lactualite\/aide-detat-dans-le-domaine-de-lenergie-id400821.html","og_locale":"fr_FR","og_type":"article","og_title":"Aide d\u2019\u00c9tat dans le domaine de l\u2019\u00e9nergie - Radio Roumanie Internationale","og_description":"Le gouvernement de&#13; Bucarest a approuv\u00e9 jeudi deux sch\u00e9mas d&rsquo;aide \u00e0 l&rsquo;intention, d&rsquo;une part, des&#13; producteurs d&rsquo;\u00e9nergie, et, d&rsquo;autre part, des municipalit\u00e9s et des associations&#13; de d\u00e9veloppement intercommunautaire qui r\u00e9alisent ou modernisent des&#13; installations d&rsquo;\u00e9nergie. &#13; &#13; &#13; &#13; &#13; &#13; Plusieurs dizaines&#13; de millions d&rsquo;euros iront aux investisseurs qui cherchent \u00e0 privil\u00e9gier les&#13; sources [&hellip;]","og_url":"https:\/\/www.rri.ro\/fr\/actualites\/les-dossiers-de-lactualite\/aide-detat-dans-le-domaine-de-lenergie-id400821.html","og_site_name":"Radio Roumanie Internationale","article_published_time":"2022-02-11T10:24:00+00:00","og_image":[{"width":640,"height":480,"url":"https:\/\/www.rri.ro\/wp-content\/uploads\/2023\/10\/gaze-energie-magnascan-pixabay-com.jpg","type":"image\/jpeg"}],"author":"Mihai Pelin","twitter_card":"summary_large_image","twitter_misc":{"\u00c9crit par":"Mihai Pelin","Dur\u00e9e de lecture estim\u00e9e":"2 minutes","Written by":"Mihai Pelin"},"schema":{"@context":"https:\/\/schema.org","@graph":[{"@type":"Article","@id":"https:\/\/www.rri.ro\/fr\/actualites\/les-dossiers-de-lactualite\/aide-detat-dans-le-domaine-de-lenergie-id400821.html#article","isPartOf":{"@id":"https:\/\/www.rri.ro\/fr\/actualites\/les-dossiers-de-lactualite\/aide-detat-dans-le-domaine-de-lenergie-id400821.html"},"author":{"name":"Mihai Pelin","@id":"https:\/\/www.rri.ro\/#\/schema\/person\/c6036c822534c855dc3aad41a484f05d"},"headline":"Aide d\u2019\u00c9tat dans le domaine de l\u2019\u00e9nergie","datePublished":"2022-02-11T10:24:00+00:00","mainEntityOfPage":{"@id":"https:\/\/www.rri.ro\/fr\/actualites\/les-dossiers-de-lactualite\/aide-detat-dans-le-domaine-de-lenergie-id400821.html"},"wordCount":441,"image":{"@id":"https:\/\/www.rri.ro\/fr\/actualites\/les-dossiers-de-lactualite\/aide-detat-dans-le-domaine-de-lenergie-id400821.html#primaryimage"},"thumbnailUrl":"https:\/\/www.rri.ro\/wp-content\/uploads\/2023\/10\/gaze-energie-magnascan-pixabay-com.jpg","articleSection":["Les dossiers de l'actualit\u00e9"],"inLanguage":"fr-FR"},{"@type":"WebPage","@id":"https:\/\/www.rri.ro\/fr\/actualites\/les-dossiers-de-lactualite\/aide-detat-dans-le-domaine-de-lenergie-id400821.html","url":"https:\/\/www.rri.ro\/fr\/actualites\/les-dossiers-de-lactualite\/aide-detat-dans-le-domaine-de-lenergie-id400821.html","name":"Aide d\u2019\u00c9tat dans le domaine de l\u2019\u00e9nergie - Radio Roumanie Internationale","isPartOf":{"@id":"https:\/\/www.rri.ro\/#website"},"primaryImageOfPage":{"@id":"https:\/\/www.rri.ro\/fr\/actualites\/les-dossiers-de-lactualite\/aide-detat-dans-le-domaine-de-lenergie-id400821.html#primaryimage"},"image":{"@id":"https:\/\/www.rri.ro\/fr\/actualites\/les-dossiers-de-lactualite\/aide-detat-dans-le-domaine-de-lenergie-id400821.html#primaryimage"},"thumbnailUrl":"https:\/\/www.rri.ro\/wp-content\/uploads\/2023\/10\/gaze-energie-magnascan-pixabay-com.jpg","datePublished":"2022-02-11T10:24:00+00:00","author":{"@id":"https:\/\/www.rri.ro\/#\/schema\/person\/c6036c822534c855dc3aad41a484f05d"},"breadcrumb":{"@id":"https:\/\/www.rri.ro\/fr\/actualites\/les-dossiers-de-lactualite\/aide-detat-dans-le-domaine-de-lenergie-id400821.html#breadcrumb"},"inLanguage":"fr-FR","potentialAction":[{"@type":"ReadAction","target":["https:\/\/www.rri.ro\/fr\/actualites\/les-dossiers-de-lactualite\/aide-detat-dans-le-domaine-de-lenergie-id400821.html"]}]},{"@type":"ImageObject","inLanguage":"fr-FR","@id":"https:\/\/www.rri.ro\/fr\/actualites\/les-dossiers-de-lactualite\/aide-detat-dans-le-domaine-de-lenergie-id400821.html#primaryimage","url":"https:\/\/www.rri.ro\/wp-content\/uploads\/2023\/10\/gaze-energie-magnascan-pixabay-com.jpg","contentUrl":"https:\/\/www.rri.ro\/wp-content\/uploads\/2023\/10\/gaze-energie-magnascan-pixabay-com.jpg","width":640,"height":480},{"@type":"BreadcrumbList","@id":"https:\/\/www.rri.ro\/fr\/actualites\/les-dossiers-de-lactualite\/aide-detat-dans-le-domaine-de-lenergie-id400821.html#breadcrumb","itemListElement":[{"@type":"ListItem","position":1,"name":"Page d'accueil","item":"https:\/\/www.rri.ro\/fr"},{"@type":"ListItem","position":2,"name":"Actualit\u00e9s","item":"https:\/\/www.rri.ro\/fr\/actualites"},{"@type":"ListItem","position":3,"name":"Les dossiers de l'actualit\u00e9","item":"https:\/\/www.rri.ro\/fr\/actualites\/les-dossiers-de-lactualite"},{"@type":"ListItem","position":4,"name":"Aide d\u2019\u00c9tat dans le domaine de l\u2019\u00e9nergie"}]},{"@type":"WebSite","@id":"https:\/\/www.rri.ro\/#website","url":"https:\/\/www.rri.ro\/","name":"Radio Roumanie Internationale","description":"Totul despre Rom\u00e2nia \u015fi rom\u00e2ni, \u00een 13 limbi\/dialecte!","inLanguage":"fr-FR"},{"@type":"Person","@id":"https:\/\/www.rri.ro\/#\/schema\/person\/c6036c822534c855dc3aad41a484f05d","name":"Mihai Pelin","url":"https:\/\/www.rri.ro\/fr\/author\/mihai-pelin"}]}},"_links":{"self":[{"href":"https:\/\/www.rri.ro\/fr\/wp-json\/wp\/v2\/posts\/400821","targetHints":{"allow":["GET"]}}],"collection":[{"href":"https:\/\/www.rri.ro\/fr\/wp-json\/wp\/v2\/posts"}],"about":[{"href":"https:\/\/www.rri.ro\/fr\/wp-json\/wp\/v2\/types\/post"}],"author":[{"embeddable":true,"href":"https:\/\/www.rri.ro\/fr\/wp-json\/wp\/v2\/users\/106"}],"replies":[{"embeddable":true,"href":"https:\/\/www.rri.ro\/fr\/wp-json\/wp\/v2\/comments?post=400821"}],"version-history":[{"count":0,"href":"https:\/\/www.rri.ro\/fr\/wp-json\/wp\/v2\/posts\/400821\/revisions"}],"wp:featuredmedia":[{"embeddable":true,"href":"https:\/\/www.rri.ro\/fr\/wp-json\/wp\/v2\/media\/89927"}],"wp:attachment":[{"href":"https:\/\/www.rri.ro\/fr\/wp-json\/wp\/v2\/media?parent=400821"}],"wp:term":[{"taxonomy":"category","embeddable":true,"href":"https:\/\/www.rri.ro\/fr\/wp-json\/wp\/v2\/categories?post=400821"},{"taxonomy":"post_tag","embeddable":true,"href":"https:\/\/www.rri.ro\/fr\/wp-json\/wp\/v2\/tags?post=400821"},{"taxonomy":"author","embeddable":true,"href":"https:\/\/www.rri.ro\/fr\/wp-json\/wp\/v2\/coauthors?post=400821"}],"curies":[{"name":"wp","href":"https:\/\/api.w.org\/{rel}","templated":true}]}}