{"id":400822,"date":"2022-02-14T12:45:00","date_gmt":"2022-02-14T10:45:00","guid":{"rendered":"http:\/\/devrri.freshlemon.ro\/le-roumain-mot-a-mot\/consulter-les-lecons\/de-laide-gouvernementale-pour-contenir-les-factures-denergie-id400822.html"},"modified":"2022-02-14T12:45:00","modified_gmt":"2022-02-14T10:45:00","slug":"de-laide-gouvernementale-pour-contenir-les-factures-denergie","status":"publish","type":"post","link":"https:\/\/www.rri.ro\/fr\/actualites\/les-dossiers-de-lactualite\/de-laide-gouvernementale-pour-contenir-les-factures-denergie-id400822.html","title":{"rendered":"De l\u2019aide gouvernementale pour contenir les factures d\u2019\u00e9nergie"},"content":{"rendered":"<p><p>En&#13;<br \/>\nRoumanie, les prix du gaz et de l&rsquo;\u00e9lectricit\u00e9 suivent la tendance croissante&#13;<br \/>\nvisible partout ailleurs en Europe et le gouvernement de Bucarest cherche&#13;<br \/>\nactuellement des solutions pour continuer \u00e0 appliquer des sch\u00e9mas d&rsquo;aide dans&#13;<br \/>\nle domaine de l&rsquo;\u00e9nergie. Ainsi a-t-il approuv\u00e9, la semaine derni\u00e8re, deux tels&#13;<br \/>\nplans \u00e0 l&rsquo;intention des producteurs d&rsquo;\u00e9nergie, d&rsquo;une part, et, d&rsquo;autre part,&#13;<br \/>\ndes unit\u00e9s administratives locales et des&#13;<br \/>\nassociations de d\u00e9veloppement intercommunautaire qui r\u00e9alisent ou modernisent&#13;<br \/>\ndes installations d&rsquo;\u00e9nergie.<\/p>\n<p><\/p>\n<p>&#13;<br \/>\n&#13;<br \/>\n&#13;<br \/>\n&#13;<br \/>\n&#13;<br \/>\n&#13;<\/p>\n<p>L&rsquo;Ex\u00e9cutif a \u00e9galement adopt\u00e9 un m\u00e9morandum en vertu duquel&#13;<br \/>\nles sch\u00e9mas d&rsquo;aide aux grands consommateurs seront maintenus. Selon&#13;<br \/>\nle porte-parole du gouvernement, Dan C\u0103rbunaru, plus de 82 millions d&rsquo;euros&#13;<br \/>\nirons aux investisseurs voulant mettre en valeur des sources d&rsquo;\u00e9nergie&#13;<br \/>\nrenouvelable. Le minist\u00e8re de l&rsquo;\u00e9nergie est charg\u00e9 de consulter les&#13;<br \/>\nrepr\u00e9sentants de la Commission europ\u00e9enne au sujet  du maintien des aides d&rsquo;\u00c9tat aux grands&#13;<br \/>\nconsommateurs du domaine. <\/p>\n<p><\/p>\n<p>&#13;<br \/>\n&#13;<br \/>\n&#13;<br \/>\n&#13;<br \/>\n&#13;<br \/>\n&#13;<\/p>\n<p>Dan&#13;<br \/>\nC\u0103rbunaru a expliqu\u00e9 : <em class=cms-italic>\u00ab Ils en&#13;<br \/>\nsont tous concern\u00e9s, pas que les petits consommateurs domestiques, les grands&#13;<br \/>\nconsommateurs aussi. Certes, les sommes sont \u00e9lev\u00e9es et la proc\u00e9dure implique&#13;<br \/>\nl&rsquo;accord de la Commission europ\u00e9enne. Les repr\u00e9sentants du gouvernement ont&#13;<br \/>\nd\u00e9j\u00e0 re\u00e7u le mandat d&rsquo;ouvrir les discussions, afin que les grands consommateurs&#13;<br \/>\nd&rsquo;\u00e9nergie de Roumanie puissent continuer \u00e0 b\u00e9n\u00e9ficier des sch\u00e9mas d&rsquo;aide de&#13;<br \/>\nl&rsquo;\u00c9tat \u00bb<\/em>.<\/p>\n<p><\/p>\n<p>&#13;<br \/>\n&#13;<br \/>\n&#13;<br \/>\n&#13;<br \/>\n&#13;<br \/>\n&#13;<\/p>\n<p>Dan&#13;<br \/>\nC\u0103rbunaru a pr\u00e9cis\u00e9 que l&rsquo;objectif de ces mesures \u00e9tait de pr\u00e9server aussi bien&#13;<br \/>\nla comp\u00e9titivit\u00e9 des entreprises roumaines en Europe et dans le monde que les&#13;<br \/>\nquelque 200 000 emplois des secteurs \u00e9conomiques en question : <em class=cms-italic>\u00ab <\/em><em class=cms-italic>Ces sch\u00e9mas d&rsquo;aide ont \u00e9t\u00e9&#13;<br \/>\nintroduits, avec de bons r\u00e9sultats, en Roumanie en 2019-2021, sachant que les&#13;<br \/>\nentreprises des secteurs \u00e9nergo-intensifs produisent annuellement environ 6% du&#13;<br \/>\nPIB national. Mais nous devons nous rapporter aussi \u00e0 un autre \u00e9l\u00e9ment&#13;<br \/>\nimportant, les emplois, que les entreprises b\u00e9n\u00e9ficiaires d&rsquo;aide d&rsquo;\u00c9tat sont&#13;<br \/>\ntenues de pr\u00e9server \u00bb<\/em><em class=cms-italic>.<\/em>&#13;\n<\/p>\n<p><\/p>\n<p>&#13;<br \/>\n&#13;<\/p>\n<p>L&rsquo;Ex\u00e9cutif&#13;<br \/>\nde Bucarest doit d\u00e9cider prochainement de nouvelles mesures de soutien \u00e0 la&#13;<br \/>\npopulation, pour qu&rsquo;elle puisse faire face \u00e0 la crise provoqu\u00e9e par&#13;<br \/>\nl&rsquo;augmentation des prix de l&rsquo;\u00e9nergie. Ainsi, le gouvernement envisage-t-il de&#13;<br \/>\ncontinuer, au-del\u00e0 du 1-er avril prochain, \u00e0 prot\u00e9ger la population et&#13;<br \/>\nl&rsquo;\u00e9conomie des effets de la crise de l&rsquo;\u00e9nergie. <\/p>\n<p><\/p>\n<p>&#13;<br \/>\n&#13;<br \/>\n&#13;<br \/>\n&#13;<br \/>\n&#13;<br \/>\n&#13;<\/p>\n<p>Le&#13;<br \/>\nporte-parole du gouvernement, Dan C\u0103rbunaru, a ajout\u00e9 : <em class=cms-italic>\u00ab La forma finale de ces paquets d&rsquo;aide pr\u00e9par\u00e9s par le&#13;<br \/>\ngouvernement est quasi pr\u00eate. Je peux vous confirmer que le premier ministre a&#13;<br \/>\ndemand\u00e9 \u00e0 toutes les parties impliqu\u00e9es de trouver la solution la plus rapide,&#13;<br \/>\nla plus compr\u00e9hensive et la plus simple, du point de vue du m\u00e9canisme mis en&#13;<br \/>\nplace et de son explication aux parties concern\u00e9es, dont les b\u00e9n\u00e9ficiaires des&#13;<br \/>\nplans d&rsquo;aide pr\u00e9par\u00e9s par le gouvernement \u00bb.<\/em> <\/p>\n<p><\/p>\n<p>&#13;<br \/>\n&#13;<br \/>\n&#13;<br \/>\n&#13;<br \/>\n&#13;<br \/>\n&#13;<\/p>\n<p>Le&#13;<br \/>\nministre des finances, Adrian C\u00e2ciu, a assur\u00e9 que l&rsquo;Ex\u00e9cutif produirait le plan&#13;<br \/>\nde mesures concernant les factures d&rsquo;\u00e9nergie dans deux semaines, au plus tard. (Trad.&#13;<br \/>\nIleana \u0162\u0103roi)<\/p>\n<p><\/p>\n","protected":false},"excerpt":{"rendered":"<p>En&#13; Roumanie, les prix du gaz et de l&rsquo;\u00e9lectricit\u00e9 suivent la tendance croissante&#13; visible partout ailleurs en Europe et le gouvernement de Bucarest cherche&#13; actuellement des solutions pour continuer \u00e0 appliquer des sch\u00e9mas d&rsquo;aide dans&#13; le domaine de l&rsquo;\u00e9nergie. Ainsi a-t-il approuv\u00e9, la semaine derni\u00e8re, deux tels&#13; plans \u00e0 l&rsquo;intention des producteurs d&rsquo;\u00e9nergie, d&rsquo;une part, [&hellip;]<\/p>\n","protected":false},"author":107,"featured_media":86252,"comment_status":"closed","ping_status":"closed","sticky":false,"template":"","format":"standard","meta":{"_acf_changed":false,"footnotes":""},"categories":[93377],"tags":[],"coauthors":[],"class_list":["post-400822","post","type-post","status-publish","format-standard","has-post-thumbnail","hentry","category-les-dossiers-de-lactualite"],"acf":[],"yoast_head":"<!-- This site is optimized with the Yoast SEO plugin v27.3 - https:\/\/yoast.com\/product\/yoast-seo-wordpress\/ -->\n<title>De l\u2019aide gouvernementale pour contenir les factures d\u2019\u00e9nergie - Radio Roumanie Internationale<\/title>\n<meta name=\"robots\" content=\"index, follow, max-snippet:-1, max-image-preview:large, max-video-preview:-1\" \/>\n<link rel=\"canonical\" href=\"https:\/\/www.rri.ro\/fr\/actualites\/les-dossiers-de-lactualite\/de-laide-gouvernementale-pour-contenir-les-factures-denergie-id400822.html\" \/>\n<meta property=\"og:locale\" content=\"fr_FR\" \/>\n<meta property=\"og:type\" content=\"article\" \/>\n<meta property=\"og:title\" content=\"De l\u2019aide gouvernementale pour contenir les factures d\u2019\u00e9nergie - Radio Roumanie Internationale\" \/>\n<meta property=\"og:description\" content=\"En&#013; Roumanie, les prix du gaz et de l&rsquo;\u00e9lectricit\u00e9 suivent la tendance croissante&#013; visible partout ailleurs en Europe et le gouvernement de Bucarest cherche&#013; actuellement des solutions pour continuer \u00e0 appliquer des sch\u00e9mas d&rsquo;aide dans&#013; le domaine de l&rsquo;\u00e9nergie. Ainsi a-t-il approuv\u00e9, la semaine derni\u00e8re, deux tels&#013; plans \u00e0 l&rsquo;intention des producteurs d&rsquo;\u00e9nergie, d&rsquo;une part, [&hellip;]\" \/>\n<meta property=\"og:url\" content=\"https:\/\/www.rri.ro\/fr\/actualites\/les-dossiers-de-lactualite\/de-laide-gouvernementale-pour-contenir-les-factures-denergie-id400822.html\" \/>\n<meta property=\"og:site_name\" content=\"Radio Roumanie Internationale\" \/>\n<meta property=\"article:published_time\" content=\"2022-02-14T10:45:00+00:00\" \/>\n<meta property=\"og:image\" content=\"https:\/\/www.rri.ro\/wp-content\/uploads\/2023\/10\/gaze-naturale-generic-sursa-pixabay-com.jpg\" \/>\n\t<meta property=\"og:image:width\" content=\"640\" \/>\n\t<meta property=\"og:image:height\" content=\"420\" \/>\n\t<meta property=\"og:image:type\" content=\"image\/jpeg\" \/>\n<meta name=\"author\" content=\"Daniela Budu\" \/>\n<meta name=\"twitter:card\" content=\"summary_large_image\" \/>\n<meta name=\"twitter:label1\" content=\"\u00c9crit par\" \/>\n\t<meta name=\"twitter:data1\" content=\"Daniela Budu\" \/>\n\t<meta name=\"twitter:label2\" content=\"Dur\u00e9e de lecture estim\u00e9e\" \/>\n\t<meta name=\"twitter:data2\" content=\"3 minutes\" \/>\n\t<meta name=\"twitter:label3\" content=\"Written by\" \/>\n\t<meta name=\"twitter:data3\" content=\"Daniela Budu\" \/>\n<script type=\"application\/ld+json\" class=\"yoast-schema-graph\">{\"@context\":\"https:\\\/\\\/schema.org\",\"@graph\":[{\"@type\":\"Article\",\"@id\":\"https:\\\/\\\/www.rri.ro\\\/fr\\\/actualites\\\/les-dossiers-de-lactualite\\\/de-laide-gouvernementale-pour-contenir-les-factures-denergie-id400822.html#article\",\"isPartOf\":{\"@id\":\"https:\\\/\\\/www.rri.ro\\\/fr\\\/actualites\\\/les-dossiers-de-lactualite\\\/de-laide-gouvernementale-pour-contenir-les-factures-denergie-id400822.html\"},\"author\":{\"name\":\"Daniela Budu\",\"@id\":\"https:\\\/\\\/www.rri.ro\\\/#\\\/schema\\\/person\\\/b46b8f80d7d6e4b5ac9f14f0acbad0c4\"},\"headline\":\"De l\u2019aide gouvernementale pour contenir les factures d\u2019\u00e9nergie\",\"datePublished\":\"2022-02-14T10:45:00+00:00\",\"mainEntityOfPage\":{\"@id\":\"https:\\\/\\\/www.rri.ro\\\/fr\\\/actualites\\\/les-dossiers-de-lactualite\\\/de-laide-gouvernementale-pour-contenir-les-factures-denergie-id400822.html\"},\"wordCount\":530,\"image\":{\"@id\":\"https:\\\/\\\/www.rri.ro\\\/fr\\\/actualites\\\/les-dossiers-de-lactualite\\\/de-laide-gouvernementale-pour-contenir-les-factures-denergie-id400822.html#primaryimage\"},\"thumbnailUrl\":\"https:\\\/\\\/www.rri.ro\\\/wp-content\\\/uploads\\\/2023\\\/10\\\/gaze-naturale-generic-sursa-pixabay-com.jpg\",\"articleSection\":[\"Les dossiers de l'actualit\u00e9\"],\"inLanguage\":\"fr-FR\"},{\"@type\":\"WebPage\",\"@id\":\"https:\\\/\\\/www.rri.ro\\\/fr\\\/actualites\\\/les-dossiers-de-lactualite\\\/de-laide-gouvernementale-pour-contenir-les-factures-denergie-id400822.html\",\"url\":\"https:\\\/\\\/www.rri.ro\\\/fr\\\/actualites\\\/les-dossiers-de-lactualite\\\/de-laide-gouvernementale-pour-contenir-les-factures-denergie-id400822.html\",\"name\":\"De l\u2019aide gouvernementale pour contenir les factures d\u2019\u00e9nergie - Radio Roumanie Internationale\",\"isPartOf\":{\"@id\":\"https:\\\/\\\/www.rri.ro\\\/#website\"},\"primaryImageOfPage\":{\"@id\":\"https:\\\/\\\/www.rri.ro\\\/fr\\\/actualites\\\/les-dossiers-de-lactualite\\\/de-laide-gouvernementale-pour-contenir-les-factures-denergie-id400822.html#primaryimage\"},\"image\":{\"@id\":\"https:\\\/\\\/www.rri.ro\\\/fr\\\/actualites\\\/les-dossiers-de-lactualite\\\/de-laide-gouvernementale-pour-contenir-les-factures-denergie-id400822.html#primaryimage\"},\"thumbnailUrl\":\"https:\\\/\\\/www.rri.ro\\\/wp-content\\\/uploads\\\/2023\\\/10\\\/gaze-naturale-generic-sursa-pixabay-com.jpg\",\"datePublished\":\"2022-02-14T10:45:00+00:00\",\"author\":{\"@id\":\"https:\\\/\\\/www.rri.ro\\\/#\\\/schema\\\/person\\\/b46b8f80d7d6e4b5ac9f14f0acbad0c4\"},\"breadcrumb\":{\"@id\":\"https:\\\/\\\/www.rri.ro\\\/fr\\\/actualites\\\/les-dossiers-de-lactualite\\\/de-laide-gouvernementale-pour-contenir-les-factures-denergie-id400822.html#breadcrumb\"},\"inLanguage\":\"fr-FR\",\"potentialAction\":[{\"@type\":\"ReadAction\",\"target\":[\"https:\\\/\\\/www.rri.ro\\\/fr\\\/actualites\\\/les-dossiers-de-lactualite\\\/de-laide-gouvernementale-pour-contenir-les-factures-denergie-id400822.html\"]}]},{\"@type\":\"ImageObject\",\"inLanguage\":\"fr-FR\",\"@id\":\"https:\\\/\\\/www.rri.ro\\\/fr\\\/actualites\\\/les-dossiers-de-lactualite\\\/de-laide-gouvernementale-pour-contenir-les-factures-denergie-id400822.html#primaryimage\",\"url\":\"https:\\\/\\\/www.rri.ro\\\/wp-content\\\/uploads\\\/2023\\\/10\\\/gaze-naturale-generic-sursa-pixabay-com.jpg\",\"contentUrl\":\"https:\\\/\\\/www.rri.ro\\\/wp-content\\\/uploads\\\/2023\\\/10\\\/gaze-naturale-generic-sursa-pixabay-com.jpg\",\"width\":640,\"height\":420},{\"@type\":\"BreadcrumbList\",\"@id\":\"https:\\\/\\\/www.rri.ro\\\/fr\\\/actualites\\\/les-dossiers-de-lactualite\\\/de-laide-gouvernementale-pour-contenir-les-factures-denergie-id400822.html#breadcrumb\",\"itemListElement\":[{\"@type\":\"ListItem\",\"position\":1,\"name\":\"Page d'accueil\",\"item\":\"https:\\\/\\\/www.rri.ro\\\/fr\"},{\"@type\":\"ListItem\",\"position\":2,\"name\":\"Actualit\u00e9s\",\"item\":\"https:\\\/\\\/www.rri.ro\\\/fr\\\/actualites\"},{\"@type\":\"ListItem\",\"position\":3,\"name\":\"Les dossiers de l'actualit\u00e9\",\"item\":\"https:\\\/\\\/www.rri.ro\\\/fr\\\/actualites\\\/les-dossiers-de-lactualite\"},{\"@type\":\"ListItem\",\"position\":4,\"name\":\"De l\u2019aide gouvernementale pour contenir les factures d\u2019\u00e9nergie\"}]},{\"@type\":\"WebSite\",\"@id\":\"https:\\\/\\\/www.rri.ro\\\/#website\",\"url\":\"https:\\\/\\\/www.rri.ro\\\/\",\"name\":\"Radio Roumanie Internationale\",\"description\":\"Totul despre Rom\u00e2nia \u015fi rom\u00e2ni, \u00een 13 limbi\\\/dialecte!\",\"inLanguage\":\"fr-FR\"},{\"@type\":\"Person\",\"@id\":\"https:\\\/\\\/www.rri.ro\\\/#\\\/schema\\\/person\\\/b46b8f80d7d6e4b5ac9f14f0acbad0c4\",\"name\":\"Daniela Budu\",\"url\":\"https:\\\/\\\/www.rri.ro\\\/fr\\\/author\\\/daniela-budu\"}]}<\/script>\n<!-- \/ Yoast SEO plugin. -->","yoast_head_json":{"title":"De l\u2019aide gouvernementale pour contenir les factures d\u2019\u00e9nergie - Radio Roumanie Internationale","robots":{"index":"index","follow":"follow","max-snippet":"max-snippet:-1","max-image-preview":"max-image-preview:large","max-video-preview":"max-video-preview:-1"},"canonical":"https:\/\/www.rri.ro\/fr\/actualites\/les-dossiers-de-lactualite\/de-laide-gouvernementale-pour-contenir-les-factures-denergie-id400822.html","og_locale":"fr_FR","og_type":"article","og_title":"De l\u2019aide gouvernementale pour contenir les factures d\u2019\u00e9nergie - Radio Roumanie Internationale","og_description":"En&#13; Roumanie, les prix du gaz et de l&rsquo;\u00e9lectricit\u00e9 suivent la tendance croissante&#13; visible partout ailleurs en Europe et le gouvernement de Bucarest cherche&#13; actuellement des solutions pour continuer \u00e0 appliquer des sch\u00e9mas d&rsquo;aide dans&#13; le domaine de l&rsquo;\u00e9nergie. Ainsi a-t-il approuv\u00e9, la semaine derni\u00e8re, deux tels&#13; plans \u00e0 l&rsquo;intention des producteurs d&rsquo;\u00e9nergie, d&rsquo;une part, [&hellip;]","og_url":"https:\/\/www.rri.ro\/fr\/actualites\/les-dossiers-de-lactualite\/de-laide-gouvernementale-pour-contenir-les-factures-denergie-id400822.html","og_site_name":"Radio Roumanie Internationale","article_published_time":"2022-02-14T10:45:00+00:00","og_image":[{"width":640,"height":420,"url":"https:\/\/www.rri.ro\/wp-content\/uploads\/2023\/10\/gaze-naturale-generic-sursa-pixabay-com.jpg","type":"image\/jpeg"}],"author":"Daniela Budu","twitter_card":"summary_large_image","twitter_misc":{"\u00c9crit par":"Daniela Budu","Dur\u00e9e de lecture estim\u00e9e":"3 minutes","Written by":"Daniela Budu"},"schema":{"@context":"https:\/\/schema.org","@graph":[{"@type":"Article","@id":"https:\/\/www.rri.ro\/fr\/actualites\/les-dossiers-de-lactualite\/de-laide-gouvernementale-pour-contenir-les-factures-denergie-id400822.html#article","isPartOf":{"@id":"https:\/\/www.rri.ro\/fr\/actualites\/les-dossiers-de-lactualite\/de-laide-gouvernementale-pour-contenir-les-factures-denergie-id400822.html"},"author":{"name":"Daniela Budu","@id":"https:\/\/www.rri.ro\/#\/schema\/person\/b46b8f80d7d6e4b5ac9f14f0acbad0c4"},"headline":"De l\u2019aide gouvernementale pour contenir les factures d\u2019\u00e9nergie","datePublished":"2022-02-14T10:45:00+00:00","mainEntityOfPage":{"@id":"https:\/\/www.rri.ro\/fr\/actualites\/les-dossiers-de-lactualite\/de-laide-gouvernementale-pour-contenir-les-factures-denergie-id400822.html"},"wordCount":530,"image":{"@id":"https:\/\/www.rri.ro\/fr\/actualites\/les-dossiers-de-lactualite\/de-laide-gouvernementale-pour-contenir-les-factures-denergie-id400822.html#primaryimage"},"thumbnailUrl":"https:\/\/www.rri.ro\/wp-content\/uploads\/2023\/10\/gaze-naturale-generic-sursa-pixabay-com.jpg","articleSection":["Les dossiers de l'actualit\u00e9"],"inLanguage":"fr-FR"},{"@type":"WebPage","@id":"https:\/\/www.rri.ro\/fr\/actualites\/les-dossiers-de-lactualite\/de-laide-gouvernementale-pour-contenir-les-factures-denergie-id400822.html","url":"https:\/\/www.rri.ro\/fr\/actualites\/les-dossiers-de-lactualite\/de-laide-gouvernementale-pour-contenir-les-factures-denergie-id400822.html","name":"De l\u2019aide gouvernementale pour contenir les factures d\u2019\u00e9nergie - Radio Roumanie Internationale","isPartOf":{"@id":"https:\/\/www.rri.ro\/#website"},"primaryImageOfPage":{"@id":"https:\/\/www.rri.ro\/fr\/actualites\/les-dossiers-de-lactualite\/de-laide-gouvernementale-pour-contenir-les-factures-denergie-id400822.html#primaryimage"},"image":{"@id":"https:\/\/www.rri.ro\/fr\/actualites\/les-dossiers-de-lactualite\/de-laide-gouvernementale-pour-contenir-les-factures-denergie-id400822.html#primaryimage"},"thumbnailUrl":"https:\/\/www.rri.ro\/wp-content\/uploads\/2023\/10\/gaze-naturale-generic-sursa-pixabay-com.jpg","datePublished":"2022-02-14T10:45:00+00:00","author":{"@id":"https:\/\/www.rri.ro\/#\/schema\/person\/b46b8f80d7d6e4b5ac9f14f0acbad0c4"},"breadcrumb":{"@id":"https:\/\/www.rri.ro\/fr\/actualites\/les-dossiers-de-lactualite\/de-laide-gouvernementale-pour-contenir-les-factures-denergie-id400822.html#breadcrumb"},"inLanguage":"fr-FR","potentialAction":[{"@type":"ReadAction","target":["https:\/\/www.rri.ro\/fr\/actualites\/les-dossiers-de-lactualite\/de-laide-gouvernementale-pour-contenir-les-factures-denergie-id400822.html"]}]},{"@type":"ImageObject","inLanguage":"fr-FR","@id":"https:\/\/www.rri.ro\/fr\/actualites\/les-dossiers-de-lactualite\/de-laide-gouvernementale-pour-contenir-les-factures-denergie-id400822.html#primaryimage","url":"https:\/\/www.rri.ro\/wp-content\/uploads\/2023\/10\/gaze-naturale-generic-sursa-pixabay-com.jpg","contentUrl":"https:\/\/www.rri.ro\/wp-content\/uploads\/2023\/10\/gaze-naturale-generic-sursa-pixabay-com.jpg","width":640,"height":420},{"@type":"BreadcrumbList","@id":"https:\/\/www.rri.ro\/fr\/actualites\/les-dossiers-de-lactualite\/de-laide-gouvernementale-pour-contenir-les-factures-denergie-id400822.html#breadcrumb","itemListElement":[{"@type":"ListItem","position":1,"name":"Page d'accueil","item":"https:\/\/www.rri.ro\/fr"},{"@type":"ListItem","position":2,"name":"Actualit\u00e9s","item":"https:\/\/www.rri.ro\/fr\/actualites"},{"@type":"ListItem","position":3,"name":"Les dossiers de l'actualit\u00e9","item":"https:\/\/www.rri.ro\/fr\/actualites\/les-dossiers-de-lactualite"},{"@type":"ListItem","position":4,"name":"De l\u2019aide gouvernementale pour contenir les factures d\u2019\u00e9nergie"}]},{"@type":"WebSite","@id":"https:\/\/www.rri.ro\/#website","url":"https:\/\/www.rri.ro\/","name":"Radio Roumanie Internationale","description":"Totul despre Rom\u00e2nia \u015fi rom\u00e2ni, \u00een 13 limbi\/dialecte!","inLanguage":"fr-FR"},{"@type":"Person","@id":"https:\/\/www.rri.ro\/#\/schema\/person\/b46b8f80d7d6e4b5ac9f14f0acbad0c4","name":"Daniela Budu","url":"https:\/\/www.rri.ro\/fr\/author\/daniela-budu"}]}},"_links":{"self":[{"href":"https:\/\/www.rri.ro\/fr\/wp-json\/wp\/v2\/posts\/400822","targetHints":{"allow":["GET"]}}],"collection":[{"href":"https:\/\/www.rri.ro\/fr\/wp-json\/wp\/v2\/posts"}],"about":[{"href":"https:\/\/www.rri.ro\/fr\/wp-json\/wp\/v2\/types\/post"}],"author":[{"embeddable":true,"href":"https:\/\/www.rri.ro\/fr\/wp-json\/wp\/v2\/users\/107"}],"replies":[{"embeddable":true,"href":"https:\/\/www.rri.ro\/fr\/wp-json\/wp\/v2\/comments?post=400822"}],"version-history":[{"count":0,"href":"https:\/\/www.rri.ro\/fr\/wp-json\/wp\/v2\/posts\/400822\/revisions"}],"wp:featuredmedia":[{"embeddable":true,"href":"https:\/\/www.rri.ro\/fr\/wp-json\/wp\/v2\/media\/86252"}],"wp:attachment":[{"href":"https:\/\/www.rri.ro\/fr\/wp-json\/wp\/v2\/media?parent=400822"}],"wp:term":[{"taxonomy":"category","embeddable":true,"href":"https:\/\/www.rri.ro\/fr\/wp-json\/wp\/v2\/categories?post=400822"},{"taxonomy":"post_tag","embeddable":true,"href":"https:\/\/www.rri.ro\/fr\/wp-json\/wp\/v2\/tags?post=400822"},{"taxonomy":"author","embeddable":true,"href":"https:\/\/www.rri.ro\/fr\/wp-json\/wp\/v2\/coauthors?post=400822"}],"curies":[{"name":"wp","href":"https:\/\/api.w.org\/{rel}","templated":true}]}}