{"id":400855,"date":"2022-03-14T11:40:00","date_gmt":"2022-03-14T09:40:00","guid":{"rendered":"http:\/\/devrri.freshlemon.ro\/le-roumain-mot-a-mot\/consulter-les-lecons\/aide-pour-lukraine-id400855.html"},"modified":"2022-03-14T11:40:00","modified_gmt":"2022-03-14T09:40:00","slug":"aide-pour-lukraine","status":"publish","type":"post","link":"https:\/\/www.rri.ro\/fr\/actualites\/les-dossiers-de-lactualite\/aide-pour-lukraine-id400855.html","title":{"rendered":"Aide pour l\u2019Ukraine"},"content":{"rendered":"<p><p><em class=cms-italic>\u00ab La Roumanie prendra&#13;<br \/>\nsoin de tous les citoyens ukrainiens qui arriveront sur son territoire \u00bb<\/em>, a&#13;<br \/>\nassur\u00e9 le pr\u00e9sident roumain, Klaus Iohannis, son homologue ukrainien Volodymyr&#13;<br \/>\nZelensky, lors d&rsquo;un entretien par t\u00e9l\u00e9phone. Il a aussi r\u00e9it\u00e9r\u00e9 le soutien de Bucarest&#13;<br \/>\npour l&rsquo;adh\u00e9sion de l&rsquo;Ukraine \u00e0 l&rsquo;UE. Depuis que la Russie a attaqu\u00e9 le pays voisin&#13;<br \/>\nil y a plus de deux semaines, plus de 400 000 ressortissants ukrainiens ont&#13;<br \/>\nfranchi les fronti\u00e8res de la Roumanie, dont environ un cinqui\u00e8me y sont rest\u00e9s.&#13;<br \/>\nL&rsquo;aide des autorit\u00e9s et de la population a \u00e9t\u00e9 imm\u00e9diate et soutenue : \u00e0&#13;<br \/>\ncommencer par les repas chauds, les v\u00eatements et l&rsquo;h\u00e9bergement offerts aux&#13;<br \/>\n\u00e9trangers fuyant la guerre, jusqu&rsquo;au transport gratuit vers diff\u00e9rentes&#13;<br \/>\ndestinations et aux dons en tout genre. Gr\u00e2ce \u00e0 un concert organis\u00e9 par les&#13;<br \/>\nartistes roumains ce weekend plus de 750 000 euros ont \u00e9t\u00e9 collect\u00e9s : cet&#13;<br \/>\nargent servira \u00e0 assurer l&rsquo;assistance m\u00e9dicale ou des cours gratuits pour les&#13;<br \/>\nenfants qui restent sur le territoire roumain, il aidera aussi \u00e0 aider les r\u00e9fugi\u00e9s&#13;<br \/>\nqui souhaitent rester en Roumanie \u00e0 trouver un emploi. <\/p>\n<p><\/p>\n<p>&#13;<br \/>\n&#13;<br \/>\n&#13;<br \/>\n&#13;<br \/>\n&#13;<br \/>\n&#13;<\/p>\n<p>Par ailleurs, un hub&#13;<br \/>\nhumanitaire \u00e0 coordination europ\u00e9enne a ouvert ses portes la semaine derni\u00e8re dans&#13;<br \/>\nle nord de la Roumanie, \u00e0 Suceava, pr\u00e8s de la fronti\u00e8re ukrainienne. Les&#13;<br \/>\npremiers dons y sont d\u00e9j\u00e0 arriv\u00e9s. Ce centre logistique a un r\u00f4le extr\u00eamement&#13;<br \/>\nimportant puisqu&rsquo;il facilite le transfert en Ukraine d&rsquo;aides humanitaires offertes&#13;<br \/>\npar les autres Etats membres de l&rsquo;UE, par des Etats tiers et par les grandes&#13;<br \/>\norganisations internationales. <\/p>\n<p><\/p>\n<p>&#13;<br \/>\n&#13;<br \/>\n&#13;<br \/>\n&#13;<br \/>\n&#13;<br \/>\n&#13;<\/p>\n<p>La contribution roumaine se&#13;<br \/>\ntraduit aussi par l&rsquo;assistance offerte aux r\u00e9fugi\u00e9s qui ne sont que de passage&#13;<br \/>\ndans notre pays, en route vers leurs pays d&rsquo;origines ou autres destinations, vu&#13;<br \/>\nque les Ukrainiens ne sont pas les seuls \u00e0 fuir la guerre dans leur pays, des&#13;<br \/>\nressortissants \u00e9trangers sont dans la m\u00eame situation. Parmi eux, quelque 3 000&#13;<br \/>\nIsra\u00e9liens et environ 1 200 Ukrainiens d&rsquo;origine juive, qui ont pu se rendre en&#13;<br \/>\nIsra\u00ebl gr\u00e2ce au soutien des autorit\u00e9s roumaines, a expliqu\u00e9 le ministre roumain&#13;<br \/>\ndes AE, Bogdan Aurescu, \u00e0 l&rsquo;issue de sa rencontre avec son homologue isra\u00e9lien,&#13;<br \/>\nYair Lapid. <em class=cms-italic>\u00ab Les enfants&#13;<br \/>\nd&rsquo;origine juive d&rsquo;Odessa, des enfants souffrant de cancer ont \u00e9t\u00e9 envoy\u00e9s en Isra\u00ebl&#13;<br \/>\npour se faire traiter et des milliers de r\u00e9fugi\u00e9s ont pu traverser la fronti\u00e8re&#13;<br \/>\nde Siret. Leurs vies ont \u00e9t\u00e9 sauv\u00e9es gr\u00e2ce \u00e0 la coop\u00e9ration entre nos pays.&#13;<br \/>\nJe vous remercie et je remercie aussi le gouvernement de la Roumanie pour sa&#13;<br \/>\ncoop\u00e9ration et pour son aide \u00bb,<\/em> a d\u00e9clar\u00e9 le chef de la diplomatie isra\u00e9lienne,&#13;<br \/>\nYair Lapid, qui a visit\u00e9 dimanche le poste-fronti\u00e8re de Siret.  <\/p>\n<p><\/p>\n<p>&#13;<br \/>\n&#13;<br \/>\n&#13;<br \/>\n&#13;<br \/>\n&#13;<br \/>\n&#13;<\/p>\n<p>Enfin, l&rsquo;Organisation&#13;<br \/>\nmondiale de la Sant\u00e9 se dit inqui\u00e8te quant \u00e0 la possibilit\u00e9 que la pand\u00e9mie de&#13;<br \/>\ncoronavirus n&#8217;empire \u00e0 cause de la guerre en Ukraine. A son tour, le Centre europ\u00e9en&#13;<br \/>\nde pr\u00e9vention et de contr\u00f4le des maladies a transmis une alerte aux Etats&#13;<br \/>\nmembres qui accueillent des r\u00e9fugi\u00e9s en provenance de l&rsquo;Ukraine, vu que le pays&#13;<br \/>\nenregistre de nombreuses infections aux bact\u00e9ries dangereuses, r\u00e9sistantes aux&#13;<br \/>\nantibiotiques et surtout transmissibles. Par exemple, en octobre dernier, une alert\u00e9&#13;<br \/>\nsanitaire \u00e0 la poliomy\u00e9lite et \u00e0 l&rsquo;\u00e9pid\u00e9mie de rougeole avait \u00e9t\u00e9 d\u00e9clar\u00e9e en&#13;<br \/>\nUkraine. Par cons\u00e9quent, le Centre europ\u00e9en recommande que les patients d&rsquo;Ukraine&#13;<br \/>\nqui n\u00e9cessitent d&rsquo;\u00eatre hospitalis\u00e9s soient isol\u00e9s afin de pr\u00e9venir le risque d&rsquo;infection&#13;<br \/>\ndes unit\u00e9s m\u00e9dicales. (Trad. Valentina Beleavski)<\/p>\n<p><\/p>\n","protected":false},"excerpt":{"rendered":"<p>\u00ab La Roumanie prendra&#13; soin de tous les citoyens ukrainiens qui arriveront sur son territoire \u00bb, a&#13; assur\u00e9 le pr\u00e9sident roumain, Klaus Iohannis, son homologue ukrainien Volodymyr&#13; Zelensky, lors d&rsquo;un entretien par t\u00e9l\u00e9phone. Il a aussi r\u00e9it\u00e9r\u00e9 le soutien de Bucarest&#13; pour l&rsquo;adh\u00e9sion de l&rsquo;Ukraine \u00e0 l&rsquo;UE. Depuis que la Russie a attaqu\u00e9 le pays [&hellip;]<\/p>\n","protected":false},"author":108,"featured_media":91455,"comment_status":"closed","ping_status":"closed","sticky":false,"template":"","format":"standard","meta":{"_acf_changed":false,"footnotes":""},"categories":[93377],"tags":[86210,86782,116089],"coauthors":[],"class_list":["post-400855","post","type-post","status-publish","format-standard","has-post-thumbnail","hentry","category-les-dossiers-de-lactualite","tag-aide","tag-refugies","tag-ukraine-fr"],"acf":[],"yoast_head":"<!-- This site is optimized with the Yoast SEO plugin v27.3 - https:\/\/yoast.com\/product\/yoast-seo-wordpress\/ -->\n<title>Aide pour l\u2019Ukraine - Radio Roumanie Internationale<\/title>\n<meta name=\"robots\" content=\"index, follow, max-snippet:-1, max-image-preview:large, max-video-preview:-1\" \/>\n<link rel=\"canonical\" href=\"https:\/\/www.rri.ro\/fr\/actualites\/les-dossiers-de-lactualite\/aide-pour-lukraine-id400855.html\" \/>\n<meta property=\"og:locale\" content=\"fr_FR\" \/>\n<meta property=\"og:type\" content=\"article\" \/>\n<meta property=\"og:title\" content=\"Aide pour l\u2019Ukraine - Radio Roumanie Internationale\" \/>\n<meta property=\"og:description\" content=\"\u00ab La Roumanie prendra&#013; soin de tous les citoyens ukrainiens qui arriveront sur son territoire \u00bb, a&#013; assur\u00e9 le pr\u00e9sident roumain, Klaus Iohannis, son homologue ukrainien Volodymyr&#013; Zelensky, lors d&rsquo;un entretien par t\u00e9l\u00e9phone. Il a aussi r\u00e9it\u00e9r\u00e9 le soutien de Bucarest&#013; pour l&rsquo;adh\u00e9sion de l&rsquo;Ukraine \u00e0 l&rsquo;UE. Depuis que la Russie a attaqu\u00e9 le pays [&hellip;]\" \/>\n<meta property=\"og:url\" content=\"https:\/\/www.rri.ro\/fr\/actualites\/les-dossiers-de-lactualite\/aide-pour-lukraine-id400855.html\" \/>\n<meta property=\"og:site_name\" content=\"Radio Roumanie Internationale\" \/>\n<meta property=\"article:published_time\" content=\"2022-03-14T09:40:00+00:00\" \/>\n<meta property=\"og:image\" content=\"https:\/\/www.rri.ro\/wp-content\/uploads\/2023\/10\/iohannis-conferinta-foto-presidency.png\" \/>\n\t<meta property=\"og:image:width\" content=\"640\" \/>\n\t<meta property=\"og:image:height\" content=\"480\" \/>\n\t<meta property=\"og:image:type\" content=\"image\/png\" \/>\n<meta name=\"author\" content=\"Corina Cristea\" \/>\n<meta name=\"twitter:card\" content=\"summary_large_image\" \/>\n<meta name=\"twitter:label1\" content=\"\u00c9crit par\" \/>\n\t<meta name=\"twitter:data1\" content=\"Corina Cristea\" \/>\n\t<meta name=\"twitter:label2\" content=\"Dur\u00e9e de lecture estim\u00e9e\" \/>\n\t<meta name=\"twitter:data2\" content=\"3 minutes\" \/>\n\t<meta name=\"twitter:label3\" content=\"Written by\" \/>\n\t<meta name=\"twitter:data3\" content=\"Corina Cristea\" \/>\n<script type=\"application\/ld+json\" class=\"yoast-schema-graph\">{\"@context\":\"https:\\\/\\\/schema.org\",\"@graph\":[{\"@type\":\"Article\",\"@id\":\"https:\\\/\\\/www.rri.ro\\\/fr\\\/actualites\\\/les-dossiers-de-lactualite\\\/aide-pour-lukraine-id400855.html#article\",\"isPartOf\":{\"@id\":\"https:\\\/\\\/www.rri.ro\\\/fr\\\/actualites\\\/les-dossiers-de-lactualite\\\/aide-pour-lukraine-id400855.html\"},\"author\":{\"name\":\"Corina Cristea\",\"@id\":\"https:\\\/\\\/www.rri.ro\\\/#\\\/schema\\\/person\\\/f9ab1cb3569dee1b2c033a814bb7f0fc\"},\"headline\":\"Aide pour l\u2019Ukraine\",\"datePublished\":\"2022-03-14T09:40:00+00:00\",\"mainEntityOfPage\":{\"@id\":\"https:\\\/\\\/www.rri.ro\\\/fr\\\/actualites\\\/les-dossiers-de-lactualite\\\/aide-pour-lukraine-id400855.html\"},\"wordCount\":617,\"image\":{\"@id\":\"https:\\\/\\\/www.rri.ro\\\/fr\\\/actualites\\\/les-dossiers-de-lactualite\\\/aide-pour-lukraine-id400855.html#primaryimage\"},\"thumbnailUrl\":\"https:\\\/\\\/www.rri.ro\\\/wp-content\\\/uploads\\\/2023\\\/10\\\/iohannis-conferinta-foto-presidency.png\",\"keywords\":[\"aide\",\"r\u00e9fugi\u00e9s\",\"Ukraine\"],\"articleSection\":[\"Les dossiers de l'actualit\u00e9\"],\"inLanguage\":\"fr-FR\"},{\"@type\":\"WebPage\",\"@id\":\"https:\\\/\\\/www.rri.ro\\\/fr\\\/actualites\\\/les-dossiers-de-lactualite\\\/aide-pour-lukraine-id400855.html\",\"url\":\"https:\\\/\\\/www.rri.ro\\\/fr\\\/actualites\\\/les-dossiers-de-lactualite\\\/aide-pour-lukraine-id400855.html\",\"name\":\"Aide pour l\u2019Ukraine - Radio Roumanie Internationale\",\"isPartOf\":{\"@id\":\"https:\\\/\\\/www.rri.ro\\\/#website\"},\"primaryImageOfPage\":{\"@id\":\"https:\\\/\\\/www.rri.ro\\\/fr\\\/actualites\\\/les-dossiers-de-lactualite\\\/aide-pour-lukraine-id400855.html#primaryimage\"},\"image\":{\"@id\":\"https:\\\/\\\/www.rri.ro\\\/fr\\\/actualites\\\/les-dossiers-de-lactualite\\\/aide-pour-lukraine-id400855.html#primaryimage\"},\"thumbnailUrl\":\"https:\\\/\\\/www.rri.ro\\\/wp-content\\\/uploads\\\/2023\\\/10\\\/iohannis-conferinta-foto-presidency.png\",\"datePublished\":\"2022-03-14T09:40:00+00:00\",\"author\":{\"@id\":\"https:\\\/\\\/www.rri.ro\\\/#\\\/schema\\\/person\\\/f9ab1cb3569dee1b2c033a814bb7f0fc\"},\"breadcrumb\":{\"@id\":\"https:\\\/\\\/www.rri.ro\\\/fr\\\/actualites\\\/les-dossiers-de-lactualite\\\/aide-pour-lukraine-id400855.html#breadcrumb\"},\"inLanguage\":\"fr-FR\",\"potentialAction\":[{\"@type\":\"ReadAction\",\"target\":[\"https:\\\/\\\/www.rri.ro\\\/fr\\\/actualites\\\/les-dossiers-de-lactualite\\\/aide-pour-lukraine-id400855.html\"]}]},{\"@type\":\"ImageObject\",\"inLanguage\":\"fr-FR\",\"@id\":\"https:\\\/\\\/www.rri.ro\\\/fr\\\/actualites\\\/les-dossiers-de-lactualite\\\/aide-pour-lukraine-id400855.html#primaryimage\",\"url\":\"https:\\\/\\\/www.rri.ro\\\/wp-content\\\/uploads\\\/2023\\\/10\\\/iohannis-conferinta-foto-presidency.png\",\"contentUrl\":\"https:\\\/\\\/www.rri.ro\\\/wp-content\\\/uploads\\\/2023\\\/10\\\/iohannis-conferinta-foto-presidency.png\",\"width\":640,\"height\":480},{\"@type\":\"BreadcrumbList\",\"@id\":\"https:\\\/\\\/www.rri.ro\\\/fr\\\/actualites\\\/les-dossiers-de-lactualite\\\/aide-pour-lukraine-id400855.html#breadcrumb\",\"itemListElement\":[{\"@type\":\"ListItem\",\"position\":1,\"name\":\"Page d'accueil\",\"item\":\"https:\\\/\\\/www.rri.ro\\\/fr\"},{\"@type\":\"ListItem\",\"position\":2,\"name\":\"Actualit\u00e9s\",\"item\":\"https:\\\/\\\/www.rri.ro\\\/fr\\\/actualites\"},{\"@type\":\"ListItem\",\"position\":3,\"name\":\"Les dossiers de l'actualit\u00e9\",\"item\":\"https:\\\/\\\/www.rri.ro\\\/fr\\\/actualites\\\/les-dossiers-de-lactualite\"},{\"@type\":\"ListItem\",\"position\":4,\"name\":\"Aide pour l\u2019Ukraine\"}]},{\"@type\":\"WebSite\",\"@id\":\"https:\\\/\\\/www.rri.ro\\\/#website\",\"url\":\"https:\\\/\\\/www.rri.ro\\\/\",\"name\":\"Radio Roumanie Internationale\",\"description\":\"Totul despre Rom\u00e2nia \u015fi rom\u00e2ni, \u00een 13 limbi\\\/dialecte!\",\"inLanguage\":\"fr-FR\"},{\"@type\":\"Person\",\"@id\":\"https:\\\/\\\/www.rri.ro\\\/#\\\/schema\\\/person\\\/f9ab1cb3569dee1b2c033a814bb7f0fc\",\"name\":\"Corina Cristea\",\"url\":\"https:\\\/\\\/www.rri.ro\\\/fr\\\/author\\\/corina-cristea\"}]}<\/script>\n<!-- \/ Yoast SEO plugin. -->","yoast_head_json":{"title":"Aide pour l\u2019Ukraine - Radio Roumanie Internationale","robots":{"index":"index","follow":"follow","max-snippet":"max-snippet:-1","max-image-preview":"max-image-preview:large","max-video-preview":"max-video-preview:-1"},"canonical":"https:\/\/www.rri.ro\/fr\/actualites\/les-dossiers-de-lactualite\/aide-pour-lukraine-id400855.html","og_locale":"fr_FR","og_type":"article","og_title":"Aide pour l\u2019Ukraine - Radio Roumanie Internationale","og_description":"\u00ab La Roumanie prendra&#13; soin de tous les citoyens ukrainiens qui arriveront sur son territoire \u00bb, a&#13; assur\u00e9 le pr\u00e9sident roumain, Klaus Iohannis, son homologue ukrainien Volodymyr&#13; Zelensky, lors d&rsquo;un entretien par t\u00e9l\u00e9phone. Il a aussi r\u00e9it\u00e9r\u00e9 le soutien de Bucarest&#13; pour l&rsquo;adh\u00e9sion de l&rsquo;Ukraine \u00e0 l&rsquo;UE. Depuis que la Russie a attaqu\u00e9 le pays [&hellip;]","og_url":"https:\/\/www.rri.ro\/fr\/actualites\/les-dossiers-de-lactualite\/aide-pour-lukraine-id400855.html","og_site_name":"Radio Roumanie Internationale","article_published_time":"2022-03-14T09:40:00+00:00","og_image":[{"width":640,"height":480,"url":"https:\/\/www.rri.ro\/wp-content\/uploads\/2023\/10\/iohannis-conferinta-foto-presidency.png","type":"image\/png"}],"author":"Corina Cristea","twitter_card":"summary_large_image","twitter_misc":{"\u00c9crit par":"Corina Cristea","Dur\u00e9e de lecture estim\u00e9e":"3 minutes","Written by":"Corina Cristea"},"schema":{"@context":"https:\/\/schema.org","@graph":[{"@type":"Article","@id":"https:\/\/www.rri.ro\/fr\/actualites\/les-dossiers-de-lactualite\/aide-pour-lukraine-id400855.html#article","isPartOf":{"@id":"https:\/\/www.rri.ro\/fr\/actualites\/les-dossiers-de-lactualite\/aide-pour-lukraine-id400855.html"},"author":{"name":"Corina Cristea","@id":"https:\/\/www.rri.ro\/#\/schema\/person\/f9ab1cb3569dee1b2c033a814bb7f0fc"},"headline":"Aide pour l\u2019Ukraine","datePublished":"2022-03-14T09:40:00+00:00","mainEntityOfPage":{"@id":"https:\/\/www.rri.ro\/fr\/actualites\/les-dossiers-de-lactualite\/aide-pour-lukraine-id400855.html"},"wordCount":617,"image":{"@id":"https:\/\/www.rri.ro\/fr\/actualites\/les-dossiers-de-lactualite\/aide-pour-lukraine-id400855.html#primaryimage"},"thumbnailUrl":"https:\/\/www.rri.ro\/wp-content\/uploads\/2023\/10\/iohannis-conferinta-foto-presidency.png","keywords":["aide","r\u00e9fugi\u00e9s","Ukraine"],"articleSection":["Les dossiers de l'actualit\u00e9"],"inLanguage":"fr-FR"},{"@type":"WebPage","@id":"https:\/\/www.rri.ro\/fr\/actualites\/les-dossiers-de-lactualite\/aide-pour-lukraine-id400855.html","url":"https:\/\/www.rri.ro\/fr\/actualites\/les-dossiers-de-lactualite\/aide-pour-lukraine-id400855.html","name":"Aide pour l\u2019Ukraine - Radio Roumanie Internationale","isPartOf":{"@id":"https:\/\/www.rri.ro\/#website"},"primaryImageOfPage":{"@id":"https:\/\/www.rri.ro\/fr\/actualites\/les-dossiers-de-lactualite\/aide-pour-lukraine-id400855.html#primaryimage"},"image":{"@id":"https:\/\/www.rri.ro\/fr\/actualites\/les-dossiers-de-lactualite\/aide-pour-lukraine-id400855.html#primaryimage"},"thumbnailUrl":"https:\/\/www.rri.ro\/wp-content\/uploads\/2023\/10\/iohannis-conferinta-foto-presidency.png","datePublished":"2022-03-14T09:40:00+00:00","author":{"@id":"https:\/\/www.rri.ro\/#\/schema\/person\/f9ab1cb3569dee1b2c033a814bb7f0fc"},"breadcrumb":{"@id":"https:\/\/www.rri.ro\/fr\/actualites\/les-dossiers-de-lactualite\/aide-pour-lukraine-id400855.html#breadcrumb"},"inLanguage":"fr-FR","potentialAction":[{"@type":"ReadAction","target":["https:\/\/www.rri.ro\/fr\/actualites\/les-dossiers-de-lactualite\/aide-pour-lukraine-id400855.html"]}]},{"@type":"ImageObject","inLanguage":"fr-FR","@id":"https:\/\/www.rri.ro\/fr\/actualites\/les-dossiers-de-lactualite\/aide-pour-lukraine-id400855.html#primaryimage","url":"https:\/\/www.rri.ro\/wp-content\/uploads\/2023\/10\/iohannis-conferinta-foto-presidency.png","contentUrl":"https:\/\/www.rri.ro\/wp-content\/uploads\/2023\/10\/iohannis-conferinta-foto-presidency.png","width":640,"height":480},{"@type":"BreadcrumbList","@id":"https:\/\/www.rri.ro\/fr\/actualites\/les-dossiers-de-lactualite\/aide-pour-lukraine-id400855.html#breadcrumb","itemListElement":[{"@type":"ListItem","position":1,"name":"Page d'accueil","item":"https:\/\/www.rri.ro\/fr"},{"@type":"ListItem","position":2,"name":"Actualit\u00e9s","item":"https:\/\/www.rri.ro\/fr\/actualites"},{"@type":"ListItem","position":3,"name":"Les dossiers de l'actualit\u00e9","item":"https:\/\/www.rri.ro\/fr\/actualites\/les-dossiers-de-lactualite"},{"@type":"ListItem","position":4,"name":"Aide pour l\u2019Ukraine"}]},{"@type":"WebSite","@id":"https:\/\/www.rri.ro\/#website","url":"https:\/\/www.rri.ro\/","name":"Radio Roumanie Internationale","description":"Totul despre Rom\u00e2nia \u015fi rom\u00e2ni, \u00een 13 limbi\/dialecte!","inLanguage":"fr-FR"},{"@type":"Person","@id":"https:\/\/www.rri.ro\/#\/schema\/person\/f9ab1cb3569dee1b2c033a814bb7f0fc","name":"Corina Cristea","url":"https:\/\/www.rri.ro\/fr\/author\/corina-cristea"}]}},"_links":{"self":[{"href":"https:\/\/www.rri.ro\/fr\/wp-json\/wp\/v2\/posts\/400855","targetHints":{"allow":["GET"]}}],"collection":[{"href":"https:\/\/www.rri.ro\/fr\/wp-json\/wp\/v2\/posts"}],"about":[{"href":"https:\/\/www.rri.ro\/fr\/wp-json\/wp\/v2\/types\/post"}],"author":[{"embeddable":true,"href":"https:\/\/www.rri.ro\/fr\/wp-json\/wp\/v2\/users\/108"}],"replies":[{"embeddable":true,"href":"https:\/\/www.rri.ro\/fr\/wp-json\/wp\/v2\/comments?post=400855"}],"version-history":[{"count":0,"href":"https:\/\/www.rri.ro\/fr\/wp-json\/wp\/v2\/posts\/400855\/revisions"}],"wp:featuredmedia":[{"embeddable":true,"href":"https:\/\/www.rri.ro\/fr\/wp-json\/wp\/v2\/media\/91455"}],"wp:attachment":[{"href":"https:\/\/www.rri.ro\/fr\/wp-json\/wp\/v2\/media?parent=400855"}],"wp:term":[{"taxonomy":"category","embeddable":true,"href":"https:\/\/www.rri.ro\/fr\/wp-json\/wp\/v2\/categories?post=400855"},{"taxonomy":"post_tag","embeddable":true,"href":"https:\/\/www.rri.ro\/fr\/wp-json\/wp\/v2\/tags?post=400855"},{"taxonomy":"author","embeddable":true,"href":"https:\/\/www.rri.ro\/fr\/wp-json\/wp\/v2\/coauthors?post=400855"}],"curies":[{"name":"wp","href":"https:\/\/api.w.org\/{rel}","templated":true}]}}