{"id":400879,"date":"2022-03-29T12:17:00","date_gmt":"2022-03-29T09:17:00","guid":{"rendered":"http:\/\/devrri.freshlemon.ro\/le-roumain-mot-a-mot\/consulter-les-lecons\/coordination-politique-en-europe-du-sud-est-id400879.html"},"modified":"2022-03-29T12:17:00","modified_gmt":"2022-03-29T09:17:00","slug":"coordination-politique-en-europe-du-sud-est","status":"publish","type":"post","link":"https:\/\/www.rri.ro\/fr\/actualites\/les-dossiers-de-lactualite\/coordination-politique-en-europe-du-sud-est-id400879.html","title":{"rendered":"Coordination politique en Europe du Sud-Est"},"content":{"rendered":"<p>Tenue quelques jours seulement apr\u00e8s le sommet extraordinaire de l\u2019OTAN de la semaine derni\u00e8re \u00e0 Bruxelles, la r\u00e9union de Sofia des chefs de gouvernement des \u00c9tats alli\u00e9s d\u2019Europe du Sud-Est \u00e9tait centr\u00e9e sur la situation g\u00e9n\u00e9r\u00e9e par la guerre en Ukraine. Les premiers ministres de Roumanie, de Bulgarie, de Mac\u00e9doine du Nord et du Mont\u00e9n\u00e9gro ont examin\u00e9 la mani\u00e8re dont l\u2019invasion russe affectera la s\u00e9curit\u00e9 r\u00e9gionale \u00e0 court, moyen et long terme et les modalit\u00e9s pour renforcer la coordination et la coop\u00e9ration en Europe du Sud-Est. \u00ab Le choix de Moscou de d\u00e9clencher la guerre contre l\u2019Ukraine a gravement affect\u00e9 le climat de s\u00e9curit\u00e9 dans les r\u00e9gions de la mer Noire et du sud-est de l\u2019Europe, a d\u00e9clar\u00e9 le premier ministre roumain Nicolae Ciuc\u0103. Nous avons besoin d\u2019une d\u00e9fense plus forte, pour une dissuasion plus efficace, mais aussi d\u2019une r\u00e9silience accrue de la soci\u00e9t\u00e9 et des infrastructures, en vue d\u2019une meilleure s\u00e9curit\u00e9. Nous avons pris acte de l\u2019attitude et de l\u2019influence malveillantes de la Russie dans la r\u00e9gion. Nous avons d\u00e9cid\u00e9 d\u2019y faire face en augmentant le niveau de r\u00e9silience. Cela signifie r\u00e9duire la d\u00e9pendance \u00e9nerg\u00e9tique vis-\u00e0-vis de la Russie, combattre les faux r\u00e9cits russes, accro\u00eetre la cyberprotection et intensifier le commerce entre nous \u00bb, a d\u00e9clar\u00e9 le chef du cabinet de Bucarest :<\/p>\n<p>&#13;<br \/>\n&#13;<\/p>\n<p>&#13;<br \/>\n&#13;<\/p>\n<p>\u00ab Nous consid\u00e9rons que la Russie est la principale menace pour la s\u00e9curit\u00e9 de notre r\u00e9gion et c\u2019est pourquoi nous devons coop\u00e9rer efficacement \u00e0 la fois en termes d\u2019infrastructure et de renforcement de la cyberd\u00e9fense. Nous avons d\u00e9cid\u00e9 d\u2019accro\u00eetre notre influence dans la r\u00e9gion, de r\u00e9duire notre d\u00e9pendance \u00e9nerg\u00e9tique \u00e0 l\u2019\u00e9gard de la Russie et d\u2019accro\u00eetre notre ind\u00e9pendance \u00e9nerg\u00e9tique. \u00bb<\/p>\n<p>&#13;<br \/>\n&#13;<\/p>\n<p>&#13;<br \/>\n&#13;<\/p>\n<p>Il a \u00e9galement \u00e9t\u00e9 question des troupes qui contribueront \u00e0 l\u2019\u00e9tablissement sur le territoire roumain et bulgare de deux groupements tactiques de l\u2019OTAN, comme d\u00e9cid\u00e9 lors du r\u00e9cent sommet de l\u2019Alliance, mais aussi d\u2019assurer la s\u00e9curit\u00e9 alimentaire de la r\u00e9gion, \u00e9tant donn\u00e9 que la Russie et l\u2019Ukraine sont de grands producteurs et exportateurs de c\u00e9r\u00e9ales. Les quatre premiers ministres ont fix\u00e9 une r\u00e9union des ministres de l\u2019Agriculture de leurs pays pour trouver des politiques communes de coop\u00e9ration.<\/p>\n<p>&#13;<br \/>\n&#13;<\/p>\n<p>&#13;<br \/>\n&#13;<\/p>\n<p>Dans le m\u00eame temps, le premier ministre Nicolae Ciuc\u0103 a remerci\u00e9 le gouvernement de Sofia pour son engagement de finaliser l\u2019interconnecteur Bulgarie-Gr\u00e8ce, soulignant l\u2019importance de garantir les ressources de gaz n\u00e9cessaires \u00e9galement \u00e0 l\u2019obtention des engrais chimiques :<\/p>\n<p>&#13;<br \/>\n&#13;<\/p>\n<p>&#13;<br \/>\n&#13;<\/p>\n<p>\u00ab Nous avons re\u00e7u des garanties que tous ces travaux seraient achev\u00e9s cet \u00e9t\u00e9, en juin, puis suivront les essais, afin qu\u2019\u00e0 l\u2019automne, nous puissions b\u00e9n\u00e9ficier du transit de gaz liqu\u00e9fi\u00e9 qui peut \u00eatre ravitaill\u00e9 dans le port d\u2019Alexandro\u00fapolis, en Gr\u00e8ce. \u00bb  <\/p>\n<p>&#13;<br \/>\n&#13;<\/p>\n<p>&#13;<br \/>\n&#13;<\/p>\n<p>\u00c0 Sofia, Nicolae Ciuc\u0103 a \u00e9galement rappel\u00e9 que la Roumanie, la Bulgarie, le Mont\u00e9n\u00e9gro et la Mac\u00e9doine du Nord ont une riche tradition de coop\u00e9ration r\u00e9gionale, qui sera utilis\u00e9e cette fois-ci aussi pour apporter une r\u00e9ponse solide aux probl\u00e8mes de s\u00e9curit\u00e9 qui se sont fait jour dans la r\u00e9gion.<\/p>\n<p>&#13;<br \/>\n&#13;<\/p>\n<p>                                                                       (Trad. : Ligia)<\/p>\n<p>&#13;<br \/>\n&#13;<\/p>\n<p>&#13;<\/p>\n","protected":false},"excerpt":{"rendered":"<p>Tenue quelques jours seulement apr\u00e8s le sommet extraordinaire de l\u2019OTAN de la semaine derni\u00e8re \u00e0 Bruxelles, la r\u00e9union de Sofia des chefs de gouvernement des \u00c9tats alli\u00e9s d\u2019Europe du Sud-Est \u00e9tait centr\u00e9e sur la situation g\u00e9n\u00e9r\u00e9e par la guerre en Ukraine. Les premiers ministres de Roumanie, de Bulgarie, de Mac\u00e9doine du Nord et du Mont\u00e9n\u00e9gro [&hellip;]<\/p>\n","protected":false},"author":108,"featured_media":204547,"comment_status":"closed","ping_status":"closed","sticky":false,"template":"","format":"standard","meta":{"_acf_changed":false,"footnotes":""},"categories":[93377],"tags":[],"coauthors":[],"class_list":["post-400879","post","type-post","status-publish","format-standard","has-post-thumbnail","hentry","category-les-dossiers-de-lactualite"],"acf":[],"yoast_head":"<!-- This site is optimized with the Yoast SEO plugin v27.3 - https:\/\/yoast.com\/product\/yoast-seo-wordpress\/ -->\n<title>Coordination politique en Europe du Sud-Est - Radio Roumanie Internationale<\/title>\n<meta name=\"robots\" content=\"index, follow, max-snippet:-1, max-image-preview:large, max-video-preview:-1\" \/>\n<link rel=\"canonical\" href=\"https:\/\/www.rri.ro\/fr\/actualites\/les-dossiers-de-lactualite\/coordination-politique-en-europe-du-sud-est-id400879.html\" \/>\n<meta property=\"og:locale\" content=\"fr_FR\" \/>\n<meta property=\"og:type\" content=\"article\" \/>\n<meta property=\"og:title\" content=\"Coordination politique en Europe du Sud-Est - Radio Roumanie Internationale\" \/>\n<meta property=\"og:description\" content=\"Tenue quelques jours seulement apr\u00e8s le sommet extraordinaire de l\u2019OTAN de la semaine derni\u00e8re \u00e0 Bruxelles, la r\u00e9union de Sofia des chefs de gouvernement des \u00c9tats alli\u00e9s d\u2019Europe du Sud-Est \u00e9tait centr\u00e9e sur la situation g\u00e9n\u00e9r\u00e9e par la guerre en Ukraine. Les premiers ministres de Roumanie, de Bulgarie, de Mac\u00e9doine du Nord et du Mont\u00e9n\u00e9gro [&hellip;]\" \/>\n<meta property=\"og:url\" content=\"https:\/\/www.rri.ro\/fr\/actualites\/les-dossiers-de-lactualite\/coordination-politique-en-europe-du-sud-est-id400879.html\" \/>\n<meta property=\"og:site_name\" content=\"Radio Roumanie Internationale\" \/>\n<meta property=\"article:published_time\" content=\"2022-03-29T09:17:00+00:00\" \/>\n<meta property=\"og:image\" content=\"https:\/\/www.rri.ro\/wp-content\/uploads\/2023\/10\/nicolae-ciuca-in-bulgaria-nato-sud-estul-europei-foto-gov.png\" \/>\n\t<meta property=\"og:image:width\" content=\"640\" \/>\n\t<meta property=\"og:image:height\" content=\"360\" \/>\n\t<meta property=\"og:image:type\" content=\"image\/png\" \/>\n<meta name=\"author\" content=\"Corina Cristea\" \/>\n<meta name=\"twitter:card\" content=\"summary_large_image\" \/>\n<meta name=\"twitter:label1\" content=\"\u00c9crit par\" \/>\n\t<meta name=\"twitter:data1\" content=\"Corina Cristea\" \/>\n\t<meta name=\"twitter:label2\" content=\"Dur\u00e9e de lecture estim\u00e9e\" \/>\n\t<meta name=\"twitter:data2\" content=\"3 minutes\" \/>\n\t<meta name=\"twitter:label3\" content=\"Written by\" \/>\n\t<meta name=\"twitter:data3\" content=\"Corina Cristea\" \/>\n<script type=\"application\/ld+json\" class=\"yoast-schema-graph\">{\"@context\":\"https:\\\/\\\/schema.org\",\"@graph\":[{\"@type\":\"Article\",\"@id\":\"https:\\\/\\\/www.rri.ro\\\/fr\\\/actualites\\\/les-dossiers-de-lactualite\\\/coordination-politique-en-europe-du-sud-est-id400879.html#article\",\"isPartOf\":{\"@id\":\"https:\\\/\\\/www.rri.ro\\\/fr\\\/actualites\\\/les-dossiers-de-lactualite\\\/coordination-politique-en-europe-du-sud-est-id400879.html\"},\"author\":{\"name\":\"Corina Cristea\",\"@id\":\"https:\\\/\\\/www.rri.ro\\\/#\\\/schema\\\/person\\\/f9ab1cb3569dee1b2c033a814bb7f0fc\"},\"headline\":\"Coordination politique en Europe du Sud-Est\",\"datePublished\":\"2022-03-29T09:17:00+00:00\",\"mainEntityOfPage\":{\"@id\":\"https:\\\/\\\/www.rri.ro\\\/fr\\\/actualites\\\/les-dossiers-de-lactualite\\\/coordination-politique-en-europe-du-sud-est-id400879.html\"},\"wordCount\":576,\"image\":{\"@id\":\"https:\\\/\\\/www.rri.ro\\\/fr\\\/actualites\\\/les-dossiers-de-lactualite\\\/coordination-politique-en-europe-du-sud-est-id400879.html#primaryimage\"},\"thumbnailUrl\":\"https:\\\/\\\/www.rri.ro\\\/wp-content\\\/uploads\\\/2023\\\/10\\\/nicolae-ciuca-in-bulgaria-nato-sud-estul-europei-foto-gov.png\",\"articleSection\":[\"Les dossiers de l'actualit\u00e9\"],\"inLanguage\":\"fr-FR\"},{\"@type\":\"WebPage\",\"@id\":\"https:\\\/\\\/www.rri.ro\\\/fr\\\/actualites\\\/les-dossiers-de-lactualite\\\/coordination-politique-en-europe-du-sud-est-id400879.html\",\"url\":\"https:\\\/\\\/www.rri.ro\\\/fr\\\/actualites\\\/les-dossiers-de-lactualite\\\/coordination-politique-en-europe-du-sud-est-id400879.html\",\"name\":\"Coordination politique en Europe du Sud-Est - Radio Roumanie Internationale\",\"isPartOf\":{\"@id\":\"https:\\\/\\\/www.rri.ro\\\/#website\"},\"primaryImageOfPage\":{\"@id\":\"https:\\\/\\\/www.rri.ro\\\/fr\\\/actualites\\\/les-dossiers-de-lactualite\\\/coordination-politique-en-europe-du-sud-est-id400879.html#primaryimage\"},\"image\":{\"@id\":\"https:\\\/\\\/www.rri.ro\\\/fr\\\/actualites\\\/les-dossiers-de-lactualite\\\/coordination-politique-en-europe-du-sud-est-id400879.html#primaryimage\"},\"thumbnailUrl\":\"https:\\\/\\\/www.rri.ro\\\/wp-content\\\/uploads\\\/2023\\\/10\\\/nicolae-ciuca-in-bulgaria-nato-sud-estul-europei-foto-gov.png\",\"datePublished\":\"2022-03-29T09:17:00+00:00\",\"author\":{\"@id\":\"https:\\\/\\\/www.rri.ro\\\/#\\\/schema\\\/person\\\/f9ab1cb3569dee1b2c033a814bb7f0fc\"},\"breadcrumb\":{\"@id\":\"https:\\\/\\\/www.rri.ro\\\/fr\\\/actualites\\\/les-dossiers-de-lactualite\\\/coordination-politique-en-europe-du-sud-est-id400879.html#breadcrumb\"},\"inLanguage\":\"fr-FR\",\"potentialAction\":[{\"@type\":\"ReadAction\",\"target\":[\"https:\\\/\\\/www.rri.ro\\\/fr\\\/actualites\\\/les-dossiers-de-lactualite\\\/coordination-politique-en-europe-du-sud-est-id400879.html\"]}]},{\"@type\":\"ImageObject\",\"inLanguage\":\"fr-FR\",\"@id\":\"https:\\\/\\\/www.rri.ro\\\/fr\\\/actualites\\\/les-dossiers-de-lactualite\\\/coordination-politique-en-europe-du-sud-est-id400879.html#primaryimage\",\"url\":\"https:\\\/\\\/www.rri.ro\\\/wp-content\\\/uploads\\\/2023\\\/10\\\/nicolae-ciuca-in-bulgaria-nato-sud-estul-europei-foto-gov.png\",\"contentUrl\":\"https:\\\/\\\/www.rri.ro\\\/wp-content\\\/uploads\\\/2023\\\/10\\\/nicolae-ciuca-in-bulgaria-nato-sud-estul-europei-foto-gov.png\",\"width\":640,\"height\":360},{\"@type\":\"BreadcrumbList\",\"@id\":\"https:\\\/\\\/www.rri.ro\\\/fr\\\/actualites\\\/les-dossiers-de-lactualite\\\/coordination-politique-en-europe-du-sud-est-id400879.html#breadcrumb\",\"itemListElement\":[{\"@type\":\"ListItem\",\"position\":1,\"name\":\"Page d'accueil\",\"item\":\"https:\\\/\\\/www.rri.ro\\\/fr\"},{\"@type\":\"ListItem\",\"position\":2,\"name\":\"Actualit\u00e9s\",\"item\":\"https:\\\/\\\/www.rri.ro\\\/fr\\\/actualites\"},{\"@type\":\"ListItem\",\"position\":3,\"name\":\"Les dossiers de l'actualit\u00e9\",\"item\":\"https:\\\/\\\/www.rri.ro\\\/fr\\\/actualites\\\/les-dossiers-de-lactualite\"},{\"@type\":\"ListItem\",\"position\":4,\"name\":\"Coordination politique en Europe du Sud-Est\"}]},{\"@type\":\"WebSite\",\"@id\":\"https:\\\/\\\/www.rri.ro\\\/#website\",\"url\":\"https:\\\/\\\/www.rri.ro\\\/\",\"name\":\"Radio Roumanie Internationale\",\"description\":\"Totul despre Rom\u00e2nia \u015fi rom\u00e2ni, \u00een 13 limbi\\\/dialecte!\",\"inLanguage\":\"fr-FR\"},{\"@type\":\"Person\",\"@id\":\"https:\\\/\\\/www.rri.ro\\\/#\\\/schema\\\/person\\\/f9ab1cb3569dee1b2c033a814bb7f0fc\",\"name\":\"Corina Cristea\",\"url\":\"https:\\\/\\\/www.rri.ro\\\/fr\\\/author\\\/corina-cristea\"}]}<\/script>\n<!-- \/ Yoast SEO plugin. -->","yoast_head_json":{"title":"Coordination politique en Europe du Sud-Est - Radio Roumanie Internationale","robots":{"index":"index","follow":"follow","max-snippet":"max-snippet:-1","max-image-preview":"max-image-preview:large","max-video-preview":"max-video-preview:-1"},"canonical":"https:\/\/www.rri.ro\/fr\/actualites\/les-dossiers-de-lactualite\/coordination-politique-en-europe-du-sud-est-id400879.html","og_locale":"fr_FR","og_type":"article","og_title":"Coordination politique en Europe du Sud-Est - Radio Roumanie Internationale","og_description":"Tenue quelques jours seulement apr\u00e8s le sommet extraordinaire de l\u2019OTAN de la semaine derni\u00e8re \u00e0 Bruxelles, la r\u00e9union de Sofia des chefs de gouvernement des \u00c9tats alli\u00e9s d\u2019Europe du Sud-Est \u00e9tait centr\u00e9e sur la situation g\u00e9n\u00e9r\u00e9e par la guerre en Ukraine. Les premiers ministres de Roumanie, de Bulgarie, de Mac\u00e9doine du Nord et du Mont\u00e9n\u00e9gro [&hellip;]","og_url":"https:\/\/www.rri.ro\/fr\/actualites\/les-dossiers-de-lactualite\/coordination-politique-en-europe-du-sud-est-id400879.html","og_site_name":"Radio Roumanie Internationale","article_published_time":"2022-03-29T09:17:00+00:00","og_image":[{"width":640,"height":360,"url":"https:\/\/www.rri.ro\/wp-content\/uploads\/2023\/10\/nicolae-ciuca-in-bulgaria-nato-sud-estul-europei-foto-gov.png","type":"image\/png"}],"author":"Corina Cristea","twitter_card":"summary_large_image","twitter_misc":{"\u00c9crit par":"Corina Cristea","Dur\u00e9e de lecture estim\u00e9e":"3 minutes","Written by":"Corina Cristea"},"schema":{"@context":"https:\/\/schema.org","@graph":[{"@type":"Article","@id":"https:\/\/www.rri.ro\/fr\/actualites\/les-dossiers-de-lactualite\/coordination-politique-en-europe-du-sud-est-id400879.html#article","isPartOf":{"@id":"https:\/\/www.rri.ro\/fr\/actualites\/les-dossiers-de-lactualite\/coordination-politique-en-europe-du-sud-est-id400879.html"},"author":{"name":"Corina Cristea","@id":"https:\/\/www.rri.ro\/#\/schema\/person\/f9ab1cb3569dee1b2c033a814bb7f0fc"},"headline":"Coordination politique en Europe du Sud-Est","datePublished":"2022-03-29T09:17:00+00:00","mainEntityOfPage":{"@id":"https:\/\/www.rri.ro\/fr\/actualites\/les-dossiers-de-lactualite\/coordination-politique-en-europe-du-sud-est-id400879.html"},"wordCount":576,"image":{"@id":"https:\/\/www.rri.ro\/fr\/actualites\/les-dossiers-de-lactualite\/coordination-politique-en-europe-du-sud-est-id400879.html#primaryimage"},"thumbnailUrl":"https:\/\/www.rri.ro\/wp-content\/uploads\/2023\/10\/nicolae-ciuca-in-bulgaria-nato-sud-estul-europei-foto-gov.png","articleSection":["Les dossiers de l'actualit\u00e9"],"inLanguage":"fr-FR"},{"@type":"WebPage","@id":"https:\/\/www.rri.ro\/fr\/actualites\/les-dossiers-de-lactualite\/coordination-politique-en-europe-du-sud-est-id400879.html","url":"https:\/\/www.rri.ro\/fr\/actualites\/les-dossiers-de-lactualite\/coordination-politique-en-europe-du-sud-est-id400879.html","name":"Coordination politique en Europe du Sud-Est - Radio Roumanie Internationale","isPartOf":{"@id":"https:\/\/www.rri.ro\/#website"},"primaryImageOfPage":{"@id":"https:\/\/www.rri.ro\/fr\/actualites\/les-dossiers-de-lactualite\/coordination-politique-en-europe-du-sud-est-id400879.html#primaryimage"},"image":{"@id":"https:\/\/www.rri.ro\/fr\/actualites\/les-dossiers-de-lactualite\/coordination-politique-en-europe-du-sud-est-id400879.html#primaryimage"},"thumbnailUrl":"https:\/\/www.rri.ro\/wp-content\/uploads\/2023\/10\/nicolae-ciuca-in-bulgaria-nato-sud-estul-europei-foto-gov.png","datePublished":"2022-03-29T09:17:00+00:00","author":{"@id":"https:\/\/www.rri.ro\/#\/schema\/person\/f9ab1cb3569dee1b2c033a814bb7f0fc"},"breadcrumb":{"@id":"https:\/\/www.rri.ro\/fr\/actualites\/les-dossiers-de-lactualite\/coordination-politique-en-europe-du-sud-est-id400879.html#breadcrumb"},"inLanguage":"fr-FR","potentialAction":[{"@type":"ReadAction","target":["https:\/\/www.rri.ro\/fr\/actualites\/les-dossiers-de-lactualite\/coordination-politique-en-europe-du-sud-est-id400879.html"]}]},{"@type":"ImageObject","inLanguage":"fr-FR","@id":"https:\/\/www.rri.ro\/fr\/actualites\/les-dossiers-de-lactualite\/coordination-politique-en-europe-du-sud-est-id400879.html#primaryimage","url":"https:\/\/www.rri.ro\/wp-content\/uploads\/2023\/10\/nicolae-ciuca-in-bulgaria-nato-sud-estul-europei-foto-gov.png","contentUrl":"https:\/\/www.rri.ro\/wp-content\/uploads\/2023\/10\/nicolae-ciuca-in-bulgaria-nato-sud-estul-europei-foto-gov.png","width":640,"height":360},{"@type":"BreadcrumbList","@id":"https:\/\/www.rri.ro\/fr\/actualites\/les-dossiers-de-lactualite\/coordination-politique-en-europe-du-sud-est-id400879.html#breadcrumb","itemListElement":[{"@type":"ListItem","position":1,"name":"Page d'accueil","item":"https:\/\/www.rri.ro\/fr"},{"@type":"ListItem","position":2,"name":"Actualit\u00e9s","item":"https:\/\/www.rri.ro\/fr\/actualites"},{"@type":"ListItem","position":3,"name":"Les dossiers de l'actualit\u00e9","item":"https:\/\/www.rri.ro\/fr\/actualites\/les-dossiers-de-lactualite"},{"@type":"ListItem","position":4,"name":"Coordination politique en Europe du Sud-Est"}]},{"@type":"WebSite","@id":"https:\/\/www.rri.ro\/#website","url":"https:\/\/www.rri.ro\/","name":"Radio Roumanie Internationale","description":"Totul despre Rom\u00e2nia \u015fi rom\u00e2ni, \u00een 13 limbi\/dialecte!","inLanguage":"fr-FR"},{"@type":"Person","@id":"https:\/\/www.rri.ro\/#\/schema\/person\/f9ab1cb3569dee1b2c033a814bb7f0fc","name":"Corina Cristea","url":"https:\/\/www.rri.ro\/fr\/author\/corina-cristea"}]}},"_links":{"self":[{"href":"https:\/\/www.rri.ro\/fr\/wp-json\/wp\/v2\/posts\/400879","targetHints":{"allow":["GET"]}}],"collection":[{"href":"https:\/\/www.rri.ro\/fr\/wp-json\/wp\/v2\/posts"}],"about":[{"href":"https:\/\/www.rri.ro\/fr\/wp-json\/wp\/v2\/types\/post"}],"author":[{"embeddable":true,"href":"https:\/\/www.rri.ro\/fr\/wp-json\/wp\/v2\/users\/108"}],"replies":[{"embeddable":true,"href":"https:\/\/www.rri.ro\/fr\/wp-json\/wp\/v2\/comments?post=400879"}],"version-history":[{"count":0,"href":"https:\/\/www.rri.ro\/fr\/wp-json\/wp\/v2\/posts\/400879\/revisions"}],"wp:featuredmedia":[{"embeddable":true,"href":"https:\/\/www.rri.ro\/fr\/wp-json\/wp\/v2\/media\/204547"}],"wp:attachment":[{"href":"https:\/\/www.rri.ro\/fr\/wp-json\/wp\/v2\/media?parent=400879"}],"wp:term":[{"taxonomy":"category","embeddable":true,"href":"https:\/\/www.rri.ro\/fr\/wp-json\/wp\/v2\/categories?post=400879"},{"taxonomy":"post_tag","embeddable":true,"href":"https:\/\/www.rri.ro\/fr\/wp-json\/wp\/v2\/tags?post=400879"},{"taxonomy":"author","embeddable":true,"href":"https:\/\/www.rri.ro\/fr\/wp-json\/wp\/v2\/coauthors?post=400879"}],"curies":[{"name":"wp","href":"https:\/\/api.w.org\/{rel}","templated":true}]}}