{"id":400883,"date":"2022-04-04T11:35:00","date_gmt":"2022-04-04T08:35:00","guid":{"rendered":"http:\/\/devrri.freshlemon.ro\/le-roumain-mot-a-mot\/consulter-les-lecons\/crimes-de-guerre-en-ukraine-id400883.html"},"modified":"2022-04-04T11:35:00","modified_gmt":"2022-04-04T08:35:00","slug":"crimes-de-guerre-en-ukraine","status":"publish","type":"post","link":"https:\/\/www.rri.ro\/fr\/actualites\/les-dossiers-de-lactualite\/crimes-de-guerre-en-ukraine-id400883.html","title":{"rendered":"Crimes de guerre en Ukraine"},"content":{"rendered":"<p><p>C&rsquo;est une&#13;<br \/>\navalanche d&rsquo;accusations de g\u00e9nocide et de crimes de guerre contre le pr\u00e9sident&#13;<br \/>\nrusse Vladimir Poutine &#8211; apr\u00e8s la d\u00e9couverte macabre faite par l&rsquo;arm\u00e9e&#13;<br \/>\nukrainienne dans plusieurs localit\u00e9s avoisinant Kiev, qui avaient \u00e9t\u00e9 conquises&#13;<br \/>\npar les Russes. Des cadavres de centaines de civils, que les experts en m\u00e9decine&#13;<br \/>\nl\u00e9gale sont en train d&rsquo;examiner, annonce le procureur g\u00e9n\u00e9ral de l&rsquo;Ukraine, cit\u00e9&#13;<br \/>\npar les agences de presse internationales. Parall\u00e8lement, des t\u00e9moignages sont recueillis&#13;<br \/>\nparmi la population locale, et des preuves par l&rsquo;image &#8211; des photos et des vid\u00e9os&#13;<br \/>\nsont collect\u00e9es. Dans la seule ville de Boutcha, au nord-ouest de Kiev, quelque&#13;<br \/>\n300 personnes ont \u00e9t\u00e9 enterr\u00e9es dans une fosse commune, affirment les autorit\u00e9s&#13;<br \/>\nukrainiennes, qui accusent l&rsquo;arm\u00e9e russe de massacre dans cette localit\u00e9 et d&rsquo;horreurs&#13;<br \/>\ncommises dans des r\u00e9gions d\u00e9sormais lib\u00e9r\u00e9es. De son c\u00f4t\u00e9, la Russe rejette les&#13;<br \/>\naccusations de l&rsquo;Ukraine, insistant sur le fait que les images de la ville de Boutcha&#13;<br \/>\nont \u00e9t\u00e9 truqu\u00e9es par Kiev. <\/p>\n<p><\/p>\n<p>&#13;<br \/>\n&#13;<br \/>\n&#13;<br \/>\n&#13;<br \/>\n&#13;<br \/>\n&#13;<\/p>\n<p>Stup\u00e9fait, l&rsquo;Occident&#13;<br \/>\n\u00e9voque de nouvelles sanctions contre Moscou, mais on a l&rsquo;impression que l&rsquo;opinion&#13;<br \/>\npublique attend encore plus de la part de ses leaders, en ce moment o\u00f9 la&#13;<br \/>\nRussie de Poutine, ayant atteint le pic de sa cruaut\u00e9, a confirm\u00e9 le v\u00e9ritable&#13;<br \/>\nenjeu de son agression : an\u00e9antir l&rsquo;Ukraine. <\/p>\n<p><\/p>\n<p>&#13;<br \/>\n&#13;<br \/>\n&#13;<br \/>\n&#13;<br \/>\n&#13;<br \/>\n&#13;<\/p>\n<p>Bucarest a lui aussi&#13;<br \/>\nchang\u00e9 de ton dans son discours. Dans un message post\u00e9 sur Twitter, le pr\u00e9sident&#13;<br \/>\nroumain, Klaus Iohannis, affirme : \u00ab L&rsquo;invasion russe en Ukraine a&#13;<br \/>\ndes cons\u00e9quences horribles, impossible \u00e0 d\u00e9crire &#8211; les images de Boutcha et d&rsquo;autres&#13;<br \/>\nvilles ukrainiennes doivent rappeler au monde entier qu&rsquo;il faut arr\u00eater l&rsquo;agression&#13;<br \/>\nill\u00e9gale dans ce pays et que les responsables doivent payer. La justice&#13;<br \/>\ninternationale doit pr\u00e9valoir ! \u00bb<\/p>\n<p><\/p>\n<p>&#13;<br \/>\n&#13;<br \/>\n&#13;<br \/>\n&#13;<br \/>\n&#13;<br \/>\n&#13;<\/p>\n<p>A son tour, le&#13;<br \/>\npremier ministre Nicolae Ciuc\u0103 demande \u00e0 la justice internationale de trancher sur&#13;<br \/>\nce qu&rsquo;il appelle \u00ab les crimes horribles \u00bb commis en Ukraine par les&#13;<br \/>\nsoldats russes. \u00ab Enfants, femmes, civils abus\u00e9s ou tu\u00e9s de sang-froid attendent&#13;<br \/>\nque justice soit faite \u00bb, a \u00e9crit le premier ministre roumain sur la page Twitter&#13;<br \/>\ndu gouvernement de Bucarest.  De m\u00eame, le&#13;<br \/>\nchef de la diplomatie roumaine, Bogdan Aurescu, a fermement condamn\u00e9 les atrocit\u00e9s&#13;<br \/>\ncommises \u00e0 Boutcha et dans d&rsquo;autres villes ukrainiennes au cours de l&rsquo;invasion&#13;<br \/>\nrusse en Ukraine, demandant \u00e0 la Cour internationale de Justice de sanctionner&#13;<br \/>\nles coupables. <\/p>\n<p><\/p>\n<p>&#13;<br \/>\n&#13;<br \/>\n&#13;<br \/>\n&#13;<br \/>\n&#13;<br \/>\n&#13;<\/p>\n<p>Enfin, \u00e0 Chi\u015fin\u0103u&#13;<br \/>\naussi, la pr\u00e9sidente de la R\u00e9publique de Moldova, Maia Sandu, a d\u00e9clar\u00e9 ce&#13;<br \/>\nlundi journ\u00e9e de deuil national \u00e0 la m\u00e9moire des victimes de cette guerre. \u00ab Nous&#13;<br \/>\nsommes choqu\u00e9s, tout comme le monde entier, par le massacre de la ville de Boutcha.&#13;<br \/>\nLa R\u00e9publique de Moldova condamne fermement ces crimes contre l&rsquo;humanit\u00e9, tout&#13;<br \/>\ncomme elle condamne cette guerre ill\u00e9gale et non provoqu\u00e9e, d\u00e9clench\u00e9e par la&#13;<br \/>\nF\u00e9d\u00e9ration de Russie contre l&rsquo;Ukraine \u00bb, lit-on dans le message post\u00e9 sur Facebook&#13;<br \/>\npar la pr\u00e9sidente moldave.  (Trad. Valentina Beleavski)<\/p>\n<p><\/p>\n","protected":false},"excerpt":{"rendered":"<p>C&rsquo;est une&#13; avalanche d&rsquo;accusations de g\u00e9nocide et de crimes de guerre contre le pr\u00e9sident&#13; russe Vladimir Poutine &#8211; apr\u00e8s la d\u00e9couverte macabre faite par l&rsquo;arm\u00e9e&#13; ukrainienne dans plusieurs localit\u00e9s avoisinant Kiev, qui avaient \u00e9t\u00e9 conquises&#13; par les Russes. Des cadavres de centaines de civils, que les experts en m\u00e9decine&#13; l\u00e9gale sont en train d&rsquo;examiner, annonce [&hellip;]<\/p>\n","protected":false},"author":110,"featured_media":271130,"comment_status":"closed","ping_status":"closed","sticky":false,"template":"","format":"standard","meta":{"_acf_changed":false,"footnotes":""},"categories":[93377],"tags":[],"coauthors":[],"class_list":["post-400883","post","type-post","status-publish","format-standard","has-post-thumbnail","hentry","category-les-dossiers-de-lactualite"],"acf":[],"yoast_head":"<!-- This site is optimized with the Yoast SEO plugin v27.3 - https:\/\/yoast.com\/product\/yoast-seo-wordpress\/ -->\n<title>Crimes de guerre en Ukraine - Radio Roumanie Internationale<\/title>\n<meta name=\"robots\" content=\"index, follow, max-snippet:-1, max-image-preview:large, max-video-preview:-1\" \/>\n<link rel=\"canonical\" href=\"https:\/\/www.rri.ro\/fr\/actualites\/les-dossiers-de-lactualite\/crimes-de-guerre-en-ukraine-id400883.html\" \/>\n<meta property=\"og:locale\" content=\"fr_FR\" \/>\n<meta property=\"og:type\" content=\"article\" \/>\n<meta property=\"og:title\" content=\"Crimes de guerre en Ukraine - Radio Roumanie Internationale\" \/>\n<meta property=\"og:description\" content=\"C&rsquo;est une&#013; avalanche d&rsquo;accusations de g\u00e9nocide et de crimes de guerre contre le pr\u00e9sident&#013; russe Vladimir Poutine &#8211; apr\u00e8s la d\u00e9couverte macabre faite par l&rsquo;arm\u00e9e&#013; ukrainienne dans plusieurs localit\u00e9s avoisinant Kiev, qui avaient \u00e9t\u00e9 conquises&#013; par les Russes. Des cadavres de centaines de civils, que les experts en m\u00e9decine&#013; l\u00e9gale sont en train d&rsquo;examiner, annonce [&hellip;]\" \/>\n<meta property=\"og:url\" content=\"https:\/\/www.rri.ro\/fr\/actualites\/les-dossiers-de-lactualite\/crimes-de-guerre-en-ukraine-id400883.html\" \/>\n<meta property=\"og:site_name\" content=\"Radio Roumanie Internationale\" \/>\n<meta property=\"article:published_time\" content=\"2022-04-04T08:35:00+00:00\" \/>\n<meta property=\"og:image\" content=\"https:\/\/www.rri.ro\/wp-content\/uploads\/2023\/10\/manifestatie-bucuresti-03apr-razboi-ucraina-agerpres.jpg\" \/>\n\t<meta property=\"og:image:width\" content=\"640\" \/>\n\t<meta property=\"og:image:height\" content=\"426\" \/>\n\t<meta property=\"og:image:type\" content=\"image\/jpeg\" \/>\n<meta name=\"author\" content=\"\u015etefan Stoica\" \/>\n<meta name=\"twitter:card\" content=\"summary_large_image\" \/>\n<meta name=\"twitter:label1\" content=\"\u00c9crit par\" \/>\n\t<meta name=\"twitter:data1\" content=\"\u015etefan Stoica\" \/>\n\t<meta name=\"twitter:label2\" content=\"Dur\u00e9e de lecture estim\u00e9e\" \/>\n\t<meta name=\"twitter:data2\" content=\"3 minutes\" \/>\n\t<meta name=\"twitter:label3\" content=\"Written by\" \/>\n\t<meta name=\"twitter:data3\" content=\"\u015etefan Stoica\" \/>\n<script type=\"application\/ld+json\" class=\"yoast-schema-graph\">{\"@context\":\"https:\\\/\\\/schema.org\",\"@graph\":[{\"@type\":\"Article\",\"@id\":\"https:\\\/\\\/www.rri.ro\\\/fr\\\/actualites\\\/les-dossiers-de-lactualite\\\/crimes-de-guerre-en-ukraine-id400883.html#article\",\"isPartOf\":{\"@id\":\"https:\\\/\\\/www.rri.ro\\\/fr\\\/actualites\\\/les-dossiers-de-lactualite\\\/crimes-de-guerre-en-ukraine-id400883.html\"},\"author\":{\"name\":\"\u015etefan Stoica\",\"@id\":\"https:\\\/\\\/www.rri.ro\\\/#\\\/schema\\\/person\\\/2d81d5dc94d44190d13245f64551d334\"},\"headline\":\"Crimes de guerre en Ukraine\",\"datePublished\":\"2022-04-04T08:35:00+00:00\",\"mainEntityOfPage\":{\"@id\":\"https:\\\/\\\/www.rri.ro\\\/fr\\\/actualites\\\/les-dossiers-de-lactualite\\\/crimes-de-guerre-en-ukraine-id400883.html\"},\"wordCount\":528,\"image\":{\"@id\":\"https:\\\/\\\/www.rri.ro\\\/fr\\\/actualites\\\/les-dossiers-de-lactualite\\\/crimes-de-guerre-en-ukraine-id400883.html#primaryimage\"},\"thumbnailUrl\":\"https:\\\/\\\/www.rri.ro\\\/wp-content\\\/uploads\\\/2023\\\/10\\\/manifestatie-bucuresti-03apr-razboi-ucraina-agerpres.jpg\",\"articleSection\":[\"Les dossiers de l'actualit\u00e9\"],\"inLanguage\":\"fr-FR\"},{\"@type\":\"WebPage\",\"@id\":\"https:\\\/\\\/www.rri.ro\\\/fr\\\/actualites\\\/les-dossiers-de-lactualite\\\/crimes-de-guerre-en-ukraine-id400883.html\",\"url\":\"https:\\\/\\\/www.rri.ro\\\/fr\\\/actualites\\\/les-dossiers-de-lactualite\\\/crimes-de-guerre-en-ukraine-id400883.html\",\"name\":\"Crimes de guerre en Ukraine - Radio Roumanie Internationale\",\"isPartOf\":{\"@id\":\"https:\\\/\\\/www.rri.ro\\\/#website\"},\"primaryImageOfPage\":{\"@id\":\"https:\\\/\\\/www.rri.ro\\\/fr\\\/actualites\\\/les-dossiers-de-lactualite\\\/crimes-de-guerre-en-ukraine-id400883.html#primaryimage\"},\"image\":{\"@id\":\"https:\\\/\\\/www.rri.ro\\\/fr\\\/actualites\\\/les-dossiers-de-lactualite\\\/crimes-de-guerre-en-ukraine-id400883.html#primaryimage\"},\"thumbnailUrl\":\"https:\\\/\\\/www.rri.ro\\\/wp-content\\\/uploads\\\/2023\\\/10\\\/manifestatie-bucuresti-03apr-razboi-ucraina-agerpres.jpg\",\"datePublished\":\"2022-04-04T08:35:00+00:00\",\"author\":{\"@id\":\"https:\\\/\\\/www.rri.ro\\\/#\\\/schema\\\/person\\\/2d81d5dc94d44190d13245f64551d334\"},\"breadcrumb\":{\"@id\":\"https:\\\/\\\/www.rri.ro\\\/fr\\\/actualites\\\/les-dossiers-de-lactualite\\\/crimes-de-guerre-en-ukraine-id400883.html#breadcrumb\"},\"inLanguage\":\"fr-FR\",\"potentialAction\":[{\"@type\":\"ReadAction\",\"target\":[\"https:\\\/\\\/www.rri.ro\\\/fr\\\/actualites\\\/les-dossiers-de-lactualite\\\/crimes-de-guerre-en-ukraine-id400883.html\"]}]},{\"@type\":\"ImageObject\",\"inLanguage\":\"fr-FR\",\"@id\":\"https:\\\/\\\/www.rri.ro\\\/fr\\\/actualites\\\/les-dossiers-de-lactualite\\\/crimes-de-guerre-en-ukraine-id400883.html#primaryimage\",\"url\":\"https:\\\/\\\/www.rri.ro\\\/wp-content\\\/uploads\\\/2023\\\/10\\\/manifestatie-bucuresti-03apr-razboi-ucraina-agerpres.jpg\",\"contentUrl\":\"https:\\\/\\\/www.rri.ro\\\/wp-content\\\/uploads\\\/2023\\\/10\\\/manifestatie-bucuresti-03apr-razboi-ucraina-agerpres.jpg\",\"width\":640,\"height\":426},{\"@type\":\"BreadcrumbList\",\"@id\":\"https:\\\/\\\/www.rri.ro\\\/fr\\\/actualites\\\/les-dossiers-de-lactualite\\\/crimes-de-guerre-en-ukraine-id400883.html#breadcrumb\",\"itemListElement\":[{\"@type\":\"ListItem\",\"position\":1,\"name\":\"Page d'accueil\",\"item\":\"https:\\\/\\\/www.rri.ro\\\/fr\"},{\"@type\":\"ListItem\",\"position\":2,\"name\":\"Actualit\u00e9s\",\"item\":\"https:\\\/\\\/www.rri.ro\\\/fr\\\/actualites\"},{\"@type\":\"ListItem\",\"position\":3,\"name\":\"Les dossiers de l'actualit\u00e9\",\"item\":\"https:\\\/\\\/www.rri.ro\\\/fr\\\/actualites\\\/les-dossiers-de-lactualite\"},{\"@type\":\"ListItem\",\"position\":4,\"name\":\"Crimes de guerre en Ukraine\"}]},{\"@type\":\"WebSite\",\"@id\":\"https:\\\/\\\/www.rri.ro\\\/#website\",\"url\":\"https:\\\/\\\/www.rri.ro\\\/\",\"name\":\"Radio Roumanie Internationale\",\"description\":\"Totul despre Rom\u00e2nia \u015fi rom\u00e2ni, \u00een 13 limbi\\\/dialecte!\",\"inLanguage\":\"fr-FR\"},{\"@type\":\"Person\",\"@id\":\"https:\\\/\\\/www.rri.ro\\\/#\\\/schema\\\/person\\\/2d81d5dc94d44190d13245f64551d334\",\"name\":\"\u015etefan Stoica\",\"url\":\"https:\\\/\\\/www.rri.ro\\\/fr\\\/author\\\/stefan-stoica\"}]}<\/script>\n<!-- \/ Yoast SEO plugin. -->","yoast_head_json":{"title":"Crimes de guerre en Ukraine - Radio Roumanie Internationale","robots":{"index":"index","follow":"follow","max-snippet":"max-snippet:-1","max-image-preview":"max-image-preview:large","max-video-preview":"max-video-preview:-1"},"canonical":"https:\/\/www.rri.ro\/fr\/actualites\/les-dossiers-de-lactualite\/crimes-de-guerre-en-ukraine-id400883.html","og_locale":"fr_FR","og_type":"article","og_title":"Crimes de guerre en Ukraine - Radio Roumanie Internationale","og_description":"C&rsquo;est une&#13; avalanche d&rsquo;accusations de g\u00e9nocide et de crimes de guerre contre le pr\u00e9sident&#13; russe Vladimir Poutine &#8211; apr\u00e8s la d\u00e9couverte macabre faite par l&rsquo;arm\u00e9e&#13; ukrainienne dans plusieurs localit\u00e9s avoisinant Kiev, qui avaient \u00e9t\u00e9 conquises&#13; par les Russes. Des cadavres de centaines de civils, que les experts en m\u00e9decine&#13; l\u00e9gale sont en train d&rsquo;examiner, annonce [&hellip;]","og_url":"https:\/\/www.rri.ro\/fr\/actualites\/les-dossiers-de-lactualite\/crimes-de-guerre-en-ukraine-id400883.html","og_site_name":"Radio Roumanie Internationale","article_published_time":"2022-04-04T08:35:00+00:00","og_image":[{"width":640,"height":426,"url":"https:\/\/www.rri.ro\/wp-content\/uploads\/2023\/10\/manifestatie-bucuresti-03apr-razboi-ucraina-agerpres.jpg","type":"image\/jpeg"}],"author":"\u015etefan Stoica","twitter_card":"summary_large_image","twitter_misc":{"\u00c9crit par":"\u015etefan Stoica","Dur\u00e9e de lecture estim\u00e9e":"3 minutes","Written by":"\u015etefan Stoica"},"schema":{"@context":"https:\/\/schema.org","@graph":[{"@type":"Article","@id":"https:\/\/www.rri.ro\/fr\/actualites\/les-dossiers-de-lactualite\/crimes-de-guerre-en-ukraine-id400883.html#article","isPartOf":{"@id":"https:\/\/www.rri.ro\/fr\/actualites\/les-dossiers-de-lactualite\/crimes-de-guerre-en-ukraine-id400883.html"},"author":{"name":"\u015etefan Stoica","@id":"https:\/\/www.rri.ro\/#\/schema\/person\/2d81d5dc94d44190d13245f64551d334"},"headline":"Crimes de guerre en Ukraine","datePublished":"2022-04-04T08:35:00+00:00","mainEntityOfPage":{"@id":"https:\/\/www.rri.ro\/fr\/actualites\/les-dossiers-de-lactualite\/crimes-de-guerre-en-ukraine-id400883.html"},"wordCount":528,"image":{"@id":"https:\/\/www.rri.ro\/fr\/actualites\/les-dossiers-de-lactualite\/crimes-de-guerre-en-ukraine-id400883.html#primaryimage"},"thumbnailUrl":"https:\/\/www.rri.ro\/wp-content\/uploads\/2023\/10\/manifestatie-bucuresti-03apr-razboi-ucraina-agerpres.jpg","articleSection":["Les dossiers de l'actualit\u00e9"],"inLanguage":"fr-FR"},{"@type":"WebPage","@id":"https:\/\/www.rri.ro\/fr\/actualites\/les-dossiers-de-lactualite\/crimes-de-guerre-en-ukraine-id400883.html","url":"https:\/\/www.rri.ro\/fr\/actualites\/les-dossiers-de-lactualite\/crimes-de-guerre-en-ukraine-id400883.html","name":"Crimes de guerre en Ukraine - Radio Roumanie Internationale","isPartOf":{"@id":"https:\/\/www.rri.ro\/#website"},"primaryImageOfPage":{"@id":"https:\/\/www.rri.ro\/fr\/actualites\/les-dossiers-de-lactualite\/crimes-de-guerre-en-ukraine-id400883.html#primaryimage"},"image":{"@id":"https:\/\/www.rri.ro\/fr\/actualites\/les-dossiers-de-lactualite\/crimes-de-guerre-en-ukraine-id400883.html#primaryimage"},"thumbnailUrl":"https:\/\/www.rri.ro\/wp-content\/uploads\/2023\/10\/manifestatie-bucuresti-03apr-razboi-ucraina-agerpres.jpg","datePublished":"2022-04-04T08:35:00+00:00","author":{"@id":"https:\/\/www.rri.ro\/#\/schema\/person\/2d81d5dc94d44190d13245f64551d334"},"breadcrumb":{"@id":"https:\/\/www.rri.ro\/fr\/actualites\/les-dossiers-de-lactualite\/crimes-de-guerre-en-ukraine-id400883.html#breadcrumb"},"inLanguage":"fr-FR","potentialAction":[{"@type":"ReadAction","target":["https:\/\/www.rri.ro\/fr\/actualites\/les-dossiers-de-lactualite\/crimes-de-guerre-en-ukraine-id400883.html"]}]},{"@type":"ImageObject","inLanguage":"fr-FR","@id":"https:\/\/www.rri.ro\/fr\/actualites\/les-dossiers-de-lactualite\/crimes-de-guerre-en-ukraine-id400883.html#primaryimage","url":"https:\/\/www.rri.ro\/wp-content\/uploads\/2023\/10\/manifestatie-bucuresti-03apr-razboi-ucraina-agerpres.jpg","contentUrl":"https:\/\/www.rri.ro\/wp-content\/uploads\/2023\/10\/manifestatie-bucuresti-03apr-razboi-ucraina-agerpres.jpg","width":640,"height":426},{"@type":"BreadcrumbList","@id":"https:\/\/www.rri.ro\/fr\/actualites\/les-dossiers-de-lactualite\/crimes-de-guerre-en-ukraine-id400883.html#breadcrumb","itemListElement":[{"@type":"ListItem","position":1,"name":"Page d'accueil","item":"https:\/\/www.rri.ro\/fr"},{"@type":"ListItem","position":2,"name":"Actualit\u00e9s","item":"https:\/\/www.rri.ro\/fr\/actualites"},{"@type":"ListItem","position":3,"name":"Les dossiers de l'actualit\u00e9","item":"https:\/\/www.rri.ro\/fr\/actualites\/les-dossiers-de-lactualite"},{"@type":"ListItem","position":4,"name":"Crimes de guerre en Ukraine"}]},{"@type":"WebSite","@id":"https:\/\/www.rri.ro\/#website","url":"https:\/\/www.rri.ro\/","name":"Radio Roumanie Internationale","description":"Totul despre Rom\u00e2nia \u015fi rom\u00e2ni, \u00een 13 limbi\/dialecte!","inLanguage":"fr-FR"},{"@type":"Person","@id":"https:\/\/www.rri.ro\/#\/schema\/person\/2d81d5dc94d44190d13245f64551d334","name":"\u015etefan Stoica","url":"https:\/\/www.rri.ro\/fr\/author\/stefan-stoica"}]}},"_links":{"self":[{"href":"https:\/\/www.rri.ro\/fr\/wp-json\/wp\/v2\/posts\/400883","targetHints":{"allow":["GET"]}}],"collection":[{"href":"https:\/\/www.rri.ro\/fr\/wp-json\/wp\/v2\/posts"}],"about":[{"href":"https:\/\/www.rri.ro\/fr\/wp-json\/wp\/v2\/types\/post"}],"author":[{"embeddable":true,"href":"https:\/\/www.rri.ro\/fr\/wp-json\/wp\/v2\/users\/110"}],"replies":[{"embeddable":true,"href":"https:\/\/www.rri.ro\/fr\/wp-json\/wp\/v2\/comments?post=400883"}],"version-history":[{"count":0,"href":"https:\/\/www.rri.ro\/fr\/wp-json\/wp\/v2\/posts\/400883\/revisions"}],"wp:featuredmedia":[{"embeddable":true,"href":"https:\/\/www.rri.ro\/fr\/wp-json\/wp\/v2\/media\/271130"}],"wp:attachment":[{"href":"https:\/\/www.rri.ro\/fr\/wp-json\/wp\/v2\/media?parent=400883"}],"wp:term":[{"taxonomy":"category","embeddable":true,"href":"https:\/\/www.rri.ro\/fr\/wp-json\/wp\/v2\/categories?post=400883"},{"taxonomy":"post_tag","embeddable":true,"href":"https:\/\/www.rri.ro\/fr\/wp-json\/wp\/v2\/tags?post=400883"},{"taxonomy":"author","embeddable":true,"href":"https:\/\/www.rri.ro\/fr\/wp-json\/wp\/v2\/coauthors?post=400883"}],"curies":[{"name":"wp","href":"https:\/\/api.w.org\/{rel}","templated":true}]}}