{"id":400888,"date":"2022-04-11T12:09:00","date_gmt":"2022-04-11T09:09:00","guid":{"rendered":"http:\/\/devrri.freshlemon.ro\/le-roumain-mot-a-mot\/consulter-les-lecons\/la-loi-offshore-en-debat-au-parlement-id400888.html"},"modified":"2022-04-11T12:09:00","modified_gmt":"2022-04-11T09:09:00","slug":"la-loi-offshore-en-debat-au-parlement","status":"publish","type":"post","link":"https:\/\/www.rri.ro\/fr\/actualites\/les-dossiers-de-lactualite\/la-loi-offshore-en-debat-au-parlement-id400888.html","title":{"rendered":"La \u00ab Loi offshore \u00bb, en d\u00e9bat au Parlement"},"content":{"rendered":"<p><p>Cette semaine, le Parlement&#13;<br \/>\nde Bucarest se penche sur une nouvelle forme de la \u00ab Loi offshore \u00bb&#13;<br \/>\nportant sur l&rsquo;exploitation du gaz en mer Noire simultan\u00e9ment avec le&#13;<br \/>\nd\u00e9veloppement de l&rsquo;industrie chimique. Le projet de loi a d\u00e9j\u00e0 \u00e9t\u00e9 valid\u00e9 par&#13;<br \/>\nles partis de la coalition \u00e0 la gouvernance, \u00e0 savoir le PNL, le PSD et l&rsquo;UDMR,&#13;<br \/>\net c&rsquo;est maintenant au L\u00e9gislatif d&rsquo;en adopter la forme finale. <\/p>\n<p><\/p>\n<p>Selon le&#13;<br \/>\nvice-premier ministre Kelemen Hunor, leader de l&rsquo;UDMR, c&rsquo;est au plus vite \u00e0 l&rsquo;horizon&#13;<br \/>\n2026-2027 que le gaz pourra \u00eatre exploit\u00e9 en mer Noire. Une crise \u00e9conomique&#13;<br \/>\npeut se traduire aussi par des opportunit\u00e9s, a-t-il expliqu\u00e9, et les autorit\u00e9s roumaines&#13;<br \/>\nsont d\u00e9sormais oblig\u00e9es d&rsquo;attirer des investisseurs dans les ann\u00e9es \u00e0 venir et&#13;<br \/>\nde r\u00e9fl\u00e9chir aux modifications \u00e0 op\u00e9rer pour remplacer les centrales thermiques&#13;<br \/>\nau charbon par les turbines \u00e0 gaz. Le premier ministre et nouveau chef des&#13;<br \/>\nLib\u00e9raux, Nicolae Ciuca, est lui aussi favorable \u00e0 cette loi, surtout qu&rsquo;elle&#13;<br \/>\npermettra \u00e0 la Roumanie de r\u00e9duire sa d\u00e9pendance au gaz russe. A son tour, le chef&#13;<br \/>\nde la Chambre des D\u00e9put\u00e9s et du PSD, Marcel Ciolacu, soutient ce projet, affirmant&#13;<br \/>\nque la d\u00e9termination politique et la coh\u00e9rence l\u00e9gislative, gouvernementale et ex\u00e9cutive&#13;<br \/>\nsont l\u00e0 pour le mener \u00e0 bout. <\/p>\n<p><\/p>\n<p>&#13;<br \/>\n&#13;<br \/>\n&#13;<br \/>\n&#13;<br \/>\n&#13;<br \/>\n&#13;<\/p>\n<p>Cela fait plus de 4 ans d\u00e9j\u00e0&#13;<br \/>\nque la \u00ab Loi offshore \u00bb traine au Parlement, ses projets se trouvant \u00e0&#13;<br \/>\ndiff\u00e9rentes phases de d\u00e9bat. Apr\u00e8s plusieurs mois de discussions, ce nouveau&#13;<br \/>\nprojet a re\u00e7u le feu vert de la coalition \u00e0 la gouvernance. Un des sc\u00e9narios envisag\u00e9s&#13;<br \/>\npar Bucarest est de recevoir au moins 60% des b\u00e9n\u00e9fices r\u00e9sultant de l&rsquo;extraction&#13;<br \/>\ndu gaz naturel et d&rsquo;en allouer les 40% qui restent aux compagnies priv\u00e9es. A pr\u00e9sent,&#13;<br \/>\nla l\u00e9gislation pr\u00e9voit une imposition progressive, allant de 30 \u00e0 70% sur les&#13;<br \/>\nrevenus suppl\u00e9mentaires obtenus de la majoration du tarif du gaz, les&#13;<br \/>\ncompagnies \u00e9tant oblig\u00e9es de vendre 50% de leur production de gaz via la Bourse&#13;<br \/>\nde Bucarest. <\/p>\n<p><\/p>\n<p>&#13;<br \/>\n&#13;<br \/>\n&#13;<br \/>\n&#13;<br \/>\n&#13;<br \/>\n&#13;<\/p>\n<p>Cette loi est vivement&#13;<br \/>\nattendue par plusieurs compagnies qui souhaitent exploiter le gaz naturel en&#13;<br \/>\nmer Noire. Parmi elles, la soci\u00e9t\u00e9 autrichienne OMV Petrom, dont l&rsquo;Etat roumain&#13;<br \/>\nest actionnaire, mais aussi d&rsquo;autres producteurs de gaz qui ont d\u00e9pens\u00e9 des milliards&#13;<br \/>\nde dollars ces 10 derni\u00e8res ann\u00e9es pour se pr\u00e9parer pour extraire le gaz des&#13;<br \/>\nquelques 200 milliards de m cubes estim\u00e9s pour le plateau continental de la&#13;<br \/>\nRoumanie. Tout cela dans le contexte o\u00f9 la consommation nationale a \u00e9t\u00e9 estim\u00e9e&#13;<br \/>\n\u00e0 environ 11 milliards de m cubes par an. Du coup, cela permettra \u00e0 la Roumanie&#13;<br \/>\nde devenir un exportateur de gaz naturel. <\/p>\n<p><\/p>\n<p>&#13;<br \/>\n&#13;<br \/>\n&#13;<br \/>\n&#13;<br \/>\n&#13;<br \/>\n&#13;<\/p>\n<p>A part les Autrichiens d&rsquo;OMV&#13;<br \/>\nPetrom, les Am\u00e9ricains d&rsquo;ExxonMobil avaient manifest\u00e9 leur int\u00e9r\u00eat d&rsquo;investir&#13;<br \/>\ndans l&rsquo;exploitation du gaz roumain, mais, en 2019 ils ont d\u00e9cid\u00e9 de quitter&#13;<br \/>\nnotre pays et de vendre leur participation en mer Noire \u00e0 la compagnie roumaine&#13;<br \/>\n\u00e0 capital public Romgaz. <\/p>\n<p><\/p>\n<p>&#13;<br \/>\n&#13;<br \/>\n&#13;<br \/>\n&#13;<br \/>\n&#13;<br \/>\n&#13;<\/p>\n<p>A noter aussi, qu&rsquo;au fil du&#13;<br \/>\ntemps, le niveau de l&rsquo;imp\u00f4t sur les revenus des compagnies de l&rsquo;extraction du&#13;<br \/>\ngaz a \u00e9t\u00e9 un des principaux probl\u00e8mes qui ont retard\u00e9 cette activit\u00e9. Les&#13;<br \/>\ninvestisseurs n&rsquo;ont pas h\u00e9sit\u00e9 \u00e0 manifester leur r\u00e9ticence et \u00e0 suspendre leurs&#13;<br \/>\nprojets, en faveur des importations de gaz depuis la Russie. A l&rsquo;heure o\u00f9 il&#13;<br \/>\nest de plus en plus urgent de diminuer la d\u00e9pendance de l&rsquo;Europe au gaz russe,&#13;<br \/>\nles ressources de la mer Noire deviennent une option non n\u00e9gligeable. (Trad. Valentina&#13;<br \/>\nBeleavski) <\/p>\n<p><\/p>\n","protected":false},"excerpt":{"rendered":"<p>Cette semaine, le Parlement&#13; de Bucarest se penche sur une nouvelle forme de la \u00ab Loi offshore \u00bb&#13; portant sur l&rsquo;exploitation du gaz en mer Noire simultan\u00e9ment avec le&#13; d\u00e9veloppement de l&rsquo;industrie chimique. Le projet de loi a d\u00e9j\u00e0 \u00e9t\u00e9 valid\u00e9 par&#13; les partis de la coalition \u00e0 la gouvernance, \u00e0 savoir le PNL, le [&hellip;]<\/p>\n","protected":false},"author":106,"featured_media":90207,"comment_status":"closed","ping_status":"closed","sticky":false,"template":"","format":"standard","meta":{"_acf_changed":false,"footnotes":""},"categories":[93377],"tags":[],"coauthors":[],"class_list":["post-400888","post","type-post","status-publish","format-standard","has-post-thumbnail","hentry","category-les-dossiers-de-lactualite"],"acf":[],"yoast_head":"<!-- This site is optimized with the Yoast SEO plugin v27.3 - https:\/\/yoast.com\/product\/yoast-seo-wordpress\/ -->\n<title>La \u00ab Loi offshore \u00bb, en d\u00e9bat au Parlement - Radio Roumanie Internationale<\/title>\n<meta name=\"robots\" content=\"index, follow, max-snippet:-1, max-image-preview:large, max-video-preview:-1\" \/>\n<link rel=\"canonical\" href=\"https:\/\/www.rri.ro\/fr\/actualites\/les-dossiers-de-lactualite\/la-loi-offshore-en-debat-au-parlement-id400888.html\" \/>\n<meta property=\"og:locale\" content=\"fr_FR\" \/>\n<meta property=\"og:type\" content=\"article\" \/>\n<meta property=\"og:title\" content=\"La \u00ab Loi offshore \u00bb, en d\u00e9bat au Parlement - Radio Roumanie Internationale\" \/>\n<meta property=\"og:description\" content=\"Cette semaine, le Parlement&#013; de Bucarest se penche sur une nouvelle forme de la \u00ab Loi offshore \u00bb&#013; portant sur l&rsquo;exploitation du gaz en mer Noire simultan\u00e9ment avec le&#013; d\u00e9veloppement de l&rsquo;industrie chimique. Le projet de loi a d\u00e9j\u00e0 \u00e9t\u00e9 valid\u00e9 par&#013; les partis de la coalition \u00e0 la gouvernance, \u00e0 savoir le PNL, le [&hellip;]\" \/>\n<meta property=\"og:url\" content=\"https:\/\/www.rri.ro\/fr\/actualites\/les-dossiers-de-lactualite\/la-loi-offshore-en-debat-au-parlement-id400888.html\" \/>\n<meta property=\"og:site_name\" content=\"Radio Roumanie Internationale\" \/>\n<meta property=\"article:published_time\" content=\"2022-04-11T09:09:00+00:00\" \/>\n<meta property=\"og:image\" content=\"https:\/\/www.rri.ro\/wp-content\/uploads\/2023\/10\/platforma-petrol-pixabay.jpg\" \/>\n\t<meta property=\"og:image:width\" content=\"640\" \/>\n\t<meta property=\"og:image:height\" content=\"480\" \/>\n\t<meta property=\"og:image:type\" content=\"image\/jpeg\" \/>\n<meta name=\"author\" content=\"Mihai Pelin\" \/>\n<meta name=\"twitter:card\" content=\"summary_large_image\" \/>\n<meta name=\"twitter:label1\" content=\"\u00c9crit par\" \/>\n\t<meta name=\"twitter:data1\" content=\"Mihai Pelin\" \/>\n\t<meta name=\"twitter:label2\" content=\"Dur\u00e9e de lecture estim\u00e9e\" \/>\n\t<meta name=\"twitter:data2\" content=\"3 minutes\" \/>\n\t<meta name=\"twitter:label3\" content=\"Written by\" \/>\n\t<meta name=\"twitter:data3\" content=\"Mihai Pelin\" \/>\n<script type=\"application\/ld+json\" class=\"yoast-schema-graph\">{\"@context\":\"https:\\\/\\\/schema.org\",\"@graph\":[{\"@type\":\"Article\",\"@id\":\"https:\\\/\\\/www.rri.ro\\\/fr\\\/actualites\\\/les-dossiers-de-lactualite\\\/la-loi-offshore-en-debat-au-parlement-id400888.html#article\",\"isPartOf\":{\"@id\":\"https:\\\/\\\/www.rri.ro\\\/fr\\\/actualites\\\/les-dossiers-de-lactualite\\\/la-loi-offshore-en-debat-au-parlement-id400888.html\"},\"author\":{\"name\":\"Mihai Pelin\",\"@id\":\"https:\\\/\\\/www.rri.ro\\\/#\\\/schema\\\/person\\\/c6036c822534c855dc3aad41a484f05d\"},\"headline\":\"La \u00ab Loi offshore \u00bb, en d\u00e9bat au Parlement\",\"datePublished\":\"2022-04-11T09:09:00+00:00\",\"mainEntityOfPage\":{\"@id\":\"https:\\\/\\\/www.rri.ro\\\/fr\\\/actualites\\\/les-dossiers-de-lactualite\\\/la-loi-offshore-en-debat-au-parlement-id400888.html\"},\"wordCount\":611,\"image\":{\"@id\":\"https:\\\/\\\/www.rri.ro\\\/fr\\\/actualites\\\/les-dossiers-de-lactualite\\\/la-loi-offshore-en-debat-au-parlement-id400888.html#primaryimage\"},\"thumbnailUrl\":\"https:\\\/\\\/www.rri.ro\\\/wp-content\\\/uploads\\\/2023\\\/10\\\/platforma-petrol-pixabay.jpg\",\"articleSection\":[\"Les dossiers de l'actualit\u00e9\"],\"inLanguage\":\"fr-FR\"},{\"@type\":\"WebPage\",\"@id\":\"https:\\\/\\\/www.rri.ro\\\/fr\\\/actualites\\\/les-dossiers-de-lactualite\\\/la-loi-offshore-en-debat-au-parlement-id400888.html\",\"url\":\"https:\\\/\\\/www.rri.ro\\\/fr\\\/actualites\\\/les-dossiers-de-lactualite\\\/la-loi-offshore-en-debat-au-parlement-id400888.html\",\"name\":\"La \u00ab Loi offshore \u00bb, en d\u00e9bat au Parlement - Radio Roumanie Internationale\",\"isPartOf\":{\"@id\":\"https:\\\/\\\/www.rri.ro\\\/#website\"},\"primaryImageOfPage\":{\"@id\":\"https:\\\/\\\/www.rri.ro\\\/fr\\\/actualites\\\/les-dossiers-de-lactualite\\\/la-loi-offshore-en-debat-au-parlement-id400888.html#primaryimage\"},\"image\":{\"@id\":\"https:\\\/\\\/www.rri.ro\\\/fr\\\/actualites\\\/les-dossiers-de-lactualite\\\/la-loi-offshore-en-debat-au-parlement-id400888.html#primaryimage\"},\"thumbnailUrl\":\"https:\\\/\\\/www.rri.ro\\\/wp-content\\\/uploads\\\/2023\\\/10\\\/platforma-petrol-pixabay.jpg\",\"datePublished\":\"2022-04-11T09:09:00+00:00\",\"author\":{\"@id\":\"https:\\\/\\\/www.rri.ro\\\/#\\\/schema\\\/person\\\/c6036c822534c855dc3aad41a484f05d\"},\"breadcrumb\":{\"@id\":\"https:\\\/\\\/www.rri.ro\\\/fr\\\/actualites\\\/les-dossiers-de-lactualite\\\/la-loi-offshore-en-debat-au-parlement-id400888.html#breadcrumb\"},\"inLanguage\":\"fr-FR\",\"potentialAction\":[{\"@type\":\"ReadAction\",\"target\":[\"https:\\\/\\\/www.rri.ro\\\/fr\\\/actualites\\\/les-dossiers-de-lactualite\\\/la-loi-offshore-en-debat-au-parlement-id400888.html\"]}]},{\"@type\":\"ImageObject\",\"inLanguage\":\"fr-FR\",\"@id\":\"https:\\\/\\\/www.rri.ro\\\/fr\\\/actualites\\\/les-dossiers-de-lactualite\\\/la-loi-offshore-en-debat-au-parlement-id400888.html#primaryimage\",\"url\":\"https:\\\/\\\/www.rri.ro\\\/wp-content\\\/uploads\\\/2023\\\/10\\\/platforma-petrol-pixabay.jpg\",\"contentUrl\":\"https:\\\/\\\/www.rri.ro\\\/wp-content\\\/uploads\\\/2023\\\/10\\\/platforma-petrol-pixabay.jpg\",\"width\":640,\"height\":480},{\"@type\":\"BreadcrumbList\",\"@id\":\"https:\\\/\\\/www.rri.ro\\\/fr\\\/actualites\\\/les-dossiers-de-lactualite\\\/la-loi-offshore-en-debat-au-parlement-id400888.html#breadcrumb\",\"itemListElement\":[{\"@type\":\"ListItem\",\"position\":1,\"name\":\"Page d'accueil\",\"item\":\"https:\\\/\\\/www.rri.ro\\\/fr\"},{\"@type\":\"ListItem\",\"position\":2,\"name\":\"Actualit\u00e9s\",\"item\":\"https:\\\/\\\/www.rri.ro\\\/fr\\\/actualites\"},{\"@type\":\"ListItem\",\"position\":3,\"name\":\"Les dossiers de l'actualit\u00e9\",\"item\":\"https:\\\/\\\/www.rri.ro\\\/fr\\\/actualites\\\/les-dossiers-de-lactualite\"},{\"@type\":\"ListItem\",\"position\":4,\"name\":\"La \u00ab Loi offshore \u00bb, en d\u00e9bat au Parlement\"}]},{\"@type\":\"WebSite\",\"@id\":\"https:\\\/\\\/www.rri.ro\\\/#website\",\"url\":\"https:\\\/\\\/www.rri.ro\\\/\",\"name\":\"Radio Roumanie Internationale\",\"description\":\"Totul despre Rom\u00e2nia \u015fi rom\u00e2ni, \u00een 13 limbi\\\/dialecte!\",\"inLanguage\":\"fr-FR\"},{\"@type\":\"Person\",\"@id\":\"https:\\\/\\\/www.rri.ro\\\/#\\\/schema\\\/person\\\/c6036c822534c855dc3aad41a484f05d\",\"name\":\"Mihai Pelin\",\"url\":\"https:\\\/\\\/www.rri.ro\\\/fr\\\/author\\\/mihai-pelin\"}]}<\/script>\n<!-- \/ Yoast SEO plugin. -->","yoast_head_json":{"title":"La \u00ab Loi offshore \u00bb, en d\u00e9bat au Parlement - Radio Roumanie Internationale","robots":{"index":"index","follow":"follow","max-snippet":"max-snippet:-1","max-image-preview":"max-image-preview:large","max-video-preview":"max-video-preview:-1"},"canonical":"https:\/\/www.rri.ro\/fr\/actualites\/les-dossiers-de-lactualite\/la-loi-offshore-en-debat-au-parlement-id400888.html","og_locale":"fr_FR","og_type":"article","og_title":"La \u00ab Loi offshore \u00bb, en d\u00e9bat au Parlement - Radio Roumanie Internationale","og_description":"Cette semaine, le Parlement&#13; de Bucarest se penche sur une nouvelle forme de la \u00ab Loi offshore \u00bb&#13; portant sur l&rsquo;exploitation du gaz en mer Noire simultan\u00e9ment avec le&#13; d\u00e9veloppement de l&rsquo;industrie chimique. Le projet de loi a d\u00e9j\u00e0 \u00e9t\u00e9 valid\u00e9 par&#13; les partis de la coalition \u00e0 la gouvernance, \u00e0 savoir le PNL, le [&hellip;]","og_url":"https:\/\/www.rri.ro\/fr\/actualites\/les-dossiers-de-lactualite\/la-loi-offshore-en-debat-au-parlement-id400888.html","og_site_name":"Radio Roumanie Internationale","article_published_time":"2022-04-11T09:09:00+00:00","og_image":[{"width":640,"height":480,"url":"https:\/\/www.rri.ro\/wp-content\/uploads\/2023\/10\/platforma-petrol-pixabay.jpg","type":"image\/jpeg"}],"author":"Mihai Pelin","twitter_card":"summary_large_image","twitter_misc":{"\u00c9crit par":"Mihai Pelin","Dur\u00e9e de lecture estim\u00e9e":"3 minutes","Written by":"Mihai Pelin"},"schema":{"@context":"https:\/\/schema.org","@graph":[{"@type":"Article","@id":"https:\/\/www.rri.ro\/fr\/actualites\/les-dossiers-de-lactualite\/la-loi-offshore-en-debat-au-parlement-id400888.html#article","isPartOf":{"@id":"https:\/\/www.rri.ro\/fr\/actualites\/les-dossiers-de-lactualite\/la-loi-offshore-en-debat-au-parlement-id400888.html"},"author":{"name":"Mihai Pelin","@id":"https:\/\/www.rri.ro\/#\/schema\/person\/c6036c822534c855dc3aad41a484f05d"},"headline":"La \u00ab Loi offshore \u00bb, en d\u00e9bat au Parlement","datePublished":"2022-04-11T09:09:00+00:00","mainEntityOfPage":{"@id":"https:\/\/www.rri.ro\/fr\/actualites\/les-dossiers-de-lactualite\/la-loi-offshore-en-debat-au-parlement-id400888.html"},"wordCount":611,"image":{"@id":"https:\/\/www.rri.ro\/fr\/actualites\/les-dossiers-de-lactualite\/la-loi-offshore-en-debat-au-parlement-id400888.html#primaryimage"},"thumbnailUrl":"https:\/\/www.rri.ro\/wp-content\/uploads\/2023\/10\/platforma-petrol-pixabay.jpg","articleSection":["Les dossiers de l'actualit\u00e9"],"inLanguage":"fr-FR"},{"@type":"WebPage","@id":"https:\/\/www.rri.ro\/fr\/actualites\/les-dossiers-de-lactualite\/la-loi-offshore-en-debat-au-parlement-id400888.html","url":"https:\/\/www.rri.ro\/fr\/actualites\/les-dossiers-de-lactualite\/la-loi-offshore-en-debat-au-parlement-id400888.html","name":"La \u00ab Loi offshore \u00bb, en d\u00e9bat au Parlement - Radio Roumanie Internationale","isPartOf":{"@id":"https:\/\/www.rri.ro\/#website"},"primaryImageOfPage":{"@id":"https:\/\/www.rri.ro\/fr\/actualites\/les-dossiers-de-lactualite\/la-loi-offshore-en-debat-au-parlement-id400888.html#primaryimage"},"image":{"@id":"https:\/\/www.rri.ro\/fr\/actualites\/les-dossiers-de-lactualite\/la-loi-offshore-en-debat-au-parlement-id400888.html#primaryimage"},"thumbnailUrl":"https:\/\/www.rri.ro\/wp-content\/uploads\/2023\/10\/platforma-petrol-pixabay.jpg","datePublished":"2022-04-11T09:09:00+00:00","author":{"@id":"https:\/\/www.rri.ro\/#\/schema\/person\/c6036c822534c855dc3aad41a484f05d"},"breadcrumb":{"@id":"https:\/\/www.rri.ro\/fr\/actualites\/les-dossiers-de-lactualite\/la-loi-offshore-en-debat-au-parlement-id400888.html#breadcrumb"},"inLanguage":"fr-FR","potentialAction":[{"@type":"ReadAction","target":["https:\/\/www.rri.ro\/fr\/actualites\/les-dossiers-de-lactualite\/la-loi-offshore-en-debat-au-parlement-id400888.html"]}]},{"@type":"ImageObject","inLanguage":"fr-FR","@id":"https:\/\/www.rri.ro\/fr\/actualites\/les-dossiers-de-lactualite\/la-loi-offshore-en-debat-au-parlement-id400888.html#primaryimage","url":"https:\/\/www.rri.ro\/wp-content\/uploads\/2023\/10\/platforma-petrol-pixabay.jpg","contentUrl":"https:\/\/www.rri.ro\/wp-content\/uploads\/2023\/10\/platforma-petrol-pixabay.jpg","width":640,"height":480},{"@type":"BreadcrumbList","@id":"https:\/\/www.rri.ro\/fr\/actualites\/les-dossiers-de-lactualite\/la-loi-offshore-en-debat-au-parlement-id400888.html#breadcrumb","itemListElement":[{"@type":"ListItem","position":1,"name":"Page d'accueil","item":"https:\/\/www.rri.ro\/fr"},{"@type":"ListItem","position":2,"name":"Actualit\u00e9s","item":"https:\/\/www.rri.ro\/fr\/actualites"},{"@type":"ListItem","position":3,"name":"Les dossiers de l'actualit\u00e9","item":"https:\/\/www.rri.ro\/fr\/actualites\/les-dossiers-de-lactualite"},{"@type":"ListItem","position":4,"name":"La \u00ab Loi offshore \u00bb, en d\u00e9bat au Parlement"}]},{"@type":"WebSite","@id":"https:\/\/www.rri.ro\/#website","url":"https:\/\/www.rri.ro\/","name":"Radio Roumanie Internationale","description":"Totul despre Rom\u00e2nia \u015fi rom\u00e2ni, \u00een 13 limbi\/dialecte!","inLanguage":"fr-FR"},{"@type":"Person","@id":"https:\/\/www.rri.ro\/#\/schema\/person\/c6036c822534c855dc3aad41a484f05d","name":"Mihai Pelin","url":"https:\/\/www.rri.ro\/fr\/author\/mihai-pelin"}]}},"_links":{"self":[{"href":"https:\/\/www.rri.ro\/fr\/wp-json\/wp\/v2\/posts\/400888","targetHints":{"allow":["GET"]}}],"collection":[{"href":"https:\/\/www.rri.ro\/fr\/wp-json\/wp\/v2\/posts"}],"about":[{"href":"https:\/\/www.rri.ro\/fr\/wp-json\/wp\/v2\/types\/post"}],"author":[{"embeddable":true,"href":"https:\/\/www.rri.ro\/fr\/wp-json\/wp\/v2\/users\/106"}],"replies":[{"embeddable":true,"href":"https:\/\/www.rri.ro\/fr\/wp-json\/wp\/v2\/comments?post=400888"}],"version-history":[{"count":0,"href":"https:\/\/www.rri.ro\/fr\/wp-json\/wp\/v2\/posts\/400888\/revisions"}],"wp:featuredmedia":[{"embeddable":true,"href":"https:\/\/www.rri.ro\/fr\/wp-json\/wp\/v2\/media\/90207"}],"wp:attachment":[{"href":"https:\/\/www.rri.ro\/fr\/wp-json\/wp\/v2\/media?parent=400888"}],"wp:term":[{"taxonomy":"category","embeddable":true,"href":"https:\/\/www.rri.ro\/fr\/wp-json\/wp\/v2\/categories?post=400888"},{"taxonomy":"post_tag","embeddable":true,"href":"https:\/\/www.rri.ro\/fr\/wp-json\/wp\/v2\/tags?post=400888"},{"taxonomy":"author","embeddable":true,"href":"https:\/\/www.rri.ro\/fr\/wp-json\/wp\/v2\/coauthors?post=400888"}],"curies":[{"name":"wp","href":"https:\/\/api.w.org\/{rel}","templated":true}]}}