{"id":400893,"date":"2022-04-18T11:29:00","date_gmt":"2022-04-18T08:29:00","guid":{"rendered":"http:\/\/devrri.freshlemon.ro\/le-roumain-mot-a-mot\/consulter-les-lecons\/une-perspective-economique-stable-pour-la-roumanie-id400893.html"},"modified":"2022-04-18T11:29:00","modified_gmt":"2022-04-18T08:29:00","slug":"une-perspective-economique-stable-pour-la-roumanie","status":"publish","type":"post","link":"https:\/\/www.rri.ro\/fr\/actualites\/les-dossiers-de-lactualite\/une-perspective-economique-stable-pour-la-roumanie-id400893.html","title":{"rendered":"Une perspective \u00e9conomique stable pour la Roumanie"},"content":{"rendered":"<p><p>L&rsquo;Agence de&#13;<br \/>\nnotation financi\u00e8re Standard &#038; Poor&rsquo;s a reconfirm\u00e9 la note souveraine de la&#13;<br \/>\ndette gouvernementale de la Roumanie \u00e0 BBB &#8211; pour la dette \u00e0 long terme et \u00e0&#13;<br \/>\ncourt terme en monnaie nationale et en devises. Elle a aussi reconfirm\u00e9 la perspective&#13;<br \/>\nstable de l&rsquo;\u00e9conomie roumaine. Selon l&rsquo;institution, la note de la Roumanie est&#13;<br \/>\nfavoris\u00e9e par son statut d&rsquo;Etat membre de l&rsquo;UE et par son acc\u00e8s robuste au&#13;<br \/>\nfinancement sur les march\u00e9s internationaux de capitaux. <\/p>\n<p><\/p>\n<p>&#13;<br \/>\n&#13;<br \/>\n&#13;<br \/>\n&#13;<br \/>\n&#13;<br \/>\n&#13;<\/p>\n<p>En m\u00eame temps,&#13;<br \/>\nles risques engendr\u00e9s par la guerre en Ukraine sont att\u00e9nu\u00e9s par la perspective&#13;<br \/>\nde l&rsquo;absorption d&rsquo;une quantit\u00e9 importante de fonds europ\u00e9ens, la Roumanie \u00e9tant&#13;<br \/>\nun des principaux b\u00e9n\u00e9ficiaires des fonds structurels figurant dans le Cadre&#13;<br \/>\npluriannuel de l&rsquo;UE et la Facilit\u00e9 pour la reprise et la r\u00e9silience. Autre&#13;<br \/>\nfacteur important : la faible d\u00e9pendance au gaz et au p\u00e9trole russes.  <\/p>\n<p><\/p>\n<p>&#13;<br \/>\n&#13;<br \/>\n&#13;<br \/>\n&#13;<br \/>\n&#13;<br \/>\n&#13;<\/p>\n<p>Cette \u00e9valuation&#13;<br \/>\nde Standard &#038; Poor&rsquo;s intervient une semaine apr\u00e8s celle d&rsquo;une autre grande&#13;<br \/>\nagence de notation, Fitch Ratings, qui avait confirm\u00e9, elle aussi, la note souveraine&#13;<br \/>\nde la Roumanie \u00e0 BBB &#8211; avec perspective n\u00e9gative, soit la derni\u00e8re note de la&#13;<br \/>\ncat\u00e9gorie des pays \u00ab recommand\u00e9s pour les investissements \u00bb. Pour le&#13;<br \/>\nministre des Finances, Adrian C\u00e2ciu, cette note prouve que le gouvernement de Bucarest&#13;<br \/>\nmet en place des mesures efficaces cens\u00e9es contrecarrer les effets de la crise&#13;<br \/>\n\u00e9nerg\u00e9tique et de la guerre en Ukraine. Qui plus est, \u00ab Standard&#13;<br \/>\n&#038; Poor&rsquo;s affirme qu&rsquo;une croissance \u00e9conomique durable, doubl\u00e9e par la r\u00e9duction&#13;<br \/>\ndu d\u00e9ficit fiscal du gouvernement, pourrait entra\u00eener la consolidation de la&#13;<br \/>\ncapacit\u00e9 productive de l&rsquo;\u00e9conomie roumaine et, implicitement, une possible&#13;<br \/>\nam\u00e9lioration de la note souveraine du pays, a encore estim\u00e9 le ministre des&#13;<br \/>\nFinances.  <\/p>\n<p><\/p>\n<p>&#13;<br \/>\n&#13;<br \/>\n&#13;<br \/>\n&#13;<br \/>\n&#13;<br \/>\n&#13;<\/p>\n<p>Le signal de&#13;<br \/>\nconfiance que le gouvernement roumain a transmis aux investisseurs est donc&#13;<br \/>\nreconfirm\u00e9 par ces r\u00e9centes \u00e9valuations des agences de notation Standard&#13;<br \/>\n&#038; Poor&rsquo;s et Fitch Ratings, a d\u00e9clar\u00e9 samedi l&rsquo;Ex\u00e9cutif de Bucarest.&#13;<br \/>\nLa Roumanie est un pays s\u00fbr pour faire des investissements, elle offre de la&#13;<br \/>\nstabilit\u00e9 et des opportunit\u00e9s &#8211; tel est le message constant que le cabinet&#13;<br \/>\ntransmet au milieu des affaires durant cette p\u00e9riode difficile. Un message d\u00e9sormais&#13;<br \/>\nconfirm\u00e9 par les institutions financi\u00e8res internationales.   <\/p>\n<p><\/p>\n<p>&#13;<br \/>\n&#13;<br \/>\n&#13;<br \/>\n&#13;<br \/>\n&#13;<br \/>\n&#13;<\/p>\n<p>Les perspectives&#13;<br \/>\nde croissance se fondent aussi sur le volume sans pr\u00e9c\u00e9dent des fonds nationaux&#13;<br \/>\net europ\u00e9ens dont b\u00e9n\u00e9ficieront tous les domaines strat\u00e9giques de l&rsquo;\u00e9conomie&#13;<br \/>\nroumaine &#8211; l&rsquo;industrie, l&rsquo;agriculture, l&rsquo;\u00e9nergie, l&rsquo;environnement, la&#13;<br \/>\nnum\u00e9risation. Les politiques gouvernementales de d\u00e9veloppement y contribuent en&#13;<br \/>\n\u00e9gale mesure, a soulign\u00e9 l&rsquo;Ex\u00e9cutif. Parmi elles, le paquet de mesures \u00e9conomiques&#13;<br \/>\net sociales intitul\u00e9 \u00ab Soutien pour la Roumanie \u00bb, chiffr\u00e9 \u00e0 17,3&#13;<br \/>\nmilliards de lei (3,4 milliards d&rsquo;euros) et destin\u00e9 \u00e0 60 % aux investissements.&#13;<br \/>\nIl s&rsquo;ajoute aux quelques dizaines de milliards de lei provenant de fonds nationaux&#13;<br \/>\net europ\u00e9ens, destin\u00e9s eux aussi \u00e0 l&rsquo;\u00e9conomie roumaine. Le gouvernement de Bucarest&#13;<br \/>\naffirme avoir d\u00e9marr\u00e9 la mise en place de ces solutions \u00e9conomiques et souhaite&#13;<br \/>\ngarder le m\u00eame rythme acc\u00e9l\u00e9r\u00e9. Et pour cause : une \u00e9conomie dynamique est&#13;<br \/>\nla voie s\u00fbre vers le d\u00e9veloppement, vers de nouveaux emplois mieux r\u00e9mun\u00e9r\u00e9s et&#13;<br \/>\ndes services publics de qualit\u00e9 pour les citoyens, pr\u00e9cise encore le gouvernement&#13;<br \/>\nde Bucarest. (Trad. Valentina Beleavski)<\/p>\n<p><\/p>\n","protected":false},"excerpt":{"rendered":"<p>L&rsquo;Agence de&#13; notation financi\u00e8re Standard &#038; Poor&rsquo;s a reconfirm\u00e9 la note souveraine de la&#13; dette gouvernementale de la Roumanie \u00e0 BBB &#8211; pour la dette \u00e0 long terme et \u00e0&#13; court terme en monnaie nationale et en devises. Elle a aussi reconfirm\u00e9 la perspective&#13; stable de l&rsquo;\u00e9conomie roumaine. Selon l&rsquo;institution, la note de la Roumanie [&hellip;]<\/p>\n","protected":false},"author":110,"featured_media":88643,"comment_status":"closed","ping_status":"closed","sticky":false,"template":"","format":"standard","meta":{"_acf_changed":false,"footnotes":""},"categories":[93377],"tags":[],"coauthors":[],"class_list":["post-400893","post","type-post","status-publish","format-standard","has-post-thumbnail","hentry","category-les-dossiers-de-lactualite"],"acf":[],"yoast_head":"<!-- This site is optimized with the Yoast SEO plugin v27.3 - https:\/\/yoast.com\/product\/yoast-seo-wordpress\/ -->\n<title>Une perspective \u00e9conomique stable pour la Roumanie - Radio Roumanie Internationale<\/title>\n<meta name=\"robots\" content=\"index, follow, max-snippet:-1, max-image-preview:large, max-video-preview:-1\" \/>\n<link rel=\"canonical\" href=\"https:\/\/www.rri.ro\/fr\/actualites\/les-dossiers-de-lactualite\/une-perspective-economique-stable-pour-la-roumanie-id400893.html\" \/>\n<meta property=\"og:locale\" content=\"fr_FR\" \/>\n<meta property=\"og:type\" content=\"article\" \/>\n<meta property=\"og:title\" content=\"Une perspective \u00e9conomique stable pour la Roumanie - Radio Roumanie Internationale\" \/>\n<meta property=\"og:description\" content=\"L&rsquo;Agence de&#013; notation financi\u00e8re Standard &#038; Poor&rsquo;s a reconfirm\u00e9 la note souveraine de la&#013; dette gouvernementale de la Roumanie \u00e0 BBB &#8211; pour la dette \u00e0 long terme et \u00e0&#013; court terme en monnaie nationale et en devises. Elle a aussi reconfirm\u00e9 la perspective&#013; stable de l&rsquo;\u00e9conomie roumaine. Selon l&rsquo;institution, la note de la Roumanie [&hellip;]\" \/>\n<meta property=\"og:url\" content=\"https:\/\/www.rri.ro\/fr\/actualites\/les-dossiers-de-lactualite\/une-perspective-economique-stable-pour-la-roumanie-id400893.html\" \/>\n<meta property=\"og:site_name\" content=\"Radio Roumanie Internationale\" \/>\n<meta property=\"article:published_time\" content=\"2022-04-18T08:29:00+00:00\" \/>\n<meta property=\"og:image\" content=\"https:\/\/www.rri.ro\/wp-content\/uploads\/2023\/10\/crestere-economica-rating-foto-pixabay.png\" \/>\n\t<meta property=\"og:image:width\" content=\"640\" \/>\n\t<meta property=\"og:image:height\" content=\"427\" \/>\n\t<meta property=\"og:image:type\" content=\"image\/png\" \/>\n<meta name=\"author\" content=\"\u015etefan Stoica\" \/>\n<meta name=\"twitter:card\" content=\"summary_large_image\" \/>\n<meta name=\"twitter:label1\" content=\"\u00c9crit par\" \/>\n\t<meta name=\"twitter:data1\" content=\"\u015etefan Stoica\" \/>\n\t<meta name=\"twitter:label2\" content=\"Dur\u00e9e de lecture estim\u00e9e\" \/>\n\t<meta name=\"twitter:data2\" content=\"3 minutes\" \/>\n\t<meta name=\"twitter:label3\" content=\"Written by\" \/>\n\t<meta name=\"twitter:data3\" content=\"\u015etefan Stoica\" \/>\n<script type=\"application\/ld+json\" class=\"yoast-schema-graph\">{\"@context\":\"https:\\\/\\\/schema.org\",\"@graph\":[{\"@type\":\"Article\",\"@id\":\"https:\\\/\\\/www.rri.ro\\\/fr\\\/actualites\\\/les-dossiers-de-lactualite\\\/une-perspective-economique-stable-pour-la-roumanie-id400893.html#article\",\"isPartOf\":{\"@id\":\"https:\\\/\\\/www.rri.ro\\\/fr\\\/actualites\\\/les-dossiers-de-lactualite\\\/une-perspective-economique-stable-pour-la-roumanie-id400893.html\"},\"author\":{\"name\":\"\u015etefan Stoica\",\"@id\":\"https:\\\/\\\/www.rri.ro\\\/#\\\/schema\\\/person\\\/2d81d5dc94d44190d13245f64551d334\"},\"headline\":\"Une perspective \u00e9conomique stable pour la Roumanie\",\"datePublished\":\"2022-04-18T08:29:00+00:00\",\"mainEntityOfPage\":{\"@id\":\"https:\\\/\\\/www.rri.ro\\\/fr\\\/actualites\\\/les-dossiers-de-lactualite\\\/une-perspective-economique-stable-pour-la-roumanie-id400893.html\"},\"wordCount\":581,\"image\":{\"@id\":\"https:\\\/\\\/www.rri.ro\\\/fr\\\/actualites\\\/les-dossiers-de-lactualite\\\/une-perspective-economique-stable-pour-la-roumanie-id400893.html#primaryimage\"},\"thumbnailUrl\":\"https:\\\/\\\/www.rri.ro\\\/wp-content\\\/uploads\\\/2023\\\/10\\\/crestere-economica-rating-foto-pixabay.png\",\"articleSection\":[\"Les dossiers de l'actualit\u00e9\"],\"inLanguage\":\"fr-FR\"},{\"@type\":\"WebPage\",\"@id\":\"https:\\\/\\\/www.rri.ro\\\/fr\\\/actualites\\\/les-dossiers-de-lactualite\\\/une-perspective-economique-stable-pour-la-roumanie-id400893.html\",\"url\":\"https:\\\/\\\/www.rri.ro\\\/fr\\\/actualites\\\/les-dossiers-de-lactualite\\\/une-perspective-economique-stable-pour-la-roumanie-id400893.html\",\"name\":\"Une perspective \u00e9conomique stable pour la Roumanie - Radio Roumanie Internationale\",\"isPartOf\":{\"@id\":\"https:\\\/\\\/www.rri.ro\\\/#website\"},\"primaryImageOfPage\":{\"@id\":\"https:\\\/\\\/www.rri.ro\\\/fr\\\/actualites\\\/les-dossiers-de-lactualite\\\/une-perspective-economique-stable-pour-la-roumanie-id400893.html#primaryimage\"},\"image\":{\"@id\":\"https:\\\/\\\/www.rri.ro\\\/fr\\\/actualites\\\/les-dossiers-de-lactualite\\\/une-perspective-economique-stable-pour-la-roumanie-id400893.html#primaryimage\"},\"thumbnailUrl\":\"https:\\\/\\\/www.rri.ro\\\/wp-content\\\/uploads\\\/2023\\\/10\\\/crestere-economica-rating-foto-pixabay.png\",\"datePublished\":\"2022-04-18T08:29:00+00:00\",\"author\":{\"@id\":\"https:\\\/\\\/www.rri.ro\\\/#\\\/schema\\\/person\\\/2d81d5dc94d44190d13245f64551d334\"},\"breadcrumb\":{\"@id\":\"https:\\\/\\\/www.rri.ro\\\/fr\\\/actualites\\\/les-dossiers-de-lactualite\\\/une-perspective-economique-stable-pour-la-roumanie-id400893.html#breadcrumb\"},\"inLanguage\":\"fr-FR\",\"potentialAction\":[{\"@type\":\"ReadAction\",\"target\":[\"https:\\\/\\\/www.rri.ro\\\/fr\\\/actualites\\\/les-dossiers-de-lactualite\\\/une-perspective-economique-stable-pour-la-roumanie-id400893.html\"]}]},{\"@type\":\"ImageObject\",\"inLanguage\":\"fr-FR\",\"@id\":\"https:\\\/\\\/www.rri.ro\\\/fr\\\/actualites\\\/les-dossiers-de-lactualite\\\/une-perspective-economique-stable-pour-la-roumanie-id400893.html#primaryimage\",\"url\":\"https:\\\/\\\/www.rri.ro\\\/wp-content\\\/uploads\\\/2023\\\/10\\\/crestere-economica-rating-foto-pixabay.png\",\"contentUrl\":\"https:\\\/\\\/www.rri.ro\\\/wp-content\\\/uploads\\\/2023\\\/10\\\/crestere-economica-rating-foto-pixabay.png\",\"width\":640,\"height\":427,\"caption\":\"crestere-economica-rating-foto-pixabay\"},{\"@type\":\"BreadcrumbList\",\"@id\":\"https:\\\/\\\/www.rri.ro\\\/fr\\\/actualites\\\/les-dossiers-de-lactualite\\\/une-perspective-economique-stable-pour-la-roumanie-id400893.html#breadcrumb\",\"itemListElement\":[{\"@type\":\"ListItem\",\"position\":1,\"name\":\"Page d'accueil\",\"item\":\"https:\\\/\\\/www.rri.ro\\\/fr\"},{\"@type\":\"ListItem\",\"position\":2,\"name\":\"Actualit\u00e9s\",\"item\":\"https:\\\/\\\/www.rri.ro\\\/fr\\\/actualites\"},{\"@type\":\"ListItem\",\"position\":3,\"name\":\"Les dossiers de l'actualit\u00e9\",\"item\":\"https:\\\/\\\/www.rri.ro\\\/fr\\\/actualites\\\/les-dossiers-de-lactualite\"},{\"@type\":\"ListItem\",\"position\":4,\"name\":\"Une perspective \u00e9conomique stable pour la Roumanie\"}]},{\"@type\":\"WebSite\",\"@id\":\"https:\\\/\\\/www.rri.ro\\\/#website\",\"url\":\"https:\\\/\\\/www.rri.ro\\\/\",\"name\":\"Radio Roumanie Internationale\",\"description\":\"Totul despre Rom\u00e2nia \u015fi rom\u00e2ni, \u00een 13 limbi\\\/dialecte!\",\"inLanguage\":\"fr-FR\"},{\"@type\":\"Person\",\"@id\":\"https:\\\/\\\/www.rri.ro\\\/#\\\/schema\\\/person\\\/2d81d5dc94d44190d13245f64551d334\",\"name\":\"\u015etefan Stoica\",\"url\":\"https:\\\/\\\/www.rri.ro\\\/fr\\\/author\\\/stefan-stoica\"}]}<\/script>\n<!-- \/ Yoast SEO plugin. -->","yoast_head_json":{"title":"Une perspective \u00e9conomique stable pour la Roumanie - Radio Roumanie Internationale","robots":{"index":"index","follow":"follow","max-snippet":"max-snippet:-1","max-image-preview":"max-image-preview:large","max-video-preview":"max-video-preview:-1"},"canonical":"https:\/\/www.rri.ro\/fr\/actualites\/les-dossiers-de-lactualite\/une-perspective-economique-stable-pour-la-roumanie-id400893.html","og_locale":"fr_FR","og_type":"article","og_title":"Une perspective \u00e9conomique stable pour la Roumanie - Radio Roumanie Internationale","og_description":"L&rsquo;Agence de&#13; notation financi\u00e8re Standard &#038; Poor&rsquo;s a reconfirm\u00e9 la note souveraine de la&#13; dette gouvernementale de la Roumanie \u00e0 BBB &#8211; pour la dette \u00e0 long terme et \u00e0&#13; court terme en monnaie nationale et en devises. Elle a aussi reconfirm\u00e9 la perspective&#13; stable de l&rsquo;\u00e9conomie roumaine. Selon l&rsquo;institution, la note de la Roumanie [&hellip;]","og_url":"https:\/\/www.rri.ro\/fr\/actualites\/les-dossiers-de-lactualite\/une-perspective-economique-stable-pour-la-roumanie-id400893.html","og_site_name":"Radio Roumanie Internationale","article_published_time":"2022-04-18T08:29:00+00:00","og_image":[{"width":640,"height":427,"url":"https:\/\/www.rri.ro\/wp-content\/uploads\/2023\/10\/crestere-economica-rating-foto-pixabay.png","type":"image\/png"}],"author":"\u015etefan Stoica","twitter_card":"summary_large_image","twitter_misc":{"\u00c9crit par":"\u015etefan Stoica","Dur\u00e9e de lecture estim\u00e9e":"3 minutes","Written by":"\u015etefan Stoica"},"schema":{"@context":"https:\/\/schema.org","@graph":[{"@type":"Article","@id":"https:\/\/www.rri.ro\/fr\/actualites\/les-dossiers-de-lactualite\/une-perspective-economique-stable-pour-la-roumanie-id400893.html#article","isPartOf":{"@id":"https:\/\/www.rri.ro\/fr\/actualites\/les-dossiers-de-lactualite\/une-perspective-economique-stable-pour-la-roumanie-id400893.html"},"author":{"name":"\u015etefan Stoica","@id":"https:\/\/www.rri.ro\/#\/schema\/person\/2d81d5dc94d44190d13245f64551d334"},"headline":"Une perspective \u00e9conomique stable pour la Roumanie","datePublished":"2022-04-18T08:29:00+00:00","mainEntityOfPage":{"@id":"https:\/\/www.rri.ro\/fr\/actualites\/les-dossiers-de-lactualite\/une-perspective-economique-stable-pour-la-roumanie-id400893.html"},"wordCount":581,"image":{"@id":"https:\/\/www.rri.ro\/fr\/actualites\/les-dossiers-de-lactualite\/une-perspective-economique-stable-pour-la-roumanie-id400893.html#primaryimage"},"thumbnailUrl":"https:\/\/www.rri.ro\/wp-content\/uploads\/2023\/10\/crestere-economica-rating-foto-pixabay.png","articleSection":["Les dossiers de l'actualit\u00e9"],"inLanguage":"fr-FR"},{"@type":"WebPage","@id":"https:\/\/www.rri.ro\/fr\/actualites\/les-dossiers-de-lactualite\/une-perspective-economique-stable-pour-la-roumanie-id400893.html","url":"https:\/\/www.rri.ro\/fr\/actualites\/les-dossiers-de-lactualite\/une-perspective-economique-stable-pour-la-roumanie-id400893.html","name":"Une perspective \u00e9conomique stable pour la Roumanie - Radio Roumanie Internationale","isPartOf":{"@id":"https:\/\/www.rri.ro\/#website"},"primaryImageOfPage":{"@id":"https:\/\/www.rri.ro\/fr\/actualites\/les-dossiers-de-lactualite\/une-perspective-economique-stable-pour-la-roumanie-id400893.html#primaryimage"},"image":{"@id":"https:\/\/www.rri.ro\/fr\/actualites\/les-dossiers-de-lactualite\/une-perspective-economique-stable-pour-la-roumanie-id400893.html#primaryimage"},"thumbnailUrl":"https:\/\/www.rri.ro\/wp-content\/uploads\/2023\/10\/crestere-economica-rating-foto-pixabay.png","datePublished":"2022-04-18T08:29:00+00:00","author":{"@id":"https:\/\/www.rri.ro\/#\/schema\/person\/2d81d5dc94d44190d13245f64551d334"},"breadcrumb":{"@id":"https:\/\/www.rri.ro\/fr\/actualites\/les-dossiers-de-lactualite\/une-perspective-economique-stable-pour-la-roumanie-id400893.html#breadcrumb"},"inLanguage":"fr-FR","potentialAction":[{"@type":"ReadAction","target":["https:\/\/www.rri.ro\/fr\/actualites\/les-dossiers-de-lactualite\/une-perspective-economique-stable-pour-la-roumanie-id400893.html"]}]},{"@type":"ImageObject","inLanguage":"fr-FR","@id":"https:\/\/www.rri.ro\/fr\/actualites\/les-dossiers-de-lactualite\/une-perspective-economique-stable-pour-la-roumanie-id400893.html#primaryimage","url":"https:\/\/www.rri.ro\/wp-content\/uploads\/2023\/10\/crestere-economica-rating-foto-pixabay.png","contentUrl":"https:\/\/www.rri.ro\/wp-content\/uploads\/2023\/10\/crestere-economica-rating-foto-pixabay.png","width":640,"height":427,"caption":"crestere-economica-rating-foto-pixabay"},{"@type":"BreadcrumbList","@id":"https:\/\/www.rri.ro\/fr\/actualites\/les-dossiers-de-lactualite\/une-perspective-economique-stable-pour-la-roumanie-id400893.html#breadcrumb","itemListElement":[{"@type":"ListItem","position":1,"name":"Page d'accueil","item":"https:\/\/www.rri.ro\/fr"},{"@type":"ListItem","position":2,"name":"Actualit\u00e9s","item":"https:\/\/www.rri.ro\/fr\/actualites"},{"@type":"ListItem","position":3,"name":"Les dossiers de l'actualit\u00e9","item":"https:\/\/www.rri.ro\/fr\/actualites\/les-dossiers-de-lactualite"},{"@type":"ListItem","position":4,"name":"Une perspective \u00e9conomique stable pour la Roumanie"}]},{"@type":"WebSite","@id":"https:\/\/www.rri.ro\/#website","url":"https:\/\/www.rri.ro\/","name":"Radio Roumanie Internationale","description":"Totul despre Rom\u00e2nia \u015fi rom\u00e2ni, \u00een 13 limbi\/dialecte!","inLanguage":"fr-FR"},{"@type":"Person","@id":"https:\/\/www.rri.ro\/#\/schema\/person\/2d81d5dc94d44190d13245f64551d334","name":"\u015etefan Stoica","url":"https:\/\/www.rri.ro\/fr\/author\/stefan-stoica"}]}},"_links":{"self":[{"href":"https:\/\/www.rri.ro\/fr\/wp-json\/wp\/v2\/posts\/400893","targetHints":{"allow":["GET"]}}],"collection":[{"href":"https:\/\/www.rri.ro\/fr\/wp-json\/wp\/v2\/posts"}],"about":[{"href":"https:\/\/www.rri.ro\/fr\/wp-json\/wp\/v2\/types\/post"}],"author":[{"embeddable":true,"href":"https:\/\/www.rri.ro\/fr\/wp-json\/wp\/v2\/users\/110"}],"replies":[{"embeddable":true,"href":"https:\/\/www.rri.ro\/fr\/wp-json\/wp\/v2\/comments?post=400893"}],"version-history":[{"count":0,"href":"https:\/\/www.rri.ro\/fr\/wp-json\/wp\/v2\/posts\/400893\/revisions"}],"wp:featuredmedia":[{"embeddable":true,"href":"https:\/\/www.rri.ro\/fr\/wp-json\/wp\/v2\/media\/88643"}],"wp:attachment":[{"href":"https:\/\/www.rri.ro\/fr\/wp-json\/wp\/v2\/media?parent=400893"}],"wp:term":[{"taxonomy":"category","embeddable":true,"href":"https:\/\/www.rri.ro\/fr\/wp-json\/wp\/v2\/categories?post=400893"},{"taxonomy":"post_tag","embeddable":true,"href":"https:\/\/www.rri.ro\/fr\/wp-json\/wp\/v2\/tags?post=400893"},{"taxonomy":"author","embeddable":true,"href":"https:\/\/www.rri.ro\/fr\/wp-json\/wp\/v2\/coauthors?post=400893"}],"curies":[{"name":"wp","href":"https:\/\/api.w.org\/{rel}","templated":true}]}}