{"id":400896,"date":"2022-04-21T12:11:00","date_gmt":"2022-04-21T09:11:00","guid":{"rendered":"http:\/\/devrri.freshlemon.ro\/le-roumain-mot-a-mot\/consulter-les-lecons\/match-pour-la-paix-a-cluj-id400896.html"},"modified":"2022-04-21T12:11:00","modified_gmt":"2022-04-21T09:11:00","slug":"match-pour-la-paix-a-cluj","status":"publish","type":"post","link":"https:\/\/www.rri.ro\/fr\/actualites\/les-dossiers-de-lactualite\/match-pour-la-paix-a-cluj-id400896.html","title":{"rendered":"Match pour la paix \u00e0 Cluj"},"content":{"rendered":"<p><p>Match nul entre les clubs de CFR Cluj et Dynamo Kiev qui&#13;<br \/>\nse sont affront\u00e9s mercredi soir sur le stade \u00a0\u00bbDr. Constantin R\u0103dulescu\u00a0\u00bb de Cluj Napoca, dans le&#13;<br \/>\ncentre-ouest, \u00e0 l&rsquo;occasion d&rsquo;un \u00ab match pour la paix \u00bb devant 5 000&#13;<br \/>\nsupporters. Les joueurs sont entr\u00e9s sur le terrain, portant le drapeau&#13;<br \/>\nukrainien sur les \u00e9paules. Aid\u00e9s des arbitres, ils ont d\u00e9roul\u00e9 des banderoles&#13;<br \/>\n\u00ab Match for peace \u00bb (match pour la paix) et \u00ab Stop war in&#13;<br \/>\nUkraine \u00bb (stop \u00e0 la guerre en Ukraine) au milieu du terrain. Une autre&#13;<br \/>\nbanderole \u00ab Stop the war \u00bb a \u00e9t\u00e9 d\u00e9roul\u00e9e sur la pelouse du stade. La&#13;<br \/>\nchanteuse roumaine Vl\u0103du\u0163a Lup\u0103u et&#13;<br \/>\nl&rsquo;ukrainienne Iulia Sanina ont chacune chant\u00e9 l&rsquo;hymne de leur pays avant&#13;<br \/>\nd&rsquo;observer une minute de silence en hommage aux victimes de la guerre en&#13;<br \/>\nUkraine. Le match a \u00e9t\u00e9 pr\u00e9c\u00e9d\u00e9 d&rsquo;un concert pour la paix donn\u00e9 par des&#13;<br \/>\nartistes des deux pays. Parmi eux, la c\u00e9l\u00e8bre chanteuse ukrainienne et&#13;<br \/>\nvainqueur de l&rsquo;Eurovision Ruslana ainsi que Vl\u0103du\u0163a Lup\u0103u, Adela Todoran,&#13;<br \/>\nDorofeeva, Katerina Pavlenko et Iulia Sanina. Tous les b\u00e9n\u00e9fices des ventes de&#13;<br \/>\nbillets seront revers\u00e9s pour venir en aide aux r\u00e9fugi\u00e9s du pays voisin. Le jour&#13;<br \/>\ndu match, m\u00eame l&rsquo;entraineur du Dynamo Kiev, le fameux ex-footballeur et coach&#13;<br \/>\nroumain Mircea Lucescu, est all\u00e9 distribuer les billets dans le&#13;<br \/>\ncentre-ville. Les joueurs aussi se sont rendus en ville pour se d\u00e9tendre et en&#13;<br \/>\nont profit\u00e9 pour suivre l&rsquo;exemple de leur entraineur en distribuant \u00e0 leur tour&#13;<br \/>\ndes billets. L&rsquo;occasion pour les passionn\u00e9s de foot de Cluj de passer un bon&#13;<br \/>\nmoment aux cot\u00e9s des vedettes du foot ukrainien. Les r\u00e9fugi\u00e9s ukrainiens ont pu&#13;<br \/>\nvenir assister gratuitement au match. <\/p>\n<p>Mercredi toujours, Mircea Lucescu, accompagn\u00e9 de&#13;<br \/>\nl&rsquo;entraineur du CFR Cluj, l&rsquo;ancien joueur international Dan Petrescu ainsi que&#13;<br \/>\ndes joueurs des deux \u00e9quipes, s&rsquo;est rendu dans un camp de r\u00e9fugi\u00e9s ukrainiens&#13;<br \/>\nde la ville.<strong class=cms-bold> <\/strong><strong>Vasile D\u00e2ncu, le ministre roumain de la D\u00e9fense \u00e9tait aussi pr\u00e9sent&#13;<br \/>\npour l&rsquo;\u00e9v\u00e8nement. Initialement, le Dynamo Kiev devait affronter le club bucarestois&#13;<br \/>\nFCSB. Les Ukrainiens ont annonc\u00e9 l&rsquo;annulation du match suite aux d\u00e9clarations&#13;<br \/>\ncontrovers\u00e9es du dirigeant du club, Gigi Becali, \u00e0 propos de la situation en&#13;<br \/>\nUkraine. Ce match pr\u00e9paratoire s&rsquo;inscrit dans le Tournoi europ\u00e9en pour la paix,&#13;<br \/>\norganis\u00e9 par le Dynamo Kiev et baptis\u00e9 ainsi par les Ukrainiens apr\u00e8s&#13;<br \/>\nl&rsquo;invasion du pays par la Russie. D&rsquo;ailleurs, le championnat ukrainien est&#13;<br \/>\nsuspendu pour une dur\u00e9e ind\u00e9termin\u00e9e, mais les \u00e9quipes tentent de rester en&#13;<br \/>\nforme en continuant de jouer \u00e0 l&rsquo;\u00e9tranger. Le club Dynamo Kiev, qui a remport\u00e9&#13;<br \/>\n16 fois le championnat d&rsquo;Ukraine, va poursuivre sa tourn\u00e9e. L&rsquo;\u00e9quipe disputera&#13;<br \/>\ndeux nouveaux matchs la semaine prochaine, contre le club allemand <\/strong>Borussia Dortmund et le Dynamo Zagreb de&#13;<br \/>\nCroatie. Les discussions se poursuivent &#13;<br \/>\nafin d&rsquo;organiser d&rsquo;autres matchs caritatifs entre diff\u00e9rentes \u00e9quipes&#13;<br \/>\neurop\u00e9ennes, comme le Manchester City (Royaume-Uni) ou l&rsquo;AC Milan (Italie).&#13;<br \/>\n(Trad : Charlotte Fromenteaud)<\/p>\n<p><\/p>\n","protected":false},"excerpt":{"rendered":"<p>Match nul entre les clubs de CFR Cluj et Dynamo Kiev qui&#13; se sont affront\u00e9s mercredi soir sur le stade \u00a0\u00bbDr. Constantin R\u0103dulescu\u00a0\u00bb de Cluj Napoca, dans le&#13; centre-ouest, \u00e0 l&rsquo;occasion d&rsquo;un \u00ab match pour la paix \u00bb devant 5 000&#13; supporters. Les joueurs sont entr\u00e9s sur le terrain, portant le drapeau&#13; ukrainien sur les [&hellip;]<\/p>\n","protected":false},"author":106,"featured_media":92018,"comment_status":"closed","ping_status":"closed","sticky":false,"template":"","format":"standard","meta":{"_acf_changed":false,"footnotes":""},"categories":[93377],"tags":[148455,86782,85412,116089],"coauthors":[],"class_list":["post-400896","post","type-post","status-publish","format-standard","has-post-thumbnail","hentry","category-les-dossiers-de-lactualite","tag-football-fr","tag-refugies","tag-roumanie","tag-ukraine-fr"],"acf":[],"yoast_head":"<!-- This site is optimized with the Yoast SEO plugin v27.3 - https:\/\/yoast.com\/product\/yoast-seo-wordpress\/ -->\n<title>Match pour la paix \u00e0 Cluj - Radio Roumanie Internationale<\/title>\n<meta name=\"robots\" content=\"index, follow, max-snippet:-1, max-image-preview:large, max-video-preview:-1\" \/>\n<link rel=\"canonical\" href=\"https:\/\/www.rri.ro\/fr\/actualites\/les-dossiers-de-lactualite\/match-pour-la-paix-a-cluj-id400896.html\" \/>\n<meta property=\"og:locale\" content=\"fr_FR\" \/>\n<meta property=\"og:type\" content=\"article\" \/>\n<meta property=\"og:title\" content=\"Match pour la paix \u00e0 Cluj - Radio Roumanie Internationale\" \/>\n<meta property=\"og:description\" content=\"Match nul entre les clubs de CFR Cluj et Dynamo Kiev qui&#013; se sont affront\u00e9s mercredi soir sur le stade \u00a0\u00bbDr. Constantin R\u0103dulescu\u00a0\u00bb de Cluj Napoca, dans le&#013; centre-ouest, \u00e0 l&rsquo;occasion d&rsquo;un \u00ab match pour la paix \u00bb devant 5 000&#013; supporters. Les joueurs sont entr\u00e9s sur le terrain, portant le drapeau&#013; ukrainien sur les [&hellip;]\" \/>\n<meta property=\"og:url\" content=\"https:\/\/www.rri.ro\/fr\/actualites\/les-dossiers-de-lactualite\/match-pour-la-paix-a-cluj-id400896.html\" \/>\n<meta property=\"og:site_name\" content=\"Radio Roumanie Internationale\" \/>\n<meta property=\"article:published_time\" content=\"2022-04-21T09:11:00+00:00\" \/>\n<meta property=\"og:image\" content=\"https:\/\/www.rri.ro\/wp-content\/uploads\/2023\/10\/meci-cluj-ucraina-foto-facebook-cfr1907.jpg\" \/>\n\t<meta property=\"og:image:width\" content=\"640\" \/>\n\t<meta property=\"og:image:height\" content=\"427\" \/>\n\t<meta property=\"og:image:type\" content=\"image\/jpeg\" \/>\n<meta name=\"author\" content=\"Mihai Pelin\" \/>\n<meta name=\"twitter:card\" content=\"summary_large_image\" \/>\n<meta name=\"twitter:label1\" content=\"\u00c9crit par\" \/>\n\t<meta name=\"twitter:data1\" content=\"Mihai Pelin\" \/>\n\t<meta name=\"twitter:label2\" content=\"Dur\u00e9e de lecture estim\u00e9e\" \/>\n\t<meta name=\"twitter:data2\" content=\"3 minutes\" \/>\n\t<meta name=\"twitter:label3\" content=\"Written by\" \/>\n\t<meta name=\"twitter:data3\" content=\"Mihai Pelin\" \/>\n<script type=\"application\/ld+json\" class=\"yoast-schema-graph\">{\"@context\":\"https:\\\/\\\/schema.org\",\"@graph\":[{\"@type\":\"Article\",\"@id\":\"https:\\\/\\\/www.rri.ro\\\/fr\\\/actualites\\\/les-dossiers-de-lactualite\\\/match-pour-la-paix-a-cluj-id400896.html#article\",\"isPartOf\":{\"@id\":\"https:\\\/\\\/www.rri.ro\\\/fr\\\/actualites\\\/les-dossiers-de-lactualite\\\/match-pour-la-paix-a-cluj-id400896.html\"},\"author\":{\"name\":\"Mihai Pelin\",\"@id\":\"https:\\\/\\\/www.rri.ro\\\/#\\\/schema\\\/person\\\/c6036c822534c855dc3aad41a484f05d\"},\"headline\":\"Match pour la paix \u00e0 Cluj\",\"datePublished\":\"2022-04-21T09:11:00+00:00\",\"mainEntityOfPage\":{\"@id\":\"https:\\\/\\\/www.rri.ro\\\/fr\\\/actualites\\\/les-dossiers-de-lactualite\\\/match-pour-la-paix-a-cluj-id400896.html\"},\"wordCount\":530,\"image\":{\"@id\":\"https:\\\/\\\/www.rri.ro\\\/fr\\\/actualites\\\/les-dossiers-de-lactualite\\\/match-pour-la-paix-a-cluj-id400896.html#primaryimage\"},\"thumbnailUrl\":\"https:\\\/\\\/www.rri.ro\\\/wp-content\\\/uploads\\\/2023\\\/10\\\/meci-cluj-ucraina-foto-facebook-cfr1907.jpg\",\"keywords\":[\"football\",\"r\u00e9fugi\u00e9s\",\"Roumanie\",\"Ukraine\"],\"articleSection\":[\"Les dossiers de l'actualit\u00e9\"],\"inLanguage\":\"fr-FR\"},{\"@type\":\"WebPage\",\"@id\":\"https:\\\/\\\/www.rri.ro\\\/fr\\\/actualites\\\/les-dossiers-de-lactualite\\\/match-pour-la-paix-a-cluj-id400896.html\",\"url\":\"https:\\\/\\\/www.rri.ro\\\/fr\\\/actualites\\\/les-dossiers-de-lactualite\\\/match-pour-la-paix-a-cluj-id400896.html\",\"name\":\"Match pour la paix \u00e0 Cluj - Radio Roumanie Internationale\",\"isPartOf\":{\"@id\":\"https:\\\/\\\/www.rri.ro\\\/#website\"},\"primaryImageOfPage\":{\"@id\":\"https:\\\/\\\/www.rri.ro\\\/fr\\\/actualites\\\/les-dossiers-de-lactualite\\\/match-pour-la-paix-a-cluj-id400896.html#primaryimage\"},\"image\":{\"@id\":\"https:\\\/\\\/www.rri.ro\\\/fr\\\/actualites\\\/les-dossiers-de-lactualite\\\/match-pour-la-paix-a-cluj-id400896.html#primaryimage\"},\"thumbnailUrl\":\"https:\\\/\\\/www.rri.ro\\\/wp-content\\\/uploads\\\/2023\\\/10\\\/meci-cluj-ucraina-foto-facebook-cfr1907.jpg\",\"datePublished\":\"2022-04-21T09:11:00+00:00\",\"author\":{\"@id\":\"https:\\\/\\\/www.rri.ro\\\/#\\\/schema\\\/person\\\/c6036c822534c855dc3aad41a484f05d\"},\"breadcrumb\":{\"@id\":\"https:\\\/\\\/www.rri.ro\\\/fr\\\/actualites\\\/les-dossiers-de-lactualite\\\/match-pour-la-paix-a-cluj-id400896.html#breadcrumb\"},\"inLanguage\":\"fr-FR\",\"potentialAction\":[{\"@type\":\"ReadAction\",\"target\":[\"https:\\\/\\\/www.rri.ro\\\/fr\\\/actualites\\\/les-dossiers-de-lactualite\\\/match-pour-la-paix-a-cluj-id400896.html\"]}]},{\"@type\":\"ImageObject\",\"inLanguage\":\"fr-FR\",\"@id\":\"https:\\\/\\\/www.rri.ro\\\/fr\\\/actualites\\\/les-dossiers-de-lactualite\\\/match-pour-la-paix-a-cluj-id400896.html#primaryimage\",\"url\":\"https:\\\/\\\/www.rri.ro\\\/wp-content\\\/uploads\\\/2023\\\/10\\\/meci-cluj-ucraina-foto-facebook-cfr1907.jpg\",\"contentUrl\":\"https:\\\/\\\/www.rri.ro\\\/wp-content\\\/uploads\\\/2023\\\/10\\\/meci-cluj-ucraina-foto-facebook-cfr1907.jpg\",\"width\":640,\"height\":427},{\"@type\":\"BreadcrumbList\",\"@id\":\"https:\\\/\\\/www.rri.ro\\\/fr\\\/actualites\\\/les-dossiers-de-lactualite\\\/match-pour-la-paix-a-cluj-id400896.html#breadcrumb\",\"itemListElement\":[{\"@type\":\"ListItem\",\"position\":1,\"name\":\"Page d'accueil\",\"item\":\"https:\\\/\\\/www.rri.ro\\\/fr\"},{\"@type\":\"ListItem\",\"position\":2,\"name\":\"Actualit\u00e9s\",\"item\":\"https:\\\/\\\/www.rri.ro\\\/fr\\\/actualites\"},{\"@type\":\"ListItem\",\"position\":3,\"name\":\"Les dossiers de l'actualit\u00e9\",\"item\":\"https:\\\/\\\/www.rri.ro\\\/fr\\\/actualites\\\/les-dossiers-de-lactualite\"},{\"@type\":\"ListItem\",\"position\":4,\"name\":\"Match pour la paix \u00e0 Cluj\"}]},{\"@type\":\"WebSite\",\"@id\":\"https:\\\/\\\/www.rri.ro\\\/#website\",\"url\":\"https:\\\/\\\/www.rri.ro\\\/\",\"name\":\"Radio Roumanie Internationale\",\"description\":\"Totul despre Rom\u00e2nia \u015fi rom\u00e2ni, \u00een 13 limbi\\\/dialecte!\",\"inLanguage\":\"fr-FR\"},{\"@type\":\"Person\",\"@id\":\"https:\\\/\\\/www.rri.ro\\\/#\\\/schema\\\/person\\\/c6036c822534c855dc3aad41a484f05d\",\"name\":\"Mihai Pelin\",\"url\":\"https:\\\/\\\/www.rri.ro\\\/fr\\\/author\\\/mihai-pelin\"}]}<\/script>\n<!-- \/ Yoast SEO plugin. -->","yoast_head_json":{"title":"Match pour la paix \u00e0 Cluj - Radio Roumanie Internationale","robots":{"index":"index","follow":"follow","max-snippet":"max-snippet:-1","max-image-preview":"max-image-preview:large","max-video-preview":"max-video-preview:-1"},"canonical":"https:\/\/www.rri.ro\/fr\/actualites\/les-dossiers-de-lactualite\/match-pour-la-paix-a-cluj-id400896.html","og_locale":"fr_FR","og_type":"article","og_title":"Match pour la paix \u00e0 Cluj - Radio Roumanie Internationale","og_description":"Match nul entre les clubs de CFR Cluj et Dynamo Kiev qui&#13; se sont affront\u00e9s mercredi soir sur le stade \u00a0\u00bbDr. Constantin R\u0103dulescu\u00a0\u00bb de Cluj Napoca, dans le&#13; centre-ouest, \u00e0 l&rsquo;occasion d&rsquo;un \u00ab match pour la paix \u00bb devant 5 000&#13; supporters. Les joueurs sont entr\u00e9s sur le terrain, portant le drapeau&#13; ukrainien sur les [&hellip;]","og_url":"https:\/\/www.rri.ro\/fr\/actualites\/les-dossiers-de-lactualite\/match-pour-la-paix-a-cluj-id400896.html","og_site_name":"Radio Roumanie Internationale","article_published_time":"2022-04-21T09:11:00+00:00","og_image":[{"width":640,"height":427,"url":"https:\/\/www.rri.ro\/wp-content\/uploads\/2023\/10\/meci-cluj-ucraina-foto-facebook-cfr1907.jpg","type":"image\/jpeg"}],"author":"Mihai Pelin","twitter_card":"summary_large_image","twitter_misc":{"\u00c9crit par":"Mihai Pelin","Dur\u00e9e de lecture estim\u00e9e":"3 minutes","Written by":"Mihai Pelin"},"schema":{"@context":"https:\/\/schema.org","@graph":[{"@type":"Article","@id":"https:\/\/www.rri.ro\/fr\/actualites\/les-dossiers-de-lactualite\/match-pour-la-paix-a-cluj-id400896.html#article","isPartOf":{"@id":"https:\/\/www.rri.ro\/fr\/actualites\/les-dossiers-de-lactualite\/match-pour-la-paix-a-cluj-id400896.html"},"author":{"name":"Mihai Pelin","@id":"https:\/\/www.rri.ro\/#\/schema\/person\/c6036c822534c855dc3aad41a484f05d"},"headline":"Match pour la paix \u00e0 Cluj","datePublished":"2022-04-21T09:11:00+00:00","mainEntityOfPage":{"@id":"https:\/\/www.rri.ro\/fr\/actualites\/les-dossiers-de-lactualite\/match-pour-la-paix-a-cluj-id400896.html"},"wordCount":530,"image":{"@id":"https:\/\/www.rri.ro\/fr\/actualites\/les-dossiers-de-lactualite\/match-pour-la-paix-a-cluj-id400896.html#primaryimage"},"thumbnailUrl":"https:\/\/www.rri.ro\/wp-content\/uploads\/2023\/10\/meci-cluj-ucraina-foto-facebook-cfr1907.jpg","keywords":["football","r\u00e9fugi\u00e9s","Roumanie","Ukraine"],"articleSection":["Les dossiers de l'actualit\u00e9"],"inLanguage":"fr-FR"},{"@type":"WebPage","@id":"https:\/\/www.rri.ro\/fr\/actualites\/les-dossiers-de-lactualite\/match-pour-la-paix-a-cluj-id400896.html","url":"https:\/\/www.rri.ro\/fr\/actualites\/les-dossiers-de-lactualite\/match-pour-la-paix-a-cluj-id400896.html","name":"Match pour la paix \u00e0 Cluj - Radio Roumanie Internationale","isPartOf":{"@id":"https:\/\/www.rri.ro\/#website"},"primaryImageOfPage":{"@id":"https:\/\/www.rri.ro\/fr\/actualites\/les-dossiers-de-lactualite\/match-pour-la-paix-a-cluj-id400896.html#primaryimage"},"image":{"@id":"https:\/\/www.rri.ro\/fr\/actualites\/les-dossiers-de-lactualite\/match-pour-la-paix-a-cluj-id400896.html#primaryimage"},"thumbnailUrl":"https:\/\/www.rri.ro\/wp-content\/uploads\/2023\/10\/meci-cluj-ucraina-foto-facebook-cfr1907.jpg","datePublished":"2022-04-21T09:11:00+00:00","author":{"@id":"https:\/\/www.rri.ro\/#\/schema\/person\/c6036c822534c855dc3aad41a484f05d"},"breadcrumb":{"@id":"https:\/\/www.rri.ro\/fr\/actualites\/les-dossiers-de-lactualite\/match-pour-la-paix-a-cluj-id400896.html#breadcrumb"},"inLanguage":"fr-FR","potentialAction":[{"@type":"ReadAction","target":["https:\/\/www.rri.ro\/fr\/actualites\/les-dossiers-de-lactualite\/match-pour-la-paix-a-cluj-id400896.html"]}]},{"@type":"ImageObject","inLanguage":"fr-FR","@id":"https:\/\/www.rri.ro\/fr\/actualites\/les-dossiers-de-lactualite\/match-pour-la-paix-a-cluj-id400896.html#primaryimage","url":"https:\/\/www.rri.ro\/wp-content\/uploads\/2023\/10\/meci-cluj-ucraina-foto-facebook-cfr1907.jpg","contentUrl":"https:\/\/www.rri.ro\/wp-content\/uploads\/2023\/10\/meci-cluj-ucraina-foto-facebook-cfr1907.jpg","width":640,"height":427},{"@type":"BreadcrumbList","@id":"https:\/\/www.rri.ro\/fr\/actualites\/les-dossiers-de-lactualite\/match-pour-la-paix-a-cluj-id400896.html#breadcrumb","itemListElement":[{"@type":"ListItem","position":1,"name":"Page d'accueil","item":"https:\/\/www.rri.ro\/fr"},{"@type":"ListItem","position":2,"name":"Actualit\u00e9s","item":"https:\/\/www.rri.ro\/fr\/actualites"},{"@type":"ListItem","position":3,"name":"Les dossiers de l'actualit\u00e9","item":"https:\/\/www.rri.ro\/fr\/actualites\/les-dossiers-de-lactualite"},{"@type":"ListItem","position":4,"name":"Match pour la paix \u00e0 Cluj"}]},{"@type":"WebSite","@id":"https:\/\/www.rri.ro\/#website","url":"https:\/\/www.rri.ro\/","name":"Radio Roumanie Internationale","description":"Totul despre Rom\u00e2nia \u015fi rom\u00e2ni, \u00een 13 limbi\/dialecte!","inLanguage":"fr-FR"},{"@type":"Person","@id":"https:\/\/www.rri.ro\/#\/schema\/person\/c6036c822534c855dc3aad41a484f05d","name":"Mihai Pelin","url":"https:\/\/www.rri.ro\/fr\/author\/mihai-pelin"}]}},"_links":{"self":[{"href":"https:\/\/www.rri.ro\/fr\/wp-json\/wp\/v2\/posts\/400896","targetHints":{"allow":["GET"]}}],"collection":[{"href":"https:\/\/www.rri.ro\/fr\/wp-json\/wp\/v2\/posts"}],"about":[{"href":"https:\/\/www.rri.ro\/fr\/wp-json\/wp\/v2\/types\/post"}],"author":[{"embeddable":true,"href":"https:\/\/www.rri.ro\/fr\/wp-json\/wp\/v2\/users\/106"}],"replies":[{"embeddable":true,"href":"https:\/\/www.rri.ro\/fr\/wp-json\/wp\/v2\/comments?post=400896"}],"version-history":[{"count":0,"href":"https:\/\/www.rri.ro\/fr\/wp-json\/wp\/v2\/posts\/400896\/revisions"}],"wp:featuredmedia":[{"embeddable":true,"href":"https:\/\/www.rri.ro\/fr\/wp-json\/wp\/v2\/media\/92018"}],"wp:attachment":[{"href":"https:\/\/www.rri.ro\/fr\/wp-json\/wp\/v2\/media?parent=400896"}],"wp:term":[{"taxonomy":"category","embeddable":true,"href":"https:\/\/www.rri.ro\/fr\/wp-json\/wp\/v2\/categories?post=400896"},{"taxonomy":"post_tag","embeddable":true,"href":"https:\/\/www.rri.ro\/fr\/wp-json\/wp\/v2\/tags?post=400896"},{"taxonomy":"author","embeddable":true,"href":"https:\/\/www.rri.ro\/fr\/wp-json\/wp\/v2\/coauthors?post=400896"}],"curies":[{"name":"wp","href":"https:\/\/api.w.org\/{rel}","templated":true}]}}