{"id":400906,"date":"2022-05-09T13:09:00","date_gmt":"2022-05-09T10:09:00","guid":{"rendered":"http:\/\/devrri.freshlemon.ro\/le-roumain-mot-a-mot\/consulter-les-lecons\/messages-a-loccasion-de-la-fete-de-leurope-id400906.html"},"modified":"2022-05-09T13:09:00","modified_gmt":"2022-05-09T10:09:00","slug":"messages-a-loccasion-de-la-fete-de-leurope","status":"publish","type":"post","link":"https:\/\/www.rri.ro\/fr\/actualites\/les-dossiers-de-lactualite\/messages-a-loccasion-de-la-fete-de-leurope-id400906.html","title":{"rendered":"Messages \u00e0 l\u2019occasion de la f\u00eate de l\u2019Europe"},"content":{"rendered":"<p><em class=cms-italic>\u00ab <span style=font-size: 1em;>L&rsquo;Europe doit devenir plus puissante,&#13;<br \/>\navoir une voix plus forte, \u00eatre plus en capacit\u00e9 et mieux pr\u00e9par\u00e9e \u00e0 faire face&#13;<br \/>\n\u00e0 diff\u00e9rentes situations <\/span>\u00bb<\/em> &#8211; a affirm\u00e9 le pr\u00e9sident roumain, Klaus Iohannis dans le cadre d&rsquo;un message transmis \u00e0 l&rsquo;occasion de la f\u00eate de l&rsquo;Europe, c\u00e9l\u00e9br\u00e9e comme chaque ann\u00e9e le 9 mai. Selon le chef de l&rsquo;Etat apr\u00e8s le d\u00e9fi majeur de la pand\u00e9mie de Covid 19, nous vivons actuellement la r\u00e9alit\u00e9 de la guerre aux fronti\u00e8res de l&rsquo;Union europ\u00e9enne qui a g\u00e9n\u00e9r\u00e9 la crise humanitaire la plus grave en Europe depuis la Seconde guerre mondiale. Dans son message, Klaus Iohannis souligne que l&rsquo;actuelle guerre vise tous les principes et les valeurs qui constituent l&rsquo;essence et le lien de la construction europ\u00e9enne &#8211; la d\u00e9mocratie, l&rsquo;Etat de droit et les droits fondamentaux. <em class=cms-italic>\u00ab Nous vivons des temps sans pr\u00e9c\u00e9dent dans l&rsquo;existence de l&rsquo;Union, lorsque nous est mise \u00e0 l&rsquo;\u00e9preuve    notre capacit\u00e9 de d\u00e9fendre nos valeurs fondamentales, cibl\u00e9es autour du concept sur lequel a \u00e9t\u00e9 b\u00e2tie la construction europ\u00e9enne : la paix. \u00bb<\/em> <\/p>\n<p><\/p>\n<p>Selon lui, le maintien de la paix a constitu\u00e9 une constante en Europe ces derni\u00e8res d\u00e9cennies, une garantie de la stabilit\u00e9 qui nous a permis d&rsquo;atteindre un niveau de prosp\u00e9rit\u00e9 sans pr\u00e9c\u00e9dent au niveau de l&rsquo;Union. Klaus Iohannis rappelle que cette ann\u00e9e aussi la Roumanie marque les 15 ann\u00e9es depuis sont adh\u00e9sion \u00e0 l&rsquo;Union europ\u00e9enne, option assum\u00e9e et soutenue par toute la soci\u00e9t\u00e9. <\/p>\n<p><\/p>\n<p>Le chef de l&rsquo;Etat affirme que<em class=cms-italic> \u00ab les b\u00e9n\u00e9fices de ce choix sont palpables aujourd&rsquo;hui encore par le progr\u00e8s de notre notion \u00e0 long terme, le statut d&rsquo;Etat membres de l&rsquo;UE offrant le cadre d&rsquo;un parcours irr\u00e9versible de progr\u00e8s d\u00e9mocratique, de d\u00e9veloppement \u00e9conomique et social, de solidarit\u00e9 et d&rsquo;engagement actif \u00e0 la construction du projet europ\u00e9en \u00bb.<\/em> Le pr\u00e9sident pr\u00e9cise aussi qu&rsquo;une d\u00e9cennie et demie depuis l&rsquo;adh\u00e9sion, la Roumanie est un membre capable de contribuer activement avec des solutions mettant ses points forts au b\u00e9n\u00e9fice commun de l&rsquo;Europe. <\/p>\n<p><\/p>\n<p>Egalement dans un message \u00e0 l&rsquo;occasion du 9 mai, le premier ministre Nicolae Ciuca esp\u00e8re que la raison et la paix reviennent sur le continent europ\u00e9en au plus vite. Les le\u00e7ons de la deuxi\u00e8me guerre mondiale devraient nous convaincre de ne pas tol\u00e9rer aucune guerre de conqu\u00eate d&rsquo;un Etat ind\u00e9pendant, comme font aujourd&rsquo;hui la Russie et l&rsquo;Ukraine &#8211; affirme le premier ministre. Selon le chef du gouvernement, la Deuxi\u00e8me Guerre Mondiale dont nous c\u00e9l\u00e9brons la fin en Europe, devrait rappeler \u00e0 tous quel est le sort des tyrans et de ceux qui visent \u00e0 occuper les territoires des voisins et \u00e0 dominer le monde. <\/p>\n<p><\/p>\n<p>Selon la pr\u00e9sidente de la Commission europ\u00e9enne, Ursula von der Leyen, le 9 mai marque <em class=cms-italic>\u00ab la date de naissance d&rsquo;une Europe pacifique et prosp\u00e8re \u00bb<\/em>.<em class=cms-italic> \u00ab 72 ann\u00e9es plus tard, l&rsquo;Europe est unie en solidarit\u00e9 avec nos amis ukrainiens, qui aspirent \u00e0 un avenir de libert\u00e9. Un avenir europ\u00e9en \u00bb <\/em>a \u00e9crit la pr\u00e9sidente de la Commission europ\u00e9enne sur un r\u00e9seau de partage.    <\/p>\n","protected":false},"excerpt":{"rendered":"<p>\u00ab L&rsquo;Europe doit devenir plus puissante,&#13; avoir une voix plus forte, \u00eatre plus en capacit\u00e9 et mieux pr\u00e9par\u00e9e \u00e0 faire face&#13; \u00e0 diff\u00e9rentes situations \u00bb &#8211; a affirm\u00e9 le pr\u00e9sident roumain, Klaus Iohannis dans le cadre d&rsquo;un message transmis \u00e0 l&rsquo;occasion de la f\u00eate de l&rsquo;Europe, c\u00e9l\u00e9br\u00e9e comme chaque ann\u00e9e le 9 mai. Selon le [&hellip;]<\/p>\n","protected":false},"author":107,"featured_media":92153,"comment_status":"closed","ping_status":"closed","sticky":false,"template":"","format":"standard","meta":{"_acf_changed":false,"footnotes":""},"categories":[93377],"tags":[147406,94315,143871,157991,142545,94316],"coauthors":[],"class_list":["post-400906","post","type-post","status-publish","format-standard","has-post-thumbnail","hentry","category-les-dossiers-de-lactualite","tag-9-mai-fr","tag-fete-de-leurope","tag-klaus-iohannis-fr","tag-messages-fr","tag-nicolae-ciuca-fr","tag-ursula-von-des-leyen"],"acf":[],"yoast_head":"<!-- This site is optimized with the Yoast SEO plugin v27.3 - https:\/\/yoast.com\/product\/yoast-seo-wordpress\/ -->\n<title>Messages \u00e0 l\u2019occasion de la f\u00eate de l\u2019Europe - Radio Roumanie Internationale<\/title>\n<meta name=\"robots\" content=\"index, follow, max-snippet:-1, max-image-preview:large, max-video-preview:-1\" \/>\n<link rel=\"canonical\" href=\"https:\/\/www.rri.ro\/fr\/actualites\/les-dossiers-de-lactualite\/messages-a-loccasion-de-la-fete-de-leurope-id400906.html\" \/>\n<meta property=\"og:locale\" content=\"fr_FR\" \/>\n<meta property=\"og:type\" content=\"article\" \/>\n<meta property=\"og:title\" content=\"Messages \u00e0 l\u2019occasion de la f\u00eate de l\u2019Europe - Radio Roumanie Internationale\" \/>\n<meta property=\"og:description\" content=\"\u00ab L&rsquo;Europe doit devenir plus puissante,&#013; avoir une voix plus forte, \u00eatre plus en capacit\u00e9 et mieux pr\u00e9par\u00e9e \u00e0 faire face&#013; \u00e0 diff\u00e9rentes situations \u00bb &#8211; a affirm\u00e9 le pr\u00e9sident roumain, Klaus Iohannis dans le cadre d&rsquo;un message transmis \u00e0 l&rsquo;occasion de la f\u00eate de l&rsquo;Europe, c\u00e9l\u00e9br\u00e9e comme chaque ann\u00e9e le 9 mai. Selon le [&hellip;]\" \/>\n<meta property=\"og:url\" content=\"https:\/\/www.rri.ro\/fr\/actualites\/les-dossiers-de-lactualite\/messages-a-loccasion-de-la-fete-de-leurope-id400906.html\" \/>\n<meta property=\"og:site_name\" content=\"Radio Roumanie Internationale\" \/>\n<meta property=\"article:published_time\" content=\"2022-05-09T10:09:00+00:00\" \/>\n<meta property=\"og:image\" content=\"https:\/\/www.rri.ro\/wp-content\/uploads\/2023\/10\/steag-ue-ucraina-parl-eu-dusan-cvetanovivc-pixabay-com.jpg\" \/>\n\t<meta property=\"og:image:width\" content=\"640\" \/>\n\t<meta property=\"og:image:height\" content=\"480\" \/>\n\t<meta property=\"og:image:type\" content=\"image\/png\" \/>\n<meta name=\"author\" content=\"Daniela Budu\" \/>\n<meta name=\"twitter:card\" content=\"summary_large_image\" \/>\n<meta name=\"twitter:label1\" content=\"\u00c9crit par\" \/>\n\t<meta name=\"twitter:data1\" content=\"Daniela Budu\" \/>\n\t<meta name=\"twitter:label2\" content=\"Dur\u00e9e de lecture estim\u00e9e\" \/>\n\t<meta name=\"twitter:data2\" content=\"3 minutes\" \/>\n\t<meta name=\"twitter:label3\" content=\"Written by\" \/>\n\t<meta name=\"twitter:data3\" content=\"Daniela Budu\" \/>\n<script type=\"application\/ld+json\" class=\"yoast-schema-graph\">{\"@context\":\"https:\\\/\\\/schema.org\",\"@graph\":[{\"@type\":\"Article\",\"@id\":\"https:\\\/\\\/www.rri.ro\\\/fr\\\/actualites\\\/les-dossiers-de-lactualite\\\/messages-a-loccasion-de-la-fete-de-leurope-id400906.html#article\",\"isPartOf\":{\"@id\":\"https:\\\/\\\/www.rri.ro\\\/fr\\\/actualites\\\/les-dossiers-de-lactualite\\\/messages-a-loccasion-de-la-fete-de-leurope-id400906.html\"},\"author\":{\"name\":\"Daniela Budu\",\"@id\":\"https:\\\/\\\/www.rri.ro\\\/#\\\/schema\\\/person\\\/b46b8f80d7d6e4b5ac9f14f0acbad0c4\"},\"headline\":\"Messages \u00e0 l\u2019occasion de la f\u00eate de l\u2019Europe\",\"datePublished\":\"2022-05-09T10:09:00+00:00\",\"mainEntityOfPage\":{\"@id\":\"https:\\\/\\\/www.rri.ro\\\/fr\\\/actualites\\\/les-dossiers-de-lactualite\\\/messages-a-loccasion-de-la-fete-de-leurope-id400906.html\"},\"wordCount\":571,\"image\":{\"@id\":\"https:\\\/\\\/www.rri.ro\\\/fr\\\/actualites\\\/les-dossiers-de-lactualite\\\/messages-a-loccasion-de-la-fete-de-leurope-id400906.html#primaryimage\"},\"thumbnailUrl\":\"https:\\\/\\\/www.rri.ro\\\/wp-content\\\/uploads\\\/2023\\\/10\\\/steag-ue-ucraina-parl-eu-dusan-cvetanovivc-pixabay-com.jpg\",\"keywords\":[\"9 Mai\",\"f\u00eate de l'Europe\",\"Klaus Iohannis\",\"messages\",\"Nicolae Ciuca\",\"Ursula von des Leyen\"],\"articleSection\":[\"Les dossiers de l'actualit\u00e9\"],\"inLanguage\":\"fr-FR\"},{\"@type\":\"WebPage\",\"@id\":\"https:\\\/\\\/www.rri.ro\\\/fr\\\/actualites\\\/les-dossiers-de-lactualite\\\/messages-a-loccasion-de-la-fete-de-leurope-id400906.html\",\"url\":\"https:\\\/\\\/www.rri.ro\\\/fr\\\/actualites\\\/les-dossiers-de-lactualite\\\/messages-a-loccasion-de-la-fete-de-leurope-id400906.html\",\"name\":\"Messages \u00e0 l\u2019occasion de la f\u00eate de l\u2019Europe - Radio Roumanie Internationale\",\"isPartOf\":{\"@id\":\"https:\\\/\\\/www.rri.ro\\\/#website\"},\"primaryImageOfPage\":{\"@id\":\"https:\\\/\\\/www.rri.ro\\\/fr\\\/actualites\\\/les-dossiers-de-lactualite\\\/messages-a-loccasion-de-la-fete-de-leurope-id400906.html#primaryimage\"},\"image\":{\"@id\":\"https:\\\/\\\/www.rri.ro\\\/fr\\\/actualites\\\/les-dossiers-de-lactualite\\\/messages-a-loccasion-de-la-fete-de-leurope-id400906.html#primaryimage\"},\"thumbnailUrl\":\"https:\\\/\\\/www.rri.ro\\\/wp-content\\\/uploads\\\/2023\\\/10\\\/steag-ue-ucraina-parl-eu-dusan-cvetanovivc-pixabay-com.jpg\",\"datePublished\":\"2022-05-09T10:09:00+00:00\",\"author\":{\"@id\":\"https:\\\/\\\/www.rri.ro\\\/#\\\/schema\\\/person\\\/b46b8f80d7d6e4b5ac9f14f0acbad0c4\"},\"breadcrumb\":{\"@id\":\"https:\\\/\\\/www.rri.ro\\\/fr\\\/actualites\\\/les-dossiers-de-lactualite\\\/messages-a-loccasion-de-la-fete-de-leurope-id400906.html#breadcrumb\"},\"inLanguage\":\"fr-FR\",\"potentialAction\":[{\"@type\":\"ReadAction\",\"target\":[\"https:\\\/\\\/www.rri.ro\\\/fr\\\/actualites\\\/les-dossiers-de-lactualite\\\/messages-a-loccasion-de-la-fete-de-leurope-id400906.html\"]}]},{\"@type\":\"ImageObject\",\"inLanguage\":\"fr-FR\",\"@id\":\"https:\\\/\\\/www.rri.ro\\\/fr\\\/actualites\\\/les-dossiers-de-lactualite\\\/messages-a-loccasion-de-la-fete-de-leurope-id400906.html#primaryimage\",\"url\":\"https:\\\/\\\/www.rri.ro\\\/wp-content\\\/uploads\\\/2023\\\/10\\\/steag-ue-ucraina-parl-eu-dusan-cvetanovivc-pixabay-com.jpg\",\"contentUrl\":\"https:\\\/\\\/www.rri.ro\\\/wp-content\\\/uploads\\\/2023\\\/10\\\/steag-ue-ucraina-parl-eu-dusan-cvetanovivc-pixabay-com.jpg\",\"width\":640,\"height\":480},{\"@type\":\"BreadcrumbList\",\"@id\":\"https:\\\/\\\/www.rri.ro\\\/fr\\\/actualites\\\/les-dossiers-de-lactualite\\\/messages-a-loccasion-de-la-fete-de-leurope-id400906.html#breadcrumb\",\"itemListElement\":[{\"@type\":\"ListItem\",\"position\":1,\"name\":\"Page d'accueil\",\"item\":\"https:\\\/\\\/www.rri.ro\\\/fr\"},{\"@type\":\"ListItem\",\"position\":2,\"name\":\"Actualit\u00e9s\",\"item\":\"https:\\\/\\\/www.rri.ro\\\/fr\\\/actualites\"},{\"@type\":\"ListItem\",\"position\":3,\"name\":\"Les dossiers de l'actualit\u00e9\",\"item\":\"https:\\\/\\\/www.rri.ro\\\/fr\\\/actualites\\\/les-dossiers-de-lactualite\"},{\"@type\":\"ListItem\",\"position\":4,\"name\":\"Messages \u00e0 l\u2019occasion de la f\u00eate de l\u2019Europe\"}]},{\"@type\":\"WebSite\",\"@id\":\"https:\\\/\\\/www.rri.ro\\\/#website\",\"url\":\"https:\\\/\\\/www.rri.ro\\\/\",\"name\":\"Radio Roumanie Internationale\",\"description\":\"Totul despre Rom\u00e2nia \u015fi rom\u00e2ni, \u00een 13 limbi\\\/dialecte!\",\"inLanguage\":\"fr-FR\"},{\"@type\":\"Person\",\"@id\":\"https:\\\/\\\/www.rri.ro\\\/#\\\/schema\\\/person\\\/b46b8f80d7d6e4b5ac9f14f0acbad0c4\",\"name\":\"Daniela Budu\",\"url\":\"https:\\\/\\\/www.rri.ro\\\/fr\\\/author\\\/daniela-budu\"}]}<\/script>\n<!-- \/ Yoast SEO plugin. -->","yoast_head_json":{"title":"Messages \u00e0 l\u2019occasion de la f\u00eate de l\u2019Europe - Radio Roumanie Internationale","robots":{"index":"index","follow":"follow","max-snippet":"max-snippet:-1","max-image-preview":"max-image-preview:large","max-video-preview":"max-video-preview:-1"},"canonical":"https:\/\/www.rri.ro\/fr\/actualites\/les-dossiers-de-lactualite\/messages-a-loccasion-de-la-fete-de-leurope-id400906.html","og_locale":"fr_FR","og_type":"article","og_title":"Messages \u00e0 l\u2019occasion de la f\u00eate de l\u2019Europe - Radio Roumanie Internationale","og_description":"\u00ab L&rsquo;Europe doit devenir plus puissante,&#13; avoir une voix plus forte, \u00eatre plus en capacit\u00e9 et mieux pr\u00e9par\u00e9e \u00e0 faire face&#13; \u00e0 diff\u00e9rentes situations \u00bb &#8211; a affirm\u00e9 le pr\u00e9sident roumain, Klaus Iohannis dans le cadre d&rsquo;un message transmis \u00e0 l&rsquo;occasion de la f\u00eate de l&rsquo;Europe, c\u00e9l\u00e9br\u00e9e comme chaque ann\u00e9e le 9 mai. Selon le [&hellip;]","og_url":"https:\/\/www.rri.ro\/fr\/actualites\/les-dossiers-de-lactualite\/messages-a-loccasion-de-la-fete-de-leurope-id400906.html","og_site_name":"Radio Roumanie Internationale","article_published_time":"2022-05-09T10:09:00+00:00","og_image":[{"width":640,"height":480,"url":"https:\/\/www.rri.ro\/wp-content\/uploads\/2023\/10\/steag-ue-ucraina-parl-eu-dusan-cvetanovivc-pixabay-com.jpg","type":"image\/png"}],"author":"Daniela Budu","twitter_card":"summary_large_image","twitter_misc":{"\u00c9crit par":"Daniela Budu","Dur\u00e9e de lecture estim\u00e9e":"3 minutes","Written by":"Daniela Budu"},"schema":{"@context":"https:\/\/schema.org","@graph":[{"@type":"Article","@id":"https:\/\/www.rri.ro\/fr\/actualites\/les-dossiers-de-lactualite\/messages-a-loccasion-de-la-fete-de-leurope-id400906.html#article","isPartOf":{"@id":"https:\/\/www.rri.ro\/fr\/actualites\/les-dossiers-de-lactualite\/messages-a-loccasion-de-la-fete-de-leurope-id400906.html"},"author":{"name":"Daniela Budu","@id":"https:\/\/www.rri.ro\/#\/schema\/person\/b46b8f80d7d6e4b5ac9f14f0acbad0c4"},"headline":"Messages \u00e0 l\u2019occasion de la f\u00eate de l\u2019Europe","datePublished":"2022-05-09T10:09:00+00:00","mainEntityOfPage":{"@id":"https:\/\/www.rri.ro\/fr\/actualites\/les-dossiers-de-lactualite\/messages-a-loccasion-de-la-fete-de-leurope-id400906.html"},"wordCount":571,"image":{"@id":"https:\/\/www.rri.ro\/fr\/actualites\/les-dossiers-de-lactualite\/messages-a-loccasion-de-la-fete-de-leurope-id400906.html#primaryimage"},"thumbnailUrl":"https:\/\/www.rri.ro\/wp-content\/uploads\/2023\/10\/steag-ue-ucraina-parl-eu-dusan-cvetanovivc-pixabay-com.jpg","keywords":["9 Mai","f\u00eate de l'Europe","Klaus Iohannis","messages","Nicolae Ciuca","Ursula von des Leyen"],"articleSection":["Les dossiers de l'actualit\u00e9"],"inLanguage":"fr-FR"},{"@type":"WebPage","@id":"https:\/\/www.rri.ro\/fr\/actualites\/les-dossiers-de-lactualite\/messages-a-loccasion-de-la-fete-de-leurope-id400906.html","url":"https:\/\/www.rri.ro\/fr\/actualites\/les-dossiers-de-lactualite\/messages-a-loccasion-de-la-fete-de-leurope-id400906.html","name":"Messages \u00e0 l\u2019occasion de la f\u00eate de l\u2019Europe - Radio Roumanie Internationale","isPartOf":{"@id":"https:\/\/www.rri.ro\/#website"},"primaryImageOfPage":{"@id":"https:\/\/www.rri.ro\/fr\/actualites\/les-dossiers-de-lactualite\/messages-a-loccasion-de-la-fete-de-leurope-id400906.html#primaryimage"},"image":{"@id":"https:\/\/www.rri.ro\/fr\/actualites\/les-dossiers-de-lactualite\/messages-a-loccasion-de-la-fete-de-leurope-id400906.html#primaryimage"},"thumbnailUrl":"https:\/\/www.rri.ro\/wp-content\/uploads\/2023\/10\/steag-ue-ucraina-parl-eu-dusan-cvetanovivc-pixabay-com.jpg","datePublished":"2022-05-09T10:09:00+00:00","author":{"@id":"https:\/\/www.rri.ro\/#\/schema\/person\/b46b8f80d7d6e4b5ac9f14f0acbad0c4"},"breadcrumb":{"@id":"https:\/\/www.rri.ro\/fr\/actualites\/les-dossiers-de-lactualite\/messages-a-loccasion-de-la-fete-de-leurope-id400906.html#breadcrumb"},"inLanguage":"fr-FR","potentialAction":[{"@type":"ReadAction","target":["https:\/\/www.rri.ro\/fr\/actualites\/les-dossiers-de-lactualite\/messages-a-loccasion-de-la-fete-de-leurope-id400906.html"]}]},{"@type":"ImageObject","inLanguage":"fr-FR","@id":"https:\/\/www.rri.ro\/fr\/actualites\/les-dossiers-de-lactualite\/messages-a-loccasion-de-la-fete-de-leurope-id400906.html#primaryimage","url":"https:\/\/www.rri.ro\/wp-content\/uploads\/2023\/10\/steag-ue-ucraina-parl-eu-dusan-cvetanovivc-pixabay-com.jpg","contentUrl":"https:\/\/www.rri.ro\/wp-content\/uploads\/2023\/10\/steag-ue-ucraina-parl-eu-dusan-cvetanovivc-pixabay-com.jpg","width":640,"height":480},{"@type":"BreadcrumbList","@id":"https:\/\/www.rri.ro\/fr\/actualites\/les-dossiers-de-lactualite\/messages-a-loccasion-de-la-fete-de-leurope-id400906.html#breadcrumb","itemListElement":[{"@type":"ListItem","position":1,"name":"Page d'accueil","item":"https:\/\/www.rri.ro\/fr"},{"@type":"ListItem","position":2,"name":"Actualit\u00e9s","item":"https:\/\/www.rri.ro\/fr\/actualites"},{"@type":"ListItem","position":3,"name":"Les dossiers de l'actualit\u00e9","item":"https:\/\/www.rri.ro\/fr\/actualites\/les-dossiers-de-lactualite"},{"@type":"ListItem","position":4,"name":"Messages \u00e0 l\u2019occasion de la f\u00eate de l\u2019Europe"}]},{"@type":"WebSite","@id":"https:\/\/www.rri.ro\/#website","url":"https:\/\/www.rri.ro\/","name":"Radio Roumanie Internationale","description":"Totul despre Rom\u00e2nia \u015fi rom\u00e2ni, \u00een 13 limbi\/dialecte!","inLanguage":"fr-FR"},{"@type":"Person","@id":"https:\/\/www.rri.ro\/#\/schema\/person\/b46b8f80d7d6e4b5ac9f14f0acbad0c4","name":"Daniela Budu","url":"https:\/\/www.rri.ro\/fr\/author\/daniela-budu"}]}},"_links":{"self":[{"href":"https:\/\/www.rri.ro\/fr\/wp-json\/wp\/v2\/posts\/400906","targetHints":{"allow":["GET"]}}],"collection":[{"href":"https:\/\/www.rri.ro\/fr\/wp-json\/wp\/v2\/posts"}],"about":[{"href":"https:\/\/www.rri.ro\/fr\/wp-json\/wp\/v2\/types\/post"}],"author":[{"embeddable":true,"href":"https:\/\/www.rri.ro\/fr\/wp-json\/wp\/v2\/users\/107"}],"replies":[{"embeddable":true,"href":"https:\/\/www.rri.ro\/fr\/wp-json\/wp\/v2\/comments?post=400906"}],"version-history":[{"count":0,"href":"https:\/\/www.rri.ro\/fr\/wp-json\/wp\/v2\/posts\/400906\/revisions"}],"wp:featuredmedia":[{"embeddable":true,"href":"https:\/\/www.rri.ro\/fr\/wp-json\/wp\/v2\/media\/92153"}],"wp:attachment":[{"href":"https:\/\/www.rri.ro\/fr\/wp-json\/wp\/v2\/media?parent=400906"}],"wp:term":[{"taxonomy":"category","embeddable":true,"href":"https:\/\/www.rri.ro\/fr\/wp-json\/wp\/v2\/categories?post=400906"},{"taxonomy":"post_tag","embeddable":true,"href":"https:\/\/www.rri.ro\/fr\/wp-json\/wp\/v2\/tags?post=400906"},{"taxonomy":"author","embeddable":true,"href":"https:\/\/www.rri.ro\/fr\/wp-json\/wp\/v2\/coauthors?post=400906"}],"curies":[{"name":"wp","href":"https:\/\/api.w.org\/{rel}","templated":true}]}}