{"id":400914,"date":"2022-05-18T00:34:00","date_gmt":"2022-05-17T21:34:00","guid":{"rendered":"http:\/\/devrri.freshlemon.ro\/le-roumain-mot-a-mot\/consulter-les-lecons\/leconomie-roumaine-entre-stagflation-et-croissance-economique-id400914.html"},"modified":"2022-05-18T00:34:00","modified_gmt":"2022-05-17T21:34:00","slug":"leconomie-roumaine-entre-stagflation-et-croissance-economique","status":"publish","type":"post","link":"https:\/\/www.rri.ro\/fr\/actualites\/les-dossiers-de-lactualite\/leconomie-roumaine-entre-stagflation-et-croissance-economique-id400914.html","title":{"rendered":"L\u2019\u00e9conomie roumaine, entre stagflation et croissance \u00e9conomique"},"content":{"rendered":"<p>&#13;<br \/>\n&#13;<\/p>\n<p>La&#13;<br \/>\nsituation de l&rsquo;\u00e9conomie roumaine devient de plus en plus inqui\u00e9tante, s&rsquo;alertent&#13;<br \/>\nles sp\u00e9cialistes suite aux pr\u00e9visions pessimistes de la Banque centrale de&#13;<br \/>\nRoumanie et du rapport \u00e9conomique de la Commission europ\u00e9enne. Bruxelles estime&#13;<br \/>\nque l&rsquo;Europe centrale et de l&rsquo;est se confronteront \u00e0 un taux d&rsquo;inflation&#13;<br \/>\nsup\u00e9rieur \u00e0 celui rencontr\u00e9 dans le reste de l&rsquo;Union. Conform\u00e9ment aux&#13;<br \/>\npr\u00e9visions de la Commission, apr\u00e8s une forte croissance \u00e9conomique de 5,9%&#13;<br \/>\nenregistr\u00e9e en 2021, le rythme de croissance de l&rsquo;\u00e9conomie roumaine ralentira \u00e0&#13;<br \/>\n2,6% d&rsquo;ici la fin de l&rsquo;ann\u00e9e. C&rsquo;est le taux \u00e9lev\u00e9 de l&rsquo;inflation et la guerre&#13;<br \/>\nen Ukraine qui s&rsquo;en font principalement responsables. Pour 2023, Bruxelles&#13;<br \/>\nanticipe une l\u00e9g\u00e8re hausse de l&rsquo;\u00e9conomie, jusqu&rsquo;\u00e0 3,6%, parall\u00e8lement \u00e0 une&#13;<br \/>\nbaisse de l&rsquo;inflation. Les experts estiment que le ch\u00f4mage demeurera \u00e0 5,5%,&#13;<br \/>\ntandis que les prix conna\u00eetront une forte hausse d&rsquo;ici la fin de l&rsquo;ann\u00e9e avant&#13;<br \/>\nde diminuer \u00e0 partir de l&rsquo;ann\u00e9e prochaine. Par ailleurs, le d\u00e9ficit publique&#13;<br \/>\naugmentera cette ann\u00e9e, \u00e0 7,5% du PIB, et baissera jusqu&rsquo;\u00e0 6,3% en 2023.<\/p>\n<p>&#13;<br \/>\n&#13;<\/p>\n<p>Selon&#13;<br \/>\nles officiels europ\u00e9ens, la Roumanie se confrontera cette ann\u00e9e \u00e0 un taux d&rsquo;inflation&#13;<br \/>\nrecord, de 8,9%, deux fois plus grand qu&rsquo;en 2021 (4,1%), tandis que l&rsquo;ann\u00e9e&#13;<br \/>\nprochaine, les pr\u00e9visions europ\u00e9ennes tablent sur une inflation de 5,1%. Pour&#13;<br \/>\nsa part, la Banque centrale roumaine confirme la flamb\u00e9e de l&rsquo;inflation qui,&#13;<br \/>\ndit-elle, chutera en dessous de 10% seulement \u00e0 partir du deuxi\u00e8me semestre de&#13;<br \/>\nl&rsquo;ann\u00e9e prochaine.Par ailleurs, l&rsquo;Institut&#13;<br \/>\nnational de la Statistique a fait savoir que durant le premier trimestre de l&rsquo;ann\u00e9e&#13;<br \/>\nen cours, l&rsquo;\u00e9conomie roumaine a connu une croissance de plus de 5% par rapport&#13;<br \/>\nau trimestre ant\u00e9rieur et de plus de 6,5% par rapport \u00e0 la m\u00eame p\u00e9riode de l&rsquo;ann\u00e9e&#13;<br \/>\npr\u00e9c\u00e9dente. Du coup, selon le conseiller du gouverneur de la Banque nationale,&#13;<br \/>\nLucian Croitoru, la Roumanie risque de traverser bient\u00f4t une p\u00e9riode de&#13;<br \/>\nstagflation, un ph\u00e9nom\u00e8ne encore plus dangereux qu&rsquo;une inflation prolong\u00e9e,&#13;<br \/>\npuisqu&rsquo;\u00e0 part l&rsquo;inflation, on se confronte aussi \u00e0 la stagnation \u00e9conomique.&#13;<br \/>\nLucian Croitoru :<\/p>\n<p>&#13;<br \/>\n&#13;<br \/>\n&#13;<br \/>\n&#13;<\/p>\n<p>\u00ab <em class=cms-italic>La premi\u00e8re partie de ce&#13;<br \/>\nterme vient du mot stagnation, qui n&rsquo;indique pas forc\u00e9ment une r\u00e9cession, mais&#13;<br \/>\n\u00e7a peut \u00eatre tout simplement une croissance de 1,5 \u00e0 2,5%, bien inf\u00e9rieure \u00e0&#13;<br \/>\ncelle affich\u00e9e normalement par la Roumanie. Or un tel sc\u00e9nario est tr\u00e8s&#13;<br \/>\npossible. D&rsquo;une part, l&rsquo;inflation \u00e0 court terme booste la production, booste&#13;<br \/>\nm\u00eame la majoration des revenus budg\u00e9taires, mais, attention, elle n&rsquo;est pas&#13;<br \/>\nstructurelle, elle ne persistera pas, tout comme la guerre s&rsquo;av\u00e8re impr\u00e9dictible,&#13;<br \/>\nimpossible de pr\u00e9voir son \u00e9volution. Comme le disait Hemingway, l&rsquo;inflation et&#13;<br \/>\nla guerre sont des panac\u00e9es pour des politiques d\u00e9pourvues de principes <\/em>\u00bb.<\/p>\n<p>&#13;<br \/>\n&#13;<\/p>\n<p>Si&#13;<br \/>\nl&rsquo;\u00e9conomie roumaine se retrouve en stagflation, les prix et le ch\u00f4mage vont&#13;<br \/>\nexploser, les d\u00e9penses diminueront, la vie sera de plus en plus ch\u00e8re et les&#13;<br \/>\ndifficult\u00e9s \u00e9conomiques, de plus en plus grandes.<\/p>\n<p>&#13;<br \/>\n&#13;<br \/><\/p>\n","protected":false},"excerpt":{"rendered":"<p>&#13; &#13; La&#13; situation de l&rsquo;\u00e9conomie roumaine devient de plus en plus inqui\u00e9tante, s&rsquo;alertent&#13; les sp\u00e9cialistes suite aux pr\u00e9visions pessimistes de la Banque centrale de&#13; Roumanie et du rapport \u00e9conomique de la Commission europ\u00e9enne. Bruxelles estime&#13; que l&rsquo;Europe centrale et de l&rsquo;est se confronteront \u00e0 un taux d&rsquo;inflation&#13; sup\u00e9rieur \u00e0 celui rencontr\u00e9 dans le reste [&hellip;]<\/p>\n","protected":false},"author":106,"featured_media":83731,"comment_status":"closed","ping_status":"closed","sticky":false,"template":"","format":"standard","meta":{"_acf_changed":false,"footnotes":""},"categories":[93377],"tags":[143927,89515,148510,144283,143875,116088,40553],"coauthors":[],"class_list":["post-400914","post","type-post","status-publish","format-standard","has-post-thumbnail","hentry","category-les-dossiers-de-lactualite","tag-bnr-fr","tag-croisance","tag-deficit-fr","tag-economie-fr","tag-inflation-fr","tag-pib-fr","tag-stagflation"],"acf":[],"yoast_head":"<!-- This site is optimized with the Yoast SEO plugin v27.3 - https:\/\/yoast.com\/product\/yoast-seo-wordpress\/ -->\n<title>L\u2019\u00e9conomie roumaine, entre stagflation et croissance \u00e9conomique - Radio Roumanie Internationale<\/title>\n<meta name=\"robots\" content=\"index, follow, max-snippet:-1, max-image-preview:large, max-video-preview:-1\" \/>\n<link rel=\"canonical\" href=\"https:\/\/www.rri.ro\/fr\/actualites\/les-dossiers-de-lactualite\/leconomie-roumaine-entre-stagflation-et-croissance-economique-id400914.html\" \/>\n<meta property=\"og:locale\" content=\"fr_FR\" \/>\n<meta property=\"og:type\" content=\"article\" \/>\n<meta property=\"og:title\" content=\"L\u2019\u00e9conomie roumaine, entre stagflation et croissance \u00e9conomique - Radio Roumanie Internationale\" \/>\n<meta property=\"og:description\" content=\"&#013; &#013; La&#013; situation de l&rsquo;\u00e9conomie roumaine devient de plus en plus inqui\u00e9tante, s&rsquo;alertent&#013; les sp\u00e9cialistes suite aux pr\u00e9visions pessimistes de la Banque centrale de&#013; Roumanie et du rapport \u00e9conomique de la Commission europ\u00e9enne. Bruxelles estime&#013; que l&rsquo;Europe centrale et de l&rsquo;est se confronteront \u00e0 un taux d&rsquo;inflation&#013; sup\u00e9rieur \u00e0 celui rencontr\u00e9 dans le reste [&hellip;]\" \/>\n<meta property=\"og:url\" content=\"https:\/\/www.rri.ro\/fr\/actualites\/les-dossiers-de-lactualite\/leconomie-roumaine-entre-stagflation-et-croissance-economique-id400914.html\" \/>\n<meta property=\"og:site_name\" content=\"Radio Roumanie Internationale\" \/>\n<meta property=\"article:published_time\" content=\"2022-05-17T21:34:00+00:00\" \/>\n<meta property=\"og:image\" content=\"https:\/\/www.rri.ro\/wp-content\/uploads\/2023\/10\/preturi-bani-foto-pixabay.png\" \/>\n\t<meta property=\"og:image:width\" content=\"640\" \/>\n\t<meta property=\"og:image:height\" content=\"427\" \/>\n\t<meta property=\"og:image:type\" content=\"image\/png\" \/>\n<meta name=\"author\" content=\"Mihai Pelin\" \/>\n<meta name=\"twitter:card\" content=\"summary_large_image\" \/>\n<meta name=\"twitter:label1\" content=\"\u00c9crit par\" \/>\n\t<meta name=\"twitter:data1\" content=\"Mihai Pelin\" \/>\n\t<meta name=\"twitter:label2\" content=\"Dur\u00e9e de lecture estim\u00e9e\" \/>\n\t<meta name=\"twitter:data2\" content=\"2 minutes\" \/>\n\t<meta name=\"twitter:label3\" content=\"Written by\" \/>\n\t<meta name=\"twitter:data3\" content=\"Mihai Pelin\" \/>\n<script type=\"application\/ld+json\" class=\"yoast-schema-graph\">{\"@context\":\"https:\\\/\\\/schema.org\",\"@graph\":[{\"@type\":\"Article\",\"@id\":\"https:\\\/\\\/www.rri.ro\\\/fr\\\/actualites\\\/les-dossiers-de-lactualite\\\/leconomie-roumaine-entre-stagflation-et-croissance-economique-id400914.html#article\",\"isPartOf\":{\"@id\":\"https:\\\/\\\/www.rri.ro\\\/fr\\\/actualites\\\/les-dossiers-de-lactualite\\\/leconomie-roumaine-entre-stagflation-et-croissance-economique-id400914.html\"},\"author\":{\"name\":\"Mihai Pelin\",\"@id\":\"https:\\\/\\\/www.rri.ro\\\/#\\\/schema\\\/person\\\/c6036c822534c855dc3aad41a484f05d\"},\"headline\":\"L\u2019\u00e9conomie roumaine, entre stagflation et croissance \u00e9conomique\",\"datePublished\":\"2022-05-17T21:34:00+00:00\",\"mainEntityOfPage\":{\"@id\":\"https:\\\/\\\/www.rri.ro\\\/fr\\\/actualites\\\/les-dossiers-de-lactualite\\\/leconomie-roumaine-entre-stagflation-et-croissance-economique-id400914.html\"},\"wordCount\":524,\"image\":{\"@id\":\"https:\\\/\\\/www.rri.ro\\\/fr\\\/actualites\\\/les-dossiers-de-lactualite\\\/leconomie-roumaine-entre-stagflation-et-croissance-economique-id400914.html#primaryimage\"},\"thumbnailUrl\":\"https:\\\/\\\/www.rri.ro\\\/wp-content\\\/uploads\\\/2023\\\/10\\\/preturi-bani-foto-pixabay.png\",\"keywords\":[\"BNR\",\"croisance\",\"deficit\",\"economie\",\"inflation\",\"PIB\",\"stagflation\"],\"articleSection\":[\"Les dossiers de l'actualit\u00e9\"],\"inLanguage\":\"fr-FR\"},{\"@type\":\"WebPage\",\"@id\":\"https:\\\/\\\/www.rri.ro\\\/fr\\\/actualites\\\/les-dossiers-de-lactualite\\\/leconomie-roumaine-entre-stagflation-et-croissance-economique-id400914.html\",\"url\":\"https:\\\/\\\/www.rri.ro\\\/fr\\\/actualites\\\/les-dossiers-de-lactualite\\\/leconomie-roumaine-entre-stagflation-et-croissance-economique-id400914.html\",\"name\":\"L\u2019\u00e9conomie roumaine, entre stagflation et croissance \u00e9conomique - Radio Roumanie Internationale\",\"isPartOf\":{\"@id\":\"https:\\\/\\\/www.rri.ro\\\/#website\"},\"primaryImageOfPage\":{\"@id\":\"https:\\\/\\\/www.rri.ro\\\/fr\\\/actualites\\\/les-dossiers-de-lactualite\\\/leconomie-roumaine-entre-stagflation-et-croissance-economique-id400914.html#primaryimage\"},\"image\":{\"@id\":\"https:\\\/\\\/www.rri.ro\\\/fr\\\/actualites\\\/les-dossiers-de-lactualite\\\/leconomie-roumaine-entre-stagflation-et-croissance-economique-id400914.html#primaryimage\"},\"thumbnailUrl\":\"https:\\\/\\\/www.rri.ro\\\/wp-content\\\/uploads\\\/2023\\\/10\\\/preturi-bani-foto-pixabay.png\",\"datePublished\":\"2022-05-17T21:34:00+00:00\",\"author\":{\"@id\":\"https:\\\/\\\/www.rri.ro\\\/#\\\/schema\\\/person\\\/c6036c822534c855dc3aad41a484f05d\"},\"breadcrumb\":{\"@id\":\"https:\\\/\\\/www.rri.ro\\\/fr\\\/actualites\\\/les-dossiers-de-lactualite\\\/leconomie-roumaine-entre-stagflation-et-croissance-economique-id400914.html#breadcrumb\"},\"inLanguage\":\"fr-FR\",\"potentialAction\":[{\"@type\":\"ReadAction\",\"target\":[\"https:\\\/\\\/www.rri.ro\\\/fr\\\/actualites\\\/les-dossiers-de-lactualite\\\/leconomie-roumaine-entre-stagflation-et-croissance-economique-id400914.html\"]}]},{\"@type\":\"ImageObject\",\"inLanguage\":\"fr-FR\",\"@id\":\"https:\\\/\\\/www.rri.ro\\\/fr\\\/actualites\\\/les-dossiers-de-lactualite\\\/leconomie-roumaine-entre-stagflation-et-croissance-economique-id400914.html#primaryimage\",\"url\":\"https:\\\/\\\/www.rri.ro\\\/wp-content\\\/uploads\\\/2023\\\/10\\\/preturi-bani-foto-pixabay.png\",\"contentUrl\":\"https:\\\/\\\/www.rri.ro\\\/wp-content\\\/uploads\\\/2023\\\/10\\\/preturi-bani-foto-pixabay.png\",\"width\":640,\"height\":427},{\"@type\":\"BreadcrumbList\",\"@id\":\"https:\\\/\\\/www.rri.ro\\\/fr\\\/actualites\\\/les-dossiers-de-lactualite\\\/leconomie-roumaine-entre-stagflation-et-croissance-economique-id400914.html#breadcrumb\",\"itemListElement\":[{\"@type\":\"ListItem\",\"position\":1,\"name\":\"Page d'accueil\",\"item\":\"https:\\\/\\\/www.rri.ro\\\/fr\"},{\"@type\":\"ListItem\",\"position\":2,\"name\":\"Actualit\u00e9s\",\"item\":\"https:\\\/\\\/www.rri.ro\\\/fr\\\/actualites\"},{\"@type\":\"ListItem\",\"position\":3,\"name\":\"Les dossiers de l'actualit\u00e9\",\"item\":\"https:\\\/\\\/www.rri.ro\\\/fr\\\/actualites\\\/les-dossiers-de-lactualite\"},{\"@type\":\"ListItem\",\"position\":4,\"name\":\"L\u2019\u00e9conomie roumaine, entre stagflation et croissance \u00e9conomique\"}]},{\"@type\":\"WebSite\",\"@id\":\"https:\\\/\\\/www.rri.ro\\\/#website\",\"url\":\"https:\\\/\\\/www.rri.ro\\\/\",\"name\":\"Radio Roumanie Internationale\",\"description\":\"Totul despre Rom\u00e2nia \u015fi rom\u00e2ni, \u00een 13 limbi\\\/dialecte!\",\"inLanguage\":\"fr-FR\"},{\"@type\":\"Person\",\"@id\":\"https:\\\/\\\/www.rri.ro\\\/#\\\/schema\\\/person\\\/c6036c822534c855dc3aad41a484f05d\",\"name\":\"Mihai Pelin\",\"url\":\"https:\\\/\\\/www.rri.ro\\\/fr\\\/author\\\/mihai-pelin\"}]}<\/script>\n<!-- \/ Yoast SEO plugin. -->","yoast_head_json":{"title":"L\u2019\u00e9conomie roumaine, entre stagflation et croissance \u00e9conomique - Radio Roumanie Internationale","robots":{"index":"index","follow":"follow","max-snippet":"max-snippet:-1","max-image-preview":"max-image-preview:large","max-video-preview":"max-video-preview:-1"},"canonical":"https:\/\/www.rri.ro\/fr\/actualites\/les-dossiers-de-lactualite\/leconomie-roumaine-entre-stagflation-et-croissance-economique-id400914.html","og_locale":"fr_FR","og_type":"article","og_title":"L\u2019\u00e9conomie roumaine, entre stagflation et croissance \u00e9conomique - Radio Roumanie Internationale","og_description":"&#13; &#13; La&#13; situation de l&rsquo;\u00e9conomie roumaine devient de plus en plus inqui\u00e9tante, s&rsquo;alertent&#13; les sp\u00e9cialistes suite aux pr\u00e9visions pessimistes de la Banque centrale de&#13; Roumanie et du rapport \u00e9conomique de la Commission europ\u00e9enne. Bruxelles estime&#13; que l&rsquo;Europe centrale et de l&rsquo;est se confronteront \u00e0 un taux d&rsquo;inflation&#13; sup\u00e9rieur \u00e0 celui rencontr\u00e9 dans le reste [&hellip;]","og_url":"https:\/\/www.rri.ro\/fr\/actualites\/les-dossiers-de-lactualite\/leconomie-roumaine-entre-stagflation-et-croissance-economique-id400914.html","og_site_name":"Radio Roumanie Internationale","article_published_time":"2022-05-17T21:34:00+00:00","og_image":[{"width":640,"height":427,"url":"https:\/\/www.rri.ro\/wp-content\/uploads\/2023\/10\/preturi-bani-foto-pixabay.png","type":"image\/png"}],"author":"Mihai Pelin","twitter_card":"summary_large_image","twitter_misc":{"\u00c9crit par":"Mihai Pelin","Dur\u00e9e de lecture estim\u00e9e":"2 minutes","Written by":"Mihai Pelin"},"schema":{"@context":"https:\/\/schema.org","@graph":[{"@type":"Article","@id":"https:\/\/www.rri.ro\/fr\/actualites\/les-dossiers-de-lactualite\/leconomie-roumaine-entre-stagflation-et-croissance-economique-id400914.html#article","isPartOf":{"@id":"https:\/\/www.rri.ro\/fr\/actualites\/les-dossiers-de-lactualite\/leconomie-roumaine-entre-stagflation-et-croissance-economique-id400914.html"},"author":{"name":"Mihai Pelin","@id":"https:\/\/www.rri.ro\/#\/schema\/person\/c6036c822534c855dc3aad41a484f05d"},"headline":"L\u2019\u00e9conomie roumaine, entre stagflation et croissance \u00e9conomique","datePublished":"2022-05-17T21:34:00+00:00","mainEntityOfPage":{"@id":"https:\/\/www.rri.ro\/fr\/actualites\/les-dossiers-de-lactualite\/leconomie-roumaine-entre-stagflation-et-croissance-economique-id400914.html"},"wordCount":524,"image":{"@id":"https:\/\/www.rri.ro\/fr\/actualites\/les-dossiers-de-lactualite\/leconomie-roumaine-entre-stagflation-et-croissance-economique-id400914.html#primaryimage"},"thumbnailUrl":"https:\/\/www.rri.ro\/wp-content\/uploads\/2023\/10\/preturi-bani-foto-pixabay.png","keywords":["BNR","croisance","deficit","economie","inflation","PIB","stagflation"],"articleSection":["Les dossiers de l'actualit\u00e9"],"inLanguage":"fr-FR"},{"@type":"WebPage","@id":"https:\/\/www.rri.ro\/fr\/actualites\/les-dossiers-de-lactualite\/leconomie-roumaine-entre-stagflation-et-croissance-economique-id400914.html","url":"https:\/\/www.rri.ro\/fr\/actualites\/les-dossiers-de-lactualite\/leconomie-roumaine-entre-stagflation-et-croissance-economique-id400914.html","name":"L\u2019\u00e9conomie roumaine, entre stagflation et croissance \u00e9conomique - Radio Roumanie Internationale","isPartOf":{"@id":"https:\/\/www.rri.ro\/#website"},"primaryImageOfPage":{"@id":"https:\/\/www.rri.ro\/fr\/actualites\/les-dossiers-de-lactualite\/leconomie-roumaine-entre-stagflation-et-croissance-economique-id400914.html#primaryimage"},"image":{"@id":"https:\/\/www.rri.ro\/fr\/actualites\/les-dossiers-de-lactualite\/leconomie-roumaine-entre-stagflation-et-croissance-economique-id400914.html#primaryimage"},"thumbnailUrl":"https:\/\/www.rri.ro\/wp-content\/uploads\/2023\/10\/preturi-bani-foto-pixabay.png","datePublished":"2022-05-17T21:34:00+00:00","author":{"@id":"https:\/\/www.rri.ro\/#\/schema\/person\/c6036c822534c855dc3aad41a484f05d"},"breadcrumb":{"@id":"https:\/\/www.rri.ro\/fr\/actualites\/les-dossiers-de-lactualite\/leconomie-roumaine-entre-stagflation-et-croissance-economique-id400914.html#breadcrumb"},"inLanguage":"fr-FR","potentialAction":[{"@type":"ReadAction","target":["https:\/\/www.rri.ro\/fr\/actualites\/les-dossiers-de-lactualite\/leconomie-roumaine-entre-stagflation-et-croissance-economique-id400914.html"]}]},{"@type":"ImageObject","inLanguage":"fr-FR","@id":"https:\/\/www.rri.ro\/fr\/actualites\/les-dossiers-de-lactualite\/leconomie-roumaine-entre-stagflation-et-croissance-economique-id400914.html#primaryimage","url":"https:\/\/www.rri.ro\/wp-content\/uploads\/2023\/10\/preturi-bani-foto-pixabay.png","contentUrl":"https:\/\/www.rri.ro\/wp-content\/uploads\/2023\/10\/preturi-bani-foto-pixabay.png","width":640,"height":427},{"@type":"BreadcrumbList","@id":"https:\/\/www.rri.ro\/fr\/actualites\/les-dossiers-de-lactualite\/leconomie-roumaine-entre-stagflation-et-croissance-economique-id400914.html#breadcrumb","itemListElement":[{"@type":"ListItem","position":1,"name":"Page d'accueil","item":"https:\/\/www.rri.ro\/fr"},{"@type":"ListItem","position":2,"name":"Actualit\u00e9s","item":"https:\/\/www.rri.ro\/fr\/actualites"},{"@type":"ListItem","position":3,"name":"Les dossiers de l'actualit\u00e9","item":"https:\/\/www.rri.ro\/fr\/actualites\/les-dossiers-de-lactualite"},{"@type":"ListItem","position":4,"name":"L\u2019\u00e9conomie roumaine, entre stagflation et croissance \u00e9conomique"}]},{"@type":"WebSite","@id":"https:\/\/www.rri.ro\/#website","url":"https:\/\/www.rri.ro\/","name":"Radio Roumanie Internationale","description":"Totul despre Rom\u00e2nia \u015fi rom\u00e2ni, \u00een 13 limbi\/dialecte!","inLanguage":"fr-FR"},{"@type":"Person","@id":"https:\/\/www.rri.ro\/#\/schema\/person\/c6036c822534c855dc3aad41a484f05d","name":"Mihai Pelin","url":"https:\/\/www.rri.ro\/fr\/author\/mihai-pelin"}]}},"_links":{"self":[{"href":"https:\/\/www.rri.ro\/fr\/wp-json\/wp\/v2\/posts\/400914","targetHints":{"allow":["GET"]}}],"collection":[{"href":"https:\/\/www.rri.ro\/fr\/wp-json\/wp\/v2\/posts"}],"about":[{"href":"https:\/\/www.rri.ro\/fr\/wp-json\/wp\/v2\/types\/post"}],"author":[{"embeddable":true,"href":"https:\/\/www.rri.ro\/fr\/wp-json\/wp\/v2\/users\/106"}],"replies":[{"embeddable":true,"href":"https:\/\/www.rri.ro\/fr\/wp-json\/wp\/v2\/comments?post=400914"}],"version-history":[{"count":0,"href":"https:\/\/www.rri.ro\/fr\/wp-json\/wp\/v2\/posts\/400914\/revisions"}],"wp:featuredmedia":[{"embeddable":true,"href":"https:\/\/www.rri.ro\/fr\/wp-json\/wp\/v2\/media\/83731"}],"wp:attachment":[{"href":"https:\/\/www.rri.ro\/fr\/wp-json\/wp\/v2\/media?parent=400914"}],"wp:term":[{"taxonomy":"category","embeddable":true,"href":"https:\/\/www.rri.ro\/fr\/wp-json\/wp\/v2\/categories?post=400914"},{"taxonomy":"post_tag","embeddable":true,"href":"https:\/\/www.rri.ro\/fr\/wp-json\/wp\/v2\/tags?post=400914"},{"taxonomy":"author","embeddable":true,"href":"https:\/\/www.rri.ro\/fr\/wp-json\/wp\/v2\/coauthors?post=400914"}],"curies":[{"name":"wp","href":"https:\/\/api.w.org\/{rel}","templated":true}]}}