{"id":400916,"date":"2022-05-20T14:10:00","date_gmt":"2022-05-20T11:10:00","guid":{"rendered":"http:\/\/devrri.freshlemon.ro\/le-roumain-mot-a-mot\/consulter-les-lecons\/cooperation-dans-le-domaine-de-la-defense-id400916.html"},"modified":"2022-05-20T14:10:00","modified_gmt":"2022-05-20T11:10:00","slug":"cooperation-dans-le-domaine-de-la-defense","status":"publish","type":"post","link":"https:\/\/www.rri.ro\/fr\/actualites\/les-dossiers-de-lactualite\/cooperation-dans-le-domaine-de-la-defense-id400916.html","title":{"rendered":"Coop\u00e9ration dans le domaine de la d\u00e9fense"},"content":{"rendered":"<p><p>Situ\u00e9e&#13;<br \/>\nchacun \u00e0 l&rsquo;une des extr\u00e9mit\u00e9s du continent europ\u00e9en, l&rsquo;un sur la c\u00f4te Atlantique,&#13;<br \/>\nl&rsquo;autre sur les bords de la mer Noire, la Roumanie et le Portugal ont tous deux&#13;<br \/>\nsurv\u00e9cu \u00e0 des d\u00e9cennies de dictature. Fasciste pour l&rsquo;un, communiste pour l&rsquo;autre,&#13;<br \/>\nils sont tous deux aujourd&rsquo;hui des d\u00e9mocraties stables, partenaires au sein de l&rsquo;UE&#13;<br \/>\net de l&rsquo;OTAN. Le Premier ministre portugais, Antonio Costa, s&rsquo;est rendu en&#13;<br \/>\nRoumanie jeudi dans le cadre de la signature d&rsquo;un accord de d\u00e9fense bilat\u00e9ral&#13;<br \/>\nentre les deux pays. Un accord qui comprend la gestion et la planification de&#13;<br \/>\nla d\u00e9fense, la participation bilat\u00e9rale et multinationale aux exercices&#13;<br \/>\nmilitaires, la cyber-defense et la lutte contre la guerre hybride.<\/p>\n<p><\/p>\n<p>&#13;<br \/>\n&#13;<br \/>\n&#13;<br \/>\n&#13;<br \/>\n&#13;<br \/>\n&#13;<\/p>\n<p>La consultation entre les Premiers ministres portugais et roumain,&#13;<br \/>\nAntonio Costa et Nicolae Ciuca, avec le pr\u00e9sident roumain Klaus Iohannis, a mis&#13;<br \/>\nen relief le succ\u00e8s de la coordination des efforts entre les deux pays afin de&#13;<br \/>\nconsolider la d\u00e9fense dans la r\u00e9gion de la mer Noire et sur le flanc est de l&rsquo;&#13;<br \/>\nOTAN.  Le chef de l&rsquo;Etat&#13;<br \/>\nroumain a rappel\u00e9 que l&rsquo;annexion ill\u00e9gale de la Crim\u00e9e par la Russie en 2014&#13;<br \/>\navait oblig\u00e9 l&rsquo;OTAN a se r\u00e9adapter dans un environnement s\u00e9curitaire instable&#13;<br \/>\net impr\u00e9visible. Nicolae Ciuca, a quant \u00e0 lui remerci\u00e9 le Portugal pour sa&#13;<br \/>\ncontribution substantielle aux structures multinationales de Roumanie, ainsi&#13;<br \/>\nque pour sa participation aux mesures de vigilances accrues en cours dans la&#13;<br \/>\nzone. <\/p>\n<p><\/p>\n<p>&#13;<br \/>\n&#13;<br \/>\n&#13;<br \/>\n&#13;<br \/>\n&#13;<br \/>\n&#13;<\/p>\n<p>Plus de 200 militaires portugais ont en effet \u00e9t\u00e9 d\u00e9ploy\u00e9s&#13;<br \/>\nsur le territoire roumain. Un contingent qui devrait rester pour une dur\u00e9e de six&#13;<br \/>\nmois. Le Premier ministre portugais a ajout\u00e9 que l&rsquo;invasion de l&rsquo;Ukraine par la&#13;<br \/>\nRussie le 24 f\u00e9vrier dernier avait boulevers\u00e9 la situation s\u00e9curitaire de l&rsquo;Europe. Il a mentionn\u00e9 que le Portugal avait imm\u00e9diatement envoy\u00e9 des&#13;<br \/>\ntroupes en Roumanie afin de soutenir les efforts de l&rsquo;OTAN sur le flanc est. Et&#13;<br \/>\nd&rsquo;ajouter que les Alli\u00e9s avaient transmis un message ferme \u00e0 la Russie : une&#13;<br \/>\nattaque lanc\u00e9e contre un alli\u00e9 est une attaque lanc\u00e9e contre tous. Nous&#13;<br \/>\navons ainsi \u00e9t\u00e9 clairs, en cas d&rsquo;agression, la Russie devra payer le prix fort,&#13;<br \/>\na conclu le chef du gouvernement portugais. <\/p>\n<p><\/p>\n<p>&#13;<br \/>\n&#13;<br \/>\n&#13;<br \/>\n&#13;<br \/>\n&#13;<br \/>\n&#13;<\/p>\n<p>Elle-m\u00eame confront\u00e9e \u00e0 plusieurs reprises, en moins de trois&#13;<br \/>\nsi\u00e8cles, \u00e0 diff\u00e9rentes invasions russes, la Roumanie a r\u00e9agi rapidement et a&#13;<br \/>\nfait preuve d&rsquo;une grande solidarit\u00e9 avec l&rsquo;Ukraine voisine. Pr\u00e8s d&rsquo;un millions&#13;<br \/>\nde citoyens ukrainiens ont trouv\u00e9 refuge en Roumanie depuis le d\u00e9but de la&#13;<br \/>\nguerre. Le pays leur a promis de prot\u00e9ger leur vie et leur dignit\u00e9. Tout cela n&rsquo;aurait&#13;<br \/>\npas \u00e9t\u00e9 possible sans le soutien de ses alli\u00e9s militaires, dont l&rsquo;uns des plus&#13;<br \/>\nimportants est la France, avec laquelle la Roumanie collabore \u00e9troitement dans&#13;<br \/>\nle domaine militaire, et dont l&rsquo;amiti\u00e9 remonte a plus de deux si\u00e8cles. Paris a&#13;<br \/>\nd&rsquo;ailleurs annonc\u00e9 qu&rsquo;elle enverrait, en plus des troupes d\u00e9j\u00e0 pr\u00e9sentes en Roumanie,&#13;<br \/>\nun d\u00e9tachement de d\u00e9fense antia\u00e9rien au Centre national de l&rsquo;industrie pour la&#13;<br \/>\nd\u00e9fense antia\u00e9rienne de Capu Midia (dans le sud-est du pays). G\u00e9r\u00e9 par un&#13;<br \/>\ncontingent de 100 soldats, le syst\u00e8me antia\u00e9rien sol-air \u00e0 moyenne port\u00e9e permet&#13;<br \/>\nde prot\u00e9ger les forces alli\u00e9es op\u00e9rant dans la r\u00e9gion. (Trad : Charlotte Fromenteaud)<\/p>\n<p><\/p>\n","protected":false},"excerpt":{"rendered":"<p>Situ\u00e9e&#13; chacun \u00e0 l&rsquo;une des extr\u00e9mit\u00e9s du continent europ\u00e9en, l&rsquo;un sur la c\u00f4te Atlantique,&#13; l&rsquo;autre sur les bords de la mer Noire, la Roumanie et le Portugal ont tous deux&#13; surv\u00e9cu \u00e0 des d\u00e9cennies de dictature. Fasciste pour l&rsquo;un, communiste pour l&rsquo;autre,&#13; ils sont tous deux aujourd&rsquo;hui des d\u00e9mocraties stables, partenaires au sein de l&rsquo;UE&#13; [&hellip;]<\/p>\n","protected":false},"author":105,"featured_media":92315,"comment_status":"closed","ping_status":"closed","sticky":false,"template":"","format":"standard","meta":{"_acf_changed":false,"footnotes":""},"categories":[93377],"tags":[],"coauthors":[],"class_list":["post-400916","post","type-post","status-publish","format-standard","has-post-thumbnail","hentry","category-les-dossiers-de-lactualite"],"acf":[],"yoast_head":"<!-- This site is optimized with the Yoast SEO plugin v27.3 - https:\/\/yoast.com\/product\/yoast-seo-wordpress\/ -->\n<title>Coop\u00e9ration dans le domaine de la d\u00e9fense - Radio Roumanie Internationale<\/title>\n<meta name=\"robots\" content=\"index, follow, max-snippet:-1, max-image-preview:large, max-video-preview:-1\" \/>\n<link rel=\"canonical\" href=\"https:\/\/www.rri.ro\/fr\/actualites\/les-dossiers-de-lactualite\/cooperation-dans-le-domaine-de-la-defense-id400916.html\" \/>\n<meta property=\"og:locale\" content=\"fr_FR\" \/>\n<meta property=\"og:type\" content=\"article\" \/>\n<meta property=\"og:title\" content=\"Coop\u00e9ration dans le domaine de la d\u00e9fense - Radio Roumanie Internationale\" \/>\n<meta property=\"og:description\" content=\"Situ\u00e9e&#013; chacun \u00e0 l&rsquo;une des extr\u00e9mit\u00e9s du continent europ\u00e9en, l&rsquo;un sur la c\u00f4te Atlantique,&#013; l&rsquo;autre sur les bords de la mer Noire, la Roumanie et le Portugal ont tous deux&#013; surv\u00e9cu \u00e0 des d\u00e9cennies de dictature. Fasciste pour l&rsquo;un, communiste pour l&rsquo;autre,&#013; ils sont tous deux aujourd&rsquo;hui des d\u00e9mocraties stables, partenaires au sein de l&rsquo;UE&#013; [&hellip;]\" \/>\n<meta property=\"og:url\" content=\"https:\/\/www.rri.ro\/fr\/actualites\/les-dossiers-de-lactualite\/cooperation-dans-le-domaine-de-la-defense-id400916.html\" \/>\n<meta property=\"og:site_name\" content=\"Radio Roumanie Internationale\" \/>\n<meta property=\"article:published_time\" content=\"2022-05-20T11:10:00+00:00\" \/>\n<meta property=\"og:image\" content=\"https:\/\/www.rri.ro\/wp-content\/uploads\/2023\/10\/klaus-iohannis-Antonio-Costa-foto-presidency-ro.png\" \/>\n\t<meta property=\"og:image:width\" content=\"640\" \/>\n\t<meta property=\"og:image:height\" content=\"360\" \/>\n\t<meta property=\"og:image:type\" content=\"image\/png\" \/>\n<meta name=\"author\" content=\"Bogdan Matei\" \/>\n<meta name=\"twitter:card\" content=\"summary_large_image\" \/>\n<meta name=\"twitter:label1\" content=\"\u00c9crit par\" \/>\n\t<meta name=\"twitter:data1\" content=\"Bogdan Matei\" \/>\n\t<meta name=\"twitter:label2\" content=\"Dur\u00e9e de lecture estim\u00e9e\" \/>\n\t<meta name=\"twitter:data2\" content=\"3 minutes\" \/>\n\t<meta name=\"twitter:label3\" content=\"Written by\" \/>\n\t<meta name=\"twitter:data3\" content=\"Bogdan Matei\" \/>\n<script type=\"application\/ld+json\" class=\"yoast-schema-graph\">{\"@context\":\"https:\\\/\\\/schema.org\",\"@graph\":[{\"@type\":\"Article\",\"@id\":\"https:\\\/\\\/www.rri.ro\\\/fr\\\/actualites\\\/les-dossiers-de-lactualite\\\/cooperation-dans-le-domaine-de-la-defense-id400916.html#article\",\"isPartOf\":{\"@id\":\"https:\\\/\\\/www.rri.ro\\\/fr\\\/actualites\\\/les-dossiers-de-lactualite\\\/cooperation-dans-le-domaine-de-la-defense-id400916.html\"},\"author\":{\"name\":\"Bogdan Matei\",\"@id\":\"https:\\\/\\\/www.rri.ro\\\/#\\\/schema\\\/person\\\/0ed327d40678578e6dbb840527e3ba32\"},\"headline\":\"Coop\u00e9ration dans le domaine de la d\u00e9fense\",\"datePublished\":\"2022-05-20T11:10:00+00:00\",\"mainEntityOfPage\":{\"@id\":\"https:\\\/\\\/www.rri.ro\\\/fr\\\/actualites\\\/les-dossiers-de-lactualite\\\/cooperation-dans-le-domaine-de-la-defense-id400916.html\"},\"wordCount\":594,\"image\":{\"@id\":\"https:\\\/\\\/www.rri.ro\\\/fr\\\/actualites\\\/les-dossiers-de-lactualite\\\/cooperation-dans-le-domaine-de-la-defense-id400916.html#primaryimage\"},\"thumbnailUrl\":\"https:\\\/\\\/www.rri.ro\\\/wp-content\\\/uploads\\\/2023\\\/10\\\/klaus-iohannis-Antonio-Costa-foto-presidency-ro.png\",\"articleSection\":[\"Les dossiers de l'actualit\u00e9\"],\"inLanguage\":\"fr-FR\"},{\"@type\":\"WebPage\",\"@id\":\"https:\\\/\\\/www.rri.ro\\\/fr\\\/actualites\\\/les-dossiers-de-lactualite\\\/cooperation-dans-le-domaine-de-la-defense-id400916.html\",\"url\":\"https:\\\/\\\/www.rri.ro\\\/fr\\\/actualites\\\/les-dossiers-de-lactualite\\\/cooperation-dans-le-domaine-de-la-defense-id400916.html\",\"name\":\"Coop\u00e9ration dans le domaine de la d\u00e9fense - Radio Roumanie Internationale\",\"isPartOf\":{\"@id\":\"https:\\\/\\\/www.rri.ro\\\/#website\"},\"primaryImageOfPage\":{\"@id\":\"https:\\\/\\\/www.rri.ro\\\/fr\\\/actualites\\\/les-dossiers-de-lactualite\\\/cooperation-dans-le-domaine-de-la-defense-id400916.html#primaryimage\"},\"image\":{\"@id\":\"https:\\\/\\\/www.rri.ro\\\/fr\\\/actualites\\\/les-dossiers-de-lactualite\\\/cooperation-dans-le-domaine-de-la-defense-id400916.html#primaryimage\"},\"thumbnailUrl\":\"https:\\\/\\\/www.rri.ro\\\/wp-content\\\/uploads\\\/2023\\\/10\\\/klaus-iohannis-Antonio-Costa-foto-presidency-ro.png\",\"datePublished\":\"2022-05-20T11:10:00+00:00\",\"author\":{\"@id\":\"https:\\\/\\\/www.rri.ro\\\/#\\\/schema\\\/person\\\/0ed327d40678578e6dbb840527e3ba32\"},\"breadcrumb\":{\"@id\":\"https:\\\/\\\/www.rri.ro\\\/fr\\\/actualites\\\/les-dossiers-de-lactualite\\\/cooperation-dans-le-domaine-de-la-defense-id400916.html#breadcrumb\"},\"inLanguage\":\"fr-FR\",\"potentialAction\":[{\"@type\":\"ReadAction\",\"target\":[\"https:\\\/\\\/www.rri.ro\\\/fr\\\/actualites\\\/les-dossiers-de-lactualite\\\/cooperation-dans-le-domaine-de-la-defense-id400916.html\"]}]},{\"@type\":\"ImageObject\",\"inLanguage\":\"fr-FR\",\"@id\":\"https:\\\/\\\/www.rri.ro\\\/fr\\\/actualites\\\/les-dossiers-de-lactualite\\\/cooperation-dans-le-domaine-de-la-defense-id400916.html#primaryimage\",\"url\":\"https:\\\/\\\/www.rri.ro\\\/wp-content\\\/uploads\\\/2023\\\/10\\\/klaus-iohannis-Antonio-Costa-foto-presidency-ro.png\",\"contentUrl\":\"https:\\\/\\\/www.rri.ro\\\/wp-content\\\/uploads\\\/2023\\\/10\\\/klaus-iohannis-Antonio-Costa-foto-presidency-ro.png\",\"width\":640,\"height\":360},{\"@type\":\"BreadcrumbList\",\"@id\":\"https:\\\/\\\/www.rri.ro\\\/fr\\\/actualites\\\/les-dossiers-de-lactualite\\\/cooperation-dans-le-domaine-de-la-defense-id400916.html#breadcrumb\",\"itemListElement\":[{\"@type\":\"ListItem\",\"position\":1,\"name\":\"Page d'accueil\",\"item\":\"https:\\\/\\\/www.rri.ro\\\/fr\"},{\"@type\":\"ListItem\",\"position\":2,\"name\":\"Actualit\u00e9s\",\"item\":\"https:\\\/\\\/www.rri.ro\\\/fr\\\/actualites\"},{\"@type\":\"ListItem\",\"position\":3,\"name\":\"Les dossiers de l'actualit\u00e9\",\"item\":\"https:\\\/\\\/www.rri.ro\\\/fr\\\/actualites\\\/les-dossiers-de-lactualite\"},{\"@type\":\"ListItem\",\"position\":4,\"name\":\"Coop\u00e9ration dans le domaine de la d\u00e9fense\"}]},{\"@type\":\"WebSite\",\"@id\":\"https:\\\/\\\/www.rri.ro\\\/#website\",\"url\":\"https:\\\/\\\/www.rri.ro\\\/\",\"name\":\"Radio Roumanie Internationale\",\"description\":\"Totul despre Rom\u00e2nia \u015fi rom\u00e2ni, \u00een 13 limbi\\\/dialecte!\",\"inLanguage\":\"fr-FR\"},{\"@type\":\"Person\",\"@id\":\"https:\\\/\\\/www.rri.ro\\\/#\\\/schema\\\/person\\\/0ed327d40678578e6dbb840527e3ba32\",\"name\":\"Bogdan Matei\",\"url\":\"https:\\\/\\\/www.rri.ro\\\/fr\\\/author\\\/bogdan-matei\"}]}<\/script>\n<!-- \/ Yoast SEO plugin. -->","yoast_head_json":{"title":"Coop\u00e9ration dans le domaine de la d\u00e9fense - Radio Roumanie Internationale","robots":{"index":"index","follow":"follow","max-snippet":"max-snippet:-1","max-image-preview":"max-image-preview:large","max-video-preview":"max-video-preview:-1"},"canonical":"https:\/\/www.rri.ro\/fr\/actualites\/les-dossiers-de-lactualite\/cooperation-dans-le-domaine-de-la-defense-id400916.html","og_locale":"fr_FR","og_type":"article","og_title":"Coop\u00e9ration dans le domaine de la d\u00e9fense - Radio Roumanie Internationale","og_description":"Situ\u00e9e&#13; chacun \u00e0 l&rsquo;une des extr\u00e9mit\u00e9s du continent europ\u00e9en, l&rsquo;un sur la c\u00f4te Atlantique,&#13; l&rsquo;autre sur les bords de la mer Noire, la Roumanie et le Portugal ont tous deux&#13; surv\u00e9cu \u00e0 des d\u00e9cennies de dictature. Fasciste pour l&rsquo;un, communiste pour l&rsquo;autre,&#13; ils sont tous deux aujourd&rsquo;hui des d\u00e9mocraties stables, partenaires au sein de l&rsquo;UE&#13; [&hellip;]","og_url":"https:\/\/www.rri.ro\/fr\/actualites\/les-dossiers-de-lactualite\/cooperation-dans-le-domaine-de-la-defense-id400916.html","og_site_name":"Radio Roumanie Internationale","article_published_time":"2022-05-20T11:10:00+00:00","og_image":[{"width":640,"height":360,"url":"https:\/\/www.rri.ro\/wp-content\/uploads\/2023\/10\/klaus-iohannis-Antonio-Costa-foto-presidency-ro.png","type":"image\/png"}],"author":"Bogdan Matei","twitter_card":"summary_large_image","twitter_misc":{"\u00c9crit par":"Bogdan Matei","Dur\u00e9e de lecture estim\u00e9e":"3 minutes","Written by":"Bogdan Matei"},"schema":{"@context":"https:\/\/schema.org","@graph":[{"@type":"Article","@id":"https:\/\/www.rri.ro\/fr\/actualites\/les-dossiers-de-lactualite\/cooperation-dans-le-domaine-de-la-defense-id400916.html#article","isPartOf":{"@id":"https:\/\/www.rri.ro\/fr\/actualites\/les-dossiers-de-lactualite\/cooperation-dans-le-domaine-de-la-defense-id400916.html"},"author":{"name":"Bogdan Matei","@id":"https:\/\/www.rri.ro\/#\/schema\/person\/0ed327d40678578e6dbb840527e3ba32"},"headline":"Coop\u00e9ration dans le domaine de la d\u00e9fense","datePublished":"2022-05-20T11:10:00+00:00","mainEntityOfPage":{"@id":"https:\/\/www.rri.ro\/fr\/actualites\/les-dossiers-de-lactualite\/cooperation-dans-le-domaine-de-la-defense-id400916.html"},"wordCount":594,"image":{"@id":"https:\/\/www.rri.ro\/fr\/actualites\/les-dossiers-de-lactualite\/cooperation-dans-le-domaine-de-la-defense-id400916.html#primaryimage"},"thumbnailUrl":"https:\/\/www.rri.ro\/wp-content\/uploads\/2023\/10\/klaus-iohannis-Antonio-Costa-foto-presidency-ro.png","articleSection":["Les dossiers de l'actualit\u00e9"],"inLanguage":"fr-FR"},{"@type":"WebPage","@id":"https:\/\/www.rri.ro\/fr\/actualites\/les-dossiers-de-lactualite\/cooperation-dans-le-domaine-de-la-defense-id400916.html","url":"https:\/\/www.rri.ro\/fr\/actualites\/les-dossiers-de-lactualite\/cooperation-dans-le-domaine-de-la-defense-id400916.html","name":"Coop\u00e9ration dans le domaine de la d\u00e9fense - Radio Roumanie Internationale","isPartOf":{"@id":"https:\/\/www.rri.ro\/#website"},"primaryImageOfPage":{"@id":"https:\/\/www.rri.ro\/fr\/actualites\/les-dossiers-de-lactualite\/cooperation-dans-le-domaine-de-la-defense-id400916.html#primaryimage"},"image":{"@id":"https:\/\/www.rri.ro\/fr\/actualites\/les-dossiers-de-lactualite\/cooperation-dans-le-domaine-de-la-defense-id400916.html#primaryimage"},"thumbnailUrl":"https:\/\/www.rri.ro\/wp-content\/uploads\/2023\/10\/klaus-iohannis-Antonio-Costa-foto-presidency-ro.png","datePublished":"2022-05-20T11:10:00+00:00","author":{"@id":"https:\/\/www.rri.ro\/#\/schema\/person\/0ed327d40678578e6dbb840527e3ba32"},"breadcrumb":{"@id":"https:\/\/www.rri.ro\/fr\/actualites\/les-dossiers-de-lactualite\/cooperation-dans-le-domaine-de-la-defense-id400916.html#breadcrumb"},"inLanguage":"fr-FR","potentialAction":[{"@type":"ReadAction","target":["https:\/\/www.rri.ro\/fr\/actualites\/les-dossiers-de-lactualite\/cooperation-dans-le-domaine-de-la-defense-id400916.html"]}]},{"@type":"ImageObject","inLanguage":"fr-FR","@id":"https:\/\/www.rri.ro\/fr\/actualites\/les-dossiers-de-lactualite\/cooperation-dans-le-domaine-de-la-defense-id400916.html#primaryimage","url":"https:\/\/www.rri.ro\/wp-content\/uploads\/2023\/10\/klaus-iohannis-Antonio-Costa-foto-presidency-ro.png","contentUrl":"https:\/\/www.rri.ro\/wp-content\/uploads\/2023\/10\/klaus-iohannis-Antonio-Costa-foto-presidency-ro.png","width":640,"height":360},{"@type":"BreadcrumbList","@id":"https:\/\/www.rri.ro\/fr\/actualites\/les-dossiers-de-lactualite\/cooperation-dans-le-domaine-de-la-defense-id400916.html#breadcrumb","itemListElement":[{"@type":"ListItem","position":1,"name":"Page d'accueil","item":"https:\/\/www.rri.ro\/fr"},{"@type":"ListItem","position":2,"name":"Actualit\u00e9s","item":"https:\/\/www.rri.ro\/fr\/actualites"},{"@type":"ListItem","position":3,"name":"Les dossiers de l'actualit\u00e9","item":"https:\/\/www.rri.ro\/fr\/actualites\/les-dossiers-de-lactualite"},{"@type":"ListItem","position":4,"name":"Coop\u00e9ration dans le domaine de la d\u00e9fense"}]},{"@type":"WebSite","@id":"https:\/\/www.rri.ro\/#website","url":"https:\/\/www.rri.ro\/","name":"Radio Roumanie Internationale","description":"Totul despre Rom\u00e2nia \u015fi rom\u00e2ni, \u00een 13 limbi\/dialecte!","inLanguage":"fr-FR"},{"@type":"Person","@id":"https:\/\/www.rri.ro\/#\/schema\/person\/0ed327d40678578e6dbb840527e3ba32","name":"Bogdan Matei","url":"https:\/\/www.rri.ro\/fr\/author\/bogdan-matei"}]}},"_links":{"self":[{"href":"https:\/\/www.rri.ro\/fr\/wp-json\/wp\/v2\/posts\/400916","targetHints":{"allow":["GET"]}}],"collection":[{"href":"https:\/\/www.rri.ro\/fr\/wp-json\/wp\/v2\/posts"}],"about":[{"href":"https:\/\/www.rri.ro\/fr\/wp-json\/wp\/v2\/types\/post"}],"author":[{"embeddable":true,"href":"https:\/\/www.rri.ro\/fr\/wp-json\/wp\/v2\/users\/105"}],"replies":[{"embeddable":true,"href":"https:\/\/www.rri.ro\/fr\/wp-json\/wp\/v2\/comments?post=400916"}],"version-history":[{"count":0,"href":"https:\/\/www.rri.ro\/fr\/wp-json\/wp\/v2\/posts\/400916\/revisions"}],"wp:featuredmedia":[{"embeddable":true,"href":"https:\/\/www.rri.ro\/fr\/wp-json\/wp\/v2\/media\/92315"}],"wp:attachment":[{"href":"https:\/\/www.rri.ro\/fr\/wp-json\/wp\/v2\/media?parent=400916"}],"wp:term":[{"taxonomy":"category","embeddable":true,"href":"https:\/\/www.rri.ro\/fr\/wp-json\/wp\/v2\/categories?post=400916"},{"taxonomy":"post_tag","embeddable":true,"href":"https:\/\/www.rri.ro\/fr\/wp-json\/wp\/v2\/tags?post=400916"},{"taxonomy":"author","embeddable":true,"href":"https:\/\/www.rri.ro\/fr\/wp-json\/wp\/v2\/coauthors?post=400916"}],"curies":[{"name":"wp","href":"https:\/\/api.w.org\/{rel}","templated":true}]}}