{"id":400926,"date":"2022-06-06T12:28:00","date_gmt":"2022-06-06T09:28:00","guid":{"rendered":"http:\/\/devrri.freshlemon.ro\/le-roumain-mot-a-mot\/consulter-les-lecons\/la-roumanie-en-proie-aux-intemperies-id400926.html"},"modified":"2022-06-06T12:28:00","modified_gmt":"2022-06-06T09:28:00","slug":"la-roumanie-en-proie-aux-intemperies","status":"publish","type":"post","link":"https:\/\/www.rri.ro\/fr\/actualites\/les-dossiers-de-lactualite\/la-roumanie-en-proie-aux-intemperies-id400926.html","title":{"rendered":"La Roumanie en proie aux intemp\u00e9ries"},"content":{"rendered":"<\/p>\n<p><p>En Roumanie, le d\u00e9but de l&rsquo;\u00e9t\u00e9 a \u00e9t\u00e9 marqu\u00e9 par une m\u00e9t\u00e9o&#13;<br \/>\nextr\u00eamement capricieuse et des alertes en tout genre de la part des&#13;<br \/>\nm\u00e9t\u00e9orologues et des hydrologues. Au menu : orages, chutes de gr\u00eale, foudre,&#13;<br \/>\ncoups de tonnerre et pr\u00e9cipitations abondantes, allant jusqu&rsquo;\u00e0 30 litres par&#13;<br \/>\nm\u00b2, voire jusqu&rsquo;\u00e0 40 litres par endroits. Ce week-end n&rsquo;y a pas fait exception.&#13;<br \/>\nLes temp\u00eates ont travers\u00e9 la Roumanie de l&rsquo;ouest \u00e0 l&rsquo;est, et elles n&rsquo;ont pas&#13;<br \/>\n\u00e9pargn\u00e9 Bucarest non plus. Dans la nuit de dimanche \u00e0 lundi, la capitale a \u00e9t\u00e9&#13;<br \/>\nplac\u00e9e d&rsquo;abord en alerte orange, puis en alerte jaune au vent fort, \u00e0 la pluie&#13;<br \/>\nabondante et aux chutes de gr\u00eale. De nouveau, de nombreux arbres ont \u00e9t\u00e9&#13;<br \/>\nd\u00e9racin\u00e9s, \u00e9crasant les voitures gar\u00e9es en dessous, si bien qu&rsquo;il a fallu&#13;<br \/>\ndemander l&rsquo;intervention de l&rsquo;Inspection pour les situations d&rsquo;urgence pour&#13;<br \/>\nd\u00e9gager les rues. Heureusement, cette temp\u00eate n&rsquo;a pas \u00e9t\u00e9 si forte que celle du&#13;<br \/>\nweek-end pr\u00e9c\u00e9dent, qui avait inond\u00e9 de nombreuses rues et boulevers\u00e9 le trafic&#13;<br \/>\ndans la capitale. Et vu que tout s&rsquo;est pass\u00e9 pendant la nuit, lundi matin les&#13;<br \/>\nBucarestois ont pu se rendre tranquillement au travail et emmener leurs enfants&#13;<br \/>\n\u00e0 l&rsquo;\u00e9cole.<\/p>\n<p>&#13;<br \/>\n&#13;<\/p>\n<p>Par ailleurs, une vigilance orange a concern\u00e9 plusieurs&#13;<br \/>\nd\u00e9partements de Roumanie, tels Harghita (dans le centre), o\u00f9 un millier de&#13;<br \/>\nfoyers sont rest\u00e9s d\u00e9pourvus d&rsquo;\u00e9lectricit\u00e9 ou encore Giurgiu, D\u00e2mbovi\u0163a et&#13;<br \/>\nIlfov (sud). Ce dernier, mais aussi ceux de C\u0103l\u0103ra\u015fi et de Ialomi\u0163a, ont \u00e9t\u00e9&#13;<br \/>\nplac\u00e9s en alerte rouge au vent fort et aux chutes de gr\u00eale. La pluie a aussi&#13;<br \/>\nboulevers\u00e9 le trafic sur l&rsquo;autoroute reliant Bucarest \u00e0 Constan\u0163a, ville-port \u00e0&#13;<br \/>\nla mer Noire. D&rsquo;ailleurs, dans la nuit de dimanche \u00e0 lundi, la moiti\u00e9 sud du&#13;<br \/>\npays a \u00e9t\u00e9 concern\u00e9e par des alertes orange, dont les habitants ont \u00e9t\u00e9 avertis&#13;<br \/>\npar des messages envoy\u00e9s via la syst\u00e8me RO-Alert. C&rsquo;est notamment \u00e0 Constan\u0163a&#13;<br \/>\nque les sapeurs-pompiers ont d\u00fb intervenir pour d\u00e9gager les arbres tomb\u00e9s sur&#13;<br \/>\nles v\u00e9hicules ou aider des personnes bloqu\u00e9es dans leur automobile qui ne&#13;<br \/>\npouvait plus avancer \u00e0 cause de l&rsquo;eau. <\/p>\n<p>&#13;<br \/>\n&#13;<\/p>\n<p>Lundi matin, les alertes ont \u00e9t\u00e9 lev\u00e9es et le soleil&#13;<br \/>\nbrillait de nouveau sur l&rsquo;ensemble du territoire de la Roumanie. <\/p>\n<p>&#13;<br \/>\n&#13;<\/p>\n<p>(Trad. Valentina Beleavski)<\/p>\n<p><\/p><\/p>\n","protected":false},"excerpt":{"rendered":"<p>En Roumanie, le d\u00e9but de l&rsquo;\u00e9t\u00e9 a \u00e9t\u00e9 marqu\u00e9 par une m\u00e9t\u00e9o&#13; extr\u00eamement capricieuse et des alertes en tout genre de la part des&#13; m\u00e9t\u00e9orologues et des hydrologues. Au menu : orages, chutes de gr\u00eale, foudre,&#13; coups de tonnerre et pr\u00e9cipitations abondantes, allant jusqu&rsquo;\u00e0 30 litres par&#13; m\u00b2, voire jusqu&rsquo;\u00e0 40 litres par endroits. Ce [&hellip;]<\/p>\n","protected":false},"author":108,"featured_media":92426,"comment_status":"closed","ping_status":"closed","sticky":false,"template":"","format":"standard","meta":{"_acf_changed":false,"footnotes":""},"categories":[93377],"tags":[],"coauthors":[],"class_list":["post-400926","post","type-post","status-publish","format-standard","has-post-thumbnail","hentry","category-les-dossiers-de-lactualite"],"acf":[],"yoast_head":"<!-- This site is optimized with the Yoast SEO plugin v27.3 - https:\/\/yoast.com\/product\/yoast-seo-wordpress\/ -->\n<title>La Roumanie en proie aux intemp\u00e9ries - Radio Roumanie Internationale<\/title>\n<meta name=\"robots\" content=\"index, follow, max-snippet:-1, max-image-preview:large, max-video-preview:-1\" \/>\n<link rel=\"canonical\" href=\"https:\/\/www.rri.ro\/fr\/actualites\/les-dossiers-de-lactualite\/la-roumanie-en-proie-aux-intemperies-id400926.html\" \/>\n<meta property=\"og:locale\" content=\"fr_FR\" \/>\n<meta property=\"og:type\" content=\"article\" \/>\n<meta property=\"og:title\" content=\"La Roumanie en proie aux intemp\u00e9ries - Radio Roumanie Internationale\" \/>\n<meta property=\"og:description\" content=\"En Roumanie, le d\u00e9but de l&rsquo;\u00e9t\u00e9 a \u00e9t\u00e9 marqu\u00e9 par une m\u00e9t\u00e9o&#013; extr\u00eamement capricieuse et des alertes en tout genre de la part des&#013; m\u00e9t\u00e9orologues et des hydrologues. Au menu : orages, chutes de gr\u00eale, foudre,&#013; coups de tonnerre et pr\u00e9cipitations abondantes, allant jusqu&rsquo;\u00e0 30 litres par&#013; m\u00b2, voire jusqu&rsquo;\u00e0 40 litres par endroits. Ce [&hellip;]\" \/>\n<meta property=\"og:url\" content=\"https:\/\/www.rri.ro\/fr\/actualites\/les-dossiers-de-lactualite\/la-roumanie-en-proie-aux-intemperies-id400926.html\" \/>\n<meta property=\"og:site_name\" content=\"Radio Roumanie Internationale\" \/>\n<meta property=\"article:published_time\" content=\"2022-06-06T09:28:00+00:00\" \/>\n<meta property=\"og:image\" content=\"https:\/\/www.rri.ro\/wp-content\/uploads\/2023\/10\/furtuna-fulgere-jason-leung-unsplash-com.jpg\" \/>\n\t<meta property=\"og:image:width\" content=\"640\" \/>\n\t<meta property=\"og:image:height\" content=\"432\" \/>\n\t<meta property=\"og:image:type\" content=\"image\/jpeg\" \/>\n<meta name=\"author\" content=\"Corina Cristea\" \/>\n<meta name=\"twitter:card\" content=\"summary_large_image\" \/>\n<meta name=\"twitter:label1\" content=\"\u00c9crit par\" \/>\n\t<meta name=\"twitter:data1\" content=\"Corina Cristea\" \/>\n\t<meta name=\"twitter:label2\" content=\"Dur\u00e9e de lecture estim\u00e9e\" \/>\n\t<meta name=\"twitter:data2\" content=\"2 minutes\" \/>\n\t<meta name=\"twitter:label3\" content=\"Written by\" \/>\n\t<meta name=\"twitter:data3\" content=\"Corina Cristea\" \/>\n<script type=\"application\/ld+json\" class=\"yoast-schema-graph\">{\"@context\":\"https:\\\/\\\/schema.org\",\"@graph\":[{\"@type\":\"Article\",\"@id\":\"https:\\\/\\\/www.rri.ro\\\/fr\\\/actualites\\\/les-dossiers-de-lactualite\\\/la-roumanie-en-proie-aux-intemperies-id400926.html#article\",\"isPartOf\":{\"@id\":\"https:\\\/\\\/www.rri.ro\\\/fr\\\/actualites\\\/les-dossiers-de-lactualite\\\/la-roumanie-en-proie-aux-intemperies-id400926.html\"},\"author\":{\"name\":\"Corina Cristea\",\"@id\":\"https:\\\/\\\/www.rri.ro\\\/#\\\/schema\\\/person\\\/f9ab1cb3569dee1b2c033a814bb7f0fc\"},\"headline\":\"La Roumanie en proie aux intemp\u00e9ries\",\"datePublished\":\"2022-06-06T09:28:00+00:00\",\"mainEntityOfPage\":{\"@id\":\"https:\\\/\\\/www.rri.ro\\\/fr\\\/actualites\\\/les-dossiers-de-lactualite\\\/la-roumanie-en-proie-aux-intemperies-id400926.html\"},\"wordCount\":413,\"image\":{\"@id\":\"https:\\\/\\\/www.rri.ro\\\/fr\\\/actualites\\\/les-dossiers-de-lactualite\\\/la-roumanie-en-proie-aux-intemperies-id400926.html#primaryimage\"},\"thumbnailUrl\":\"https:\\\/\\\/www.rri.ro\\\/wp-content\\\/uploads\\\/2023\\\/10\\\/furtuna-fulgere-jason-leung-unsplash-com.jpg\",\"articleSection\":[\"Les dossiers de l'actualit\u00e9\"],\"inLanguage\":\"fr-FR\"},{\"@type\":\"WebPage\",\"@id\":\"https:\\\/\\\/www.rri.ro\\\/fr\\\/actualites\\\/les-dossiers-de-lactualite\\\/la-roumanie-en-proie-aux-intemperies-id400926.html\",\"url\":\"https:\\\/\\\/www.rri.ro\\\/fr\\\/actualites\\\/les-dossiers-de-lactualite\\\/la-roumanie-en-proie-aux-intemperies-id400926.html\",\"name\":\"La Roumanie en proie aux intemp\u00e9ries - Radio Roumanie Internationale\",\"isPartOf\":{\"@id\":\"https:\\\/\\\/www.rri.ro\\\/#website\"},\"primaryImageOfPage\":{\"@id\":\"https:\\\/\\\/www.rri.ro\\\/fr\\\/actualites\\\/les-dossiers-de-lactualite\\\/la-roumanie-en-proie-aux-intemperies-id400926.html#primaryimage\"},\"image\":{\"@id\":\"https:\\\/\\\/www.rri.ro\\\/fr\\\/actualites\\\/les-dossiers-de-lactualite\\\/la-roumanie-en-proie-aux-intemperies-id400926.html#primaryimage\"},\"thumbnailUrl\":\"https:\\\/\\\/www.rri.ro\\\/wp-content\\\/uploads\\\/2023\\\/10\\\/furtuna-fulgere-jason-leung-unsplash-com.jpg\",\"datePublished\":\"2022-06-06T09:28:00+00:00\",\"author\":{\"@id\":\"https:\\\/\\\/www.rri.ro\\\/#\\\/schema\\\/person\\\/f9ab1cb3569dee1b2c033a814bb7f0fc\"},\"breadcrumb\":{\"@id\":\"https:\\\/\\\/www.rri.ro\\\/fr\\\/actualites\\\/les-dossiers-de-lactualite\\\/la-roumanie-en-proie-aux-intemperies-id400926.html#breadcrumb\"},\"inLanguage\":\"fr-FR\",\"potentialAction\":[{\"@type\":\"ReadAction\",\"target\":[\"https:\\\/\\\/www.rri.ro\\\/fr\\\/actualites\\\/les-dossiers-de-lactualite\\\/la-roumanie-en-proie-aux-intemperies-id400926.html\"]}]},{\"@type\":\"ImageObject\",\"inLanguage\":\"fr-FR\",\"@id\":\"https:\\\/\\\/www.rri.ro\\\/fr\\\/actualites\\\/les-dossiers-de-lactualite\\\/la-roumanie-en-proie-aux-intemperies-id400926.html#primaryimage\",\"url\":\"https:\\\/\\\/www.rri.ro\\\/wp-content\\\/uploads\\\/2023\\\/10\\\/furtuna-fulgere-jason-leung-unsplash-com.jpg\",\"contentUrl\":\"https:\\\/\\\/www.rri.ro\\\/wp-content\\\/uploads\\\/2023\\\/10\\\/furtuna-fulgere-jason-leung-unsplash-com.jpg\",\"width\":640,\"height\":432,\"caption\":\"\u0420\u0443\u043c\u044b\u043d\u0438\u044f-\u044d\u043a\u0441\u0442\u0440\u0435\u043c\u0430\u043b\u044c\u043d\u0430\u044f \u043f\u043e\u0433\u043e\u0434\u0430\"},{\"@type\":\"BreadcrumbList\",\"@id\":\"https:\\\/\\\/www.rri.ro\\\/fr\\\/actualites\\\/les-dossiers-de-lactualite\\\/la-roumanie-en-proie-aux-intemperies-id400926.html#breadcrumb\",\"itemListElement\":[{\"@type\":\"ListItem\",\"position\":1,\"name\":\"Page d'accueil\",\"item\":\"https:\\\/\\\/www.rri.ro\\\/fr\"},{\"@type\":\"ListItem\",\"position\":2,\"name\":\"Actualit\u00e9s\",\"item\":\"https:\\\/\\\/www.rri.ro\\\/fr\\\/actualites\"},{\"@type\":\"ListItem\",\"position\":3,\"name\":\"Les dossiers de l'actualit\u00e9\",\"item\":\"https:\\\/\\\/www.rri.ro\\\/fr\\\/actualites\\\/les-dossiers-de-lactualite\"},{\"@type\":\"ListItem\",\"position\":4,\"name\":\"La Roumanie en proie aux intemp\u00e9ries\"}]},{\"@type\":\"WebSite\",\"@id\":\"https:\\\/\\\/www.rri.ro\\\/#website\",\"url\":\"https:\\\/\\\/www.rri.ro\\\/\",\"name\":\"Radio Roumanie Internationale\",\"description\":\"Totul despre Rom\u00e2nia \u015fi rom\u00e2ni, \u00een 13 limbi\\\/dialecte!\",\"inLanguage\":\"fr-FR\"},{\"@type\":\"Person\",\"@id\":\"https:\\\/\\\/www.rri.ro\\\/#\\\/schema\\\/person\\\/f9ab1cb3569dee1b2c033a814bb7f0fc\",\"name\":\"Corina Cristea\",\"url\":\"https:\\\/\\\/www.rri.ro\\\/fr\\\/author\\\/corina-cristea\"}]}<\/script>\n<!-- \/ Yoast SEO plugin. -->","yoast_head_json":{"title":"La Roumanie en proie aux intemp\u00e9ries - Radio Roumanie Internationale","robots":{"index":"index","follow":"follow","max-snippet":"max-snippet:-1","max-image-preview":"max-image-preview:large","max-video-preview":"max-video-preview:-1"},"canonical":"https:\/\/www.rri.ro\/fr\/actualites\/les-dossiers-de-lactualite\/la-roumanie-en-proie-aux-intemperies-id400926.html","og_locale":"fr_FR","og_type":"article","og_title":"La Roumanie en proie aux intemp\u00e9ries - Radio Roumanie Internationale","og_description":"En Roumanie, le d\u00e9but de l&rsquo;\u00e9t\u00e9 a \u00e9t\u00e9 marqu\u00e9 par une m\u00e9t\u00e9o&#13; extr\u00eamement capricieuse et des alertes en tout genre de la part des&#13; m\u00e9t\u00e9orologues et des hydrologues. Au menu : orages, chutes de gr\u00eale, foudre,&#13; coups de tonnerre et pr\u00e9cipitations abondantes, allant jusqu&rsquo;\u00e0 30 litres par&#13; m\u00b2, voire jusqu&rsquo;\u00e0 40 litres par endroits. Ce [&hellip;]","og_url":"https:\/\/www.rri.ro\/fr\/actualites\/les-dossiers-de-lactualite\/la-roumanie-en-proie-aux-intemperies-id400926.html","og_site_name":"Radio Roumanie Internationale","article_published_time":"2022-06-06T09:28:00+00:00","og_image":[{"width":640,"height":432,"url":"https:\/\/www.rri.ro\/wp-content\/uploads\/2023\/10\/furtuna-fulgere-jason-leung-unsplash-com.jpg","type":"image\/jpeg"}],"author":"Corina Cristea","twitter_card":"summary_large_image","twitter_misc":{"\u00c9crit par":"Corina Cristea","Dur\u00e9e de lecture estim\u00e9e":"2 minutes","Written by":"Corina Cristea"},"schema":{"@context":"https:\/\/schema.org","@graph":[{"@type":"Article","@id":"https:\/\/www.rri.ro\/fr\/actualites\/les-dossiers-de-lactualite\/la-roumanie-en-proie-aux-intemperies-id400926.html#article","isPartOf":{"@id":"https:\/\/www.rri.ro\/fr\/actualites\/les-dossiers-de-lactualite\/la-roumanie-en-proie-aux-intemperies-id400926.html"},"author":{"name":"Corina Cristea","@id":"https:\/\/www.rri.ro\/#\/schema\/person\/f9ab1cb3569dee1b2c033a814bb7f0fc"},"headline":"La Roumanie en proie aux intemp\u00e9ries","datePublished":"2022-06-06T09:28:00+00:00","mainEntityOfPage":{"@id":"https:\/\/www.rri.ro\/fr\/actualites\/les-dossiers-de-lactualite\/la-roumanie-en-proie-aux-intemperies-id400926.html"},"wordCount":413,"image":{"@id":"https:\/\/www.rri.ro\/fr\/actualites\/les-dossiers-de-lactualite\/la-roumanie-en-proie-aux-intemperies-id400926.html#primaryimage"},"thumbnailUrl":"https:\/\/www.rri.ro\/wp-content\/uploads\/2023\/10\/furtuna-fulgere-jason-leung-unsplash-com.jpg","articleSection":["Les dossiers de l'actualit\u00e9"],"inLanguage":"fr-FR"},{"@type":"WebPage","@id":"https:\/\/www.rri.ro\/fr\/actualites\/les-dossiers-de-lactualite\/la-roumanie-en-proie-aux-intemperies-id400926.html","url":"https:\/\/www.rri.ro\/fr\/actualites\/les-dossiers-de-lactualite\/la-roumanie-en-proie-aux-intemperies-id400926.html","name":"La Roumanie en proie aux intemp\u00e9ries - Radio Roumanie Internationale","isPartOf":{"@id":"https:\/\/www.rri.ro\/#website"},"primaryImageOfPage":{"@id":"https:\/\/www.rri.ro\/fr\/actualites\/les-dossiers-de-lactualite\/la-roumanie-en-proie-aux-intemperies-id400926.html#primaryimage"},"image":{"@id":"https:\/\/www.rri.ro\/fr\/actualites\/les-dossiers-de-lactualite\/la-roumanie-en-proie-aux-intemperies-id400926.html#primaryimage"},"thumbnailUrl":"https:\/\/www.rri.ro\/wp-content\/uploads\/2023\/10\/furtuna-fulgere-jason-leung-unsplash-com.jpg","datePublished":"2022-06-06T09:28:00+00:00","author":{"@id":"https:\/\/www.rri.ro\/#\/schema\/person\/f9ab1cb3569dee1b2c033a814bb7f0fc"},"breadcrumb":{"@id":"https:\/\/www.rri.ro\/fr\/actualites\/les-dossiers-de-lactualite\/la-roumanie-en-proie-aux-intemperies-id400926.html#breadcrumb"},"inLanguage":"fr-FR","potentialAction":[{"@type":"ReadAction","target":["https:\/\/www.rri.ro\/fr\/actualites\/les-dossiers-de-lactualite\/la-roumanie-en-proie-aux-intemperies-id400926.html"]}]},{"@type":"ImageObject","inLanguage":"fr-FR","@id":"https:\/\/www.rri.ro\/fr\/actualites\/les-dossiers-de-lactualite\/la-roumanie-en-proie-aux-intemperies-id400926.html#primaryimage","url":"https:\/\/www.rri.ro\/wp-content\/uploads\/2023\/10\/furtuna-fulgere-jason-leung-unsplash-com.jpg","contentUrl":"https:\/\/www.rri.ro\/wp-content\/uploads\/2023\/10\/furtuna-fulgere-jason-leung-unsplash-com.jpg","width":640,"height":432,"caption":"\u0420\u0443\u043c\u044b\u043d\u0438\u044f-\u044d\u043a\u0441\u0442\u0440\u0435\u043c\u0430\u043b\u044c\u043d\u0430\u044f \u043f\u043e\u0433\u043e\u0434\u0430"},{"@type":"BreadcrumbList","@id":"https:\/\/www.rri.ro\/fr\/actualites\/les-dossiers-de-lactualite\/la-roumanie-en-proie-aux-intemperies-id400926.html#breadcrumb","itemListElement":[{"@type":"ListItem","position":1,"name":"Page d'accueil","item":"https:\/\/www.rri.ro\/fr"},{"@type":"ListItem","position":2,"name":"Actualit\u00e9s","item":"https:\/\/www.rri.ro\/fr\/actualites"},{"@type":"ListItem","position":3,"name":"Les dossiers de l'actualit\u00e9","item":"https:\/\/www.rri.ro\/fr\/actualites\/les-dossiers-de-lactualite"},{"@type":"ListItem","position":4,"name":"La Roumanie en proie aux intemp\u00e9ries"}]},{"@type":"WebSite","@id":"https:\/\/www.rri.ro\/#website","url":"https:\/\/www.rri.ro\/","name":"Radio Roumanie Internationale","description":"Totul despre Rom\u00e2nia \u015fi rom\u00e2ni, \u00een 13 limbi\/dialecte!","inLanguage":"fr-FR"},{"@type":"Person","@id":"https:\/\/www.rri.ro\/#\/schema\/person\/f9ab1cb3569dee1b2c033a814bb7f0fc","name":"Corina Cristea","url":"https:\/\/www.rri.ro\/fr\/author\/corina-cristea"}]}},"_links":{"self":[{"href":"https:\/\/www.rri.ro\/fr\/wp-json\/wp\/v2\/posts\/400926","targetHints":{"allow":["GET"]}}],"collection":[{"href":"https:\/\/www.rri.ro\/fr\/wp-json\/wp\/v2\/posts"}],"about":[{"href":"https:\/\/www.rri.ro\/fr\/wp-json\/wp\/v2\/types\/post"}],"author":[{"embeddable":true,"href":"https:\/\/www.rri.ro\/fr\/wp-json\/wp\/v2\/users\/108"}],"replies":[{"embeddable":true,"href":"https:\/\/www.rri.ro\/fr\/wp-json\/wp\/v2\/comments?post=400926"}],"version-history":[{"count":0,"href":"https:\/\/www.rri.ro\/fr\/wp-json\/wp\/v2\/posts\/400926\/revisions"}],"wp:featuredmedia":[{"embeddable":true,"href":"https:\/\/www.rri.ro\/fr\/wp-json\/wp\/v2\/media\/92426"}],"wp:attachment":[{"href":"https:\/\/www.rri.ro\/fr\/wp-json\/wp\/v2\/media?parent=400926"}],"wp:term":[{"taxonomy":"category","embeddable":true,"href":"https:\/\/www.rri.ro\/fr\/wp-json\/wp\/v2\/categories?post=400926"},{"taxonomy":"post_tag","embeddable":true,"href":"https:\/\/www.rri.ro\/fr\/wp-json\/wp\/v2\/tags?post=400926"},{"taxonomy":"author","embeddable":true,"href":"https:\/\/www.rri.ro\/fr\/wp-json\/wp\/v2\/coauthors?post=400926"}],"curies":[{"name":"wp","href":"https:\/\/api.w.org\/{rel}","templated":true}]}}