{"id":400929,"date":"2022-06-09T12:34:00","date_gmt":"2022-06-09T09:34:00","guid":{"rendered":"http:\/\/devrri.freshlemon.ro\/le-roumain-mot-a-mot\/consulter-les-lecons\/mesures-sociales-en-roumanie-id400929.html"},"modified":"2022-06-09T12:34:00","modified_gmt":"2022-06-09T09:34:00","slug":"mesures-sociales-en-roumanie","status":"publish","type":"post","link":"https:\/\/www.rri.ro\/fr\/actualites\/les-dossiers-de-lactualite\/mesures-sociales-en-roumanie-id400929.html","title":{"rendered":"Mesures sociales en Roumanie"},"content":{"rendered":"<p>Bien qu\u2019il y ait une tendance \u00e0 justifier la situation \u00e9conomique et sociale de Roumanie exclusivement par le conflit qui s\u00e9vit en Ukraine voisine, les causes des probl\u00e8mes actuels auxquels les Roumains doivent faire face sont plus nombreuses et ne datent pas d\u2019hier ! Mentionnons seulement les deux ann\u00e9es de pand\u00e9mie au cours desquelles l\u2019\u00e9conomie a stagn\u00e9 plus qu\u2019elle n\u2019a fonctionn\u00e9, et la prolongation de l\u2019\u00e9tat d\u2019urgence ou d\u2019alerte tous les trois mois. Ou la lib\u00e9ralisation du march\u00e9 de l\u2019\u00e9nergie, avec de graves r\u00e9percussions n\u00e9gatives, en particulier sur les citoyens les plus d\u00e9favoris\u00e9s ; elle n\u2019aurait pas vraiment \u00e9t\u00e9 m\u00fbrement r\u00e9fl\u00e9chie, selon certains analystes. L\u2019inflation bat tous les records, et les magasins ou les march\u00e9s sont devenus, pour certains, des endroits o\u00f9 l\u2019on ne peut que consulter des \u00e9tiquettes qui frisent souvent l\u2019absurde.<\/p>\n<p>&#13;<br \/>\n&#13;<\/p>\n<p>&#13;<br \/>\n&#13;<\/p>\n<p>Consid\u00e9r\u00e9s comme l\u2019une des couches sociales silencieuses en Roumanie, par l\u2019impossibilit\u00e9 d\u2019intervenir de quelque mani\u00e8re que ce soit pour corriger leur situation mat\u00e9rielle \u00e0 la fin d\u2019une vie active, les retrait\u00e9s du r\u00e9gime public doivent se contenter de ce que l\u2019\u00c9tat leur offre tous les mois. Et dans de nombreux cas, cela est en dessous du minimum n\u00e9cessaire pour une vie d\u00e9cente. \u00ab Les retrait\u00e9s n\u2019ont que ce qu\u2019ils re\u00e7oivent et je trouve raisonnable que le niveau de cette pension soit adapt\u00e9 \u00e0 la situation \u00bb, a d\u00e9clar\u00e9 r\u00e9cemment le pr\u00e9sident Klaus Iohannis. Il a ajout\u00e9 qu\u2019il serait incorrect que le prix de certaines crises ne soit pay\u00e9 que par cette cat\u00e9gorie sociale.<\/p>\n<p>&#13;<br \/>\n&#13;<\/p>\n<p>&#13;<br \/>\n&#13;<\/p>\n<p>Cependant, le gouvernement de Bucarest a d\u00e9cid\u00e9 d\u2019accorder aux personnes \u00e2g\u00e9es ayant des revenus mensuels cumul\u00e9s inf\u00e9rieurs \u00e0 2 000 lei (environ 400 euros) une aide unique de 700 lei (140 euros). Ce soutien mat\u00e9riel ne sera octroy\u00e9 qu\u2019aux retrait\u00e9s r\u00e9sidant sur le territoire national, et pas \u00e0 ceux dont la r\u00e9sidence habituelle est \u00e0 l\u2019\u00e9tranger, a pr\u00e9cis\u00e9 le minist\u00e8re du Travail.<\/p>\n<p>&#13;<br \/>\n&#13;<\/p>\n<p>&#13;<br \/>\n&#13;<\/p>\n<p>D\u2019autre part, le S\u00e9nat, en tant que premi\u00e8re chambre saisie, a adopt\u00e9 l\u2019ordonnance d\u2019urgence qui accorde des tickets sociaux \u00e0 tous les Roumains \u00e0 faibles revenus, soit \u00e0 pr\u00e8s de 3 millions de citoyens. Ces bons, de l\u2019\u00e9quivalent d\u2019environ 50 euros, ne pourront \u00eatre utilis\u00e9s que pour l\u2019achat de denr\u00e9es alimentaires de base. La distribution postale des cartes par le biais desquelles l\u2019aide financi\u00e8re sera dispens\u00e9e commencera la semaine prochaine, et par la suite, elles seront aliment\u00e9es tous les deux mois avec le montant promis.<\/p>\n<p>&#13;<br \/>\n&#13;<\/p>\n<p>&#13;<br \/>\n&#13;<\/p>\n<p>Si les s\u00e9nateurs du Pouvoir ont bien accueilli cette d\u00e9cision, ceux de l\u2019Opposition ont estim\u00e9 que le montant \u00e9tait d\u00e9risoire ou que, par cette mesure, l\u2019ex\u00e9cutif ne fait que rendre aux Roumains trop peu de l\u2019argent qu\u2019il leur prend par les taxes, les prix des services publics, des aliments ou des carburants. N\u00e9anmoins, tous les \u00e9lus ont vot\u00e9 pour. Enfin, la Chambre des d\u00e9put\u00e9s a appel\u00e9 \u00e0 l\u2019augmentation de la valeur d\u2019un ticket repas pour les salari\u00e9s de 20 \u00e0 30 lei, soit de 4 \u00e0 6 euros, afin de compenser, ne serait-ce que partiellement, l\u2019augmentation des prix. Il a \u00e9galement \u00e9t\u00e9 convenu que les colonies de vacances de Roumanie puissent \u00eatre pay\u00e9es par les parents avec des ch\u00e8ques vacances.<\/p>\n<p>&#13;<br \/>\n&#13;<\/p>\n<p>                                                                                       (Trad. : Ligia)<\/p>\n<p>&#13;<br \/>\n&#13;<\/p>\n<p>&#13;<\/p>\n","protected":false},"excerpt":{"rendered":"<p>Bien qu\u2019il y ait une tendance \u00e0 justifier la situation \u00e9conomique et sociale de Roumanie exclusivement par le conflit qui s\u00e9vit en Ukraine voisine, les causes des probl\u00e8mes actuels auxquels les Roumains doivent faire face sont plus nombreuses et ne datent pas d\u2019hier ! Mentionnons seulement les deux ann\u00e9es de pand\u00e9mie au cours desquelles l\u2019\u00e9conomie [&hellip;]<\/p>\n","protected":false},"author":109,"featured_media":92483,"comment_status":"closed","ping_status":"closed","sticky":false,"template":"","format":"standard","meta":{"_acf_changed":false,"footnotes":""},"categories":[93377],"tags":[86210,90214,29488,88082,87006,94326,85412,40451,93139,94327,93257],"coauthors":[],"class_list":["post-400929","post","type-post","status-publish","format-standard","has-post-thumbnail","hentry","category-les-dossiers-de-lactualite","tag-aide","tag-economique","tag-inflation","tag-mesures","tag-precarite","tag-retraits","tag-roumanie","tag-situation","tag-sociales","tag-ticket-repas","tag-tickets-sociaux"],"acf":[],"yoast_head":"<!-- This site is optimized with the Yoast SEO plugin v27.5 - https:\/\/yoast.com\/product\/yoast-seo-wordpress\/ -->\n<title>Mesures sociales en Roumanie - Radio Roumanie Internationale<\/title>\n<meta name=\"robots\" content=\"index, follow, max-snippet:-1, max-image-preview:large, max-video-preview:-1\" \/>\n<link rel=\"canonical\" href=\"https:\/\/www.rri.ro\/fr\/actualites\/les-dossiers-de-lactualite\/mesures-sociales-en-roumanie-id400929.html\" \/>\n<meta property=\"og:locale\" content=\"fr_FR\" \/>\n<meta property=\"og:type\" content=\"article\" \/>\n<meta property=\"og:title\" content=\"Mesures sociales en Roumanie - Radio Roumanie Internationale\" \/>\n<meta property=\"og:description\" content=\"Bien qu\u2019il y ait une tendance \u00e0 justifier la situation \u00e9conomique et sociale de Roumanie exclusivement par le conflit qui s\u00e9vit en Ukraine voisine, les causes des probl\u00e8mes actuels auxquels les Roumains doivent faire face sont plus nombreuses et ne datent pas d\u2019hier ! Mentionnons seulement les deux ann\u00e9es de pand\u00e9mie au cours desquelles l\u2019\u00e9conomie [&hellip;]\" \/>\n<meta property=\"og:url\" content=\"https:\/\/www.rri.ro\/fr\/actualites\/les-dossiers-de-lactualite\/mesures-sociales-en-roumanie-id400929.html\" \/>\n<meta property=\"og:site_name\" content=\"Radio Roumanie Internationale\" \/>\n<meta property=\"article:published_time\" content=\"2022-06-09T09:34:00+00:00\" \/>\n<meta property=\"og:image\" content=\"https:\/\/www.rri.ro\/wp-content\/uploads\/2023\/10\/bani-romanesti-lei-economie-ron-foto-septimiu-pixabay-com.png\" \/>\n\t<meta property=\"og:image:width\" content=\"640\" \/>\n\t<meta property=\"og:image:height\" content=\"346\" \/>\n\t<meta property=\"og:image:type\" content=\"image\/png\" \/>\n<meta name=\"author\" content=\"Roxana Vasile\" \/>\n<meta name=\"twitter:card\" content=\"summary_large_image\" \/>\n<meta name=\"twitter:label1\" content=\"\u00c9crit par\" \/>\n\t<meta name=\"twitter:data1\" content=\"Roxana Vasile\" \/>\n\t<meta name=\"twitter:label2\" content=\"Dur\u00e9e de lecture estim\u00e9e\" \/>\n\t<meta name=\"twitter:data2\" content=\"3 minutes\" \/>\n\t<meta name=\"twitter:label3\" content=\"Written by\" \/>\n\t<meta name=\"twitter:data3\" content=\"Roxana Vasile\" \/>\n<script type=\"application\/ld+json\" class=\"yoast-schema-graph\">{\"@context\":\"https:\\\/\\\/schema.org\",\"@graph\":[{\"@type\":\"Article\",\"@id\":\"https:\\\/\\\/www.rri.ro\\\/fr\\\/actualites\\\/les-dossiers-de-lactualite\\\/mesures-sociales-en-roumanie-id400929.html#article\",\"isPartOf\":{\"@id\":\"https:\\\/\\\/www.rri.ro\\\/fr\\\/actualites\\\/les-dossiers-de-lactualite\\\/mesures-sociales-en-roumanie-id400929.html\"},\"author\":{\"name\":\"Roxana Vasile\",\"@id\":\"https:\\\/\\\/www.rri.ro\\\/#\\\/schema\\\/person\\\/0745b519f2d1287783422f162c4112af\"},\"headline\":\"Mesures sociales en Roumanie\",\"datePublished\":\"2022-06-09T09:34:00+00:00\",\"mainEntityOfPage\":{\"@id\":\"https:\\\/\\\/www.rri.ro\\\/fr\\\/actualites\\\/les-dossiers-de-lactualite\\\/mesures-sociales-en-roumanie-id400929.html\"},\"wordCount\":585,\"image\":{\"@id\":\"https:\\\/\\\/www.rri.ro\\\/fr\\\/actualites\\\/les-dossiers-de-lactualite\\\/mesures-sociales-en-roumanie-id400929.html#primaryimage\"},\"thumbnailUrl\":\"https:\\\/\\\/www.rri.ro\\\/wp-content\\\/uploads\\\/2023\\\/10\\\/bani-romanesti-lei-economie-ron-foto-septimiu-pixabay-com.png\",\"keywords\":[\"aide\",\"\u00e9conomique\",\"inflation\",\"mesures\",\"pr\u00e9carit\u00e9\",\"retraits\",\"Roumanie\",\"situation\",\"sociales\",\"ticket repas\",\"tickets sociaux\"],\"articleSection\":[\"Les dossiers de l'actualit\u00e9\"],\"inLanguage\":\"fr-FR\"},{\"@type\":\"WebPage\",\"@id\":\"https:\\\/\\\/www.rri.ro\\\/fr\\\/actualites\\\/les-dossiers-de-lactualite\\\/mesures-sociales-en-roumanie-id400929.html\",\"url\":\"https:\\\/\\\/www.rri.ro\\\/fr\\\/actualites\\\/les-dossiers-de-lactualite\\\/mesures-sociales-en-roumanie-id400929.html\",\"name\":\"Mesures sociales en Roumanie - Radio Roumanie Internationale\",\"isPartOf\":{\"@id\":\"https:\\\/\\\/www.rri.ro\\\/#website\"},\"primaryImageOfPage\":{\"@id\":\"https:\\\/\\\/www.rri.ro\\\/fr\\\/actualites\\\/les-dossiers-de-lactualite\\\/mesures-sociales-en-roumanie-id400929.html#primaryimage\"},\"image\":{\"@id\":\"https:\\\/\\\/www.rri.ro\\\/fr\\\/actualites\\\/les-dossiers-de-lactualite\\\/mesures-sociales-en-roumanie-id400929.html#primaryimage\"},\"thumbnailUrl\":\"https:\\\/\\\/www.rri.ro\\\/wp-content\\\/uploads\\\/2023\\\/10\\\/bani-romanesti-lei-economie-ron-foto-septimiu-pixabay-com.png\",\"datePublished\":\"2022-06-09T09:34:00+00:00\",\"author\":{\"@id\":\"https:\\\/\\\/www.rri.ro\\\/#\\\/schema\\\/person\\\/0745b519f2d1287783422f162c4112af\"},\"breadcrumb\":{\"@id\":\"https:\\\/\\\/www.rri.ro\\\/fr\\\/actualites\\\/les-dossiers-de-lactualite\\\/mesures-sociales-en-roumanie-id400929.html#breadcrumb\"},\"inLanguage\":\"fr-FR\",\"potentialAction\":[{\"@type\":\"ReadAction\",\"target\":[\"https:\\\/\\\/www.rri.ro\\\/fr\\\/actualites\\\/les-dossiers-de-lactualite\\\/mesures-sociales-en-roumanie-id400929.html\"]}]},{\"@type\":\"ImageObject\",\"inLanguage\":\"fr-FR\",\"@id\":\"https:\\\/\\\/www.rri.ro\\\/fr\\\/actualites\\\/les-dossiers-de-lactualite\\\/mesures-sociales-en-roumanie-id400929.html#primaryimage\",\"url\":\"https:\\\/\\\/www.rri.ro\\\/wp-content\\\/uploads\\\/2023\\\/10\\\/bani-romanesti-lei-economie-ron-foto-septimiu-pixabay-com.png\",\"contentUrl\":\"https:\\\/\\\/www.rri.ro\\\/wp-content\\\/uploads\\\/2023\\\/10\\\/bani-romanesti-lei-economie-ron-foto-septimiu-pixabay-com.png\",\"width\":640,\"height\":346},{\"@type\":\"BreadcrumbList\",\"@id\":\"https:\\\/\\\/www.rri.ro\\\/fr\\\/actualites\\\/les-dossiers-de-lactualite\\\/mesures-sociales-en-roumanie-id400929.html#breadcrumb\",\"itemListElement\":[{\"@type\":\"ListItem\",\"position\":1,\"name\":\"Page d'accueil\",\"item\":\"https:\\\/\\\/www.rri.ro\\\/fr\"},{\"@type\":\"ListItem\",\"position\":2,\"name\":\"Actualit\u00e9s\",\"item\":\"https:\\\/\\\/www.rri.ro\\\/fr\\\/actualites\"},{\"@type\":\"ListItem\",\"position\":3,\"name\":\"Les dossiers de l'actualit\u00e9\",\"item\":\"https:\\\/\\\/www.rri.ro\\\/fr\\\/actualites\\\/les-dossiers-de-lactualite\"},{\"@type\":\"ListItem\",\"position\":4,\"name\":\"Mesures sociales en Roumanie\"}]},{\"@type\":\"WebSite\",\"@id\":\"https:\\\/\\\/www.rri.ro\\\/#website\",\"url\":\"https:\\\/\\\/www.rri.ro\\\/\",\"name\":\"Radio Roumanie Internationale\",\"description\":\"Totul despre Rom\u00e2nia \u015fi rom\u00e2ni, \u00een 13 limbi\\\/dialecte!\",\"inLanguage\":\"fr-FR\"},{\"@type\":\"Person\",\"@id\":\"https:\\\/\\\/www.rri.ro\\\/#\\\/schema\\\/person\\\/0745b519f2d1287783422f162c4112af\",\"name\":\"Roxana Vasile\",\"url\":\"https:\\\/\\\/www.rri.ro\\\/fr\\\/author\\\/roxana-vasile\"}]}<\/script>\n<!-- \/ Yoast SEO plugin. -->","yoast_head_json":{"title":"Mesures sociales en Roumanie - Radio Roumanie Internationale","robots":{"index":"index","follow":"follow","max-snippet":"max-snippet:-1","max-image-preview":"max-image-preview:large","max-video-preview":"max-video-preview:-1"},"canonical":"https:\/\/www.rri.ro\/fr\/actualites\/les-dossiers-de-lactualite\/mesures-sociales-en-roumanie-id400929.html","og_locale":"fr_FR","og_type":"article","og_title":"Mesures sociales en Roumanie - Radio Roumanie Internationale","og_description":"Bien qu\u2019il y ait une tendance \u00e0 justifier la situation \u00e9conomique et sociale de Roumanie exclusivement par le conflit qui s\u00e9vit en Ukraine voisine, les causes des probl\u00e8mes actuels auxquels les Roumains doivent faire face sont plus nombreuses et ne datent pas d\u2019hier ! Mentionnons seulement les deux ann\u00e9es de pand\u00e9mie au cours desquelles l\u2019\u00e9conomie [&hellip;]","og_url":"https:\/\/www.rri.ro\/fr\/actualites\/les-dossiers-de-lactualite\/mesures-sociales-en-roumanie-id400929.html","og_site_name":"Radio Roumanie Internationale","article_published_time":"2022-06-09T09:34:00+00:00","og_image":[{"width":640,"height":346,"url":"https:\/\/www.rri.ro\/wp-content\/uploads\/2023\/10\/bani-romanesti-lei-economie-ron-foto-septimiu-pixabay-com.png","type":"image\/png"}],"author":"Roxana Vasile","twitter_card":"summary_large_image","twitter_misc":{"\u00c9crit par":"Roxana Vasile","Dur\u00e9e de lecture estim\u00e9e":"3 minutes","Written by":"Roxana Vasile"},"schema":{"@context":"https:\/\/schema.org","@graph":[{"@type":"Article","@id":"https:\/\/www.rri.ro\/fr\/actualites\/les-dossiers-de-lactualite\/mesures-sociales-en-roumanie-id400929.html#article","isPartOf":{"@id":"https:\/\/www.rri.ro\/fr\/actualites\/les-dossiers-de-lactualite\/mesures-sociales-en-roumanie-id400929.html"},"author":{"name":"Roxana Vasile","@id":"https:\/\/www.rri.ro\/#\/schema\/person\/0745b519f2d1287783422f162c4112af"},"headline":"Mesures sociales en Roumanie","datePublished":"2022-06-09T09:34:00+00:00","mainEntityOfPage":{"@id":"https:\/\/www.rri.ro\/fr\/actualites\/les-dossiers-de-lactualite\/mesures-sociales-en-roumanie-id400929.html"},"wordCount":585,"image":{"@id":"https:\/\/www.rri.ro\/fr\/actualites\/les-dossiers-de-lactualite\/mesures-sociales-en-roumanie-id400929.html#primaryimage"},"thumbnailUrl":"https:\/\/www.rri.ro\/wp-content\/uploads\/2023\/10\/bani-romanesti-lei-economie-ron-foto-septimiu-pixabay-com.png","keywords":["aide","\u00e9conomique","inflation","mesures","pr\u00e9carit\u00e9","retraits","Roumanie","situation","sociales","ticket repas","tickets sociaux"],"articleSection":["Les dossiers de l'actualit\u00e9"],"inLanguage":"fr-FR"},{"@type":"WebPage","@id":"https:\/\/www.rri.ro\/fr\/actualites\/les-dossiers-de-lactualite\/mesures-sociales-en-roumanie-id400929.html","url":"https:\/\/www.rri.ro\/fr\/actualites\/les-dossiers-de-lactualite\/mesures-sociales-en-roumanie-id400929.html","name":"Mesures sociales en Roumanie - Radio Roumanie Internationale","isPartOf":{"@id":"https:\/\/www.rri.ro\/#website"},"primaryImageOfPage":{"@id":"https:\/\/www.rri.ro\/fr\/actualites\/les-dossiers-de-lactualite\/mesures-sociales-en-roumanie-id400929.html#primaryimage"},"image":{"@id":"https:\/\/www.rri.ro\/fr\/actualites\/les-dossiers-de-lactualite\/mesures-sociales-en-roumanie-id400929.html#primaryimage"},"thumbnailUrl":"https:\/\/www.rri.ro\/wp-content\/uploads\/2023\/10\/bani-romanesti-lei-economie-ron-foto-septimiu-pixabay-com.png","datePublished":"2022-06-09T09:34:00+00:00","author":{"@id":"https:\/\/www.rri.ro\/#\/schema\/person\/0745b519f2d1287783422f162c4112af"},"breadcrumb":{"@id":"https:\/\/www.rri.ro\/fr\/actualites\/les-dossiers-de-lactualite\/mesures-sociales-en-roumanie-id400929.html#breadcrumb"},"inLanguage":"fr-FR","potentialAction":[{"@type":"ReadAction","target":["https:\/\/www.rri.ro\/fr\/actualites\/les-dossiers-de-lactualite\/mesures-sociales-en-roumanie-id400929.html"]}]},{"@type":"ImageObject","inLanguage":"fr-FR","@id":"https:\/\/www.rri.ro\/fr\/actualites\/les-dossiers-de-lactualite\/mesures-sociales-en-roumanie-id400929.html#primaryimage","url":"https:\/\/www.rri.ro\/wp-content\/uploads\/2023\/10\/bani-romanesti-lei-economie-ron-foto-septimiu-pixabay-com.png","contentUrl":"https:\/\/www.rri.ro\/wp-content\/uploads\/2023\/10\/bani-romanesti-lei-economie-ron-foto-septimiu-pixabay-com.png","width":640,"height":346},{"@type":"BreadcrumbList","@id":"https:\/\/www.rri.ro\/fr\/actualites\/les-dossiers-de-lactualite\/mesures-sociales-en-roumanie-id400929.html#breadcrumb","itemListElement":[{"@type":"ListItem","position":1,"name":"Page d'accueil","item":"https:\/\/www.rri.ro\/fr"},{"@type":"ListItem","position":2,"name":"Actualit\u00e9s","item":"https:\/\/www.rri.ro\/fr\/actualites"},{"@type":"ListItem","position":3,"name":"Les dossiers de l'actualit\u00e9","item":"https:\/\/www.rri.ro\/fr\/actualites\/les-dossiers-de-lactualite"},{"@type":"ListItem","position":4,"name":"Mesures sociales en Roumanie"}]},{"@type":"WebSite","@id":"https:\/\/www.rri.ro\/#website","url":"https:\/\/www.rri.ro\/","name":"Radio Roumanie Internationale","description":"Totul despre Rom\u00e2nia \u015fi rom\u00e2ni, \u00een 13 limbi\/dialecte!","inLanguage":"fr-FR"},{"@type":"Person","@id":"https:\/\/www.rri.ro\/#\/schema\/person\/0745b519f2d1287783422f162c4112af","name":"Roxana Vasile","url":"https:\/\/www.rri.ro\/fr\/author\/roxana-vasile"}]}},"_links":{"self":[{"href":"https:\/\/www.rri.ro\/fr\/wp-json\/wp\/v2\/posts\/400929","targetHints":{"allow":["GET"]}}],"collection":[{"href":"https:\/\/www.rri.ro\/fr\/wp-json\/wp\/v2\/posts"}],"about":[{"href":"https:\/\/www.rri.ro\/fr\/wp-json\/wp\/v2\/types\/post"}],"author":[{"embeddable":true,"href":"https:\/\/www.rri.ro\/fr\/wp-json\/wp\/v2\/users\/109"}],"replies":[{"embeddable":true,"href":"https:\/\/www.rri.ro\/fr\/wp-json\/wp\/v2\/comments?post=400929"}],"version-history":[{"count":0,"href":"https:\/\/www.rri.ro\/fr\/wp-json\/wp\/v2\/posts\/400929\/revisions"}],"wp:featuredmedia":[{"embeddable":true,"href":"https:\/\/www.rri.ro\/fr\/wp-json\/wp\/v2\/media\/92483"}],"wp:attachment":[{"href":"https:\/\/www.rri.ro\/fr\/wp-json\/wp\/v2\/media?parent=400929"}],"wp:term":[{"taxonomy":"category","embeddable":true,"href":"https:\/\/www.rri.ro\/fr\/wp-json\/wp\/v2\/categories?post=400929"},{"taxonomy":"post_tag","embeddable":true,"href":"https:\/\/www.rri.ro\/fr\/wp-json\/wp\/v2\/tags?post=400929"},{"taxonomy":"author","embeddable":true,"href":"https:\/\/www.rri.ro\/fr\/wp-json\/wp\/v2\/coauthors?post=400929"}],"curies":[{"name":"wp","href":"https:\/\/api.w.org\/{rel}","templated":true}]}}