{"id":400937,"date":"2022-06-22T12:00:00","date_gmt":"2022-06-22T09:00:00","guid":{"rendered":"http:\/\/devrri.freshlemon.ro\/le-roumain-mot-a-mot\/consulter-les-lecons\/controverse-sur-les-prix-des-carburants-id400937.html"},"modified":"2022-06-22T12:00:00","modified_gmt":"2022-06-22T09:00:00","slug":"controverse-sur-les-prix-des-carburants","status":"publish","type":"post","link":"https:\/\/www.rri.ro\/fr\/actualites\/les-dossiers-de-lactualite\/controverse-sur-les-prix-des-carburants-id400937.html","title":{"rendered":"Controverse sur les prix des carburants"},"content":{"rendered":"<p><p>Les prix des carburants ont consid\u00e9rablement augment\u00e9 ces&#13;<br \/>\nderniers mois partout en Europe et tout porte \u00e0 croire que cette tendance va se&#13;<br \/>\npoursuivre. A l&rsquo;heure actuelle, 70 % du p\u00e9trole n\u00e9cessaire \u00e0 la Roumanie&#13;<br \/>\nprovient des importations et les livraisons se font exclusivement par la mer&#13;<br \/>\nNoire. Mais les frais de transport et le prix des assurances ont beaucoup&#13;<br \/>\naugment\u00e9 dans le contexte de la guerre en Ukraine voisine. <\/p>\n<p><\/p>\n<p>&#13;<br \/>\n&#13;<\/p>\n<p>Par cons\u00e9quent, les partis de la coalition du&#13;<br \/>\ngouvernement roumain sont en train de chercher des solutions pour r\u00e9duire les prix&#13;<br \/>\n\u00e0 la pompe. Toutefois, ils sont encore loin d&rsquo;arriver \u00e0 un accord. Les tarifs&#13;<br \/>\nont atteint un niveau critique, l&rsquo;avis est unanime, mais la mani\u00e8re dont on&#13;<br \/>\npourrait les faire baisser est toujours en d\u00e9bat. D&rsquo;une part, les&#13;<br \/>\nsociaux-d\u00e9mocrates proposent que le ministre lib\u00e9ral de l&rsquo;Energie et celui&#13;<br \/>\nsocial-d\u00e9mocrate des Finances plafonnent les tarifs ou que le gouvernement intervienne&#13;<br \/>\nsur le plan fiscal. D&rsquo;autre part, dans l&rsquo;opposition, l&rsquo;Union Sauvez la Roumanie&#13;<br \/>\n(USR) a d\u00e9pos\u00e9 mardi \u00e0 la Chambre des d\u00e9put\u00e9s une motion simple contre le ministre&#13;<br \/>\nde l&rsquo;Energie, Virgil Popescu, qu&rsquo;elle accuse d&rsquo;incomp\u00e9tence. <\/p>\n<p><\/p>\n<p>&#13;<br \/>\n&#13;<\/p>\n<p>Qui plus est, les transporteurs exigent des responsables&#13;<br \/>\nde Bucarest qu&rsquo;ils sortent au plus vite de l&rsquo;impasse et proposent une solution.&#13;<br \/>\nPar exemple, l&rsquo;Association Energia Inteligent\u0103 (Energie intelligente) estime&#13;<br \/>\nqu&rsquo;une baisse des tarifs des carburants serait possible par la r\u00e9duction de&#13;<br \/>\nl&rsquo;accise et de la TVA. L&rsquo;association a m\u00eame fait une \u00e9tude estimant que l&rsquo;Etat reste&#13;<br \/>\nle principal b\u00e9n\u00e9ficiaire de la croissance des prix des carburants. Celui-ci&#13;<br \/>\naurait en effet obtenu des recettes de 600 millions d&rsquo;euros plus \u00e9lev\u00e9es que&#13;<br \/>\ncelles de l&rsquo;ann\u00e9e derni\u00e8re sur la m\u00eame p\u00e9riode. Plafonner le prix \u00e0 la pompe&#13;<br \/>\nest une mesure qui fera plus de mal que de bien, estime encore l&rsquo;Association en&#13;<br \/>\nquestion. <\/p>\n<p><\/p>\n<p>&#13;<br \/>\n&#13;<\/p>\n<p>Par ailleurs, les experts de l&rsquo;\u00e9nergie affirment que le&#13;<br \/>\nprix de l&rsquo;essence et du diesel ne cessera de cro\u00eetre tant que la demande en carburant&#13;<br \/>\nrestera \u00e9lev\u00e9e. Plus encore, une intervention de la part du Gouvernement \u00e0 la&#13;<br \/>\ndemande du public aura au contraire des effets ind\u00e9sirables. A part la demande&#13;<br \/>\ntr\u00e8s forte, la d\u00e9pr\u00e9ciation de la monnaie nationale, le leu, est une autre&#13;<br \/>\ncause \u00e0 l&rsquo;origine de la flamb\u00e9e des tarifs des carburants, sans oublier le fait&#13;<br \/>\nqu&rsquo;\u00e0 l&rsquo;heure actuelle le prix du baril de p\u00e9trole am\u00e9ricain est au m\u00eame niveau&#13;<br \/>\nqu&rsquo;\u00e0 l&rsquo;\u00e9t\u00e9 2013.  <\/p>\n<p><\/p>\n<p>&#13;<br \/>\n&#13;<\/p>\n<p>Dans une interview pour Radio Roumanie, Gabriel&#13;<br \/>\nAv\u0103c\u0103ri\u0163ei, r\u00e9dacteur en chef de la plateforme Energynomics, explique jusqu&rsquo;o\u00f9&#13;<br \/>\npeut aller la flamb\u00e9e des prix des carburants :<\/p>\n<p><\/p>\n<p><em class=cms-italic>\u00ab Cette tendance \u00e0 la hausse restera tr\u00e8s&#13;<br \/>\nprobablement tout aussi forte tant qu&rsquo;il y aura de la demande. La pr\u00e9sence de&#13;<br \/>\nnombreuses voitures dans nos rues r\u00e9v\u00e8le que la population est pr\u00eate \u00e0&#13;<br \/>\ncontinuer \u00e0 payer ce prix \u00e9lev\u00e9 des carburants. J&rsquo;y ajouterais un chiffre. Ces&#13;<br \/>\n10 derni\u00e8res ann\u00e9es, le revenu moyen de la population roumaine a doubl\u00e9. A&#13;<br \/>\nl&rsquo;\u00e9poque, il tournait autour des 2 300 lei et aujourd&rsquo;hui il est d&rsquo;environ 5&#13;<br \/>\n000 lei (un millier d&rsquo;euros). Par cons\u00e9quent, il y a un grand potentiel&#13;<br \/>\nd&rsquo;achat, surtout que les revenus moyens ont augment\u00e9 beaucoup plus que le prix&#13;<br \/>\nde carburants, par exemple \u00bb<\/em>, estime Gabriel Av\u0103c\u0103ri\u0163ei.<\/p>\n<p><\/p>\n<p>&#13;<br \/>\n&#13;<\/p>\n<p>Il affirme aussi que, bien que plusieurs mesures aient&#13;<br \/>\n\u00e9t\u00e9 prises dans nombre d&rsquo;Etats europ\u00e9ens, leur impact sur le prix final n&rsquo;a pas&#13;<br \/>\n\u00e9t\u00e9 significatif jusqu&rsquo;ici. En attendant la d\u00e9cision des responsables de&#13;<br \/>\nBucarest, des protestations timides pour l&rsquo;instant voient le jour \u00e0 travers la&#13;<br \/>\nRoumanie sur toile de fond de cette flamb\u00e9e des prix des carburants. (Trad.&#13;<br \/>\nValentina Beleavski) <\/p>\n<p>&#13;<br \/>\n&#13;<br \/>\n&#13;<br \/>\n&#13;<br \/><\/p>\n","protected":false},"excerpt":{"rendered":"<p>Les prix des carburants ont consid\u00e9rablement augment\u00e9 ces&#13; derniers mois partout en Europe et tout porte \u00e0 croire que cette tendance va se&#13; poursuivre. A l&rsquo;heure actuelle, 70 % du p\u00e9trole n\u00e9cessaire \u00e0 la Roumanie&#13; provient des importations et les livraisons se font exclusivement par la mer&#13; Noire. Mais les frais de transport et le [&hellip;]<\/p>\n","protected":false},"author":107,"featured_media":91182,"comment_status":"closed","ping_status":"closed","sticky":false,"template":"","format":"standard","meta":{"_acf_changed":false,"footnotes":""},"categories":[93377],"tags":[],"coauthors":[],"class_list":["post-400937","post","type-post","status-publish","format-standard","has-post-thumbnail","hentry","category-les-dossiers-de-lactualite"],"acf":[],"yoast_head":"<!-- This site is optimized with the Yoast SEO plugin v27.3 - https:\/\/yoast.com\/product\/yoast-seo-wordpress\/ -->\n<title>Controverse sur les prix des carburants - Radio Roumanie Internationale<\/title>\n<meta name=\"robots\" content=\"index, follow, max-snippet:-1, max-image-preview:large, max-video-preview:-1\" \/>\n<link rel=\"canonical\" href=\"https:\/\/www.rri.ro\/fr\/actualites\/les-dossiers-de-lactualite\/controverse-sur-les-prix-des-carburants-id400937.html\" \/>\n<meta property=\"og:locale\" content=\"fr_FR\" \/>\n<meta property=\"og:type\" content=\"article\" \/>\n<meta property=\"og:title\" content=\"Controverse sur les prix des carburants - Radio Roumanie Internationale\" \/>\n<meta property=\"og:description\" content=\"Les prix des carburants ont consid\u00e9rablement augment\u00e9 ces&#013; derniers mois partout en Europe et tout porte \u00e0 croire que cette tendance va se&#013; poursuivre. A l&rsquo;heure actuelle, 70 % du p\u00e9trole n\u00e9cessaire \u00e0 la Roumanie&#013; provient des importations et les livraisons se font exclusivement par la mer&#013; Noire. Mais les frais de transport et le [&hellip;]\" \/>\n<meta property=\"og:url\" content=\"https:\/\/www.rri.ro\/fr\/actualites\/les-dossiers-de-lactualite\/controverse-sur-les-prix-des-carburants-id400937.html\" \/>\n<meta property=\"og:site_name\" content=\"Radio Roumanie Internationale\" \/>\n<meta property=\"article:published_time\" content=\"2022-06-22T09:00:00+00:00\" \/>\n<meta property=\"og:image\" content=\"https:\/\/www.rri.ro\/wp-content\/uploads\/2023\/10\/pompa-alimentare-benzina-poluare-foto-pixabay.png\" \/>\n\t<meta property=\"og:image:width\" content=\"640\" \/>\n\t<meta property=\"og:image:height\" content=\"425\" \/>\n\t<meta property=\"og:image:type\" content=\"image\/png\" \/>\n<meta name=\"author\" content=\"Daniela Budu\" \/>\n<meta name=\"twitter:card\" content=\"summary_large_image\" \/>\n<meta name=\"twitter:label1\" content=\"\u00c9crit par\" \/>\n\t<meta name=\"twitter:data1\" content=\"Daniela Budu\" \/>\n\t<meta name=\"twitter:label2\" content=\"Dur\u00e9e de lecture estim\u00e9e\" \/>\n\t<meta name=\"twitter:data2\" content=\"3 minutes\" \/>\n\t<meta name=\"twitter:label3\" content=\"Written by\" \/>\n\t<meta name=\"twitter:data3\" content=\"Daniela Budu\" \/>\n<script type=\"application\/ld+json\" class=\"yoast-schema-graph\">{\"@context\":\"https:\\\/\\\/schema.org\",\"@graph\":[{\"@type\":\"Article\",\"@id\":\"https:\\\/\\\/www.rri.ro\\\/fr\\\/actualites\\\/les-dossiers-de-lactualite\\\/controverse-sur-les-prix-des-carburants-id400937.html#article\",\"isPartOf\":{\"@id\":\"https:\\\/\\\/www.rri.ro\\\/fr\\\/actualites\\\/les-dossiers-de-lactualite\\\/controverse-sur-les-prix-des-carburants-id400937.html\"},\"author\":{\"name\":\"Daniela Budu\",\"@id\":\"https:\\\/\\\/www.rri.ro\\\/#\\\/schema\\\/person\\\/b46b8f80d7d6e4b5ac9f14f0acbad0c4\"},\"headline\":\"Controverse sur les prix des carburants\",\"datePublished\":\"2022-06-22T09:00:00+00:00\",\"mainEntityOfPage\":{\"@id\":\"https:\\\/\\\/www.rri.ro\\\/fr\\\/actualites\\\/les-dossiers-de-lactualite\\\/controverse-sur-les-prix-des-carburants-id400937.html\"},\"wordCount\":655,\"image\":{\"@id\":\"https:\\\/\\\/www.rri.ro\\\/fr\\\/actualites\\\/les-dossiers-de-lactualite\\\/controverse-sur-les-prix-des-carburants-id400937.html#primaryimage\"},\"thumbnailUrl\":\"https:\\\/\\\/www.rri.ro\\\/wp-content\\\/uploads\\\/2023\\\/10\\\/pompa-alimentare-benzina-poluare-foto-pixabay.png\",\"articleSection\":[\"Les dossiers de l'actualit\u00e9\"],\"inLanguage\":\"fr-FR\"},{\"@type\":\"WebPage\",\"@id\":\"https:\\\/\\\/www.rri.ro\\\/fr\\\/actualites\\\/les-dossiers-de-lactualite\\\/controverse-sur-les-prix-des-carburants-id400937.html\",\"url\":\"https:\\\/\\\/www.rri.ro\\\/fr\\\/actualites\\\/les-dossiers-de-lactualite\\\/controverse-sur-les-prix-des-carburants-id400937.html\",\"name\":\"Controverse sur les prix des carburants - Radio Roumanie Internationale\",\"isPartOf\":{\"@id\":\"https:\\\/\\\/www.rri.ro\\\/#website\"},\"primaryImageOfPage\":{\"@id\":\"https:\\\/\\\/www.rri.ro\\\/fr\\\/actualites\\\/les-dossiers-de-lactualite\\\/controverse-sur-les-prix-des-carburants-id400937.html#primaryimage\"},\"image\":{\"@id\":\"https:\\\/\\\/www.rri.ro\\\/fr\\\/actualites\\\/les-dossiers-de-lactualite\\\/controverse-sur-les-prix-des-carburants-id400937.html#primaryimage\"},\"thumbnailUrl\":\"https:\\\/\\\/www.rri.ro\\\/wp-content\\\/uploads\\\/2023\\\/10\\\/pompa-alimentare-benzina-poluare-foto-pixabay.png\",\"datePublished\":\"2022-06-22T09:00:00+00:00\",\"author\":{\"@id\":\"https:\\\/\\\/www.rri.ro\\\/#\\\/schema\\\/person\\\/b46b8f80d7d6e4b5ac9f14f0acbad0c4\"},\"breadcrumb\":{\"@id\":\"https:\\\/\\\/www.rri.ro\\\/fr\\\/actualites\\\/les-dossiers-de-lactualite\\\/controverse-sur-les-prix-des-carburants-id400937.html#breadcrumb\"},\"inLanguage\":\"fr-FR\",\"potentialAction\":[{\"@type\":\"ReadAction\",\"target\":[\"https:\\\/\\\/www.rri.ro\\\/fr\\\/actualites\\\/les-dossiers-de-lactualite\\\/controverse-sur-les-prix-des-carburants-id400937.html\"]}]},{\"@type\":\"ImageObject\",\"inLanguage\":\"fr-FR\",\"@id\":\"https:\\\/\\\/www.rri.ro\\\/fr\\\/actualites\\\/les-dossiers-de-lactualite\\\/controverse-sur-les-prix-des-carburants-id400937.html#primaryimage\",\"url\":\"https:\\\/\\\/www.rri.ro\\\/wp-content\\\/uploads\\\/2023\\\/10\\\/pompa-alimentare-benzina-poluare-foto-pixabay.png\",\"contentUrl\":\"https:\\\/\\\/www.rri.ro\\\/wp-content\\\/uploads\\\/2023\\\/10\\\/pompa-alimentare-benzina-poluare-foto-pixabay.png\",\"width\":640,\"height\":425,\"caption\":\"Photo: pixabay.com\"},{\"@type\":\"BreadcrumbList\",\"@id\":\"https:\\\/\\\/www.rri.ro\\\/fr\\\/actualites\\\/les-dossiers-de-lactualite\\\/controverse-sur-les-prix-des-carburants-id400937.html#breadcrumb\",\"itemListElement\":[{\"@type\":\"ListItem\",\"position\":1,\"name\":\"Page d'accueil\",\"item\":\"https:\\\/\\\/www.rri.ro\\\/fr\"},{\"@type\":\"ListItem\",\"position\":2,\"name\":\"Actualit\u00e9s\",\"item\":\"https:\\\/\\\/www.rri.ro\\\/fr\\\/actualites\"},{\"@type\":\"ListItem\",\"position\":3,\"name\":\"Les dossiers de l'actualit\u00e9\",\"item\":\"https:\\\/\\\/www.rri.ro\\\/fr\\\/actualites\\\/les-dossiers-de-lactualite\"},{\"@type\":\"ListItem\",\"position\":4,\"name\":\"Controverse sur les prix des carburants\"}]},{\"@type\":\"WebSite\",\"@id\":\"https:\\\/\\\/www.rri.ro\\\/#website\",\"url\":\"https:\\\/\\\/www.rri.ro\\\/\",\"name\":\"Radio Roumanie Internationale\",\"description\":\"Totul despre Rom\u00e2nia \u015fi rom\u00e2ni, \u00een 13 limbi\\\/dialecte!\",\"inLanguage\":\"fr-FR\"},{\"@type\":\"Person\",\"@id\":\"https:\\\/\\\/www.rri.ro\\\/#\\\/schema\\\/person\\\/b46b8f80d7d6e4b5ac9f14f0acbad0c4\",\"name\":\"Daniela Budu\",\"url\":\"https:\\\/\\\/www.rri.ro\\\/fr\\\/author\\\/daniela-budu\"}]}<\/script>\n<!-- \/ Yoast SEO plugin. -->","yoast_head_json":{"title":"Controverse sur les prix des carburants - Radio Roumanie Internationale","robots":{"index":"index","follow":"follow","max-snippet":"max-snippet:-1","max-image-preview":"max-image-preview:large","max-video-preview":"max-video-preview:-1"},"canonical":"https:\/\/www.rri.ro\/fr\/actualites\/les-dossiers-de-lactualite\/controverse-sur-les-prix-des-carburants-id400937.html","og_locale":"fr_FR","og_type":"article","og_title":"Controverse sur les prix des carburants - Radio Roumanie Internationale","og_description":"Les prix des carburants ont consid\u00e9rablement augment\u00e9 ces&#13; derniers mois partout en Europe et tout porte \u00e0 croire que cette tendance va se&#13; poursuivre. A l&rsquo;heure actuelle, 70 % du p\u00e9trole n\u00e9cessaire \u00e0 la Roumanie&#13; provient des importations et les livraisons se font exclusivement par la mer&#13; Noire. Mais les frais de transport et le [&hellip;]","og_url":"https:\/\/www.rri.ro\/fr\/actualites\/les-dossiers-de-lactualite\/controverse-sur-les-prix-des-carburants-id400937.html","og_site_name":"Radio Roumanie Internationale","article_published_time":"2022-06-22T09:00:00+00:00","og_image":[{"width":640,"height":425,"url":"https:\/\/www.rri.ro\/wp-content\/uploads\/2023\/10\/pompa-alimentare-benzina-poluare-foto-pixabay.png","type":"image\/png"}],"author":"Daniela Budu","twitter_card":"summary_large_image","twitter_misc":{"\u00c9crit par":"Daniela Budu","Dur\u00e9e de lecture estim\u00e9e":"3 minutes","Written by":"Daniela Budu"},"schema":{"@context":"https:\/\/schema.org","@graph":[{"@type":"Article","@id":"https:\/\/www.rri.ro\/fr\/actualites\/les-dossiers-de-lactualite\/controverse-sur-les-prix-des-carburants-id400937.html#article","isPartOf":{"@id":"https:\/\/www.rri.ro\/fr\/actualites\/les-dossiers-de-lactualite\/controverse-sur-les-prix-des-carburants-id400937.html"},"author":{"name":"Daniela Budu","@id":"https:\/\/www.rri.ro\/#\/schema\/person\/b46b8f80d7d6e4b5ac9f14f0acbad0c4"},"headline":"Controverse sur les prix des carburants","datePublished":"2022-06-22T09:00:00+00:00","mainEntityOfPage":{"@id":"https:\/\/www.rri.ro\/fr\/actualites\/les-dossiers-de-lactualite\/controverse-sur-les-prix-des-carburants-id400937.html"},"wordCount":655,"image":{"@id":"https:\/\/www.rri.ro\/fr\/actualites\/les-dossiers-de-lactualite\/controverse-sur-les-prix-des-carburants-id400937.html#primaryimage"},"thumbnailUrl":"https:\/\/www.rri.ro\/wp-content\/uploads\/2023\/10\/pompa-alimentare-benzina-poluare-foto-pixabay.png","articleSection":["Les dossiers de l'actualit\u00e9"],"inLanguage":"fr-FR"},{"@type":"WebPage","@id":"https:\/\/www.rri.ro\/fr\/actualites\/les-dossiers-de-lactualite\/controverse-sur-les-prix-des-carburants-id400937.html","url":"https:\/\/www.rri.ro\/fr\/actualites\/les-dossiers-de-lactualite\/controverse-sur-les-prix-des-carburants-id400937.html","name":"Controverse sur les prix des carburants - Radio Roumanie Internationale","isPartOf":{"@id":"https:\/\/www.rri.ro\/#website"},"primaryImageOfPage":{"@id":"https:\/\/www.rri.ro\/fr\/actualites\/les-dossiers-de-lactualite\/controverse-sur-les-prix-des-carburants-id400937.html#primaryimage"},"image":{"@id":"https:\/\/www.rri.ro\/fr\/actualites\/les-dossiers-de-lactualite\/controverse-sur-les-prix-des-carburants-id400937.html#primaryimage"},"thumbnailUrl":"https:\/\/www.rri.ro\/wp-content\/uploads\/2023\/10\/pompa-alimentare-benzina-poluare-foto-pixabay.png","datePublished":"2022-06-22T09:00:00+00:00","author":{"@id":"https:\/\/www.rri.ro\/#\/schema\/person\/b46b8f80d7d6e4b5ac9f14f0acbad0c4"},"breadcrumb":{"@id":"https:\/\/www.rri.ro\/fr\/actualites\/les-dossiers-de-lactualite\/controverse-sur-les-prix-des-carburants-id400937.html#breadcrumb"},"inLanguage":"fr-FR","potentialAction":[{"@type":"ReadAction","target":["https:\/\/www.rri.ro\/fr\/actualites\/les-dossiers-de-lactualite\/controverse-sur-les-prix-des-carburants-id400937.html"]}]},{"@type":"ImageObject","inLanguage":"fr-FR","@id":"https:\/\/www.rri.ro\/fr\/actualites\/les-dossiers-de-lactualite\/controverse-sur-les-prix-des-carburants-id400937.html#primaryimage","url":"https:\/\/www.rri.ro\/wp-content\/uploads\/2023\/10\/pompa-alimentare-benzina-poluare-foto-pixabay.png","contentUrl":"https:\/\/www.rri.ro\/wp-content\/uploads\/2023\/10\/pompa-alimentare-benzina-poluare-foto-pixabay.png","width":640,"height":425,"caption":"Photo: pixabay.com"},{"@type":"BreadcrumbList","@id":"https:\/\/www.rri.ro\/fr\/actualites\/les-dossiers-de-lactualite\/controverse-sur-les-prix-des-carburants-id400937.html#breadcrumb","itemListElement":[{"@type":"ListItem","position":1,"name":"Page d'accueil","item":"https:\/\/www.rri.ro\/fr"},{"@type":"ListItem","position":2,"name":"Actualit\u00e9s","item":"https:\/\/www.rri.ro\/fr\/actualites"},{"@type":"ListItem","position":3,"name":"Les dossiers de l'actualit\u00e9","item":"https:\/\/www.rri.ro\/fr\/actualites\/les-dossiers-de-lactualite"},{"@type":"ListItem","position":4,"name":"Controverse sur les prix des carburants"}]},{"@type":"WebSite","@id":"https:\/\/www.rri.ro\/#website","url":"https:\/\/www.rri.ro\/","name":"Radio Roumanie Internationale","description":"Totul despre Rom\u00e2nia \u015fi rom\u00e2ni, \u00een 13 limbi\/dialecte!","inLanguage":"fr-FR"},{"@type":"Person","@id":"https:\/\/www.rri.ro\/#\/schema\/person\/b46b8f80d7d6e4b5ac9f14f0acbad0c4","name":"Daniela Budu","url":"https:\/\/www.rri.ro\/fr\/author\/daniela-budu"}]}},"_links":{"self":[{"href":"https:\/\/www.rri.ro\/fr\/wp-json\/wp\/v2\/posts\/400937","targetHints":{"allow":["GET"]}}],"collection":[{"href":"https:\/\/www.rri.ro\/fr\/wp-json\/wp\/v2\/posts"}],"about":[{"href":"https:\/\/www.rri.ro\/fr\/wp-json\/wp\/v2\/types\/post"}],"author":[{"embeddable":true,"href":"https:\/\/www.rri.ro\/fr\/wp-json\/wp\/v2\/users\/107"}],"replies":[{"embeddable":true,"href":"https:\/\/www.rri.ro\/fr\/wp-json\/wp\/v2\/comments?post=400937"}],"version-history":[{"count":0,"href":"https:\/\/www.rri.ro\/fr\/wp-json\/wp\/v2\/posts\/400937\/revisions"}],"wp:featuredmedia":[{"embeddable":true,"href":"https:\/\/www.rri.ro\/fr\/wp-json\/wp\/v2\/media\/91182"}],"wp:attachment":[{"href":"https:\/\/www.rri.ro\/fr\/wp-json\/wp\/v2\/media?parent=400937"}],"wp:term":[{"taxonomy":"category","embeddable":true,"href":"https:\/\/www.rri.ro\/fr\/wp-json\/wp\/v2\/categories?post=400937"},{"taxonomy":"post_tag","embeddable":true,"href":"https:\/\/www.rri.ro\/fr\/wp-json\/wp\/v2\/tags?post=400937"},{"taxonomy":"author","embeddable":true,"href":"https:\/\/www.rri.ro\/fr\/wp-json\/wp\/v2\/coauthors?post=400937"}],"curies":[{"name":"wp","href":"https:\/\/api.w.org\/{rel}","templated":true}]}}