{"id":400939,"date":"2022-06-24T12:47:00","date_gmt":"2022-06-24T09:47:00","guid":{"rendered":"http:\/\/devrri.freshlemon.ro\/le-roumain-mot-a-mot\/consulter-les-lecons\/lukraine-et-republique-de-moldova-candidates-a-lue-id400939.html"},"modified":"2022-06-24T12:47:00","modified_gmt":"2022-06-24T09:47:00","slug":"lukraine-et-republique-de-moldova-candidates-a-lue","status":"publish","type":"post","link":"https:\/\/www.rri.ro\/fr\/actualites\/les-dossiers-de-lactualite\/lukraine-et-republique-de-moldova-candidates-a-lue-id400939.html","title":{"rendered":"L&rsquo;Ukraine et R\u00e9publique de Moldova &#8211; candidates \u00e0 l&rsquo;UE"},"content":{"rendered":"<p><p>Comme attendu, les leaders des Etats-membres&#13;<br \/>\nde l&rsquo;UE ont accord\u00e9 le statut de pays candidat \u00e0 l&rsquo;adh\u00e9sion \u00e0 l&rsquo;espace communautaire&#13;<br \/>\n\u00e0 la R\u00e9publique de Moldova et \u00e0 l&rsquo;Ukraine. Un 3e pays aspirant au&#13;<br \/>\nparcours europ\u00e9en, la G\u00e9orgie, a \u00e9t\u00e9 quant \u00e0 elle encourag\u00e9e \u00e0 poursuivre les&#13;<br \/>\nr\u00e9formes pour pouvoir obtenir un jour le m\u00eame statut. R\u00e9unis au sommet du Conseil&#13;<br \/>\neurop\u00e9en de Bruxelles, les leaders des 27 ont salu\u00e9 ce qu&rsquo;ils ont appel\u00e9 une&#13;<br \/>\njourn\u00e9e historique pour l&rsquo;Union, qui ouvre ses portes pour 3 nouvelles r\u00e9publiques&#13;<br \/>\nex-sovi\u00e9tiques, pr\u00e8s de deux d\u00e9cennies apr\u00e8s d&rsquo;admission des Pays Baltes. <\/p>\n<p><\/p>\n<p>&#13;<br \/>\n&#13;<br \/>\n&#13;<br \/>\n&#13;<\/p>\n<p>Pour la pr\u00e9sidente de la Commission europ\u00e9enne,&#13;<br \/>\nUrsula von der Leyen, tous ces trois Etats font d\u00e9j\u00e0 partie de la famille&#13;<br \/>\neurop\u00e9enne : <em class=cms-italic>\u00ab Il n&rsquo;y a pas de meilleur signe d&rsquo;espoir pour les citoyens d&rsquo;Ukraine,&#13;<br \/>\nde R\u00e9publique de Moldova et de G\u00e9orgie en cette p\u00e9riode trouble. Sans doute, ces&#13;<br \/>\npays doivent encore travailler avant d&rsquo;aller plus loin, avant de passer \u00e0 l&rsquo;\u00e9tape&#13;<br \/>\nsuivante de leur processus d&rsquo;adh\u00e9sion \u00e0 l&rsquo;UE. \u00bb <\/em><\/p>\n<p><\/p>\n<p>&#13;<br \/>\n&#13;<br \/>\n&#13;<br \/>\n&#13;<br \/>\n&#13;<br \/>\n&#13;<\/p>\n<p>Voisine de l&rsquo;Ukraine et de la R\u00e9publique de Moldova&#13;<br \/>\net \u00e9troitement li\u00e9e \u00e0 cette derni\u00e8re par sa langue, sa culture et son histoire,&#13;<br \/>\nla Roumanie s&rsquo;int\u00e9resse vivement au succ\u00e8s des r\u00e9formes que les nouveaux&#13;<br \/>\ncandidats mettront en place. Le pr\u00e9sident roumain Klaus Iohannis souligne que&#13;<br \/>\nles gouvernements de Chisinau et de Kiev doivent se mettre au travail au plus&#13;<br \/>\nvite et assure que la R\u00e9publique de Moldova peut compter sur l&rsquo;appui total de Bucarest.&#13;\n<\/p>\n<p><\/p>\n<p>&#13;<br \/>\n&#13;<br \/>\n&#13;<br \/>\n&#13;<br \/>\n&#13;<br \/>\n&#13;<\/p>\n<p>Klaus Iohannis : <em class=cms-italic>\u00ab Je pense que par&#13;<br \/>\nce pas on peut tr\u00e8s bien dire que le paradigme de l&rsquo;\u00e9largissement de l&rsquo;UE a&#13;<br \/>\nchang\u00e9 et que sa politique d&rsquo;\u00e9largissement a re\u00e7u un nouveau coup de pouce. A&#13;<br \/>\nmon avis, l&rsquo;Ukraine, la R\u00e9publique de Moldova et la G\u00e9orgie ont \u00e0 leur tour re\u00e7u&#13;<br \/>\nun nouveau coup de pouce et je suis persuad\u00e9 que tout le monde prendra tr\u00e8s au&#13;<br \/>\ns\u00e9rieux son travail pour mettre en \u0153uvre les r\u00e9formes, les proc\u00e9dures et les&#13;<br \/>\nprojets qui sont encore n\u00e9cessaires pour faire ensuite un nouveau pas en avant \u00bb&#13;<br \/>\n <\/em><\/p>\n<p><\/p>\n<p>&#13;<br \/>\n&#13;<br \/>\n&#13;<br \/>\n&#13;<br \/>\n&#13;<br \/>\n&#13;<\/p>\n<p>D&rsquo;ailleurs, le chef de l&rsquo;Etat roumain a \u00e9t\u00e9&#13;<br \/>\nle premier participant au sommet \u00e0 avoir appel\u00e9 par t\u00e9l\u00e9phone son homologue&#13;<br \/>\nmoldave, Maia Sandu, pour la f\u00e9liciter. A son tour, le pr\u00e9sident du Conseil Europ\u00e9en,&#13;<br \/>\nCharles Michel affirme dans un message post\u00e9 sur Twitter en roumain et en&#13;<br \/>\nukrainien : \u00ab c&rsquo;est un moment historique et un pas extr\u00eamement&#13;<br \/>\nimportant pour votre parcours vers l&rsquo;UE \u00bb.  <\/p>\n<p><\/p>\n<p>&#13;<br \/>\n&#13;<br \/>\n&#13;<br \/>\n&#13;<br \/>\n&#13;<br \/>\n&#13;<\/p>\n<p>De leur c\u00f4t\u00e9 les m\u00e9dias internationaux transmettent&#13;<br \/>\naussi une d\u00e9claration moins enthousiaste, mais tr\u00e8s exacte du premier ministre albanais,&#13;<br \/>\nEdi Rama. A son avis, les Ukrainiens ne devraient pas \u00ab se faire d&rsquo;illusions&#13;<br \/>\n\u00bb concernant leur statut de candidat accord\u00e9 par l&rsquo;UE, puisque leur parcours d&rsquo;adh\u00e9sion&#13;<br \/>\nsera tr\u00e8s long. \u00ab Cela fait 17 ans que la Mac\u00e9doine du Nord est candidate,&#13;<br \/>\nsi je ne me trompe pas, alors que l&rsquo;Albanie, elle est candidate depuis 8 ans&#13;<br \/>\nd\u00e9j\u00e0. Alors, bienvenue, l&rsquo;Ukraine ! \u00bb, s&rsquo;est exclam\u00e9 Edi Rama lors de son&#13;<br \/>\narriv\u00e9e \u00e0 Bruxelles, pour le sommet l&rsquo;UE &#8211; Balkans.  (Trad. Valentina Beleavski)<\/p>\n<p><\/p>\n","protected":false},"excerpt":{"rendered":"<p>Comme attendu, les leaders des Etats-membres&#13; de l&rsquo;UE ont accord\u00e9 le statut de pays candidat \u00e0 l&rsquo;adh\u00e9sion \u00e0 l&rsquo;espace communautaire&#13; \u00e0 la R\u00e9publique de Moldova et \u00e0 l&rsquo;Ukraine. Un 3e pays aspirant au&#13; parcours europ\u00e9en, la G\u00e9orgie, a \u00e9t\u00e9 quant \u00e0 elle encourag\u00e9e \u00e0 poursuivre les&#13; r\u00e9formes pour pouvoir obtenir un jour le m\u00eame statut. [&hellip;]<\/p>\n","protected":false},"author":105,"featured_media":92670,"comment_status":"closed","ping_status":"closed","sticky":false,"template":"","format":"standard","meta":{"_acf_changed":false,"footnotes":""},"categories":[93377],"tags":[],"coauthors":[],"class_list":["post-400939","post","type-post","status-publish","format-standard","has-post-thumbnail","hentry","category-les-dossiers-de-lactualite"],"acf":[],"yoast_head":"<!-- This site is optimized with the Yoast SEO plugin v27.3 - https:\/\/yoast.com\/product\/yoast-seo-wordpress\/ -->\n<title>L&#039;Ukraine et R\u00e9publique de Moldova - candidates \u00e0 l&#039;UE - Radio Roumanie Internationale<\/title>\n<meta name=\"robots\" content=\"index, follow, max-snippet:-1, max-image-preview:large, max-video-preview:-1\" \/>\n<link rel=\"canonical\" href=\"https:\/\/www.rri.ro\/fr\/actualites\/les-dossiers-de-lactualite\/lukraine-et-republique-de-moldova-candidates-a-lue-id400939.html\" \/>\n<meta property=\"og:locale\" content=\"fr_FR\" \/>\n<meta property=\"og:type\" content=\"article\" \/>\n<meta property=\"og:title\" content=\"L&#039;Ukraine et R\u00e9publique de Moldova - candidates \u00e0 l&#039;UE - Radio Roumanie Internationale\" \/>\n<meta property=\"og:description\" content=\"Comme attendu, les leaders des Etats-membres&#013; de l&rsquo;UE ont accord\u00e9 le statut de pays candidat \u00e0 l&rsquo;adh\u00e9sion \u00e0 l&rsquo;espace communautaire&#013; \u00e0 la R\u00e9publique de Moldova et \u00e0 l&rsquo;Ukraine. Un 3e pays aspirant au&#013; parcours europ\u00e9en, la G\u00e9orgie, a \u00e9t\u00e9 quant \u00e0 elle encourag\u00e9e \u00e0 poursuivre les&#013; r\u00e9formes pour pouvoir obtenir un jour le m\u00eame statut. [&hellip;]\" \/>\n<meta property=\"og:url\" content=\"https:\/\/www.rri.ro\/fr\/actualites\/les-dossiers-de-lactualite\/lukraine-et-republique-de-moldova-candidates-a-lue-id400939.html\" \/>\n<meta property=\"og:site_name\" content=\"Radio Roumanie Internationale\" \/>\n<meta property=\"article:published_time\" content=\"2022-06-24T09:47:00+00:00\" \/>\n<meta property=\"og:image\" content=\"https:\/\/www.rri.ro\/wp-content\/uploads\/2023\/10\/summit-ue-balcanii-de-vest-foto-presidency.png\" \/>\n\t<meta property=\"og:image:width\" content=\"640\" \/>\n\t<meta property=\"og:image:height\" content=\"480\" \/>\n\t<meta property=\"og:image:type\" content=\"image\/png\" \/>\n<meta name=\"author\" content=\"Bogdan Matei\" \/>\n<meta name=\"twitter:card\" content=\"summary_large_image\" \/>\n<meta name=\"twitter:label1\" content=\"\u00c9crit par\" \/>\n\t<meta name=\"twitter:data1\" content=\"Bogdan Matei\" \/>\n\t<meta name=\"twitter:label2\" content=\"Dur\u00e9e de lecture estim\u00e9e\" \/>\n\t<meta name=\"twitter:data2\" content=\"3 minutes\" \/>\n\t<meta name=\"twitter:label3\" content=\"Written by\" \/>\n\t<meta name=\"twitter:data3\" content=\"Bogdan Matei\" \/>\n<script type=\"application\/ld+json\" class=\"yoast-schema-graph\">{\"@context\":\"https:\\\/\\\/schema.org\",\"@graph\":[{\"@type\":\"Article\",\"@id\":\"https:\\\/\\\/www.rri.ro\\\/fr\\\/actualites\\\/les-dossiers-de-lactualite\\\/lukraine-et-republique-de-moldova-candidates-a-lue-id400939.html#article\",\"isPartOf\":{\"@id\":\"https:\\\/\\\/www.rri.ro\\\/fr\\\/actualites\\\/les-dossiers-de-lactualite\\\/lukraine-et-republique-de-moldova-candidates-a-lue-id400939.html\"},\"author\":{\"name\":\"Bogdan Matei\",\"@id\":\"https:\\\/\\\/www.rri.ro\\\/#\\\/schema\\\/person\\\/0ed327d40678578e6dbb840527e3ba32\"},\"headline\":\"L&rsquo;Ukraine et R\u00e9publique de Moldova &#8211; candidates \u00e0 l&rsquo;UE\",\"datePublished\":\"2022-06-24T09:47:00+00:00\",\"mainEntityOfPage\":{\"@id\":\"https:\\\/\\\/www.rri.ro\\\/fr\\\/actualites\\\/les-dossiers-de-lactualite\\\/lukraine-et-republique-de-moldova-candidates-a-lue-id400939.html\"},\"wordCount\":571,\"image\":{\"@id\":\"https:\\\/\\\/www.rri.ro\\\/fr\\\/actualites\\\/les-dossiers-de-lactualite\\\/lukraine-et-republique-de-moldova-candidates-a-lue-id400939.html#primaryimage\"},\"thumbnailUrl\":\"https:\\\/\\\/www.rri.ro\\\/wp-content\\\/uploads\\\/2023\\\/10\\\/summit-ue-balcanii-de-vest-foto-presidency.png\",\"articleSection\":[\"Les dossiers de l'actualit\u00e9\"],\"inLanguage\":\"fr-FR\"},{\"@type\":\"WebPage\",\"@id\":\"https:\\\/\\\/www.rri.ro\\\/fr\\\/actualites\\\/les-dossiers-de-lactualite\\\/lukraine-et-republique-de-moldova-candidates-a-lue-id400939.html\",\"url\":\"https:\\\/\\\/www.rri.ro\\\/fr\\\/actualites\\\/les-dossiers-de-lactualite\\\/lukraine-et-republique-de-moldova-candidates-a-lue-id400939.html\",\"name\":\"L'Ukraine et R\u00e9publique de Moldova - candidates \u00e0 l'UE - Radio Roumanie Internationale\",\"isPartOf\":{\"@id\":\"https:\\\/\\\/www.rri.ro\\\/#website\"},\"primaryImageOfPage\":{\"@id\":\"https:\\\/\\\/www.rri.ro\\\/fr\\\/actualites\\\/les-dossiers-de-lactualite\\\/lukraine-et-republique-de-moldova-candidates-a-lue-id400939.html#primaryimage\"},\"image\":{\"@id\":\"https:\\\/\\\/www.rri.ro\\\/fr\\\/actualites\\\/les-dossiers-de-lactualite\\\/lukraine-et-republique-de-moldova-candidates-a-lue-id400939.html#primaryimage\"},\"thumbnailUrl\":\"https:\\\/\\\/www.rri.ro\\\/wp-content\\\/uploads\\\/2023\\\/10\\\/summit-ue-balcanii-de-vest-foto-presidency.png\",\"datePublished\":\"2022-06-24T09:47:00+00:00\",\"author\":{\"@id\":\"https:\\\/\\\/www.rri.ro\\\/#\\\/schema\\\/person\\\/0ed327d40678578e6dbb840527e3ba32\"},\"breadcrumb\":{\"@id\":\"https:\\\/\\\/www.rri.ro\\\/fr\\\/actualites\\\/les-dossiers-de-lactualite\\\/lukraine-et-republique-de-moldova-candidates-a-lue-id400939.html#breadcrumb\"},\"inLanguage\":\"fr-FR\",\"potentialAction\":[{\"@type\":\"ReadAction\",\"target\":[\"https:\\\/\\\/www.rri.ro\\\/fr\\\/actualites\\\/les-dossiers-de-lactualite\\\/lukraine-et-republique-de-moldova-candidates-a-lue-id400939.html\"]}]},{\"@type\":\"ImageObject\",\"inLanguage\":\"fr-FR\",\"@id\":\"https:\\\/\\\/www.rri.ro\\\/fr\\\/actualites\\\/les-dossiers-de-lactualite\\\/lukraine-et-republique-de-moldova-candidates-a-lue-id400939.html#primaryimage\",\"url\":\"https:\\\/\\\/www.rri.ro\\\/wp-content\\\/uploads\\\/2023\\\/10\\\/summit-ue-balcanii-de-vest-foto-presidency.png\",\"contentUrl\":\"https:\\\/\\\/www.rri.ro\\\/wp-content\\\/uploads\\\/2023\\\/10\\\/summit-ue-balcanii-de-vest-foto-presidency.png\",\"width\":640,\"height\":480},{\"@type\":\"BreadcrumbList\",\"@id\":\"https:\\\/\\\/www.rri.ro\\\/fr\\\/actualites\\\/les-dossiers-de-lactualite\\\/lukraine-et-republique-de-moldova-candidates-a-lue-id400939.html#breadcrumb\",\"itemListElement\":[{\"@type\":\"ListItem\",\"position\":1,\"name\":\"Page d'accueil\",\"item\":\"https:\\\/\\\/www.rri.ro\\\/fr\"},{\"@type\":\"ListItem\",\"position\":2,\"name\":\"Actualit\u00e9s\",\"item\":\"https:\\\/\\\/www.rri.ro\\\/fr\\\/actualites\"},{\"@type\":\"ListItem\",\"position\":3,\"name\":\"Les dossiers de l'actualit\u00e9\",\"item\":\"https:\\\/\\\/www.rri.ro\\\/fr\\\/actualites\\\/les-dossiers-de-lactualite\"},{\"@type\":\"ListItem\",\"position\":4,\"name\":\"L&rsquo;Ukraine et R\u00e9publique de Moldova &#8211; candidates \u00e0 l&rsquo;UE\"}]},{\"@type\":\"WebSite\",\"@id\":\"https:\\\/\\\/www.rri.ro\\\/#website\",\"url\":\"https:\\\/\\\/www.rri.ro\\\/\",\"name\":\"Radio Roumanie Internationale\",\"description\":\"Totul despre Rom\u00e2nia \u015fi rom\u00e2ni, \u00een 13 limbi\\\/dialecte!\",\"inLanguage\":\"fr-FR\"},{\"@type\":\"Person\",\"@id\":\"https:\\\/\\\/www.rri.ro\\\/#\\\/schema\\\/person\\\/0ed327d40678578e6dbb840527e3ba32\",\"name\":\"Bogdan Matei\",\"url\":\"https:\\\/\\\/www.rri.ro\\\/fr\\\/author\\\/bogdan-matei\"}]}<\/script>\n<!-- \/ Yoast SEO plugin. -->","yoast_head_json":{"title":"L'Ukraine et R\u00e9publique de Moldova - candidates \u00e0 l'UE - Radio Roumanie Internationale","robots":{"index":"index","follow":"follow","max-snippet":"max-snippet:-1","max-image-preview":"max-image-preview:large","max-video-preview":"max-video-preview:-1"},"canonical":"https:\/\/www.rri.ro\/fr\/actualites\/les-dossiers-de-lactualite\/lukraine-et-republique-de-moldova-candidates-a-lue-id400939.html","og_locale":"fr_FR","og_type":"article","og_title":"L'Ukraine et R\u00e9publique de Moldova - candidates \u00e0 l'UE - Radio Roumanie Internationale","og_description":"Comme attendu, les leaders des Etats-membres&#13; de l&rsquo;UE ont accord\u00e9 le statut de pays candidat \u00e0 l&rsquo;adh\u00e9sion \u00e0 l&rsquo;espace communautaire&#13; \u00e0 la R\u00e9publique de Moldova et \u00e0 l&rsquo;Ukraine. Un 3e pays aspirant au&#13; parcours europ\u00e9en, la G\u00e9orgie, a \u00e9t\u00e9 quant \u00e0 elle encourag\u00e9e \u00e0 poursuivre les&#13; r\u00e9formes pour pouvoir obtenir un jour le m\u00eame statut. [&hellip;]","og_url":"https:\/\/www.rri.ro\/fr\/actualites\/les-dossiers-de-lactualite\/lukraine-et-republique-de-moldova-candidates-a-lue-id400939.html","og_site_name":"Radio Roumanie Internationale","article_published_time":"2022-06-24T09:47:00+00:00","og_image":[{"width":640,"height":480,"url":"https:\/\/www.rri.ro\/wp-content\/uploads\/2023\/10\/summit-ue-balcanii-de-vest-foto-presidency.png","type":"image\/png"}],"author":"Bogdan Matei","twitter_card":"summary_large_image","twitter_misc":{"\u00c9crit par":"Bogdan Matei","Dur\u00e9e de lecture estim\u00e9e":"3 minutes","Written by":"Bogdan Matei"},"schema":{"@context":"https:\/\/schema.org","@graph":[{"@type":"Article","@id":"https:\/\/www.rri.ro\/fr\/actualites\/les-dossiers-de-lactualite\/lukraine-et-republique-de-moldova-candidates-a-lue-id400939.html#article","isPartOf":{"@id":"https:\/\/www.rri.ro\/fr\/actualites\/les-dossiers-de-lactualite\/lukraine-et-republique-de-moldova-candidates-a-lue-id400939.html"},"author":{"name":"Bogdan Matei","@id":"https:\/\/www.rri.ro\/#\/schema\/person\/0ed327d40678578e6dbb840527e3ba32"},"headline":"L&rsquo;Ukraine et R\u00e9publique de Moldova &#8211; candidates \u00e0 l&rsquo;UE","datePublished":"2022-06-24T09:47:00+00:00","mainEntityOfPage":{"@id":"https:\/\/www.rri.ro\/fr\/actualites\/les-dossiers-de-lactualite\/lukraine-et-republique-de-moldova-candidates-a-lue-id400939.html"},"wordCount":571,"image":{"@id":"https:\/\/www.rri.ro\/fr\/actualites\/les-dossiers-de-lactualite\/lukraine-et-republique-de-moldova-candidates-a-lue-id400939.html#primaryimage"},"thumbnailUrl":"https:\/\/www.rri.ro\/wp-content\/uploads\/2023\/10\/summit-ue-balcanii-de-vest-foto-presidency.png","articleSection":["Les dossiers de l'actualit\u00e9"],"inLanguage":"fr-FR"},{"@type":"WebPage","@id":"https:\/\/www.rri.ro\/fr\/actualites\/les-dossiers-de-lactualite\/lukraine-et-republique-de-moldova-candidates-a-lue-id400939.html","url":"https:\/\/www.rri.ro\/fr\/actualites\/les-dossiers-de-lactualite\/lukraine-et-republique-de-moldova-candidates-a-lue-id400939.html","name":"L'Ukraine et R\u00e9publique de Moldova - candidates \u00e0 l'UE - Radio Roumanie Internationale","isPartOf":{"@id":"https:\/\/www.rri.ro\/#website"},"primaryImageOfPage":{"@id":"https:\/\/www.rri.ro\/fr\/actualites\/les-dossiers-de-lactualite\/lukraine-et-republique-de-moldova-candidates-a-lue-id400939.html#primaryimage"},"image":{"@id":"https:\/\/www.rri.ro\/fr\/actualites\/les-dossiers-de-lactualite\/lukraine-et-republique-de-moldova-candidates-a-lue-id400939.html#primaryimage"},"thumbnailUrl":"https:\/\/www.rri.ro\/wp-content\/uploads\/2023\/10\/summit-ue-balcanii-de-vest-foto-presidency.png","datePublished":"2022-06-24T09:47:00+00:00","author":{"@id":"https:\/\/www.rri.ro\/#\/schema\/person\/0ed327d40678578e6dbb840527e3ba32"},"breadcrumb":{"@id":"https:\/\/www.rri.ro\/fr\/actualites\/les-dossiers-de-lactualite\/lukraine-et-republique-de-moldova-candidates-a-lue-id400939.html#breadcrumb"},"inLanguage":"fr-FR","potentialAction":[{"@type":"ReadAction","target":["https:\/\/www.rri.ro\/fr\/actualites\/les-dossiers-de-lactualite\/lukraine-et-republique-de-moldova-candidates-a-lue-id400939.html"]}]},{"@type":"ImageObject","inLanguage":"fr-FR","@id":"https:\/\/www.rri.ro\/fr\/actualites\/les-dossiers-de-lactualite\/lukraine-et-republique-de-moldova-candidates-a-lue-id400939.html#primaryimage","url":"https:\/\/www.rri.ro\/wp-content\/uploads\/2023\/10\/summit-ue-balcanii-de-vest-foto-presidency.png","contentUrl":"https:\/\/www.rri.ro\/wp-content\/uploads\/2023\/10\/summit-ue-balcanii-de-vest-foto-presidency.png","width":640,"height":480},{"@type":"BreadcrumbList","@id":"https:\/\/www.rri.ro\/fr\/actualites\/les-dossiers-de-lactualite\/lukraine-et-republique-de-moldova-candidates-a-lue-id400939.html#breadcrumb","itemListElement":[{"@type":"ListItem","position":1,"name":"Page d'accueil","item":"https:\/\/www.rri.ro\/fr"},{"@type":"ListItem","position":2,"name":"Actualit\u00e9s","item":"https:\/\/www.rri.ro\/fr\/actualites"},{"@type":"ListItem","position":3,"name":"Les dossiers de l'actualit\u00e9","item":"https:\/\/www.rri.ro\/fr\/actualites\/les-dossiers-de-lactualite"},{"@type":"ListItem","position":4,"name":"L&rsquo;Ukraine et R\u00e9publique de Moldova &#8211; candidates \u00e0 l&rsquo;UE"}]},{"@type":"WebSite","@id":"https:\/\/www.rri.ro\/#website","url":"https:\/\/www.rri.ro\/","name":"Radio Roumanie Internationale","description":"Totul despre Rom\u00e2nia \u015fi rom\u00e2ni, \u00een 13 limbi\/dialecte!","inLanguage":"fr-FR"},{"@type":"Person","@id":"https:\/\/www.rri.ro\/#\/schema\/person\/0ed327d40678578e6dbb840527e3ba32","name":"Bogdan Matei","url":"https:\/\/www.rri.ro\/fr\/author\/bogdan-matei"}]}},"_links":{"self":[{"href":"https:\/\/www.rri.ro\/fr\/wp-json\/wp\/v2\/posts\/400939","targetHints":{"allow":["GET"]}}],"collection":[{"href":"https:\/\/www.rri.ro\/fr\/wp-json\/wp\/v2\/posts"}],"about":[{"href":"https:\/\/www.rri.ro\/fr\/wp-json\/wp\/v2\/types\/post"}],"author":[{"embeddable":true,"href":"https:\/\/www.rri.ro\/fr\/wp-json\/wp\/v2\/users\/105"}],"replies":[{"embeddable":true,"href":"https:\/\/www.rri.ro\/fr\/wp-json\/wp\/v2\/comments?post=400939"}],"version-history":[{"count":0,"href":"https:\/\/www.rri.ro\/fr\/wp-json\/wp\/v2\/posts\/400939\/revisions"}],"wp:featuredmedia":[{"embeddable":true,"href":"https:\/\/www.rri.ro\/fr\/wp-json\/wp\/v2\/media\/92670"}],"wp:attachment":[{"href":"https:\/\/www.rri.ro\/fr\/wp-json\/wp\/v2\/media?parent=400939"}],"wp:term":[{"taxonomy":"category","embeddable":true,"href":"https:\/\/www.rri.ro\/fr\/wp-json\/wp\/v2\/categories?post=400939"},{"taxonomy":"post_tag","embeddable":true,"href":"https:\/\/www.rri.ro\/fr\/wp-json\/wp\/v2\/tags?post=400939"},{"taxonomy":"author","embeddable":true,"href":"https:\/\/www.rri.ro\/fr\/wp-json\/wp\/v2\/coauthors?post=400939"}],"curies":[{"name":"wp","href":"https:\/\/api.w.org\/{rel}","templated":true}]}}