{"id":400941,"date":"2022-06-28T12:38:00","date_gmt":"2022-06-28T09:38:00","guid":{"rendered":"http:\/\/devrri.freshlemon.ro\/le-roumain-mot-a-mot\/consulter-les-lecons\/les-25-ans-du-partenariat-strategique-roumano-americain-id400941.html"},"modified":"2022-06-28T12:38:00","modified_gmt":"2022-06-28T09:38:00","slug":"les-25-ans-du-partenariat-strategique-roumano-americain","status":"publish","type":"post","link":"https:\/\/www.rri.ro\/fr\/actualites\/les-dossiers-de-lactualite\/les-25-ans-du-partenariat-strategique-roumano-americain-id400941.html","title":{"rendered":"Les 25 ans du Partenariat Strat\u00e9gique roumano-am\u00e9ricain"},"content":{"rendered":"<\/p>\n<p>25 ans se sont \u00e9coul\u00e9s depuis que la Roumanie et les&#13;<br \/>\nEtats-Unis ont jet\u00e9 les bases d&rsquo;une solide collaboration et d&rsquo;un Partenariat&#13;<br \/>\nStrat\u00e9gique. Celui-ci \u00e9tait sign\u00e9 le 11 juillet 1997, \u00e0 l&rsquo;occasion d&rsquo;une br\u00e8ve&#13;<br \/>\nvisite officielle \u00e0 Bucarest du pr\u00e9sident de l&rsquo;\u00e9poque, Bill Clinton, et visait&#13;<br \/>\nnotamment le renforcement des relations bilat\u00e9rales, l&rsquo;appui am\u00e9ricain pour le&#13;<br \/>\nprocessus de r\u00e9forme de l&rsquo;Etat roumain et les d\u00e9marches d&rsquo;int\u00e9gration euro-atlantique&#13;<br \/>\nde la Roumanie, ainsi que la promotion du pays en tant que pilier de la stabilit\u00e9&#13;<br \/>\net de la s\u00e9curit\u00e9 en Europe du Sud-Est.    <\/p>\n<p><\/p>\n<p>&#13;<br \/>\n&#13;<br \/>\n&#13;<br \/>\n&#13;<br \/>\n&#13;<br \/>\n&#13;<\/p>\n<p>Depuis son lancement, le&#13;<br \/>\nPartenariat strat\u00e9gique a \u00e9t\u00e9 un rep\u00e8re essentiel des relations bilat\u00e9rales, et&#13;<br \/>\nun instrument efficace pour soutenir les efforts nationaux pour ce qui est de&#13;<br \/>\nla r\u00e9forme politique, \u00e9conomique, militaire et administrative de la Roumanie,&#13;<br \/>\nnote la diplomatie de Bucarest. <\/p>\n<p><\/p>\n<p>&#13;<br \/>\n&#13;<br \/>\n&#13;<br \/>\n&#13;<br \/>\n&#13;<br \/>\n&#13;<\/p>\n<p>14 ans plus tard, \u00e9tait&#13;<br \/>\nadopt\u00e9e \u00e0 Washington la D\u00e9claration Commune visant le Partenariat Strat\u00e9gique&#13;<br \/>\npour le 21e si\u00e8cle entre la Roumanie et les Etats-Unis. Document important&#13;<br \/>\npour la relation bilat\u00e9rale entre les deux pays, cette D\u00e9claration confirmait&#13;<br \/>\nla bonne coop\u00e9ration au niveau du Partenariat et fixait les piliers de leur relation&#13;<br \/>\nfuture : le dialogue politique, la s\u00e9curit\u00e9, l&rsquo;\u00e9conomie, les contacts&#13;<br \/>\ninterhumains, la science, la technologie, la recherche, l&rsquo;\u00e9ducation et la culture.&#13;\n<\/p>\n<p><\/p>\n<p>&#13;<br \/>\n&#13;<br \/>\n&#13;<br \/>\n&#13;<br \/>\n&#13;<br \/>\n&#13;<\/p>\n<p>A l&rsquo;occasion du 25e&#13;<br \/>\nanniversaire du Partenariat Strat\u00e9gique&#13;<br \/>\nroumano-am\u00e9ricain, l&rsquo;ambassadeur de Roumanie \u00e0 Washington, Andrei Muraru, a \u00e9t\u00e9&#13;<br \/>\nre\u00e7u par le pr\u00e9sident am\u00e9ricain, Joe Biden, \u00e0 la Maison Blanche, lui&#13;<br \/>\ntransmettant le message du pr\u00e9sident roumain, Klaus Iohannis, et le d\u00e9sir de&#13;<br \/>\nBucarest de renforcer le partenariat roumano-am\u00e9ricain. A son tour, le leader&#13;<br \/>\nde la Maison Blanche a remerci\u00e9 la Roumanie pour l&rsquo;aide pr\u00e9cieuse qu&rsquo;elle a&#13;<br \/>\nofferte et continue d&rsquo;offrir \u00e0 l&rsquo;Ukraine.<\/p>\n<p><\/p>\n<p>&#13;<br \/>\n&#13;<br \/>\n&#13;<br \/>\n&#13;<br \/>\n&#13;<br \/>\n&#13;<\/p>\n<p>\u00ab La Roumanie est l&rsquo;alli\u00e9 le plus fort de Washington&#13;<br \/>\ndans la zone de la mer Noire, qui est en ce moment le point le plus vuln\u00e9rable&#13;<br \/>\nde l&rsquo;OTAN \u00bb, a \u00e9crit l&rsquo;ambassadeur roumain aux Etats-Unis dans un message&#13;<br \/>\npost\u00e9 \u00e0 cette occasion sur les r\u00e9seaux sociaux. \u00ab Si la Russie est la principale&#13;<br \/>\nmenace imminente et directe pour nous et nos voisins, la seule r\u00e9ponse est une pr\u00e9sence&#13;<br \/>\nmilitaire am\u00e9ricaine encore plus robuste dans la r\u00e9gion et notamment en&#13;<br \/>\nRoumanie \u00bb, pr\u00e9cise encore Andrei Muraru.<\/p>\n<p><\/p>\n<p>&#13;<br \/>\n&#13;<br \/>\n&#13;<br \/>\n&#13;<br \/>\n&#13;<br \/>\n&#13;<\/p>\n<p>Par ailleurs, au niveau \u00e9conomique, le chef de l&rsquo;Etat roumain,&#13;<br \/>\nKlaus Iohannis, a salu\u00e9 dimanche l&rsquo;annonce du leader de la Maison Blanche, Joe&#13;<br \/>\nBiden, concernant la coop\u00e9ration \u00e9nerg\u00e9tique entre les deux pays, notamment le&#13;<br \/>\nfinancement par Washington, \u00e0 hauteur de 14 millions de dollars, de l&rsquo;\u00e9tape&#13;<br \/>\npr\u00e9liminaire des \u00e9tudes d&rsquo;ing\u00e9nierie et de conception de petits r\u00e9acteurs&#13;<br \/>\nmodulaires en Roumanie. \u00ab Assurer la s\u00e9curit\u00e9 \u00e9nerg\u00e9tique est un objectif&#13;<br \/>\ncommun du Partenariat strat\u00e9gique entre la Roumanie et les Etats-Unis \u00bb, a pr\u00e9cis\u00e9&#13;<br \/>\nKlaus Iohannis. A son tour, le premier ministre roumain, Nicolae Ciuca, a&#13;<br \/>\nd\u00e9clar\u00e9 que la d\u00e9cision de Washington de financer ce programme \u00e9tait une&#13;<br \/>\ncomposante essentielle du d\u00e9veloppement du programme nucl\u00e9aire civil national.  (Trad. Valentina Beleavski)<\/p>\n<p>&#13;<br \/>\n&#13;<br \/><\/p>\n","protected":false},"excerpt":{"rendered":"<p>25 ans se sont \u00e9coul\u00e9s depuis que la Roumanie et les&#13; Etats-Unis ont jet\u00e9 les bases d&rsquo;une solide collaboration et d&rsquo;un Partenariat&#13; Strat\u00e9gique. Celui-ci \u00e9tait sign\u00e9 le 11 juillet 1997, \u00e0 l&rsquo;occasion d&rsquo;une br\u00e8ve&#13; visite officielle \u00e0 Bucarest du pr\u00e9sident de l&rsquo;\u00e9poque, Bill Clinton, et visait&#13; notamment le renforcement des relations bilat\u00e9rales, l&rsquo;appui am\u00e9ricain pour [&hellip;]<\/p>\n","protected":false},"author":46,"featured_media":204659,"comment_status":"closed","ping_status":"closed","sticky":false,"template":"","format":"standard","meta":{"_acf_changed":false,"footnotes":""},"categories":[93377],"tags":[],"coauthors":[],"class_list":["post-400941","post","type-post","status-publish","format-standard","has-post-thumbnail","hentry","category-les-dossiers-de-lactualite"],"acf":[],"yoast_head":"<!-- This site is optimized with the Yoast SEO plugin v27.3 - https:\/\/yoast.com\/product\/yoast-seo-wordpress\/ -->\n<title>Les 25 ans du Partenariat Strat\u00e9gique roumano-am\u00e9ricain - Radio Roumanie Internationale<\/title>\n<meta name=\"robots\" content=\"index, follow, max-snippet:-1, max-image-preview:large, max-video-preview:-1\" \/>\n<link rel=\"canonical\" href=\"https:\/\/www.rri.ro\/fr\/actualites\/les-dossiers-de-lactualite\/les-25-ans-du-partenariat-strategique-roumano-americain-id400941.html\" \/>\n<meta property=\"og:locale\" content=\"fr_FR\" \/>\n<meta property=\"og:type\" content=\"article\" \/>\n<meta property=\"og:title\" content=\"Les 25 ans du Partenariat Strat\u00e9gique roumano-am\u00e9ricain - Radio Roumanie Internationale\" \/>\n<meta property=\"og:description\" content=\"25 ans se sont \u00e9coul\u00e9s depuis que la Roumanie et les&#013; Etats-Unis ont jet\u00e9 les bases d&rsquo;une solide collaboration et d&rsquo;un Partenariat&#013; Strat\u00e9gique. Celui-ci \u00e9tait sign\u00e9 le 11 juillet 1997, \u00e0 l&rsquo;occasion d&rsquo;une br\u00e8ve&#013; visite officielle \u00e0 Bucarest du pr\u00e9sident de l&rsquo;\u00e9poque, Bill Clinton, et visait&#013; notamment le renforcement des relations bilat\u00e9rales, l&rsquo;appui am\u00e9ricain pour [&hellip;]\" \/>\n<meta property=\"og:url\" content=\"https:\/\/www.rri.ro\/fr\/actualites\/les-dossiers-de-lactualite\/les-25-ans-du-partenariat-strategique-roumano-americain-id400941.html\" \/>\n<meta property=\"og:site_name\" content=\"Radio Roumanie Internationale\" \/>\n<meta property=\"article:published_time\" content=\"2022-06-28T09:38:00+00:00\" \/>\n<meta property=\"og:image\" content=\"https:\/\/www.rri.ro\/wp-content\/uploads\/2023\/10\/adrei-muraru-joe-biden-casa-alba-fotofbmuraru.jpg\" \/>\n\t<meta property=\"og:image:width\" content=\"640\" \/>\n\t<meta property=\"og:image:height\" content=\"480\" \/>\n\t<meta property=\"og:image:type\" content=\"image\/png\" \/>\n<meta name=\"author\" content=\"Leyla Cheamil\" \/>\n<meta name=\"twitter:card\" content=\"summary_large_image\" \/>\n<meta name=\"twitter:label1\" content=\"\u00c9crit par\" \/>\n\t<meta name=\"twitter:data1\" content=\"Leyla Cheamil\" \/>\n\t<meta name=\"twitter:label2\" content=\"Dur\u00e9e de lecture estim\u00e9e\" \/>\n\t<meta name=\"twitter:data2\" content=\"3 minutes\" \/>\n\t<meta name=\"twitter:label3\" content=\"Written by\" \/>\n\t<meta name=\"twitter:data3\" content=\"Leyla Cheamil\" \/>\n<script type=\"application\/ld+json\" class=\"yoast-schema-graph\">{\"@context\":\"https:\\\/\\\/schema.org\",\"@graph\":[{\"@type\":\"Article\",\"@id\":\"https:\\\/\\\/www.rri.ro\\\/fr\\\/actualites\\\/les-dossiers-de-lactualite\\\/les-25-ans-du-partenariat-strategique-roumano-americain-id400941.html#article\",\"isPartOf\":{\"@id\":\"https:\\\/\\\/www.rri.ro\\\/fr\\\/actualites\\\/les-dossiers-de-lactualite\\\/les-25-ans-du-partenariat-strategique-roumano-americain-id400941.html\"},\"author\":{\"name\":\"Leyla Cheamil\",\"@id\":\"https:\\\/\\\/www.rri.ro\\\/#\\\/schema\\\/person\\\/e6364ed2d4b6af207a82ca66000d07e0\"},\"headline\":\"Les 25 ans du Partenariat Strat\u00e9gique roumano-am\u00e9ricain\",\"datePublished\":\"2022-06-28T09:38:00+00:00\",\"mainEntityOfPage\":{\"@id\":\"https:\\\/\\\/www.rri.ro\\\/fr\\\/actualites\\\/les-dossiers-de-lactualite\\\/les-25-ans-du-partenariat-strategique-roumano-americain-id400941.html\"},\"wordCount\":543,\"image\":{\"@id\":\"https:\\\/\\\/www.rri.ro\\\/fr\\\/actualites\\\/les-dossiers-de-lactualite\\\/les-25-ans-du-partenariat-strategique-roumano-americain-id400941.html#primaryimage\"},\"thumbnailUrl\":\"https:\\\/\\\/www.rri.ro\\\/wp-content\\\/uploads\\\/2023\\\/10\\\/adrei-muraru-joe-biden-casa-alba-fotofbmuraru.jpg\",\"articleSection\":[\"Les dossiers de l'actualit\u00e9\"],\"inLanguage\":\"fr-FR\"},{\"@type\":\"WebPage\",\"@id\":\"https:\\\/\\\/www.rri.ro\\\/fr\\\/actualites\\\/les-dossiers-de-lactualite\\\/les-25-ans-du-partenariat-strategique-roumano-americain-id400941.html\",\"url\":\"https:\\\/\\\/www.rri.ro\\\/fr\\\/actualites\\\/les-dossiers-de-lactualite\\\/les-25-ans-du-partenariat-strategique-roumano-americain-id400941.html\",\"name\":\"Les 25 ans du Partenariat Strat\u00e9gique roumano-am\u00e9ricain - Radio Roumanie Internationale\",\"isPartOf\":{\"@id\":\"https:\\\/\\\/www.rri.ro\\\/#website\"},\"primaryImageOfPage\":{\"@id\":\"https:\\\/\\\/www.rri.ro\\\/fr\\\/actualites\\\/les-dossiers-de-lactualite\\\/les-25-ans-du-partenariat-strategique-roumano-americain-id400941.html#primaryimage\"},\"image\":{\"@id\":\"https:\\\/\\\/www.rri.ro\\\/fr\\\/actualites\\\/les-dossiers-de-lactualite\\\/les-25-ans-du-partenariat-strategique-roumano-americain-id400941.html#primaryimage\"},\"thumbnailUrl\":\"https:\\\/\\\/www.rri.ro\\\/wp-content\\\/uploads\\\/2023\\\/10\\\/adrei-muraru-joe-biden-casa-alba-fotofbmuraru.jpg\",\"datePublished\":\"2022-06-28T09:38:00+00:00\",\"author\":{\"@id\":\"https:\\\/\\\/www.rri.ro\\\/#\\\/schema\\\/person\\\/e6364ed2d4b6af207a82ca66000d07e0\"},\"breadcrumb\":{\"@id\":\"https:\\\/\\\/www.rri.ro\\\/fr\\\/actualites\\\/les-dossiers-de-lactualite\\\/les-25-ans-du-partenariat-strategique-roumano-americain-id400941.html#breadcrumb\"},\"inLanguage\":\"fr-FR\",\"potentialAction\":[{\"@type\":\"ReadAction\",\"target\":[\"https:\\\/\\\/www.rri.ro\\\/fr\\\/actualites\\\/les-dossiers-de-lactualite\\\/les-25-ans-du-partenariat-strategique-roumano-americain-id400941.html\"]}]},{\"@type\":\"ImageObject\",\"inLanguage\":\"fr-FR\",\"@id\":\"https:\\\/\\\/www.rri.ro\\\/fr\\\/actualites\\\/les-dossiers-de-lactualite\\\/les-25-ans-du-partenariat-strategique-roumano-americain-id400941.html#primaryimage\",\"url\":\"https:\\\/\\\/www.rri.ro\\\/wp-content\\\/uploads\\\/2023\\\/10\\\/adrei-muraru-joe-biden-casa-alba-fotofbmuraru.jpg\",\"contentUrl\":\"https:\\\/\\\/www.rri.ro\\\/wp-content\\\/uploads\\\/2023\\\/10\\\/adrei-muraru-joe-biden-casa-alba-fotofbmuraru.jpg\",\"width\":640,\"height\":480},{\"@type\":\"BreadcrumbList\",\"@id\":\"https:\\\/\\\/www.rri.ro\\\/fr\\\/actualites\\\/les-dossiers-de-lactualite\\\/les-25-ans-du-partenariat-strategique-roumano-americain-id400941.html#breadcrumb\",\"itemListElement\":[{\"@type\":\"ListItem\",\"position\":1,\"name\":\"Page d'accueil\",\"item\":\"https:\\\/\\\/www.rri.ro\\\/fr\"},{\"@type\":\"ListItem\",\"position\":2,\"name\":\"Actualit\u00e9s\",\"item\":\"https:\\\/\\\/www.rri.ro\\\/fr\\\/actualites\"},{\"@type\":\"ListItem\",\"position\":3,\"name\":\"Les dossiers de l'actualit\u00e9\",\"item\":\"https:\\\/\\\/www.rri.ro\\\/fr\\\/actualites\\\/les-dossiers-de-lactualite\"},{\"@type\":\"ListItem\",\"position\":4,\"name\":\"Les 25 ans du Partenariat Strat\u00e9gique roumano-am\u00e9ricain\"}]},{\"@type\":\"WebSite\",\"@id\":\"https:\\\/\\\/www.rri.ro\\\/#website\",\"url\":\"https:\\\/\\\/www.rri.ro\\\/\",\"name\":\"Radio Roumanie Internationale\",\"description\":\"Totul despre Rom\u00e2nia \u015fi rom\u00e2ni, \u00een 13 limbi\\\/dialecte!\",\"inLanguage\":\"fr-FR\"},{\"@type\":\"Person\",\"@id\":\"https:\\\/\\\/www.rri.ro\\\/#\\\/schema\\\/person\\\/e6364ed2d4b6af207a82ca66000d07e0\",\"name\":\"Leyla Cheamil\",\"url\":\"https:\\\/\\\/www.rri.ro\\\/fr\\\/author\\\/leyla-cheamil\"}]}<\/script>\n<!-- \/ Yoast SEO plugin. -->","yoast_head_json":{"title":"Les 25 ans du Partenariat Strat\u00e9gique roumano-am\u00e9ricain - Radio Roumanie Internationale","robots":{"index":"index","follow":"follow","max-snippet":"max-snippet:-1","max-image-preview":"max-image-preview:large","max-video-preview":"max-video-preview:-1"},"canonical":"https:\/\/www.rri.ro\/fr\/actualites\/les-dossiers-de-lactualite\/les-25-ans-du-partenariat-strategique-roumano-americain-id400941.html","og_locale":"fr_FR","og_type":"article","og_title":"Les 25 ans du Partenariat Strat\u00e9gique roumano-am\u00e9ricain - Radio Roumanie Internationale","og_description":"25 ans se sont \u00e9coul\u00e9s depuis que la Roumanie et les&#13; Etats-Unis ont jet\u00e9 les bases d&rsquo;une solide collaboration et d&rsquo;un Partenariat&#13; Strat\u00e9gique. Celui-ci \u00e9tait sign\u00e9 le 11 juillet 1997, \u00e0 l&rsquo;occasion d&rsquo;une br\u00e8ve&#13; visite officielle \u00e0 Bucarest du pr\u00e9sident de l&rsquo;\u00e9poque, Bill Clinton, et visait&#13; notamment le renforcement des relations bilat\u00e9rales, l&rsquo;appui am\u00e9ricain pour [&hellip;]","og_url":"https:\/\/www.rri.ro\/fr\/actualites\/les-dossiers-de-lactualite\/les-25-ans-du-partenariat-strategique-roumano-americain-id400941.html","og_site_name":"Radio Roumanie Internationale","article_published_time":"2022-06-28T09:38:00+00:00","og_image":[{"width":640,"height":480,"url":"https:\/\/www.rri.ro\/wp-content\/uploads\/2023\/10\/adrei-muraru-joe-biden-casa-alba-fotofbmuraru.jpg","type":"image\/png"}],"author":"Leyla Cheamil","twitter_card":"summary_large_image","twitter_misc":{"\u00c9crit par":"Leyla Cheamil","Dur\u00e9e de lecture estim\u00e9e":"3 minutes","Written by":"Leyla Cheamil"},"schema":{"@context":"https:\/\/schema.org","@graph":[{"@type":"Article","@id":"https:\/\/www.rri.ro\/fr\/actualites\/les-dossiers-de-lactualite\/les-25-ans-du-partenariat-strategique-roumano-americain-id400941.html#article","isPartOf":{"@id":"https:\/\/www.rri.ro\/fr\/actualites\/les-dossiers-de-lactualite\/les-25-ans-du-partenariat-strategique-roumano-americain-id400941.html"},"author":{"name":"Leyla Cheamil","@id":"https:\/\/www.rri.ro\/#\/schema\/person\/e6364ed2d4b6af207a82ca66000d07e0"},"headline":"Les 25 ans du Partenariat Strat\u00e9gique roumano-am\u00e9ricain","datePublished":"2022-06-28T09:38:00+00:00","mainEntityOfPage":{"@id":"https:\/\/www.rri.ro\/fr\/actualites\/les-dossiers-de-lactualite\/les-25-ans-du-partenariat-strategique-roumano-americain-id400941.html"},"wordCount":543,"image":{"@id":"https:\/\/www.rri.ro\/fr\/actualites\/les-dossiers-de-lactualite\/les-25-ans-du-partenariat-strategique-roumano-americain-id400941.html#primaryimage"},"thumbnailUrl":"https:\/\/www.rri.ro\/wp-content\/uploads\/2023\/10\/adrei-muraru-joe-biden-casa-alba-fotofbmuraru.jpg","articleSection":["Les dossiers de l'actualit\u00e9"],"inLanguage":"fr-FR"},{"@type":"WebPage","@id":"https:\/\/www.rri.ro\/fr\/actualites\/les-dossiers-de-lactualite\/les-25-ans-du-partenariat-strategique-roumano-americain-id400941.html","url":"https:\/\/www.rri.ro\/fr\/actualites\/les-dossiers-de-lactualite\/les-25-ans-du-partenariat-strategique-roumano-americain-id400941.html","name":"Les 25 ans du Partenariat Strat\u00e9gique roumano-am\u00e9ricain - Radio Roumanie Internationale","isPartOf":{"@id":"https:\/\/www.rri.ro\/#website"},"primaryImageOfPage":{"@id":"https:\/\/www.rri.ro\/fr\/actualites\/les-dossiers-de-lactualite\/les-25-ans-du-partenariat-strategique-roumano-americain-id400941.html#primaryimage"},"image":{"@id":"https:\/\/www.rri.ro\/fr\/actualites\/les-dossiers-de-lactualite\/les-25-ans-du-partenariat-strategique-roumano-americain-id400941.html#primaryimage"},"thumbnailUrl":"https:\/\/www.rri.ro\/wp-content\/uploads\/2023\/10\/adrei-muraru-joe-biden-casa-alba-fotofbmuraru.jpg","datePublished":"2022-06-28T09:38:00+00:00","author":{"@id":"https:\/\/www.rri.ro\/#\/schema\/person\/e6364ed2d4b6af207a82ca66000d07e0"},"breadcrumb":{"@id":"https:\/\/www.rri.ro\/fr\/actualites\/les-dossiers-de-lactualite\/les-25-ans-du-partenariat-strategique-roumano-americain-id400941.html#breadcrumb"},"inLanguage":"fr-FR","potentialAction":[{"@type":"ReadAction","target":["https:\/\/www.rri.ro\/fr\/actualites\/les-dossiers-de-lactualite\/les-25-ans-du-partenariat-strategique-roumano-americain-id400941.html"]}]},{"@type":"ImageObject","inLanguage":"fr-FR","@id":"https:\/\/www.rri.ro\/fr\/actualites\/les-dossiers-de-lactualite\/les-25-ans-du-partenariat-strategique-roumano-americain-id400941.html#primaryimage","url":"https:\/\/www.rri.ro\/wp-content\/uploads\/2023\/10\/adrei-muraru-joe-biden-casa-alba-fotofbmuraru.jpg","contentUrl":"https:\/\/www.rri.ro\/wp-content\/uploads\/2023\/10\/adrei-muraru-joe-biden-casa-alba-fotofbmuraru.jpg","width":640,"height":480},{"@type":"BreadcrumbList","@id":"https:\/\/www.rri.ro\/fr\/actualites\/les-dossiers-de-lactualite\/les-25-ans-du-partenariat-strategique-roumano-americain-id400941.html#breadcrumb","itemListElement":[{"@type":"ListItem","position":1,"name":"Page d'accueil","item":"https:\/\/www.rri.ro\/fr"},{"@type":"ListItem","position":2,"name":"Actualit\u00e9s","item":"https:\/\/www.rri.ro\/fr\/actualites"},{"@type":"ListItem","position":3,"name":"Les dossiers de l'actualit\u00e9","item":"https:\/\/www.rri.ro\/fr\/actualites\/les-dossiers-de-lactualite"},{"@type":"ListItem","position":4,"name":"Les 25 ans du Partenariat Strat\u00e9gique roumano-am\u00e9ricain"}]},{"@type":"WebSite","@id":"https:\/\/www.rri.ro\/#website","url":"https:\/\/www.rri.ro\/","name":"Radio Roumanie Internationale","description":"Totul despre Rom\u00e2nia \u015fi rom\u00e2ni, \u00een 13 limbi\/dialecte!","inLanguage":"fr-FR"},{"@type":"Person","@id":"https:\/\/www.rri.ro\/#\/schema\/person\/e6364ed2d4b6af207a82ca66000d07e0","name":"Leyla Cheamil","url":"https:\/\/www.rri.ro\/fr\/author\/leyla-cheamil"}]}},"_links":{"self":[{"href":"https:\/\/www.rri.ro\/fr\/wp-json\/wp\/v2\/posts\/400941","targetHints":{"allow":["GET"]}}],"collection":[{"href":"https:\/\/www.rri.ro\/fr\/wp-json\/wp\/v2\/posts"}],"about":[{"href":"https:\/\/www.rri.ro\/fr\/wp-json\/wp\/v2\/types\/post"}],"author":[{"embeddable":true,"href":"https:\/\/www.rri.ro\/fr\/wp-json\/wp\/v2\/users\/46"}],"replies":[{"embeddable":true,"href":"https:\/\/www.rri.ro\/fr\/wp-json\/wp\/v2\/comments?post=400941"}],"version-history":[{"count":0,"href":"https:\/\/www.rri.ro\/fr\/wp-json\/wp\/v2\/posts\/400941\/revisions"}],"wp:featuredmedia":[{"embeddable":true,"href":"https:\/\/www.rri.ro\/fr\/wp-json\/wp\/v2\/media\/204659"}],"wp:attachment":[{"href":"https:\/\/www.rri.ro\/fr\/wp-json\/wp\/v2\/media?parent=400941"}],"wp:term":[{"taxonomy":"category","embeddable":true,"href":"https:\/\/www.rri.ro\/fr\/wp-json\/wp\/v2\/categories?post=400941"},{"taxonomy":"post_tag","embeddable":true,"href":"https:\/\/www.rri.ro\/fr\/wp-json\/wp\/v2\/tags?post=400941"},{"taxonomy":"author","embeddable":true,"href":"https:\/\/www.rri.ro\/fr\/wp-json\/wp\/v2\/coauthors?post=400941"}],"curies":[{"name":"wp","href":"https:\/\/api.w.org\/{rel}","templated":true}]}}