{"id":400947,"date":"2022-07-06T11:08:00","date_gmt":"2022-07-06T08:08:00","guid":{"rendered":"http:\/\/devrri.freshlemon.ro\/le-roumain-mot-a-mot\/consulter-les-lecons\/modifications-fiscales-en-roumanie-id400947.html"},"modified":"2022-07-06T11:08:00","modified_gmt":"2022-07-06T08:08:00","slug":"modifications-fiscales-en-roumanie","status":"publish","type":"post","link":"https:\/\/www.rri.ro\/fr\/actualites\/les-dossiers-de-lactualite\/modifications-fiscales-en-roumanie-id400947.html","title":{"rendered":"Modifications fiscales en Roumanie"},"content":{"rendered":"<\/p>\n<p>A Bucarest, le minist\u00e8re des Finances a lanc\u00e9 en&#13;<br \/>\nd\u00e9bat public le projet portant modification au Code fiscal, dont la variante&#13;<br \/>\nfinale devrait \u00eatre adopt\u00e9e par l&rsquo;Ex\u00e9cutif la semaine prochaine. Taxer&#13;<br \/>\ndavantage les revenus provenant des jeux d&rsquo;argent et de hasard, majorer les&#13;<br \/>\naccises sur les cigarettes et les boissons alcoolis\u00e9es, r\u00e9duire le plafond qui&#13;<br \/>\npermet de b\u00e9n\u00e9ficier de facilit\u00e9s fiscales dans le BTP, l&rsquo;agriculture et&#13;<br \/>\nl&rsquo;industrie alimentaire, renoncer \u00e0 l&rsquo;imp\u00f4t sp\u00e9cifique pour le secteur de&#13;<br \/>\nl&rsquo;h\u00f4tellerie et de la restauration ou encore revenir \u00e0 l&rsquo;imp\u00f4t sur le chiffre&#13;<br \/>\nd&rsquo;affaires &#8211; voici quelques-unes des nouvelles mesures propos\u00e9es et qui&#13;<br \/>\ndevraient entrer en vigueur au 1er ao\u00fbt.  S&rsquo;y ajoutent des propositions \u00e0 mettre en&#13;<br \/>\nplace \u00e0 compter de l&rsquo;ann\u00e9e prochaine, telles : augmenter l&rsquo;imp\u00f4t sur les&#13;<br \/>\ndividendes de 5 \u00e0 8% ou bien modifier les crit\u00e8res placent une soci\u00e9t\u00e9 dans la&#13;<br \/>\ncat\u00e9gorie des micro-entreprises. Ici, il s&rsquo;agit de r\u00e9duire le seuil des&#13;<br \/>\nrecettes de l&rsquo;ann\u00e9e pr\u00e9c\u00e9dente d&rsquo;un million \u00e0 500 000 euros et appliquer la&#13;<br \/>\ncondition pour ces entreprises d&rsquo;avoir au moins un salari\u00e9 avec un contrat&#13;<br \/>\nactif. <\/p>\n<p><\/p>\n<p>&#13;<br \/>\n&#13;<br \/>\n&#13;<br \/>\n&#13;<br \/>\n&#13;<br \/>\n&#13;<\/p>\n<p>Et c&rsquo;est toujours \u00e0 partir du 1er&#13;<br \/>\njanvier 2023 que la TVA augmentera de 5 \u00e0 9% pour la livraison d&rsquo;aliments, y&#13;<br \/>\ncompris les boissons, pour les services de restauration et de traiteurs ainsi&#13;<br \/>\nque pour les activit\u00e9s li\u00e9es \u00e0 l&rsquo;h\u00e9bergement en r\u00e9gime h\u00f4telier. On ne saurait&#13;<br \/>\noublier non plus la modification de l&rsquo;imp\u00f4t sur les b\u00e2timents.<\/p>\n<p><\/p>\n<p>&#13;<br \/>\n&#13;<\/p>\n<p>Par ailleurs, les gouvernants de Bucarest parlent&#13;<br \/>\naussi de la possibilit\u00e9 de majorer les pensions de retraite l&rsquo;ann\u00e9e prochaine&#13;<br \/>\navec un pourcentage similaire \u00e0 celui de l&rsquo;inflation.  <\/p>\n<p><\/p>\n<p>&#13;<br \/>\n&#13;<br \/>\n&#13;<br \/>\n&#13;<br \/>\n&#13;<br \/>\n&#13;<\/p>\n<p>Le projet qui r\u00e9unit toutes ces modifications du&#13;<br \/>\nCode fiscal a compt\u00e9 parmi les sujets d&rsquo;une conf\u00e9rence de presse tenue par le&#13;<br \/>\npr\u00e9sident roumain Klaus Iohannis. A son avis, une modernisation de l&rsquo;ensemble&#13;<br \/>\ndu cadre fiscal s&rsquo;impose et il en a d\u00e9j\u00e0 parl\u00e9 avec le premier ministre Nicolae&#13;<br \/>\nCiuca et avec les ministres en charge du domaine fiscal. Il est hors de&#13;<br \/>\nquestion d&rsquo;imposer de nouvelles taxes et imp\u00f4ts \u00e0 la population, il s&rsquo;agit&#13;<br \/>\nseulement de corriger les situations qui n&rsquo;avaient pas \u00e9t\u00e9 r\u00e9glement\u00e9es&#13;<br \/>\njusqu&rsquo;ici, a pr\u00e9cis\u00e9 le chef de l&rsquo;Etat roumain. <\/p>\n<p><\/p>\n<p>&#13;<br \/>\n&#13;<br \/>\n&#13;<br \/>\n&#13;<br \/>\n&#13;<br \/>\n&#13;<\/p>\n<p>Klaus Iohannis : <em class=cms-italic>\u00ab Je leur ai demand\u00e9 de tout&#13;<br \/>\ntr\u00e8s bien examiner, pour qu&rsquo;il n&rsquo;y ait pas de charge suppl\u00e9mentaire pour la&#13;<br \/>\npopulation, ni d&rsquo;\u00e9cueil pour les affaires, mais de corriger les choses afin de&#13;<br \/>\nles rendre plus transparentes, plus concr\u00e8tes. En d\u00e9finitive, tout cela&#13;<br \/>\nentra\u00eenera une meilleure collecte de l&rsquo;argent au budget de l&rsquo;Etat, ce qui se&#13;<br \/>\ntraduira par la r\u00e9duction de l&rsquo;\u00e9vasion fiscale. \u00bb<\/em><\/p>\n<p><\/p>\n<p>&#13;<br \/>\n&#13;<br \/>\n&#13;<br \/>\n&#13;<br \/>\n&#13;<br \/>\n&#13;<\/p>\n<p>A pr\u00e9sent, il n&rsquo;y a pas de&#13;<br \/>\nplan d&rsquo;aust\u00e9rit\u00e9 pour la Roumanie, assure encore le pr\u00e9sident Iohannis, surtout&#13;<br \/>\nque les mesures d&rsquo;aust\u00e9rit\u00e9 prises pendant la crise financi\u00e8re de 2009 n&rsquo;ont&#13;<br \/>\npas port\u00e9 leurs fruits, explique-t-il encore. Il attire l&rsquo;attention sur le fait&#13;<br \/>\nque l&rsquo;Etat roumain ne peut pas allouer trop d&rsquo;argent pour compenser la flamb\u00e9e&#13;<br \/>\ndu prix des carburants, au d\u00e9triment des investissements qui sont essentiels.&#13;<br \/>\nIl se dit n\u00e9anmoins content de l&rsquo;activit\u00e9 du gouvernement, mentionnant que les&#13;<br \/>\nmembres de l&rsquo;Ex\u00e9cutif ont bien fait leur travail et ont r\u00e9ussi \u00e0 trouver des&#13;<br \/>\nsolutions pour de nombreux probl\u00e8mes. (Trad. Valentina Beleavski)<\/p>\n<p><\/p>\n","protected":false},"excerpt":{"rendered":"<p>A Bucarest, le minist\u00e8re des Finances a lanc\u00e9 en&#13; d\u00e9bat public le projet portant modification au Code fiscal, dont la variante&#13; finale devrait \u00eatre adopt\u00e9e par l&rsquo;Ex\u00e9cutif la semaine prochaine. Taxer&#13; davantage les revenus provenant des jeux d&rsquo;argent et de hasard, majorer les&#13; accises sur les cigarettes et les boissons alcoolis\u00e9es, r\u00e9duire le plafond qui&#13; [&hellip;]<\/p>\n","protected":false},"author":106,"featured_media":93213,"comment_status":"closed","ping_status":"closed","sticky":false,"template":"","format":"standard","meta":{"_acf_changed":false,"footnotes":""},"categories":[93377],"tags":[],"coauthors":[],"class_list":["post-400947","post","type-post","status-publish","format-standard","has-post-thumbnail","hentry","category-les-dossiers-de-lactualite"],"acf":[],"yoast_head":"<!-- This site is optimized with the Yoast SEO plugin v27.3 - https:\/\/yoast.com\/product\/yoast-seo-wordpress\/ -->\n<title>Modifications fiscales en Roumanie - Radio Roumanie Internationale<\/title>\n<meta name=\"robots\" content=\"index, follow, max-snippet:-1, max-image-preview:large, max-video-preview:-1\" \/>\n<link rel=\"canonical\" href=\"https:\/\/www.rri.ro\/fr\/actualites\/les-dossiers-de-lactualite\/modifications-fiscales-en-roumanie-id400947.html\" \/>\n<meta property=\"og:locale\" content=\"fr_FR\" \/>\n<meta property=\"og:type\" content=\"article\" \/>\n<meta property=\"og:title\" content=\"Modifications fiscales en Roumanie - Radio Roumanie Internationale\" \/>\n<meta property=\"og:description\" content=\"A Bucarest, le minist\u00e8re des Finances a lanc\u00e9 en&#013; d\u00e9bat public le projet portant modification au Code fiscal, dont la variante&#013; finale devrait \u00eatre adopt\u00e9e par l&rsquo;Ex\u00e9cutif la semaine prochaine. Taxer&#013; davantage les revenus provenant des jeux d&rsquo;argent et de hasard, majorer les&#013; accises sur les cigarettes et les boissons alcoolis\u00e9es, r\u00e9duire le plafond qui&#013; [&hellip;]\" \/>\n<meta property=\"og:url\" content=\"https:\/\/www.rri.ro\/fr\/actualites\/les-dossiers-de-lactualite\/modifications-fiscales-en-roumanie-id400947.html\" \/>\n<meta property=\"og:site_name\" content=\"Radio Roumanie Internationale\" \/>\n<meta property=\"article:published_time\" content=\"2022-07-06T08:08:00+00:00\" \/>\n<meta property=\"og:image\" content=\"https:\/\/www.rri.ro\/wp-content\/uploads\/2023\/10\/conferinta-de-presa-klaus-iohannis-foto-presidency-ro.jpg\" \/>\n\t<meta property=\"og:image:width\" content=\"640\" \/>\n\t<meta property=\"og:image:height\" content=\"360\" \/>\n\t<meta property=\"og:image:type\" content=\"image\/jpeg\" \/>\n<meta name=\"author\" content=\"Mihai Pelin\" \/>\n<meta name=\"twitter:card\" content=\"summary_large_image\" \/>\n<meta name=\"twitter:label1\" content=\"\u00c9crit par\" \/>\n\t<meta name=\"twitter:data1\" content=\"Mihai Pelin\" \/>\n\t<meta name=\"twitter:label2\" content=\"Dur\u00e9e de lecture estim\u00e9e\" \/>\n\t<meta name=\"twitter:data2\" content=\"3 minutes\" \/>\n\t<meta name=\"twitter:label3\" content=\"Written by\" \/>\n\t<meta name=\"twitter:data3\" content=\"Mihai Pelin\" \/>\n<script type=\"application\/ld+json\" class=\"yoast-schema-graph\">{\"@context\":\"https:\\\/\\\/schema.org\",\"@graph\":[{\"@type\":\"Article\",\"@id\":\"https:\\\/\\\/www.rri.ro\\\/fr\\\/actualites\\\/les-dossiers-de-lactualite\\\/modifications-fiscales-en-roumanie-id400947.html#article\",\"isPartOf\":{\"@id\":\"https:\\\/\\\/www.rri.ro\\\/fr\\\/actualites\\\/les-dossiers-de-lactualite\\\/modifications-fiscales-en-roumanie-id400947.html\"},\"author\":{\"name\":\"Mihai Pelin\",\"@id\":\"https:\\\/\\\/www.rri.ro\\\/#\\\/schema\\\/person\\\/c6036c822534c855dc3aad41a484f05d\"},\"headline\":\"Modifications fiscales en Roumanie\",\"datePublished\":\"2022-07-06T08:08:00+00:00\",\"mainEntityOfPage\":{\"@id\":\"https:\\\/\\\/www.rri.ro\\\/fr\\\/actualites\\\/les-dossiers-de-lactualite\\\/modifications-fiscales-en-roumanie-id400947.html\"},\"wordCount\":601,\"image\":{\"@id\":\"https:\\\/\\\/www.rri.ro\\\/fr\\\/actualites\\\/les-dossiers-de-lactualite\\\/modifications-fiscales-en-roumanie-id400947.html#primaryimage\"},\"thumbnailUrl\":\"https:\\\/\\\/www.rri.ro\\\/wp-content\\\/uploads\\\/2023\\\/10\\\/conferinta-de-presa-klaus-iohannis-foto-presidency-ro.jpg\",\"articleSection\":[\"Les dossiers de l'actualit\u00e9\"],\"inLanguage\":\"fr-FR\"},{\"@type\":\"WebPage\",\"@id\":\"https:\\\/\\\/www.rri.ro\\\/fr\\\/actualites\\\/les-dossiers-de-lactualite\\\/modifications-fiscales-en-roumanie-id400947.html\",\"url\":\"https:\\\/\\\/www.rri.ro\\\/fr\\\/actualites\\\/les-dossiers-de-lactualite\\\/modifications-fiscales-en-roumanie-id400947.html\",\"name\":\"Modifications fiscales en Roumanie - Radio Roumanie Internationale\",\"isPartOf\":{\"@id\":\"https:\\\/\\\/www.rri.ro\\\/#website\"},\"primaryImageOfPage\":{\"@id\":\"https:\\\/\\\/www.rri.ro\\\/fr\\\/actualites\\\/les-dossiers-de-lactualite\\\/modifications-fiscales-en-roumanie-id400947.html#primaryimage\"},\"image\":{\"@id\":\"https:\\\/\\\/www.rri.ro\\\/fr\\\/actualites\\\/les-dossiers-de-lactualite\\\/modifications-fiscales-en-roumanie-id400947.html#primaryimage\"},\"thumbnailUrl\":\"https:\\\/\\\/www.rri.ro\\\/wp-content\\\/uploads\\\/2023\\\/10\\\/conferinta-de-presa-klaus-iohannis-foto-presidency-ro.jpg\",\"datePublished\":\"2022-07-06T08:08:00+00:00\",\"author\":{\"@id\":\"https:\\\/\\\/www.rri.ro\\\/#\\\/schema\\\/person\\\/c6036c822534c855dc3aad41a484f05d\"},\"breadcrumb\":{\"@id\":\"https:\\\/\\\/www.rri.ro\\\/fr\\\/actualites\\\/les-dossiers-de-lactualite\\\/modifications-fiscales-en-roumanie-id400947.html#breadcrumb\"},\"inLanguage\":\"fr-FR\",\"potentialAction\":[{\"@type\":\"ReadAction\",\"target\":[\"https:\\\/\\\/www.rri.ro\\\/fr\\\/actualites\\\/les-dossiers-de-lactualite\\\/modifications-fiscales-en-roumanie-id400947.html\"]}]},{\"@type\":\"ImageObject\",\"inLanguage\":\"fr-FR\",\"@id\":\"https:\\\/\\\/www.rri.ro\\\/fr\\\/actualites\\\/les-dossiers-de-lactualite\\\/modifications-fiscales-en-roumanie-id400947.html#primaryimage\",\"url\":\"https:\\\/\\\/www.rri.ro\\\/wp-content\\\/uploads\\\/2023\\\/10\\\/conferinta-de-presa-klaus-iohannis-foto-presidency-ro.jpg\",\"contentUrl\":\"https:\\\/\\\/www.rri.ro\\\/wp-content\\\/uploads\\\/2023\\\/10\\\/conferinta-de-presa-klaus-iohannis-foto-presidency-ro.jpg\",\"width\":640,\"height\":360},{\"@type\":\"BreadcrumbList\",\"@id\":\"https:\\\/\\\/www.rri.ro\\\/fr\\\/actualites\\\/les-dossiers-de-lactualite\\\/modifications-fiscales-en-roumanie-id400947.html#breadcrumb\",\"itemListElement\":[{\"@type\":\"ListItem\",\"position\":1,\"name\":\"Page d'accueil\",\"item\":\"https:\\\/\\\/www.rri.ro\\\/fr\"},{\"@type\":\"ListItem\",\"position\":2,\"name\":\"Actualit\u00e9s\",\"item\":\"https:\\\/\\\/www.rri.ro\\\/fr\\\/actualites\"},{\"@type\":\"ListItem\",\"position\":3,\"name\":\"Les dossiers de l'actualit\u00e9\",\"item\":\"https:\\\/\\\/www.rri.ro\\\/fr\\\/actualites\\\/les-dossiers-de-lactualite\"},{\"@type\":\"ListItem\",\"position\":4,\"name\":\"Modifications fiscales en Roumanie\"}]},{\"@type\":\"WebSite\",\"@id\":\"https:\\\/\\\/www.rri.ro\\\/#website\",\"url\":\"https:\\\/\\\/www.rri.ro\\\/\",\"name\":\"Radio Roumanie Internationale\",\"description\":\"Totul despre Rom\u00e2nia \u015fi rom\u00e2ni, \u00een 13 limbi\\\/dialecte!\",\"inLanguage\":\"fr-FR\"},{\"@type\":\"Person\",\"@id\":\"https:\\\/\\\/www.rri.ro\\\/#\\\/schema\\\/person\\\/c6036c822534c855dc3aad41a484f05d\",\"name\":\"Mihai Pelin\",\"url\":\"https:\\\/\\\/www.rri.ro\\\/fr\\\/author\\\/mihai-pelin\"}]}<\/script>\n<!-- \/ Yoast SEO plugin. -->","yoast_head_json":{"title":"Modifications fiscales en Roumanie - Radio Roumanie Internationale","robots":{"index":"index","follow":"follow","max-snippet":"max-snippet:-1","max-image-preview":"max-image-preview:large","max-video-preview":"max-video-preview:-1"},"canonical":"https:\/\/www.rri.ro\/fr\/actualites\/les-dossiers-de-lactualite\/modifications-fiscales-en-roumanie-id400947.html","og_locale":"fr_FR","og_type":"article","og_title":"Modifications fiscales en Roumanie - Radio Roumanie Internationale","og_description":"A Bucarest, le minist\u00e8re des Finances a lanc\u00e9 en&#13; d\u00e9bat public le projet portant modification au Code fiscal, dont la variante&#13; finale devrait \u00eatre adopt\u00e9e par l&rsquo;Ex\u00e9cutif la semaine prochaine. Taxer&#13; davantage les revenus provenant des jeux d&rsquo;argent et de hasard, majorer les&#13; accises sur les cigarettes et les boissons alcoolis\u00e9es, r\u00e9duire le plafond qui&#13; [&hellip;]","og_url":"https:\/\/www.rri.ro\/fr\/actualites\/les-dossiers-de-lactualite\/modifications-fiscales-en-roumanie-id400947.html","og_site_name":"Radio Roumanie Internationale","article_published_time":"2022-07-06T08:08:00+00:00","og_image":[{"width":640,"height":360,"url":"https:\/\/www.rri.ro\/wp-content\/uploads\/2023\/10\/conferinta-de-presa-klaus-iohannis-foto-presidency-ro.jpg","type":"image\/jpeg"}],"author":"Mihai Pelin","twitter_card":"summary_large_image","twitter_misc":{"\u00c9crit par":"Mihai Pelin","Dur\u00e9e de lecture estim\u00e9e":"3 minutes","Written by":"Mihai Pelin"},"schema":{"@context":"https:\/\/schema.org","@graph":[{"@type":"Article","@id":"https:\/\/www.rri.ro\/fr\/actualites\/les-dossiers-de-lactualite\/modifications-fiscales-en-roumanie-id400947.html#article","isPartOf":{"@id":"https:\/\/www.rri.ro\/fr\/actualites\/les-dossiers-de-lactualite\/modifications-fiscales-en-roumanie-id400947.html"},"author":{"name":"Mihai Pelin","@id":"https:\/\/www.rri.ro\/#\/schema\/person\/c6036c822534c855dc3aad41a484f05d"},"headline":"Modifications fiscales en Roumanie","datePublished":"2022-07-06T08:08:00+00:00","mainEntityOfPage":{"@id":"https:\/\/www.rri.ro\/fr\/actualites\/les-dossiers-de-lactualite\/modifications-fiscales-en-roumanie-id400947.html"},"wordCount":601,"image":{"@id":"https:\/\/www.rri.ro\/fr\/actualites\/les-dossiers-de-lactualite\/modifications-fiscales-en-roumanie-id400947.html#primaryimage"},"thumbnailUrl":"https:\/\/www.rri.ro\/wp-content\/uploads\/2023\/10\/conferinta-de-presa-klaus-iohannis-foto-presidency-ro.jpg","articleSection":["Les dossiers de l'actualit\u00e9"],"inLanguage":"fr-FR"},{"@type":"WebPage","@id":"https:\/\/www.rri.ro\/fr\/actualites\/les-dossiers-de-lactualite\/modifications-fiscales-en-roumanie-id400947.html","url":"https:\/\/www.rri.ro\/fr\/actualites\/les-dossiers-de-lactualite\/modifications-fiscales-en-roumanie-id400947.html","name":"Modifications fiscales en Roumanie - Radio Roumanie Internationale","isPartOf":{"@id":"https:\/\/www.rri.ro\/#website"},"primaryImageOfPage":{"@id":"https:\/\/www.rri.ro\/fr\/actualites\/les-dossiers-de-lactualite\/modifications-fiscales-en-roumanie-id400947.html#primaryimage"},"image":{"@id":"https:\/\/www.rri.ro\/fr\/actualites\/les-dossiers-de-lactualite\/modifications-fiscales-en-roumanie-id400947.html#primaryimage"},"thumbnailUrl":"https:\/\/www.rri.ro\/wp-content\/uploads\/2023\/10\/conferinta-de-presa-klaus-iohannis-foto-presidency-ro.jpg","datePublished":"2022-07-06T08:08:00+00:00","author":{"@id":"https:\/\/www.rri.ro\/#\/schema\/person\/c6036c822534c855dc3aad41a484f05d"},"breadcrumb":{"@id":"https:\/\/www.rri.ro\/fr\/actualites\/les-dossiers-de-lactualite\/modifications-fiscales-en-roumanie-id400947.html#breadcrumb"},"inLanguage":"fr-FR","potentialAction":[{"@type":"ReadAction","target":["https:\/\/www.rri.ro\/fr\/actualites\/les-dossiers-de-lactualite\/modifications-fiscales-en-roumanie-id400947.html"]}]},{"@type":"ImageObject","inLanguage":"fr-FR","@id":"https:\/\/www.rri.ro\/fr\/actualites\/les-dossiers-de-lactualite\/modifications-fiscales-en-roumanie-id400947.html#primaryimage","url":"https:\/\/www.rri.ro\/wp-content\/uploads\/2023\/10\/conferinta-de-presa-klaus-iohannis-foto-presidency-ro.jpg","contentUrl":"https:\/\/www.rri.ro\/wp-content\/uploads\/2023\/10\/conferinta-de-presa-klaus-iohannis-foto-presidency-ro.jpg","width":640,"height":360},{"@type":"BreadcrumbList","@id":"https:\/\/www.rri.ro\/fr\/actualites\/les-dossiers-de-lactualite\/modifications-fiscales-en-roumanie-id400947.html#breadcrumb","itemListElement":[{"@type":"ListItem","position":1,"name":"Page d'accueil","item":"https:\/\/www.rri.ro\/fr"},{"@type":"ListItem","position":2,"name":"Actualit\u00e9s","item":"https:\/\/www.rri.ro\/fr\/actualites"},{"@type":"ListItem","position":3,"name":"Les dossiers de l'actualit\u00e9","item":"https:\/\/www.rri.ro\/fr\/actualites\/les-dossiers-de-lactualite"},{"@type":"ListItem","position":4,"name":"Modifications fiscales en Roumanie"}]},{"@type":"WebSite","@id":"https:\/\/www.rri.ro\/#website","url":"https:\/\/www.rri.ro\/","name":"Radio Roumanie Internationale","description":"Totul despre Rom\u00e2nia \u015fi rom\u00e2ni, \u00een 13 limbi\/dialecte!","inLanguage":"fr-FR"},{"@type":"Person","@id":"https:\/\/www.rri.ro\/#\/schema\/person\/c6036c822534c855dc3aad41a484f05d","name":"Mihai Pelin","url":"https:\/\/www.rri.ro\/fr\/author\/mihai-pelin"}]}},"_links":{"self":[{"href":"https:\/\/www.rri.ro\/fr\/wp-json\/wp\/v2\/posts\/400947","targetHints":{"allow":["GET"]}}],"collection":[{"href":"https:\/\/www.rri.ro\/fr\/wp-json\/wp\/v2\/posts"}],"about":[{"href":"https:\/\/www.rri.ro\/fr\/wp-json\/wp\/v2\/types\/post"}],"author":[{"embeddable":true,"href":"https:\/\/www.rri.ro\/fr\/wp-json\/wp\/v2\/users\/106"}],"replies":[{"embeddable":true,"href":"https:\/\/www.rri.ro\/fr\/wp-json\/wp\/v2\/comments?post=400947"}],"version-history":[{"count":0,"href":"https:\/\/www.rri.ro\/fr\/wp-json\/wp\/v2\/posts\/400947\/revisions"}],"wp:featuredmedia":[{"embeddable":true,"href":"https:\/\/www.rri.ro\/fr\/wp-json\/wp\/v2\/media\/93213"}],"wp:attachment":[{"href":"https:\/\/www.rri.ro\/fr\/wp-json\/wp\/v2\/media?parent=400947"}],"wp:term":[{"taxonomy":"category","embeddable":true,"href":"https:\/\/www.rri.ro\/fr\/wp-json\/wp\/v2\/categories?post=400947"},{"taxonomy":"post_tag","embeddable":true,"href":"https:\/\/www.rri.ro\/fr\/wp-json\/wp\/v2\/tags?post=400947"},{"taxonomy":"author","embeddable":true,"href":"https:\/\/www.rri.ro\/fr\/wp-json\/wp\/v2\/coauthors?post=400947"}],"curies":[{"name":"wp","href":"https:\/\/api.w.org\/{rel}","templated":true}]}}