{"id":400954,"date":"2022-07-15T11:00:00","date_gmt":"2022-07-15T08:00:00","guid":{"rendered":"http:\/\/devrri.freshlemon.ro\/le-roumain-mot-a-mot\/consulter-les-lecons\/le-projet-de-loi-de-leducation-soumis-au-debat-public-id400954.html"},"modified":"2022-07-15T11:00:00","modified_gmt":"2022-07-15T08:00:00","slug":"le-projet-de-loi-de-leducation-soumis-au-debat-public","status":"publish","type":"post","link":"https:\/\/www.rri.ro\/fr\/actualites\/les-dossiers-de-lactualite\/le-projet-de-loi-de-leducation-soumis-au-debat-public-id400954.html","title":{"rendered":"Le projet de loi de l\u2019\u00e9ducation soumis au d\u00e9bat public"},"content":{"rendered":"<\/p>\n<p>Durant les trente-deux ann\u00e9es de postcommunisme roumain, plus que&#13;<br \/>\ntout autre domaine celui de l&rsquo;\u00e9ducation nationale a subi des changements&#13;<br \/>\nnombreux et souvent bouleversants. L&rsquo;instabilit\u00e9 politique chronique a propuls\u00e9&#13;<br \/>\n\u00e0 la t\u00eate du minist\u00e8re de tutelle un tas de personnages, tous d\u00e9sireux&#13;<br \/>\nd&rsquo;innover et de s&rsquo;assurer ainsi une post\u00e9rit\u00e9. La seule r\u00e9alisation permise, en&#13;<br \/>\nr\u00e8gle g\u00e9n\u00e9rale, par leurs mandats trop courts, a \u00e9t\u00e9 l&rsquo;annulation des r\u00e9formes&#13;<br \/>\nmises en place par les pr\u00e9d\u00e9cesseurs. Au bout de trois d\u00e9cennies d&rsquo;innovation&#13;<br \/>\nsans r\u00e9pit, les r\u00e9sultats en sont visibles \u00e0 l&rsquo;\u0153il nu. <\/p>\n<p><\/p>\n<p>Les \u00e9l\u00e8ves et les&#13;<br \/>\nparents accusent ensemble l&rsquo;\u00e9tat de confusion g\u00e9n\u00e9r\u00e9 par la modification des&#13;<br \/>\nr\u00e8gles du jeu au milieu du match. Les familles qui peuvent se le permettre,&#13;<br \/>\nenvoient leurs enfants faire des \u00e9tudes \u00e0 l&rsquo;\u00e9tranger. Les dipl\u00f4m\u00e9s les plus brillants&#13;<br \/>\nchoisissent eux aussi de quitter le pays. L&rsquo;enseignement professionnel&#13;<br \/>\ntechnique n&rsquo;a plus vraiment de r\u00e9sultats, ce qui engendre une difficult\u00e9&#13;<br \/>\ncroissante de trouver un bon plombier ou un bon m\u00e9canicien. Le stress et le&#13;<br \/>\nsalaire bas enl\u00e8vent son attractivit\u00e9 \u00e0 la profession enseignante, ce qui se&#13;<br \/>\ntraduit par un nombre croissant d&rsquo;enseignants contractuels dans les communes&#13;<br \/>\nrurales et les petites villes. Bien que les chiffres montrent parfois quelques&#13;<br \/>\n\u00e9carts, toutes les enqu\u00eates sp\u00e9cialis\u00e9es indiquent un taux d&rsquo;analphab\u00e9tisme&#13;<br \/>\nfonctionnel \u00e9lev\u00e9 parmi les b\u00e9n\u00e9ficiaires de l&rsquo;enseignement roumain. <\/p>\n<p><\/p>\n<p>Au milieu&#13;<br \/>\nde ce paysage affligeant, l&rsquo;actuel ministre de l&rsquo;\u00e9ducation nationale, le lib\u00e9ral Sorin C\u00eempeanu, annonce lui aussi des&#13;<br \/>\nmodifications importantes dans son secteur, cens\u00e9es am\u00e9liorer la situation. Ainsi,&#13;<br \/>\nles coll\u00e8ges nationaux (titre accord\u00e9 aux meilleurs lyc\u00e9es du pays) seront-ils&#13;<br \/>\nautoris\u00e9s \u00e0 choisir leurs \u00e9l\u00e8ves en organisant leurs propres concours d&rsquo;entr\u00e9e&#13;<br \/>\npour faire occuper 90% des places disponibles. Les 10% qui en restent seront&#13;<br \/>\noccup\u00e9es en fonction des r\u00e9sultats de l&rsquo;\u00e9valuation nationale &#8211; le test que&#13;<br \/>\ndoivent passer les \u00e9l\u00e8ves \u00e0 la fin des huit premi\u00e8res ann\u00e9es de scolarit\u00e9. Ce&#13;<br \/>\nqui plus est, \u00e0 partir de 2024, la moyenne obtenue par les enfants durant ces&#13;<br \/>\nann\u00e9es-l\u00e0 ne sera plus prise en compte pour aller au lyc\u00e9e car, explique le&#13;<br \/>\nministre, elle n&rsquo;est plus pertinente. L&rsquo;examen de baccalaur\u00e9at change lui-aussi.&#13;<br \/>\nL&rsquo;\u00e9preuve \u00e9crite optionnelle, sp\u00e9cifique pour le domaine ou la sp\u00e9cialisation&#13;<br \/>\ntechnique, ne sera plus une condition pour passer le Bac. Le d\u00e9but dans la&#13;<br \/>\nprofession enseignante changera enti\u00e8rement de structure, a fait savoir le&#13;<br \/>\nministre de l&rsquo;\u00e9ducation, un stage d&rsquo;un an, supervis\u00e9 par un mentor, y \u00e9tant mis&#13;<br \/>\nen place. Les enseignants titulaires d&rsquo;un poste seront d\u00e9sign\u00e9s \u00e0 travers une&#13;<br \/>\nnouvelle proc\u00e9dure. <\/p>\n<p><\/p>\n<p>Les projets de loi de l&rsquo;\u00e9ducation sont soumis au d\u00e9bat&#13;<br \/>\npublic jusqu&rsquo;au 17 ao\u00fbt. De l&rsquo;avis des commentateurs, il est tr\u00e8s probable qu&rsquo;\u00e0&#13;<br \/>\nl&rsquo;exemple d&rsquo;autres initiatives l\u00e9gislatives gouvernementales, celle-ci aussi&#13;<br \/>\npasse par des modifications en profondeur. (Trad. Ileana \u0162\u0103roi)<\/p>\n<p><\/p>\n","protected":false},"excerpt":{"rendered":"<p>Durant les trente-deux ann\u00e9es de postcommunisme roumain, plus que&#13; tout autre domaine celui de l&rsquo;\u00e9ducation nationale a subi des changements&#13; nombreux et souvent bouleversants. L&rsquo;instabilit\u00e9 politique chronique a propuls\u00e9&#13; \u00e0 la t\u00eate du minist\u00e8re de tutelle un tas de personnages, tous d\u00e9sireux&#13; d&rsquo;innover et de s&rsquo;assurer ainsi une post\u00e9rit\u00e9. La seule r\u00e9alisation permise, en&#13; r\u00e8gle [&hellip;]<\/p>\n","protected":false},"author":105,"featured_media":92860,"comment_status":"closed","ping_status":"closed","sticky":false,"template":"","format":"standard","meta":{"_acf_changed":false,"footnotes":""},"categories":[93377],"tags":[87036,88086,91177],"coauthors":[],"class_list":["post-400954","post","type-post","status-publish","format-standard","has-post-thumbnail","hentry","category-les-dossiers-de-lactualite","tag-education-nationale","tag-loi","tag-modifications"],"acf":[],"yoast_head":"<!-- This site is optimized with the Yoast SEO plugin v27.3 - https:\/\/yoast.com\/product\/yoast-seo-wordpress\/ -->\n<title>Le projet de loi de l\u2019\u00e9ducation soumis au d\u00e9bat public - Radio Roumanie Internationale<\/title>\n<meta name=\"robots\" content=\"index, follow, max-snippet:-1, max-image-preview:large, max-video-preview:-1\" \/>\n<link rel=\"canonical\" href=\"https:\/\/www.rri.ro\/fr\/actualites\/les-dossiers-de-lactualite\/le-projet-de-loi-de-leducation-soumis-au-debat-public-id400954.html\" \/>\n<meta property=\"og:locale\" content=\"fr_FR\" \/>\n<meta property=\"og:type\" content=\"article\" \/>\n<meta property=\"og:title\" content=\"Le projet de loi de l\u2019\u00e9ducation soumis au d\u00e9bat public - Radio Roumanie Internationale\" \/>\n<meta property=\"og:description\" content=\"Durant les trente-deux ann\u00e9es de postcommunisme roumain, plus que&#013; tout autre domaine celui de l&rsquo;\u00e9ducation nationale a subi des changements&#013; nombreux et souvent bouleversants. L&rsquo;instabilit\u00e9 politique chronique a propuls\u00e9&#013; \u00e0 la t\u00eate du minist\u00e8re de tutelle un tas de personnages, tous d\u00e9sireux&#013; d&rsquo;innover et de s&rsquo;assurer ainsi une post\u00e9rit\u00e9. La seule r\u00e9alisation permise, en&#013; r\u00e8gle [&hellip;]\" \/>\n<meta property=\"og:url\" content=\"https:\/\/www.rri.ro\/fr\/actualites\/les-dossiers-de-lactualite\/le-projet-de-loi-de-leducation-soumis-au-debat-public-id400954.html\" \/>\n<meta property=\"og:site_name\" content=\"Radio Roumanie Internationale\" \/>\n<meta property=\"article:published_time\" content=\"2022-07-15T08:00:00+00:00\" \/>\n<meta property=\"og:image\" content=\"https:\/\/www.rri.ro\/wp-content\/uploads\/2023\/10\/sorin-cimpeanu-educatie-foto-gov.png\" \/>\n\t<meta property=\"og:image:width\" content=\"640\" \/>\n\t<meta property=\"og:image:height\" content=\"480\" \/>\n\t<meta property=\"og:image:type\" content=\"image\/png\" \/>\n<meta name=\"author\" content=\"Bogdan Matei\" \/>\n<meta name=\"twitter:card\" content=\"summary_large_image\" \/>\n<meta name=\"twitter:label1\" content=\"\u00c9crit par\" \/>\n\t<meta name=\"twitter:data1\" content=\"Bogdan Matei\" \/>\n\t<meta name=\"twitter:label2\" content=\"Dur\u00e9e de lecture estim\u00e9e\" \/>\n\t<meta name=\"twitter:data2\" content=\"3 minutes\" \/>\n\t<meta name=\"twitter:label3\" content=\"Written by\" \/>\n\t<meta name=\"twitter:data3\" content=\"Bogdan Matei\" \/>\n<script type=\"application\/ld+json\" class=\"yoast-schema-graph\">{\"@context\":\"https:\\\/\\\/schema.org\",\"@graph\":[{\"@type\":\"Article\",\"@id\":\"https:\\\/\\\/www.rri.ro\\\/fr\\\/actualites\\\/les-dossiers-de-lactualite\\\/le-projet-de-loi-de-leducation-soumis-au-debat-public-id400954.html#article\",\"isPartOf\":{\"@id\":\"https:\\\/\\\/www.rri.ro\\\/fr\\\/actualites\\\/les-dossiers-de-lactualite\\\/le-projet-de-loi-de-leducation-soumis-au-debat-public-id400954.html\"},\"author\":{\"name\":\"Bogdan Matei\",\"@id\":\"https:\\\/\\\/www.rri.ro\\\/#\\\/schema\\\/person\\\/0ed327d40678578e6dbb840527e3ba32\"},\"headline\":\"Le projet de loi de l\u2019\u00e9ducation soumis au d\u00e9bat public\",\"datePublished\":\"2022-07-15T08:00:00+00:00\",\"mainEntityOfPage\":{\"@id\":\"https:\\\/\\\/www.rri.ro\\\/fr\\\/actualites\\\/les-dossiers-de-lactualite\\\/le-projet-de-loi-de-leducation-soumis-au-debat-public-id400954.html\"},\"wordCount\":532,\"image\":{\"@id\":\"https:\\\/\\\/www.rri.ro\\\/fr\\\/actualites\\\/les-dossiers-de-lactualite\\\/le-projet-de-loi-de-leducation-soumis-au-debat-public-id400954.html#primaryimage\"},\"thumbnailUrl\":\"https:\\\/\\\/www.rri.ro\\\/wp-content\\\/uploads\\\/2023\\\/10\\\/sorin-cimpeanu-educatie-foto-gov.png\",\"keywords\":[\"\u00e9ducation nationale\",\"loi\",\"modifications\"],\"articleSection\":[\"Les dossiers de l'actualit\u00e9\"],\"inLanguage\":\"fr-FR\"},{\"@type\":\"WebPage\",\"@id\":\"https:\\\/\\\/www.rri.ro\\\/fr\\\/actualites\\\/les-dossiers-de-lactualite\\\/le-projet-de-loi-de-leducation-soumis-au-debat-public-id400954.html\",\"url\":\"https:\\\/\\\/www.rri.ro\\\/fr\\\/actualites\\\/les-dossiers-de-lactualite\\\/le-projet-de-loi-de-leducation-soumis-au-debat-public-id400954.html\",\"name\":\"Le projet de loi de l\u2019\u00e9ducation soumis au d\u00e9bat public - Radio Roumanie Internationale\",\"isPartOf\":{\"@id\":\"https:\\\/\\\/www.rri.ro\\\/#website\"},\"primaryImageOfPage\":{\"@id\":\"https:\\\/\\\/www.rri.ro\\\/fr\\\/actualites\\\/les-dossiers-de-lactualite\\\/le-projet-de-loi-de-leducation-soumis-au-debat-public-id400954.html#primaryimage\"},\"image\":{\"@id\":\"https:\\\/\\\/www.rri.ro\\\/fr\\\/actualites\\\/les-dossiers-de-lactualite\\\/le-projet-de-loi-de-leducation-soumis-au-debat-public-id400954.html#primaryimage\"},\"thumbnailUrl\":\"https:\\\/\\\/www.rri.ro\\\/wp-content\\\/uploads\\\/2023\\\/10\\\/sorin-cimpeanu-educatie-foto-gov.png\",\"datePublished\":\"2022-07-15T08:00:00+00:00\",\"author\":{\"@id\":\"https:\\\/\\\/www.rri.ro\\\/#\\\/schema\\\/person\\\/0ed327d40678578e6dbb840527e3ba32\"},\"breadcrumb\":{\"@id\":\"https:\\\/\\\/www.rri.ro\\\/fr\\\/actualites\\\/les-dossiers-de-lactualite\\\/le-projet-de-loi-de-leducation-soumis-au-debat-public-id400954.html#breadcrumb\"},\"inLanguage\":\"fr-FR\",\"potentialAction\":[{\"@type\":\"ReadAction\",\"target\":[\"https:\\\/\\\/www.rri.ro\\\/fr\\\/actualites\\\/les-dossiers-de-lactualite\\\/le-projet-de-loi-de-leducation-soumis-au-debat-public-id400954.html\"]}]},{\"@type\":\"ImageObject\",\"inLanguage\":\"fr-FR\",\"@id\":\"https:\\\/\\\/www.rri.ro\\\/fr\\\/actualites\\\/les-dossiers-de-lactualite\\\/le-projet-de-loi-de-leducation-soumis-au-debat-public-id400954.html#primaryimage\",\"url\":\"https:\\\/\\\/www.rri.ro\\\/wp-content\\\/uploads\\\/2023\\\/10\\\/sorin-cimpeanu-educatie-foto-gov.png\",\"contentUrl\":\"https:\\\/\\\/www.rri.ro\\\/wp-content\\\/uploads\\\/2023\\\/10\\\/sorin-cimpeanu-educatie-foto-gov.png\",\"width\":640,\"height\":480},{\"@type\":\"BreadcrumbList\",\"@id\":\"https:\\\/\\\/www.rri.ro\\\/fr\\\/actualites\\\/les-dossiers-de-lactualite\\\/le-projet-de-loi-de-leducation-soumis-au-debat-public-id400954.html#breadcrumb\",\"itemListElement\":[{\"@type\":\"ListItem\",\"position\":1,\"name\":\"Page d'accueil\",\"item\":\"https:\\\/\\\/www.rri.ro\\\/fr\"},{\"@type\":\"ListItem\",\"position\":2,\"name\":\"Actualit\u00e9s\",\"item\":\"https:\\\/\\\/www.rri.ro\\\/fr\\\/actualites\"},{\"@type\":\"ListItem\",\"position\":3,\"name\":\"Les dossiers de l'actualit\u00e9\",\"item\":\"https:\\\/\\\/www.rri.ro\\\/fr\\\/actualites\\\/les-dossiers-de-lactualite\"},{\"@type\":\"ListItem\",\"position\":4,\"name\":\"Le projet de loi de l\u2019\u00e9ducation soumis au d\u00e9bat public\"}]},{\"@type\":\"WebSite\",\"@id\":\"https:\\\/\\\/www.rri.ro\\\/#website\",\"url\":\"https:\\\/\\\/www.rri.ro\\\/\",\"name\":\"Radio Roumanie Internationale\",\"description\":\"Totul despre Rom\u00e2nia \u015fi rom\u00e2ni, \u00een 13 limbi\\\/dialecte!\",\"inLanguage\":\"fr-FR\"},{\"@type\":\"Person\",\"@id\":\"https:\\\/\\\/www.rri.ro\\\/#\\\/schema\\\/person\\\/0ed327d40678578e6dbb840527e3ba32\",\"name\":\"Bogdan Matei\",\"url\":\"https:\\\/\\\/www.rri.ro\\\/fr\\\/author\\\/bogdan-matei\"}]}<\/script>\n<!-- \/ Yoast SEO plugin. -->","yoast_head_json":{"title":"Le projet de loi de l\u2019\u00e9ducation soumis au d\u00e9bat public - Radio Roumanie Internationale","robots":{"index":"index","follow":"follow","max-snippet":"max-snippet:-1","max-image-preview":"max-image-preview:large","max-video-preview":"max-video-preview:-1"},"canonical":"https:\/\/www.rri.ro\/fr\/actualites\/les-dossiers-de-lactualite\/le-projet-de-loi-de-leducation-soumis-au-debat-public-id400954.html","og_locale":"fr_FR","og_type":"article","og_title":"Le projet de loi de l\u2019\u00e9ducation soumis au d\u00e9bat public - Radio Roumanie Internationale","og_description":"Durant les trente-deux ann\u00e9es de postcommunisme roumain, plus que&#13; tout autre domaine celui de l&rsquo;\u00e9ducation nationale a subi des changements&#13; nombreux et souvent bouleversants. L&rsquo;instabilit\u00e9 politique chronique a propuls\u00e9&#13; \u00e0 la t\u00eate du minist\u00e8re de tutelle un tas de personnages, tous d\u00e9sireux&#13; d&rsquo;innover et de s&rsquo;assurer ainsi une post\u00e9rit\u00e9. La seule r\u00e9alisation permise, en&#13; r\u00e8gle [&hellip;]","og_url":"https:\/\/www.rri.ro\/fr\/actualites\/les-dossiers-de-lactualite\/le-projet-de-loi-de-leducation-soumis-au-debat-public-id400954.html","og_site_name":"Radio Roumanie Internationale","article_published_time":"2022-07-15T08:00:00+00:00","og_image":[{"width":640,"height":480,"url":"https:\/\/www.rri.ro\/wp-content\/uploads\/2023\/10\/sorin-cimpeanu-educatie-foto-gov.png","type":"image\/png"}],"author":"Bogdan Matei","twitter_card":"summary_large_image","twitter_misc":{"\u00c9crit par":"Bogdan Matei","Dur\u00e9e de lecture estim\u00e9e":"3 minutes","Written by":"Bogdan Matei"},"schema":{"@context":"https:\/\/schema.org","@graph":[{"@type":"Article","@id":"https:\/\/www.rri.ro\/fr\/actualites\/les-dossiers-de-lactualite\/le-projet-de-loi-de-leducation-soumis-au-debat-public-id400954.html#article","isPartOf":{"@id":"https:\/\/www.rri.ro\/fr\/actualites\/les-dossiers-de-lactualite\/le-projet-de-loi-de-leducation-soumis-au-debat-public-id400954.html"},"author":{"name":"Bogdan Matei","@id":"https:\/\/www.rri.ro\/#\/schema\/person\/0ed327d40678578e6dbb840527e3ba32"},"headline":"Le projet de loi de l\u2019\u00e9ducation soumis au d\u00e9bat public","datePublished":"2022-07-15T08:00:00+00:00","mainEntityOfPage":{"@id":"https:\/\/www.rri.ro\/fr\/actualites\/les-dossiers-de-lactualite\/le-projet-de-loi-de-leducation-soumis-au-debat-public-id400954.html"},"wordCount":532,"image":{"@id":"https:\/\/www.rri.ro\/fr\/actualites\/les-dossiers-de-lactualite\/le-projet-de-loi-de-leducation-soumis-au-debat-public-id400954.html#primaryimage"},"thumbnailUrl":"https:\/\/www.rri.ro\/wp-content\/uploads\/2023\/10\/sorin-cimpeanu-educatie-foto-gov.png","keywords":["\u00e9ducation nationale","loi","modifications"],"articleSection":["Les dossiers de l'actualit\u00e9"],"inLanguage":"fr-FR"},{"@type":"WebPage","@id":"https:\/\/www.rri.ro\/fr\/actualites\/les-dossiers-de-lactualite\/le-projet-de-loi-de-leducation-soumis-au-debat-public-id400954.html","url":"https:\/\/www.rri.ro\/fr\/actualites\/les-dossiers-de-lactualite\/le-projet-de-loi-de-leducation-soumis-au-debat-public-id400954.html","name":"Le projet de loi de l\u2019\u00e9ducation soumis au d\u00e9bat public - Radio Roumanie Internationale","isPartOf":{"@id":"https:\/\/www.rri.ro\/#website"},"primaryImageOfPage":{"@id":"https:\/\/www.rri.ro\/fr\/actualites\/les-dossiers-de-lactualite\/le-projet-de-loi-de-leducation-soumis-au-debat-public-id400954.html#primaryimage"},"image":{"@id":"https:\/\/www.rri.ro\/fr\/actualites\/les-dossiers-de-lactualite\/le-projet-de-loi-de-leducation-soumis-au-debat-public-id400954.html#primaryimage"},"thumbnailUrl":"https:\/\/www.rri.ro\/wp-content\/uploads\/2023\/10\/sorin-cimpeanu-educatie-foto-gov.png","datePublished":"2022-07-15T08:00:00+00:00","author":{"@id":"https:\/\/www.rri.ro\/#\/schema\/person\/0ed327d40678578e6dbb840527e3ba32"},"breadcrumb":{"@id":"https:\/\/www.rri.ro\/fr\/actualites\/les-dossiers-de-lactualite\/le-projet-de-loi-de-leducation-soumis-au-debat-public-id400954.html#breadcrumb"},"inLanguage":"fr-FR","potentialAction":[{"@type":"ReadAction","target":["https:\/\/www.rri.ro\/fr\/actualites\/les-dossiers-de-lactualite\/le-projet-de-loi-de-leducation-soumis-au-debat-public-id400954.html"]}]},{"@type":"ImageObject","inLanguage":"fr-FR","@id":"https:\/\/www.rri.ro\/fr\/actualites\/les-dossiers-de-lactualite\/le-projet-de-loi-de-leducation-soumis-au-debat-public-id400954.html#primaryimage","url":"https:\/\/www.rri.ro\/wp-content\/uploads\/2023\/10\/sorin-cimpeanu-educatie-foto-gov.png","contentUrl":"https:\/\/www.rri.ro\/wp-content\/uploads\/2023\/10\/sorin-cimpeanu-educatie-foto-gov.png","width":640,"height":480},{"@type":"BreadcrumbList","@id":"https:\/\/www.rri.ro\/fr\/actualites\/les-dossiers-de-lactualite\/le-projet-de-loi-de-leducation-soumis-au-debat-public-id400954.html#breadcrumb","itemListElement":[{"@type":"ListItem","position":1,"name":"Page d'accueil","item":"https:\/\/www.rri.ro\/fr"},{"@type":"ListItem","position":2,"name":"Actualit\u00e9s","item":"https:\/\/www.rri.ro\/fr\/actualites"},{"@type":"ListItem","position":3,"name":"Les dossiers de l'actualit\u00e9","item":"https:\/\/www.rri.ro\/fr\/actualites\/les-dossiers-de-lactualite"},{"@type":"ListItem","position":4,"name":"Le projet de loi de l\u2019\u00e9ducation soumis au d\u00e9bat public"}]},{"@type":"WebSite","@id":"https:\/\/www.rri.ro\/#website","url":"https:\/\/www.rri.ro\/","name":"Radio Roumanie Internationale","description":"Totul despre Rom\u00e2nia \u015fi rom\u00e2ni, \u00een 13 limbi\/dialecte!","inLanguage":"fr-FR"},{"@type":"Person","@id":"https:\/\/www.rri.ro\/#\/schema\/person\/0ed327d40678578e6dbb840527e3ba32","name":"Bogdan Matei","url":"https:\/\/www.rri.ro\/fr\/author\/bogdan-matei"}]}},"_links":{"self":[{"href":"https:\/\/www.rri.ro\/fr\/wp-json\/wp\/v2\/posts\/400954","targetHints":{"allow":["GET"]}}],"collection":[{"href":"https:\/\/www.rri.ro\/fr\/wp-json\/wp\/v2\/posts"}],"about":[{"href":"https:\/\/www.rri.ro\/fr\/wp-json\/wp\/v2\/types\/post"}],"author":[{"embeddable":true,"href":"https:\/\/www.rri.ro\/fr\/wp-json\/wp\/v2\/users\/105"}],"replies":[{"embeddable":true,"href":"https:\/\/www.rri.ro\/fr\/wp-json\/wp\/v2\/comments?post=400954"}],"version-history":[{"count":0,"href":"https:\/\/www.rri.ro\/fr\/wp-json\/wp\/v2\/posts\/400954\/revisions"}],"wp:featuredmedia":[{"embeddable":true,"href":"https:\/\/www.rri.ro\/fr\/wp-json\/wp\/v2\/media\/92860"}],"wp:attachment":[{"href":"https:\/\/www.rri.ro\/fr\/wp-json\/wp\/v2\/media?parent=400954"}],"wp:term":[{"taxonomy":"category","embeddable":true,"href":"https:\/\/www.rri.ro\/fr\/wp-json\/wp\/v2\/categories?post=400954"},{"taxonomy":"post_tag","embeddable":true,"href":"https:\/\/www.rri.ro\/fr\/wp-json\/wp\/v2\/tags?post=400954"},{"taxonomy":"author","embeddable":true,"href":"https:\/\/www.rri.ro\/fr\/wp-json\/wp\/v2\/coauthors?post=400954"}],"curies":[{"name":"wp","href":"https:\/\/api.w.org\/{rel}","templated":true}]}}