{"id":400955,"date":"2022-07-18T12:01:00","date_gmt":"2022-07-18T09:01:00","guid":{"rendered":"http:\/\/devrri.freshlemon.ro\/le-roumain-mot-a-mot\/consulter-les-lecons\/lutter-contre-la-secheresse-une-urgence-id400955.html"},"modified":"2022-07-18T12:01:00","modified_gmt":"2022-07-18T09:01:00","slug":"lutter-contre-la-secheresse-une-urgence","status":"publish","type":"post","link":"https:\/\/www.rri.ro\/fr\/actualites\/les-dossiers-de-lactualite\/lutter-contre-la-secheresse-une-urgence-id400955.html","title":{"rendered":"Lutter contre la s\u00e9cheresse, une urgence"},"content":{"rendered":"<p><p>La s\u00e9cheresse s\u00e9vit cette&#13;<br \/>\nann\u00e9e et l&rsquo;agriculture roumaine s&rsquo;en ressent d\u00e9j\u00e0. De larges superficies de&#13;<br \/>\ncultures ont \u00e9t\u00e9 d\u00e9truites par l&rsquo;absence des pr\u00e9cipitations. Par exemple, dans&#13;<br \/>\nl&rsquo;ouest de la Roumanie, \u00e0 Nadlac, pr\u00e8s de la fronti\u00e8re hongroise, 40 % des 13&#13;<br \/>\n000 hectares de terrains cultiv\u00e9s de ma\u00efs sont compromis. Selon les agriculteurs,&#13;<br \/>\ncela fait plus de 3 d\u00e9cennies qu&rsquo;il n&rsquo;y a pas eu de s\u00e9cheresse si profonde, en&#13;<br \/>\nt\u00e9moignent les r\u00e9coltes diminu\u00e9es de bl\u00e9 et de ma\u00efs. Ils accusent aussi le fait&#13;<br \/>\nqu&rsquo;apr\u00e8s 1990 tous les syst\u00e8mes d&rsquo;irrigation ont graduellement disparu. Du coup,&#13;<br \/>\nle sort des cultures roumaines est dict\u00e9 par la m\u00e9t\u00e9o. Qui plus est, on a \u00e0&#13;<br \/>\nfaire \u00e0 ce que l&rsquo;on appelle \u00ab une s\u00e9cheresse p\u00e9dologique \u00bb, c&rsquo;est-\u00e0-dire&#13;<br \/>\nune faible r\u00e9serve d&rsquo;eau dans le sol. Les cultures du sud et du sud-est&#13;<br \/>\nde la Roumanie en sont le plus concern\u00e9es. A leur tour, les \u00e9leveurs d&rsquo;animaux&#13;<br \/>\naffirment ne plus avoir de la nourriture pour le b\u00e9tail. <\/p>\n<p><\/p>\n<p>&#13;<br \/>\n&#13;<br \/>\n&#13;<br \/>\n&#13;<br \/>\n&#13;<br \/>\n&#13;<\/p>\n<p>Pour lutter contre cette&#13;<br \/>\ns\u00e9cheresse dans le contexte des changements climatiques dont les effets sont de&#13;<br \/>\nplus en plus visibles en Roumanie, le gouvernement de Bucarest pr\u00e9pare un&#13;<br \/>\nprogramme et une strat\u00e9gie sur le long terme. A compter de cette semaine, une&#13;<br \/>\ncommission interminist\u00e9rielle commencera \u00e0 \u00e9valuer l&rsquo;impact des changements climatiques&#13;<br \/>\nsur l&rsquo;agriculture, a annonc\u00e9 le premier ministre Nicolae Ciuca. La commission&#13;<br \/>\nsera form\u00e9e des repr\u00e9sentants du minist\u00e8re de l&rsquo;Agriculture, de l&rsquo;Environnement,&#13;<br \/>\ndes Investissements et des Projets europ\u00e9ens, des Finances, de l&rsquo;Economie et de&#13;<br \/>\nl&rsquo;Entrepreneuriat. D\u00e9velopper les syst\u00e8mes d&rsquo;irrigations et soutenir les&#13;<br \/>\nfermiers &#8211; voici les priorit\u00e9s du gouvernement, telles que pr\u00e9sent\u00e9es par le&#13;<br \/>\npremier ministre Nicolae Ciuca :<\/p>\n<p><\/p>\n<p>&#13;<br \/>\n&#13;<br \/>\n&#13;<br \/>\n&#13;<br \/>\n&#13;<br \/>\n&#13;<\/p>\n<p><em class=cms-italic>\u00ab On souhaite identifier&#13;<br \/>\nles mesures qui puissent \u00eatre financ\u00e9es tant par des fonds gouvernementaux et du&#13;<br \/>\nbudget de l&rsquo;Etat qu&rsquo;\u00e0 l&rsquo;aide des fonds europ\u00e9ens pour d\u00e9velopper les syst\u00e8mes d&rsquo;irrigation&#13;<br \/>\net pour soutenir les fermiers affect\u00e9s par les effets de la s\u00e9cheresse. On envisage&#13;<br \/>\nbien s\u00fbr de d\u00e9velopper aussi les capacit\u00e9s de production dans l&rsquo;industrie agro-alimentaire&#13;<br \/>\nqui assureront davantage de valeur ajout\u00e9e.\u00bb <\/em><\/p>\n<p><\/p>\n<p>&#13;<br \/>\n&#13;<br \/>\n&#13;<br \/>\n&#13;<br \/>\n&#13;<br \/>\n&#13;<\/p>\n<p>D\u00e9j\u00e0, \u00e0 compter du 20&#13;<br \/>\njuillet, les fermiers roumains pourront acc\u00e9der des cr\u00e9dits avec un taux d&rsquo;int\u00e9r\u00eat&#13;<br \/>\nde 2 % seulement, via un programme gouvernemental de subventions. 80 % de ce&#13;<br \/>\nprogramme est assur\u00e9 par le Fonds de garantie du cr\u00e9dit. \u00ab Ce m\u00e9canisme leur&#13;<br \/>\noffrira la garantie de pouvoir semer de nouvelles cultures \u00e0 l&rsquo;automne et de&#13;<br \/>\npr\u00e9parer les cultures qui assureront les quantit\u00e9s n\u00e9cessaires de produits pour&#13;<br \/>\nl&rsquo;ann\u00e9e prochaine \u00bb, a expliqu\u00e9 le ministre de l&rsquo;Agriculture, Petre Daea. D&rsquo;ailleurs&#13;<br \/>\nce programme a \u00e9t\u00e9 cr\u00e9\u00e9 \u00e0 la demande des agriculteurs, qui n\u00e9cessitent d&rsquo;urgence&#13;<br \/>\ndes mesures gouvernementales qui les aident \u00e0 semer les terrains s\u00e9v\u00e8rement&#13;<br \/>\ntouch\u00e9s par la s\u00e9cheresse p\u00e9dologique install\u00e9e en Roumanie. (Trad. Valentina&#13;<br \/>\nBeleavski)<\/p>\n<p><\/p>\n","protected":false},"excerpt":{"rendered":"<p>La s\u00e9cheresse s\u00e9vit cette&#13; ann\u00e9e et l&rsquo;agriculture roumaine s&rsquo;en ressent d\u00e9j\u00e0. De larges superficies de&#13; cultures ont \u00e9t\u00e9 d\u00e9truites par l&rsquo;absence des pr\u00e9cipitations. Par exemple, dans&#13; l&rsquo;ouest de la Roumanie, \u00e0 Nadlac, pr\u00e8s de la fronti\u00e8re hongroise, 40 % des 13&#13; 000 hectares de terrains cultiv\u00e9s de ma\u00efs sont compromis. Selon les agriculteurs,&#13; cela fait [&hellip;]<\/p>\n","protected":false},"author":46,"featured_media":85527,"comment_status":"closed","ping_status":"closed","sticky":false,"template":"","format":"standard","meta":{"_acf_changed":false,"footnotes":""},"categories":[93377],"tags":[],"coauthors":[],"class_list":["post-400955","post","type-post","status-publish","format-standard","has-post-thumbnail","hentry","category-les-dossiers-de-lactualite"],"acf":[],"yoast_head":"<!-- This site is optimized with the Yoast SEO plugin v27.5 - https:\/\/yoast.com\/product\/yoast-seo-wordpress\/ -->\n<title>Lutter contre la s\u00e9cheresse, une urgence - Radio Roumanie Internationale<\/title>\n<meta name=\"robots\" content=\"index, follow, max-snippet:-1, max-image-preview:large, max-video-preview:-1\" \/>\n<link rel=\"canonical\" href=\"https:\/\/www.rri.ro\/fr\/actualites\/les-dossiers-de-lactualite\/lutter-contre-la-secheresse-une-urgence-id400955.html\" \/>\n<meta property=\"og:locale\" content=\"fr_FR\" \/>\n<meta property=\"og:type\" content=\"article\" \/>\n<meta property=\"og:title\" content=\"Lutter contre la s\u00e9cheresse, une urgence - Radio Roumanie Internationale\" \/>\n<meta property=\"og:description\" content=\"La s\u00e9cheresse s\u00e9vit cette&#013; ann\u00e9e et l&rsquo;agriculture roumaine s&rsquo;en ressent d\u00e9j\u00e0. De larges superficies de&#013; cultures ont \u00e9t\u00e9 d\u00e9truites par l&rsquo;absence des pr\u00e9cipitations. Par exemple, dans&#013; l&rsquo;ouest de la Roumanie, \u00e0 Nadlac, pr\u00e8s de la fronti\u00e8re hongroise, 40 % des 13&#013; 000 hectares de terrains cultiv\u00e9s de ma\u00efs sont compromis. Selon les agriculteurs,&#013; cela fait [&hellip;]\" \/>\n<meta property=\"og:url\" content=\"https:\/\/www.rri.ro\/fr\/actualites\/les-dossiers-de-lactualite\/lutter-contre-la-secheresse-une-urgence-id400955.html\" \/>\n<meta property=\"og:site_name\" content=\"Radio Roumanie Internationale\" \/>\n<meta property=\"article:published_time\" content=\"2022-07-18T09:01:00+00:00\" \/>\n<meta property=\"og:image\" content=\"https:\/\/www.rri.ro\/wp-content\/uploads\/2023\/10\/seceta-pamant-agricultura-foto-pixabay-com.png\" \/>\n\t<meta property=\"og:image:width\" content=\"640\" \/>\n\t<meta property=\"og:image:height\" content=\"480\" \/>\n\t<meta property=\"og:image:type\" content=\"image\/png\" \/>\n<meta name=\"author\" content=\"Leyla Cheamil\" \/>\n<meta name=\"twitter:card\" content=\"summary_large_image\" \/>\n<meta name=\"twitter:label1\" content=\"\u00c9crit par\" \/>\n\t<meta name=\"twitter:data1\" content=\"Leyla Cheamil\" \/>\n\t<meta name=\"twitter:label2\" content=\"Dur\u00e9e de lecture estim\u00e9e\" \/>\n\t<meta name=\"twitter:data2\" content=\"2 minutes\" \/>\n\t<meta name=\"twitter:label3\" content=\"Written by\" \/>\n\t<meta name=\"twitter:data3\" content=\"Leyla Cheamil\" \/>\n<script type=\"application\/ld+json\" class=\"yoast-schema-graph\">{\"@context\":\"https:\\\/\\\/schema.org\",\"@graph\":[{\"@type\":\"Article\",\"@id\":\"https:\\\/\\\/www.rri.ro\\\/fr\\\/actualites\\\/les-dossiers-de-lactualite\\\/lutter-contre-la-secheresse-une-urgence-id400955.html#article\",\"isPartOf\":{\"@id\":\"https:\\\/\\\/www.rri.ro\\\/fr\\\/actualites\\\/les-dossiers-de-lactualite\\\/lutter-contre-la-secheresse-une-urgence-id400955.html\"},\"author\":{\"name\":\"Leyla Cheamil\",\"@id\":\"https:\\\/\\\/www.rri.ro\\\/#\\\/schema\\\/person\\\/e6364ed2d4b6af207a82ca66000d07e0\"},\"headline\":\"Lutter contre la s\u00e9cheresse, une urgence\",\"datePublished\":\"2022-07-18T09:01:00+00:00\",\"mainEntityOfPage\":{\"@id\":\"https:\\\/\\\/www.rri.ro\\\/fr\\\/actualites\\\/les-dossiers-de-lactualite\\\/lutter-contre-la-secheresse-une-urgence-id400955.html\"},\"wordCount\":525,\"image\":{\"@id\":\"https:\\\/\\\/www.rri.ro\\\/fr\\\/actualites\\\/les-dossiers-de-lactualite\\\/lutter-contre-la-secheresse-une-urgence-id400955.html#primaryimage\"},\"thumbnailUrl\":\"https:\\\/\\\/www.rri.ro\\\/wp-content\\\/uploads\\\/2023\\\/10\\\/seceta-pamant-agricultura-foto-pixabay-com.png\",\"articleSection\":[\"Les dossiers de l'actualit\u00e9\"],\"inLanguage\":\"fr-FR\"},{\"@type\":\"WebPage\",\"@id\":\"https:\\\/\\\/www.rri.ro\\\/fr\\\/actualites\\\/les-dossiers-de-lactualite\\\/lutter-contre-la-secheresse-une-urgence-id400955.html\",\"url\":\"https:\\\/\\\/www.rri.ro\\\/fr\\\/actualites\\\/les-dossiers-de-lactualite\\\/lutter-contre-la-secheresse-une-urgence-id400955.html\",\"name\":\"Lutter contre la s\u00e9cheresse, une urgence - Radio Roumanie Internationale\",\"isPartOf\":{\"@id\":\"https:\\\/\\\/www.rri.ro\\\/#website\"},\"primaryImageOfPage\":{\"@id\":\"https:\\\/\\\/www.rri.ro\\\/fr\\\/actualites\\\/les-dossiers-de-lactualite\\\/lutter-contre-la-secheresse-une-urgence-id400955.html#primaryimage\"},\"image\":{\"@id\":\"https:\\\/\\\/www.rri.ro\\\/fr\\\/actualites\\\/les-dossiers-de-lactualite\\\/lutter-contre-la-secheresse-une-urgence-id400955.html#primaryimage\"},\"thumbnailUrl\":\"https:\\\/\\\/www.rri.ro\\\/wp-content\\\/uploads\\\/2023\\\/10\\\/seceta-pamant-agricultura-foto-pixabay-com.png\",\"datePublished\":\"2022-07-18T09:01:00+00:00\",\"author\":{\"@id\":\"https:\\\/\\\/www.rri.ro\\\/#\\\/schema\\\/person\\\/e6364ed2d4b6af207a82ca66000d07e0\"},\"breadcrumb\":{\"@id\":\"https:\\\/\\\/www.rri.ro\\\/fr\\\/actualites\\\/les-dossiers-de-lactualite\\\/lutter-contre-la-secheresse-une-urgence-id400955.html#breadcrumb\"},\"inLanguage\":\"fr-FR\",\"potentialAction\":[{\"@type\":\"ReadAction\",\"target\":[\"https:\\\/\\\/www.rri.ro\\\/fr\\\/actualites\\\/les-dossiers-de-lactualite\\\/lutter-contre-la-secheresse-une-urgence-id400955.html\"]}]},{\"@type\":\"ImageObject\",\"inLanguage\":\"fr-FR\",\"@id\":\"https:\\\/\\\/www.rri.ro\\\/fr\\\/actualites\\\/les-dossiers-de-lactualite\\\/lutter-contre-la-secheresse-une-urgence-id400955.html#primaryimage\",\"url\":\"https:\\\/\\\/www.rri.ro\\\/wp-content\\\/uploads\\\/2023\\\/10\\\/seceta-pamant-agricultura-foto-pixabay-com.png\",\"contentUrl\":\"https:\\\/\\\/www.rri.ro\\\/wp-content\\\/uploads\\\/2023\\\/10\\\/seceta-pamant-agricultura-foto-pixabay-com.png\",\"width\":640,\"height\":480},{\"@type\":\"BreadcrumbList\",\"@id\":\"https:\\\/\\\/www.rri.ro\\\/fr\\\/actualites\\\/les-dossiers-de-lactualite\\\/lutter-contre-la-secheresse-une-urgence-id400955.html#breadcrumb\",\"itemListElement\":[{\"@type\":\"ListItem\",\"position\":1,\"name\":\"Page d'accueil\",\"item\":\"https:\\\/\\\/www.rri.ro\\\/fr\"},{\"@type\":\"ListItem\",\"position\":2,\"name\":\"Actualit\u00e9s\",\"item\":\"https:\\\/\\\/www.rri.ro\\\/fr\\\/actualites\"},{\"@type\":\"ListItem\",\"position\":3,\"name\":\"Les dossiers de l'actualit\u00e9\",\"item\":\"https:\\\/\\\/www.rri.ro\\\/fr\\\/actualites\\\/les-dossiers-de-lactualite\"},{\"@type\":\"ListItem\",\"position\":4,\"name\":\"Lutter contre la s\u00e9cheresse, une urgence\"}]},{\"@type\":\"WebSite\",\"@id\":\"https:\\\/\\\/www.rri.ro\\\/#website\",\"url\":\"https:\\\/\\\/www.rri.ro\\\/\",\"name\":\"Radio Roumanie Internationale\",\"description\":\"Totul despre Rom\u00e2nia \u015fi rom\u00e2ni, \u00een 13 limbi\\\/dialecte!\",\"inLanguage\":\"fr-FR\"},{\"@type\":\"Person\",\"@id\":\"https:\\\/\\\/www.rri.ro\\\/#\\\/schema\\\/person\\\/e6364ed2d4b6af207a82ca66000d07e0\",\"name\":\"Leyla Cheamil\",\"url\":\"https:\\\/\\\/www.rri.ro\\\/fr\\\/author\\\/leyla-cheamil\"}]}<\/script>\n<!-- \/ Yoast SEO plugin. -->","yoast_head_json":{"title":"Lutter contre la s\u00e9cheresse, une urgence - Radio Roumanie Internationale","robots":{"index":"index","follow":"follow","max-snippet":"max-snippet:-1","max-image-preview":"max-image-preview:large","max-video-preview":"max-video-preview:-1"},"canonical":"https:\/\/www.rri.ro\/fr\/actualites\/les-dossiers-de-lactualite\/lutter-contre-la-secheresse-une-urgence-id400955.html","og_locale":"fr_FR","og_type":"article","og_title":"Lutter contre la s\u00e9cheresse, une urgence - Radio Roumanie Internationale","og_description":"La s\u00e9cheresse s\u00e9vit cette&#13; ann\u00e9e et l&rsquo;agriculture roumaine s&rsquo;en ressent d\u00e9j\u00e0. De larges superficies de&#13; cultures ont \u00e9t\u00e9 d\u00e9truites par l&rsquo;absence des pr\u00e9cipitations. Par exemple, dans&#13; l&rsquo;ouest de la Roumanie, \u00e0 Nadlac, pr\u00e8s de la fronti\u00e8re hongroise, 40 % des 13&#13; 000 hectares de terrains cultiv\u00e9s de ma\u00efs sont compromis. Selon les agriculteurs,&#13; cela fait [&hellip;]","og_url":"https:\/\/www.rri.ro\/fr\/actualites\/les-dossiers-de-lactualite\/lutter-contre-la-secheresse-une-urgence-id400955.html","og_site_name":"Radio Roumanie Internationale","article_published_time":"2022-07-18T09:01:00+00:00","og_image":[{"width":640,"height":480,"url":"https:\/\/www.rri.ro\/wp-content\/uploads\/2023\/10\/seceta-pamant-agricultura-foto-pixabay-com.png","type":"image\/png"}],"author":"Leyla Cheamil","twitter_card":"summary_large_image","twitter_misc":{"\u00c9crit par":"Leyla Cheamil","Dur\u00e9e de lecture estim\u00e9e":"2 minutes","Written by":"Leyla Cheamil"},"schema":{"@context":"https:\/\/schema.org","@graph":[{"@type":"Article","@id":"https:\/\/www.rri.ro\/fr\/actualites\/les-dossiers-de-lactualite\/lutter-contre-la-secheresse-une-urgence-id400955.html#article","isPartOf":{"@id":"https:\/\/www.rri.ro\/fr\/actualites\/les-dossiers-de-lactualite\/lutter-contre-la-secheresse-une-urgence-id400955.html"},"author":{"name":"Leyla Cheamil","@id":"https:\/\/www.rri.ro\/#\/schema\/person\/e6364ed2d4b6af207a82ca66000d07e0"},"headline":"Lutter contre la s\u00e9cheresse, une urgence","datePublished":"2022-07-18T09:01:00+00:00","mainEntityOfPage":{"@id":"https:\/\/www.rri.ro\/fr\/actualites\/les-dossiers-de-lactualite\/lutter-contre-la-secheresse-une-urgence-id400955.html"},"wordCount":525,"image":{"@id":"https:\/\/www.rri.ro\/fr\/actualites\/les-dossiers-de-lactualite\/lutter-contre-la-secheresse-une-urgence-id400955.html#primaryimage"},"thumbnailUrl":"https:\/\/www.rri.ro\/wp-content\/uploads\/2023\/10\/seceta-pamant-agricultura-foto-pixabay-com.png","articleSection":["Les dossiers de l'actualit\u00e9"],"inLanguage":"fr-FR"},{"@type":"WebPage","@id":"https:\/\/www.rri.ro\/fr\/actualites\/les-dossiers-de-lactualite\/lutter-contre-la-secheresse-une-urgence-id400955.html","url":"https:\/\/www.rri.ro\/fr\/actualites\/les-dossiers-de-lactualite\/lutter-contre-la-secheresse-une-urgence-id400955.html","name":"Lutter contre la s\u00e9cheresse, une urgence - Radio Roumanie Internationale","isPartOf":{"@id":"https:\/\/www.rri.ro\/#website"},"primaryImageOfPage":{"@id":"https:\/\/www.rri.ro\/fr\/actualites\/les-dossiers-de-lactualite\/lutter-contre-la-secheresse-une-urgence-id400955.html#primaryimage"},"image":{"@id":"https:\/\/www.rri.ro\/fr\/actualites\/les-dossiers-de-lactualite\/lutter-contre-la-secheresse-une-urgence-id400955.html#primaryimage"},"thumbnailUrl":"https:\/\/www.rri.ro\/wp-content\/uploads\/2023\/10\/seceta-pamant-agricultura-foto-pixabay-com.png","datePublished":"2022-07-18T09:01:00+00:00","author":{"@id":"https:\/\/www.rri.ro\/#\/schema\/person\/e6364ed2d4b6af207a82ca66000d07e0"},"breadcrumb":{"@id":"https:\/\/www.rri.ro\/fr\/actualites\/les-dossiers-de-lactualite\/lutter-contre-la-secheresse-une-urgence-id400955.html#breadcrumb"},"inLanguage":"fr-FR","potentialAction":[{"@type":"ReadAction","target":["https:\/\/www.rri.ro\/fr\/actualites\/les-dossiers-de-lactualite\/lutter-contre-la-secheresse-une-urgence-id400955.html"]}]},{"@type":"ImageObject","inLanguage":"fr-FR","@id":"https:\/\/www.rri.ro\/fr\/actualites\/les-dossiers-de-lactualite\/lutter-contre-la-secheresse-une-urgence-id400955.html#primaryimage","url":"https:\/\/www.rri.ro\/wp-content\/uploads\/2023\/10\/seceta-pamant-agricultura-foto-pixabay-com.png","contentUrl":"https:\/\/www.rri.ro\/wp-content\/uploads\/2023\/10\/seceta-pamant-agricultura-foto-pixabay-com.png","width":640,"height":480},{"@type":"BreadcrumbList","@id":"https:\/\/www.rri.ro\/fr\/actualites\/les-dossiers-de-lactualite\/lutter-contre-la-secheresse-une-urgence-id400955.html#breadcrumb","itemListElement":[{"@type":"ListItem","position":1,"name":"Page d'accueil","item":"https:\/\/www.rri.ro\/fr"},{"@type":"ListItem","position":2,"name":"Actualit\u00e9s","item":"https:\/\/www.rri.ro\/fr\/actualites"},{"@type":"ListItem","position":3,"name":"Les dossiers de l'actualit\u00e9","item":"https:\/\/www.rri.ro\/fr\/actualites\/les-dossiers-de-lactualite"},{"@type":"ListItem","position":4,"name":"Lutter contre la s\u00e9cheresse, une urgence"}]},{"@type":"WebSite","@id":"https:\/\/www.rri.ro\/#website","url":"https:\/\/www.rri.ro\/","name":"Radio Roumanie Internationale","description":"Totul despre Rom\u00e2nia \u015fi rom\u00e2ni, \u00een 13 limbi\/dialecte!","inLanguage":"fr-FR"},{"@type":"Person","@id":"https:\/\/www.rri.ro\/#\/schema\/person\/e6364ed2d4b6af207a82ca66000d07e0","name":"Leyla Cheamil","url":"https:\/\/www.rri.ro\/fr\/author\/leyla-cheamil"}]}},"_links":{"self":[{"href":"https:\/\/www.rri.ro\/fr\/wp-json\/wp\/v2\/posts\/400955","targetHints":{"allow":["GET"]}}],"collection":[{"href":"https:\/\/www.rri.ro\/fr\/wp-json\/wp\/v2\/posts"}],"about":[{"href":"https:\/\/www.rri.ro\/fr\/wp-json\/wp\/v2\/types\/post"}],"author":[{"embeddable":true,"href":"https:\/\/www.rri.ro\/fr\/wp-json\/wp\/v2\/users\/46"}],"replies":[{"embeddable":true,"href":"https:\/\/www.rri.ro\/fr\/wp-json\/wp\/v2\/comments?post=400955"}],"version-history":[{"count":0,"href":"https:\/\/www.rri.ro\/fr\/wp-json\/wp\/v2\/posts\/400955\/revisions"}],"wp:featuredmedia":[{"embeddable":true,"href":"https:\/\/www.rri.ro\/fr\/wp-json\/wp\/v2\/media\/85527"}],"wp:attachment":[{"href":"https:\/\/www.rri.ro\/fr\/wp-json\/wp\/v2\/media?parent=400955"}],"wp:term":[{"taxonomy":"category","embeddable":true,"href":"https:\/\/www.rri.ro\/fr\/wp-json\/wp\/v2\/categories?post=400955"},{"taxonomy":"post_tag","embeddable":true,"href":"https:\/\/www.rri.ro\/fr\/wp-json\/wp\/v2\/tags?post=400955"},{"taxonomy":"author","embeddable":true,"href":"https:\/\/www.rri.ro\/fr\/wp-json\/wp\/v2\/coauthors?post=400955"}],"curies":[{"name":"wp","href":"https:\/\/api.w.org\/{rel}","templated":true}]}}