{"id":400957,"date":"2022-07-20T11:30:00","date_gmt":"2022-07-20T08:30:00","guid":{"rendered":"http:\/\/devrri.freshlemon.ro\/le-roumain-mot-a-mot\/consulter-les-lecons\/la-roumanie-touchee-par-la-secheresse-id400957.html"},"modified":"2022-07-20T11:30:00","modified_gmt":"2022-07-20T08:30:00","slug":"la-roumanie-touchee-par-la-secheresse","status":"publish","type":"post","link":"https:\/\/www.rri.ro\/fr\/actualites\/les-dossiers-de-lactualite\/la-roumanie-touchee-par-la-secheresse-id400957.html","title":{"rendered":"La Roumanie touch\u00e9e par la s\u00e9cheresse"},"content":{"rendered":"<p><p>La s\u00e9cheresse touche&#13;<br \/>\nactuellement deux tiers du territoire de la Roumanie, affirment les autorit\u00e9s&#13;<br \/>\nnationales, qui appellent la population \u00e0 faire preuve de responsabilit\u00e9 dans l&rsquo;utilisation&#13;<br \/>\ndes sources d&rsquo;eau, pour qu&rsquo;elles puissent couvrir tous les besoins. Les&#13;<br \/>\nsp\u00e9cialistes de la m\u00e9t\u00e9o annoncent deux nouvelles semaines de temps tr\u00e8s sec,&#13;<br \/>\navec des temp\u00e9ratures \u00e9lev\u00e9es et peu de pluie, une conjoncture qui impose la&#13;<br \/>\nprise de mesures de protection des ressources, pour pouvoir s&rsquo;assurer le&#13;<br \/>\nn\u00e9cessaire d&rsquo;eau potable \u00e0 long et moyen terme. <\/p>\n<p><\/p>\n<p>&#13;<br \/>\n&#13;<\/p>\n<p>Il faut intervenir&#13;<br \/>\nrapidement, par tous les moyens nationaux et europ\u00e9ens, pour prot\u00e9ger notre&#13;<br \/>\nagriculture et nos fermiers, a d\u00e9clar\u00e9 le premier ministre, Nicolae Ciuc\u0103,&#13;<br \/>\nlors de la premi\u00e8re r\u00e9union de la Commission interminist\u00e9rielle de gestion des&#13;<br \/>\neffets du changement climatique en agriculture. <em class=cms-italic>\u00ab La situation de&#13;<br \/>\ncette ann\u00e9e est tr\u00e8s compliqu\u00e9e. Nous sommes intervenus autant que possible&#13;<br \/>\npour augmenter les capacit\u00e9s d&rsquo;irrigation, mais il y a des zones o\u00f9 cela n&rsquo;a&#13;<br \/>\npas \u00e9t\u00e9 faisable, et, donc, une grande partie des cultures est affect\u00e9e. \u00bb<\/em>,&#13;<br \/>\na expliqu\u00e9 le ministre de l&rsquo;Agriculture,&#13;<br \/>\nPetre Daea. <\/p>\n<p><\/p>\n<p>&#13;<br \/>\n&#13;<\/p>\n<p>La Commission&#13;<br \/>\ninterminist\u00e9rielle a examin\u00e9 les effets du changement climatique et de la s\u00e9cheresse&#13;<br \/>\ndans le secteur agricole et s&rsquo;est donn\u00e9 pour objectif de prendre des mesures&#13;<br \/>\nqui augmentent l&rsquo;industrialisation de la production agricole et d&rsquo;aider les&#13;<br \/>\nfermiers \u00e0 pr\u00e9parer et \u00e0 d\u00e9rouler la campagne agricole de cet automne. Le&#13;<br \/>\nchef du gouvernement a fait savoir que les autorit\u00e9s de Bucarest \u00e9taient en&#13;<br \/>\ntrain de pr\u00e9parer des n\u00e9gociations pour que les fonds europ\u00e9ens du Plan&#13;<br \/>\nnational de relance et de r\u00e9silience (PNRR) puissent aussi financer l&rsquo;extension&#13;<br \/>\ndu syst\u00e8me d&rsquo;irrigation.<\/p>\n<p><\/p>\n<p>&#13;<br \/>\n&#13;<\/p>\n<p> L&rsquo;Administration Nationale des Eaux Roumaines&#13;<br \/>\na averti que, dans les conditions actuelles de baisse des r\u00e9serves d&rsquo;eau du&#13;<br \/>\npays, la population devrait consommer l&rsquo;eau dans un esprit de responsabilit\u00e9. \u00c0&#13;<br \/>\npr\u00e9sent, la consommation d&rsquo;eau potable fait l&rsquo;objet de restrictions dans plus&#13;<br \/>\nde 200 localit\u00e9s \u00e0 travers le pays, en raison de la s\u00e9cheresse et des grandes&#13;<br \/>\nquantit\u00e9s d&rsquo;eau utilis\u00e9es. Les autorit\u00e9s annoncent des mesures pour prot\u00e9ger&#13;<br \/>\nles ressources et l&rsquo;approvisionnement en eau potable \u00e0 long et moyen terme. <\/p>\n<p><\/p>\n<p>&#13;<br \/>\n&#13;<\/p>\n<p>Actuellement, la situation&#13;<br \/>\nest grave sur l&rsquo;ensemble du continent europ\u00e9en, ravag\u00e9 par des incendies de&#13;<br \/>\nv\u00e9g\u00e9tation et de for\u00eats, caus\u00e9s par les temp\u00e9ratures exceptionnellement \u00e9lev\u00e9es. La&#13;<br \/>\nFrance enregistre des d\u00e9g\u00e2ts tr\u00e8s importants ; des dizaines de milliers d&rsquo;hectares&#13;<br \/>\nsont partis en fum\u00e9e et des dizaines de milliers de personnes ont d\u00fb \u00eatre&#13;<br \/>\n\u00e9vacu\u00e9es. En Gr\u00e8ce, au nord d&rsquo;Ath\u00e8nes, plusieurs incendies de v\u00e9g\u00e9tation ont&#13;<br \/>\n\u00e9t\u00e9 signal\u00e9s en l&rsquo;espace de seulement 24 heures. Les incendies ravagent aussi l&rsquo;Espagne&#13;<br \/>\net le Portugal, qui ont \u00e9galement rapport\u00e9 plusieurs centaines de victimes de la&#13;<br \/>\ncanicule, qui s&rsquo;est empar\u00e9e d&rsquo;une tr\u00e8s grande partie de l&rsquo;Europe.  (Trad.&#13;<br \/>\nIleana \u0162\u0103roi)<\/p>\n<p><\/p>\n","protected":false},"excerpt":{"rendered":"<p>La s\u00e9cheresse touche&#13; actuellement deux tiers du territoire de la Roumanie, affirment les autorit\u00e9s&#13; nationales, qui appellent la population \u00e0 faire preuve de responsabilit\u00e9 dans l&rsquo;utilisation&#13; des sources d&rsquo;eau, pour qu&rsquo;elles puissent couvrir tous les besoins. Les&#13; sp\u00e9cialistes de la m\u00e9t\u00e9o annoncent deux nouvelles semaines de temps tr\u00e8s sec,&#13; avec des temp\u00e9ratures \u00e9lev\u00e9es et peu [&hellip;]<\/p>\n","protected":false},"author":107,"featured_media":92876,"comment_status":"closed","ping_status":"closed","sticky":false,"template":"","format":"standard","meta":{"_acf_changed":false,"footnotes":""},"categories":[93377],"tags":[94338,88082,88495],"coauthors":[],"class_list":["post-400957","post","type-post","status-publish","format-standard","has-post-thumbnail","hentry","category-les-dossiers-de-lactualite","tag-consommation-deau","tag-mesures","tag-secheresse"],"acf":[],"yoast_head":"<!-- This site is optimized with the Yoast SEO plugin v27.3 - https:\/\/yoast.com\/product\/yoast-seo-wordpress\/ -->\n<title>La Roumanie touch\u00e9e par la s\u00e9cheresse - Radio Roumanie Internationale<\/title>\n<meta name=\"robots\" content=\"index, follow, max-snippet:-1, max-image-preview:large, max-video-preview:-1\" \/>\n<link rel=\"canonical\" href=\"https:\/\/www.rri.ro\/fr\/actualites\/les-dossiers-de-lactualite\/la-roumanie-touchee-par-la-secheresse-id400957.html\" \/>\n<meta property=\"og:locale\" content=\"fr_FR\" \/>\n<meta property=\"og:type\" content=\"article\" \/>\n<meta property=\"og:title\" content=\"La Roumanie touch\u00e9e par la s\u00e9cheresse - Radio Roumanie Internationale\" \/>\n<meta property=\"og:description\" content=\"La s\u00e9cheresse touche&#013; actuellement deux tiers du territoire de la Roumanie, affirment les autorit\u00e9s&#013; nationales, qui appellent la population \u00e0 faire preuve de responsabilit\u00e9 dans l&rsquo;utilisation&#013; des sources d&rsquo;eau, pour qu&rsquo;elles puissent couvrir tous les besoins. Les&#013; sp\u00e9cialistes de la m\u00e9t\u00e9o annoncent deux nouvelles semaines de temps tr\u00e8s sec,&#013; avec des temp\u00e9ratures \u00e9lev\u00e9es et peu [&hellip;]\" \/>\n<meta property=\"og:url\" content=\"https:\/\/www.rri.ro\/fr\/actualites\/les-dossiers-de-lactualite\/la-roumanie-touchee-par-la-secheresse-id400957.html\" \/>\n<meta property=\"og:site_name\" content=\"Radio Roumanie Internationale\" \/>\n<meta property=\"article:published_time\" content=\"2022-07-20T08:30:00+00:00\" \/>\n<meta property=\"og:image\" content=\"https:\/\/www.rri.ro\/wp-content\/uploads\/2023\/10\/porumb-seceta-cmophoto-unnsplash-com.jpg\" \/>\n\t<meta property=\"og:image:width\" content=\"640\" \/>\n\t<meta property=\"og:image:height\" content=\"472\" \/>\n\t<meta property=\"og:image:type\" content=\"image\/jpeg\" \/>\n<meta name=\"author\" content=\"Daniela Budu\" \/>\n<meta name=\"twitter:card\" content=\"summary_large_image\" \/>\n<meta name=\"twitter:label1\" content=\"\u00c9crit par\" \/>\n\t<meta name=\"twitter:data1\" content=\"Daniela Budu\" \/>\n\t<meta name=\"twitter:label2\" content=\"Dur\u00e9e de lecture estim\u00e9e\" \/>\n\t<meta name=\"twitter:data2\" content=\"2 minutes\" \/>\n\t<meta name=\"twitter:label3\" content=\"Written by\" \/>\n\t<meta name=\"twitter:data3\" content=\"Daniela Budu\" \/>\n<script type=\"application\/ld+json\" class=\"yoast-schema-graph\">{\"@context\":\"https:\\\/\\\/schema.org\",\"@graph\":[{\"@type\":\"Article\",\"@id\":\"https:\\\/\\\/www.rri.ro\\\/fr\\\/actualites\\\/les-dossiers-de-lactualite\\\/la-roumanie-touchee-par-la-secheresse-id400957.html#article\",\"isPartOf\":{\"@id\":\"https:\\\/\\\/www.rri.ro\\\/fr\\\/actualites\\\/les-dossiers-de-lactualite\\\/la-roumanie-touchee-par-la-secheresse-id400957.html\"},\"author\":{\"name\":\"Daniela Budu\",\"@id\":\"https:\\\/\\\/www.rri.ro\\\/#\\\/schema\\\/person\\\/b46b8f80d7d6e4b5ac9f14f0acbad0c4\"},\"headline\":\"La Roumanie touch\u00e9e par la s\u00e9cheresse\",\"datePublished\":\"2022-07-20T08:30:00+00:00\",\"mainEntityOfPage\":{\"@id\":\"https:\\\/\\\/www.rri.ro\\\/fr\\\/actualites\\\/les-dossiers-de-lactualite\\\/la-roumanie-touchee-par-la-secheresse-id400957.html\"},\"wordCount\":524,\"image\":{\"@id\":\"https:\\\/\\\/www.rri.ro\\\/fr\\\/actualites\\\/les-dossiers-de-lactualite\\\/la-roumanie-touchee-par-la-secheresse-id400957.html#primaryimage\"},\"thumbnailUrl\":\"https:\\\/\\\/www.rri.ro\\\/wp-content\\\/uploads\\\/2023\\\/10\\\/porumb-seceta-cmophoto-unnsplash-com.jpg\",\"keywords\":[\"consommation d'eau\",\"mesures\",\"s\u00e9cheresse\"],\"articleSection\":[\"Les dossiers de l'actualit\u00e9\"],\"inLanguage\":\"fr-FR\"},{\"@type\":\"WebPage\",\"@id\":\"https:\\\/\\\/www.rri.ro\\\/fr\\\/actualites\\\/les-dossiers-de-lactualite\\\/la-roumanie-touchee-par-la-secheresse-id400957.html\",\"url\":\"https:\\\/\\\/www.rri.ro\\\/fr\\\/actualites\\\/les-dossiers-de-lactualite\\\/la-roumanie-touchee-par-la-secheresse-id400957.html\",\"name\":\"La Roumanie touch\u00e9e par la s\u00e9cheresse - Radio Roumanie Internationale\",\"isPartOf\":{\"@id\":\"https:\\\/\\\/www.rri.ro\\\/#website\"},\"primaryImageOfPage\":{\"@id\":\"https:\\\/\\\/www.rri.ro\\\/fr\\\/actualites\\\/les-dossiers-de-lactualite\\\/la-roumanie-touchee-par-la-secheresse-id400957.html#primaryimage\"},\"image\":{\"@id\":\"https:\\\/\\\/www.rri.ro\\\/fr\\\/actualites\\\/les-dossiers-de-lactualite\\\/la-roumanie-touchee-par-la-secheresse-id400957.html#primaryimage\"},\"thumbnailUrl\":\"https:\\\/\\\/www.rri.ro\\\/wp-content\\\/uploads\\\/2023\\\/10\\\/porumb-seceta-cmophoto-unnsplash-com.jpg\",\"datePublished\":\"2022-07-20T08:30:00+00:00\",\"author\":{\"@id\":\"https:\\\/\\\/www.rri.ro\\\/#\\\/schema\\\/person\\\/b46b8f80d7d6e4b5ac9f14f0acbad0c4\"},\"breadcrumb\":{\"@id\":\"https:\\\/\\\/www.rri.ro\\\/fr\\\/actualites\\\/les-dossiers-de-lactualite\\\/la-roumanie-touchee-par-la-secheresse-id400957.html#breadcrumb\"},\"inLanguage\":\"fr-FR\",\"potentialAction\":[{\"@type\":\"ReadAction\",\"target\":[\"https:\\\/\\\/www.rri.ro\\\/fr\\\/actualites\\\/les-dossiers-de-lactualite\\\/la-roumanie-touchee-par-la-secheresse-id400957.html\"]}]},{\"@type\":\"ImageObject\",\"inLanguage\":\"fr-FR\",\"@id\":\"https:\\\/\\\/www.rri.ro\\\/fr\\\/actualites\\\/les-dossiers-de-lactualite\\\/la-roumanie-touchee-par-la-secheresse-id400957.html#primaryimage\",\"url\":\"https:\\\/\\\/www.rri.ro\\\/wp-content\\\/uploads\\\/2023\\\/10\\\/porumb-seceta-cmophoto-unnsplash-com.jpg\",\"contentUrl\":\"https:\\\/\\\/www.rri.ro\\\/wp-content\\\/uploads\\\/2023\\\/10\\\/porumb-seceta-cmophoto-unnsplash-com.jpg\",\"width\":640,\"height\":472},{\"@type\":\"BreadcrumbList\",\"@id\":\"https:\\\/\\\/www.rri.ro\\\/fr\\\/actualites\\\/les-dossiers-de-lactualite\\\/la-roumanie-touchee-par-la-secheresse-id400957.html#breadcrumb\",\"itemListElement\":[{\"@type\":\"ListItem\",\"position\":1,\"name\":\"Page d'accueil\",\"item\":\"https:\\\/\\\/www.rri.ro\\\/fr\"},{\"@type\":\"ListItem\",\"position\":2,\"name\":\"Actualit\u00e9s\",\"item\":\"https:\\\/\\\/www.rri.ro\\\/fr\\\/actualites\"},{\"@type\":\"ListItem\",\"position\":3,\"name\":\"Les dossiers de l'actualit\u00e9\",\"item\":\"https:\\\/\\\/www.rri.ro\\\/fr\\\/actualites\\\/les-dossiers-de-lactualite\"},{\"@type\":\"ListItem\",\"position\":4,\"name\":\"La Roumanie touch\u00e9e par la s\u00e9cheresse\"}]},{\"@type\":\"WebSite\",\"@id\":\"https:\\\/\\\/www.rri.ro\\\/#website\",\"url\":\"https:\\\/\\\/www.rri.ro\\\/\",\"name\":\"Radio Roumanie Internationale\",\"description\":\"Totul despre Rom\u00e2nia \u015fi rom\u00e2ni, \u00een 13 limbi\\\/dialecte!\",\"inLanguage\":\"fr-FR\"},{\"@type\":\"Person\",\"@id\":\"https:\\\/\\\/www.rri.ro\\\/#\\\/schema\\\/person\\\/b46b8f80d7d6e4b5ac9f14f0acbad0c4\",\"name\":\"Daniela Budu\",\"url\":\"https:\\\/\\\/www.rri.ro\\\/fr\\\/author\\\/daniela-budu\"}]}<\/script>\n<!-- \/ Yoast SEO plugin. -->","yoast_head_json":{"title":"La Roumanie touch\u00e9e par la s\u00e9cheresse - Radio Roumanie Internationale","robots":{"index":"index","follow":"follow","max-snippet":"max-snippet:-1","max-image-preview":"max-image-preview:large","max-video-preview":"max-video-preview:-1"},"canonical":"https:\/\/www.rri.ro\/fr\/actualites\/les-dossiers-de-lactualite\/la-roumanie-touchee-par-la-secheresse-id400957.html","og_locale":"fr_FR","og_type":"article","og_title":"La Roumanie touch\u00e9e par la s\u00e9cheresse - Radio Roumanie Internationale","og_description":"La s\u00e9cheresse touche&#13; actuellement deux tiers du territoire de la Roumanie, affirment les autorit\u00e9s&#13; nationales, qui appellent la population \u00e0 faire preuve de responsabilit\u00e9 dans l&rsquo;utilisation&#13; des sources d&rsquo;eau, pour qu&rsquo;elles puissent couvrir tous les besoins. Les&#13; sp\u00e9cialistes de la m\u00e9t\u00e9o annoncent deux nouvelles semaines de temps tr\u00e8s sec,&#13; avec des temp\u00e9ratures \u00e9lev\u00e9es et peu [&hellip;]","og_url":"https:\/\/www.rri.ro\/fr\/actualites\/les-dossiers-de-lactualite\/la-roumanie-touchee-par-la-secheresse-id400957.html","og_site_name":"Radio Roumanie Internationale","article_published_time":"2022-07-20T08:30:00+00:00","og_image":[{"width":640,"height":472,"url":"https:\/\/www.rri.ro\/wp-content\/uploads\/2023\/10\/porumb-seceta-cmophoto-unnsplash-com.jpg","type":"image\/jpeg"}],"author":"Daniela Budu","twitter_card":"summary_large_image","twitter_misc":{"\u00c9crit par":"Daniela Budu","Dur\u00e9e de lecture estim\u00e9e":"2 minutes","Written by":"Daniela Budu"},"schema":{"@context":"https:\/\/schema.org","@graph":[{"@type":"Article","@id":"https:\/\/www.rri.ro\/fr\/actualites\/les-dossiers-de-lactualite\/la-roumanie-touchee-par-la-secheresse-id400957.html#article","isPartOf":{"@id":"https:\/\/www.rri.ro\/fr\/actualites\/les-dossiers-de-lactualite\/la-roumanie-touchee-par-la-secheresse-id400957.html"},"author":{"name":"Daniela Budu","@id":"https:\/\/www.rri.ro\/#\/schema\/person\/b46b8f80d7d6e4b5ac9f14f0acbad0c4"},"headline":"La Roumanie touch\u00e9e par la s\u00e9cheresse","datePublished":"2022-07-20T08:30:00+00:00","mainEntityOfPage":{"@id":"https:\/\/www.rri.ro\/fr\/actualites\/les-dossiers-de-lactualite\/la-roumanie-touchee-par-la-secheresse-id400957.html"},"wordCount":524,"image":{"@id":"https:\/\/www.rri.ro\/fr\/actualites\/les-dossiers-de-lactualite\/la-roumanie-touchee-par-la-secheresse-id400957.html#primaryimage"},"thumbnailUrl":"https:\/\/www.rri.ro\/wp-content\/uploads\/2023\/10\/porumb-seceta-cmophoto-unnsplash-com.jpg","keywords":["consommation d'eau","mesures","s\u00e9cheresse"],"articleSection":["Les dossiers de l'actualit\u00e9"],"inLanguage":"fr-FR"},{"@type":"WebPage","@id":"https:\/\/www.rri.ro\/fr\/actualites\/les-dossiers-de-lactualite\/la-roumanie-touchee-par-la-secheresse-id400957.html","url":"https:\/\/www.rri.ro\/fr\/actualites\/les-dossiers-de-lactualite\/la-roumanie-touchee-par-la-secheresse-id400957.html","name":"La Roumanie touch\u00e9e par la s\u00e9cheresse - Radio Roumanie Internationale","isPartOf":{"@id":"https:\/\/www.rri.ro\/#website"},"primaryImageOfPage":{"@id":"https:\/\/www.rri.ro\/fr\/actualites\/les-dossiers-de-lactualite\/la-roumanie-touchee-par-la-secheresse-id400957.html#primaryimage"},"image":{"@id":"https:\/\/www.rri.ro\/fr\/actualites\/les-dossiers-de-lactualite\/la-roumanie-touchee-par-la-secheresse-id400957.html#primaryimage"},"thumbnailUrl":"https:\/\/www.rri.ro\/wp-content\/uploads\/2023\/10\/porumb-seceta-cmophoto-unnsplash-com.jpg","datePublished":"2022-07-20T08:30:00+00:00","author":{"@id":"https:\/\/www.rri.ro\/#\/schema\/person\/b46b8f80d7d6e4b5ac9f14f0acbad0c4"},"breadcrumb":{"@id":"https:\/\/www.rri.ro\/fr\/actualites\/les-dossiers-de-lactualite\/la-roumanie-touchee-par-la-secheresse-id400957.html#breadcrumb"},"inLanguage":"fr-FR","potentialAction":[{"@type":"ReadAction","target":["https:\/\/www.rri.ro\/fr\/actualites\/les-dossiers-de-lactualite\/la-roumanie-touchee-par-la-secheresse-id400957.html"]}]},{"@type":"ImageObject","inLanguage":"fr-FR","@id":"https:\/\/www.rri.ro\/fr\/actualites\/les-dossiers-de-lactualite\/la-roumanie-touchee-par-la-secheresse-id400957.html#primaryimage","url":"https:\/\/www.rri.ro\/wp-content\/uploads\/2023\/10\/porumb-seceta-cmophoto-unnsplash-com.jpg","contentUrl":"https:\/\/www.rri.ro\/wp-content\/uploads\/2023\/10\/porumb-seceta-cmophoto-unnsplash-com.jpg","width":640,"height":472},{"@type":"BreadcrumbList","@id":"https:\/\/www.rri.ro\/fr\/actualites\/les-dossiers-de-lactualite\/la-roumanie-touchee-par-la-secheresse-id400957.html#breadcrumb","itemListElement":[{"@type":"ListItem","position":1,"name":"Page d'accueil","item":"https:\/\/www.rri.ro\/fr"},{"@type":"ListItem","position":2,"name":"Actualit\u00e9s","item":"https:\/\/www.rri.ro\/fr\/actualites"},{"@type":"ListItem","position":3,"name":"Les dossiers de l'actualit\u00e9","item":"https:\/\/www.rri.ro\/fr\/actualites\/les-dossiers-de-lactualite"},{"@type":"ListItem","position":4,"name":"La Roumanie touch\u00e9e par la s\u00e9cheresse"}]},{"@type":"WebSite","@id":"https:\/\/www.rri.ro\/#website","url":"https:\/\/www.rri.ro\/","name":"Radio Roumanie Internationale","description":"Totul despre Rom\u00e2nia \u015fi rom\u00e2ni, \u00een 13 limbi\/dialecte!","inLanguage":"fr-FR"},{"@type":"Person","@id":"https:\/\/www.rri.ro\/#\/schema\/person\/b46b8f80d7d6e4b5ac9f14f0acbad0c4","name":"Daniela Budu","url":"https:\/\/www.rri.ro\/fr\/author\/daniela-budu"}]}},"_links":{"self":[{"href":"https:\/\/www.rri.ro\/fr\/wp-json\/wp\/v2\/posts\/400957","targetHints":{"allow":["GET"]}}],"collection":[{"href":"https:\/\/www.rri.ro\/fr\/wp-json\/wp\/v2\/posts"}],"about":[{"href":"https:\/\/www.rri.ro\/fr\/wp-json\/wp\/v2\/types\/post"}],"author":[{"embeddable":true,"href":"https:\/\/www.rri.ro\/fr\/wp-json\/wp\/v2\/users\/107"}],"replies":[{"embeddable":true,"href":"https:\/\/www.rri.ro\/fr\/wp-json\/wp\/v2\/comments?post=400957"}],"version-history":[{"count":0,"href":"https:\/\/www.rri.ro\/fr\/wp-json\/wp\/v2\/posts\/400957\/revisions"}],"wp:featuredmedia":[{"embeddable":true,"href":"https:\/\/www.rri.ro\/fr\/wp-json\/wp\/v2\/media\/92876"}],"wp:attachment":[{"href":"https:\/\/www.rri.ro\/fr\/wp-json\/wp\/v2\/media?parent=400957"}],"wp:term":[{"taxonomy":"category","embeddable":true,"href":"https:\/\/www.rri.ro\/fr\/wp-json\/wp\/v2\/categories?post=400957"},{"taxonomy":"post_tag","embeddable":true,"href":"https:\/\/www.rri.ro\/fr\/wp-json\/wp\/v2\/tags?post=400957"},{"taxonomy":"author","embeddable":true,"href":"https:\/\/www.rri.ro\/fr\/wp-json\/wp\/v2\/coauthors?post=400957"}],"curies":[{"name":"wp","href":"https:\/\/api.w.org\/{rel}","templated":true}]}}