{"id":400990,"date":"2022-08-17T11:00:00","date_gmt":"2022-08-17T08:00:00","guid":{"rendered":"http:\/\/devrri.freshlemon.ro\/le-roumain-mot-a-mot\/consulter-les-lecons\/le-nombre-de-nouvelles-infections-au-virus-du-covid-19-est-en-baisse-en-roumanie-id400990.html"},"modified":"2022-08-17T11:00:00","modified_gmt":"2022-08-17T08:00:00","slug":"le-nombre-de-nouvelles-infections-au-virus-du-covid-19-est-en-baisse-en-roumanie","status":"publish","type":"post","link":"https:\/\/www.rri.ro\/fr\/actualites\/les-dossiers-de-lactualite\/le-nombre-de-nouvelles-infections-au-virus-du-covid-19-est-en-baisse-en-roumanie-id400990.html","title":{"rendered":"Le nombre de nouvelles infections au virus du Covid 19 est en baisse en Roumanie"},"content":{"rendered":"<p><p>Les&#13;<br \/>\nAutorit\u00e9s Roumaine ont annonc\u00e9 la baisse du nombre de nouveaux cas d&rsquo;infection&#13;<br \/>\nau virus du Covid 19. La Secr\u00e9taire d&rsquo;Etat au minist\u00e8re de la Sant\u00e9, l&rsquo;\u00e9pid\u00e9miologiste&#13;<br \/>\nAdriana Pistol, a d\u00e9clar\u00e9 que 39 000 nouveaux cas avaient \u00e9t\u00e9 enregistr\u00e9s&#13;<br \/>\nla semaine derni\u00e8re, soit 13 000 de moins que sur la p\u00e9riode pr\u00e9c\u00e9dente.&#13;<br \/>\nUne tendance \u00e0 la baisse \u00e9vidente, mais l&rsquo;\u00e9pid\u00e9miologiste pr\u00e9cise qu&rsquo;il faudra&#13;<br \/>\nattendre les prochaines semaines pour voir si cela se confirme :<\/p>\n<p>&#13;<br \/>\n&#13;<\/p>\n<p><em class=cms-italic>\u00ab Du&#13;<br \/>\n8 au 14 ao\u00fbts, le nombre de cas a consid\u00e9rablement d\u00e9minu\u00e9 par rapport aux&#13;<br \/>\nsemaines pr\u00e9c\u00e9dentes. Cette tendance \u00e0 la baisse est donc clairement visible. M\u00eame&#13;<br \/>\nconstat avec le nombre de d\u00e9c\u00e8s, inf\u00e9rieur \u00e0 celui de la semaine derni\u00e8re. Avec&#13;<br \/>\nles retours de vacances et la rentr\u00e9e des classes, il faut s&rsquo;attendre \u00e0 une&#13;<br \/>\nrecrudescence du nombre de cas. \u00bb<\/em><\/p>\n<p>&#13;<br \/>\n&#13;<\/p>\n<p>En&#13;<br \/>\nattendant le retour des \u00e9l\u00e8ves sur les bancs de l&rsquo;\u00e9cole, le port du masque&#13;<br \/>\nreste un moyen efficace d&rsquo;\u00e9viter la propagation du virus, souligne la m\u00e9decin Adriana&#13;<br \/>\nPistol :<\/p>\n<p>&#13;<br \/>\n&#13;<\/p>\n<p><em class=cms-italic>\u00ab J&rsquo;ai&#13;<br \/>\nconstat\u00e9 que certains continuaient de porter le masque dans les transports et&#13;<br \/>\nles supermarch\u00e9s. Je leur suis reconnaissante et je les encourage \u00e0 continuer.&#13;<br \/>\nJe suis convaincue que cette attitude a largement contribu\u00e9 \u00e0 faire baisser le&#13;<br \/>\nnombre de contaminations au virus. Il s&rsquo;agit en effet d&rsquo;un virus qui se&#13;<br \/>\ntransmet par voie a\u00e9rog\u00e8ne, le masque est donc un bon moyen d&rsquo;\u00e9viter sa propagation. \u00bb<\/em><\/p>\n<p>&#13;<br \/>\n&#13;<\/p>\n<p>Ce mardi, 3 600 nouveaux cas ont \u00e9t\u00e9 enregistr\u00e9s en&#13;<br \/>\n24h, une baisse significative lorsque l&rsquo;on sait que pr\u00e8s de 4 000 patients&#13;<br \/>\nse trouvaient en soins intensifs sur l&rsquo;ensemble du territoire. Les autorit\u00e9s&#13;<br \/>\nont annonc\u00e9 que le s\u00e9quen\u00e7age du virus avait permis d&rsquo;identifier Omicron comme&#13;<br \/>\nsouche pr\u00e9pond\u00e9rante chez les nouveaux malades. &#13;<br \/>\nLa souche BA2 a quant \u00e0 elle \u00e9t\u00e9 identifi\u00e9e chez 39% des cas, contre 16&#13;<br \/>\n% pour la souche BA5. Rappelons que les restrictions sanitaires ont \u00e9t\u00e9 lev\u00e9es&#13;<br \/>\nle 9 mars dernier. Le ministre de la Sant\u00e9, Alexandru Rafila, avait alors&#13;<br \/>\nd\u00e9clar\u00e9 que le port du masque n&rsquo;\u00e9tait plus obligatoire ni en int\u00e9rieur ni en&#13;<br \/>\next\u00e9rieur, et qu&rsquo;il n&rsquo;\u00e9tait plus n\u00e9cessaire de pr\u00e9senter un certificat de&#13;<br \/>\nvaccination pour pouvoir entrer sur le territoire roumain. La Roumanie a&#13;<br \/>\nmaintenu pendant pr\u00e8s de 2 ans l&rsquo;\u00e9tat d&rsquo;urgence sanitaire.<\/p>\n<p>&#13;<br \/>\n&#13;<\/p>\n<p><a href=https:\/\/www.rri.ro\/newfiles\/images\/alexandru-rafila-la-guvern-fara-masca-foto-gov.png><br \/>&#13;<br \/>\n<\/a>(Trad : Charlotte Fromenteaud)<\/p>\n<p><\/p>\n","protected":false},"excerpt":{"rendered":"<p>Les&#13; Autorit\u00e9s Roumaine ont annonc\u00e9 la baisse du nombre de nouveaux cas d&rsquo;infection&#13; au virus du Covid 19. La Secr\u00e9taire d&rsquo;Etat au minist\u00e8re de la Sant\u00e9, l&rsquo;\u00e9pid\u00e9miologiste&#13; Adriana Pistol, a d\u00e9clar\u00e9 que 39 000 nouveaux cas avaient \u00e9t\u00e9 enregistr\u00e9s&#13; la semaine derni\u00e8re, soit 13 000 de moins que sur la p\u00e9riode pr\u00e9c\u00e9dente.&#13; Une tendance \u00e0 [&hellip;]<\/p>\n","protected":false},"author":106,"featured_media":94906,"comment_status":"closed","ping_status":"closed","sticky":false,"template":"","format":"standard","meta":{"_acf_changed":false,"footnotes":""},"categories":[93377],"tags":[],"coauthors":[],"class_list":["post-400990","post","type-post","status-publish","format-standard","has-post-thumbnail","hentry","category-les-dossiers-de-lactualite"],"acf":[],"yoast_head":"<!-- This site is optimized with the Yoast SEO plugin v27.3 - https:\/\/yoast.com\/product\/yoast-seo-wordpress\/ -->\n<title>Le nombre de nouvelles infections au virus du Covid 19 est en baisse en Roumanie - Radio Roumanie Internationale<\/title>\n<meta name=\"robots\" content=\"index, follow, max-snippet:-1, max-image-preview:large, max-video-preview:-1\" \/>\n<link rel=\"canonical\" href=\"https:\/\/www.rri.ro\/fr\/actualites\/les-dossiers-de-lactualite\/le-nombre-de-nouvelles-infections-au-virus-du-covid-19-est-en-baisse-en-roumanie-id400990.html\" \/>\n<meta property=\"og:locale\" content=\"fr_FR\" \/>\n<meta property=\"og:type\" content=\"article\" \/>\n<meta property=\"og:title\" content=\"Le nombre de nouvelles infections au virus du Covid 19 est en baisse en Roumanie - Radio Roumanie Internationale\" \/>\n<meta property=\"og:description\" content=\"Les&#013; Autorit\u00e9s Roumaine ont annonc\u00e9 la baisse du nombre de nouveaux cas d&rsquo;infection&#013; au virus du Covid 19. La Secr\u00e9taire d&rsquo;Etat au minist\u00e8re de la Sant\u00e9, l&rsquo;\u00e9pid\u00e9miologiste&#013; Adriana Pistol, a d\u00e9clar\u00e9 que 39 000 nouveaux cas avaient \u00e9t\u00e9 enregistr\u00e9s&#013; la semaine derni\u00e8re, soit 13 000 de moins que sur la p\u00e9riode pr\u00e9c\u00e9dente.&#013; Une tendance \u00e0 [&hellip;]\" \/>\n<meta property=\"og:url\" content=\"https:\/\/www.rri.ro\/fr\/actualites\/les-dossiers-de-lactualite\/le-nombre-de-nouvelles-infections-au-virus-du-covid-19-est-en-baisse-en-roumanie-id400990.html\" \/>\n<meta property=\"og:site_name\" content=\"Radio Roumanie Internationale\" \/>\n<meta property=\"article:published_time\" content=\"2022-08-17T08:00:00+00:00\" \/>\n<meta property=\"og:image\" content=\"https:\/\/www.rri.ro\/wp-content\/uploads\/2023\/10\/covid19-coronavirus-test-foto-pixabay.png\" \/>\n\t<meta property=\"og:image:width\" content=\"640\" \/>\n\t<meta property=\"og:image:height\" content=\"427\" \/>\n\t<meta property=\"og:image:type\" content=\"image\/png\" \/>\n<meta name=\"author\" content=\"Mihai Pelin\" \/>\n<meta name=\"twitter:card\" content=\"summary_large_image\" \/>\n<meta name=\"twitter:label1\" content=\"\u00c9crit par\" \/>\n\t<meta name=\"twitter:data1\" content=\"Mihai Pelin\" \/>\n\t<meta name=\"twitter:label2\" content=\"Dur\u00e9e de lecture estim\u00e9e\" \/>\n\t<meta name=\"twitter:data2\" content=\"2 minutes\" \/>\n\t<meta name=\"twitter:label3\" content=\"Written by\" \/>\n\t<meta name=\"twitter:data3\" content=\"Mihai Pelin\" \/>\n<script type=\"application\/ld+json\" class=\"yoast-schema-graph\">{\"@context\":\"https:\\\/\\\/schema.org\",\"@graph\":[{\"@type\":\"Article\",\"@id\":\"https:\\\/\\\/www.rri.ro\\\/fr\\\/actualites\\\/les-dossiers-de-lactualite\\\/le-nombre-de-nouvelles-infections-au-virus-du-covid-19-est-en-baisse-en-roumanie-id400990.html#article\",\"isPartOf\":{\"@id\":\"https:\\\/\\\/www.rri.ro\\\/fr\\\/actualites\\\/les-dossiers-de-lactualite\\\/le-nombre-de-nouvelles-infections-au-virus-du-covid-19-est-en-baisse-en-roumanie-id400990.html\"},\"author\":{\"name\":\"Mihai Pelin\",\"@id\":\"https:\\\/\\\/www.rri.ro\\\/#\\\/schema\\\/person\\\/c6036c822534c855dc3aad41a484f05d\"},\"headline\":\"Le nombre de nouvelles infections au virus du Covid 19 est en baisse en Roumanie\",\"datePublished\":\"2022-08-17T08:00:00+00:00\",\"mainEntityOfPage\":{\"@id\":\"https:\\\/\\\/www.rri.ro\\\/fr\\\/actualites\\\/les-dossiers-de-lactualite\\\/le-nombre-de-nouvelles-infections-au-virus-du-covid-19-est-en-baisse-en-roumanie-id400990.html\"},\"wordCount\":422,\"image\":{\"@id\":\"https:\\\/\\\/www.rri.ro\\\/fr\\\/actualites\\\/les-dossiers-de-lactualite\\\/le-nombre-de-nouvelles-infections-au-virus-du-covid-19-est-en-baisse-en-roumanie-id400990.html#primaryimage\"},\"thumbnailUrl\":\"https:\\\/\\\/www.rri.ro\\\/wp-content\\\/uploads\\\/2023\\\/10\\\/covid19-coronavirus-test-foto-pixabay.png\",\"articleSection\":[\"Les dossiers de l'actualit\u00e9\"],\"inLanguage\":\"fr-FR\"},{\"@type\":\"WebPage\",\"@id\":\"https:\\\/\\\/www.rri.ro\\\/fr\\\/actualites\\\/les-dossiers-de-lactualite\\\/le-nombre-de-nouvelles-infections-au-virus-du-covid-19-est-en-baisse-en-roumanie-id400990.html\",\"url\":\"https:\\\/\\\/www.rri.ro\\\/fr\\\/actualites\\\/les-dossiers-de-lactualite\\\/le-nombre-de-nouvelles-infections-au-virus-du-covid-19-est-en-baisse-en-roumanie-id400990.html\",\"name\":\"Le nombre de nouvelles infections au virus du Covid 19 est en baisse en Roumanie - Radio Roumanie Internationale\",\"isPartOf\":{\"@id\":\"https:\\\/\\\/www.rri.ro\\\/#website\"},\"primaryImageOfPage\":{\"@id\":\"https:\\\/\\\/www.rri.ro\\\/fr\\\/actualites\\\/les-dossiers-de-lactualite\\\/le-nombre-de-nouvelles-infections-au-virus-du-covid-19-est-en-baisse-en-roumanie-id400990.html#primaryimage\"},\"image\":{\"@id\":\"https:\\\/\\\/www.rri.ro\\\/fr\\\/actualites\\\/les-dossiers-de-lactualite\\\/le-nombre-de-nouvelles-infections-au-virus-du-covid-19-est-en-baisse-en-roumanie-id400990.html#primaryimage\"},\"thumbnailUrl\":\"https:\\\/\\\/www.rri.ro\\\/wp-content\\\/uploads\\\/2023\\\/10\\\/covid19-coronavirus-test-foto-pixabay.png\",\"datePublished\":\"2022-08-17T08:00:00+00:00\",\"author\":{\"@id\":\"https:\\\/\\\/www.rri.ro\\\/#\\\/schema\\\/person\\\/c6036c822534c855dc3aad41a484f05d\"},\"breadcrumb\":{\"@id\":\"https:\\\/\\\/www.rri.ro\\\/fr\\\/actualites\\\/les-dossiers-de-lactualite\\\/le-nombre-de-nouvelles-infections-au-virus-du-covid-19-est-en-baisse-en-roumanie-id400990.html#breadcrumb\"},\"inLanguage\":\"fr-FR\",\"potentialAction\":[{\"@type\":\"ReadAction\",\"target\":[\"https:\\\/\\\/www.rri.ro\\\/fr\\\/actualites\\\/les-dossiers-de-lactualite\\\/le-nombre-de-nouvelles-infections-au-virus-du-covid-19-est-en-baisse-en-roumanie-id400990.html\"]}]},{\"@type\":\"ImageObject\",\"inLanguage\":\"fr-FR\",\"@id\":\"https:\\\/\\\/www.rri.ro\\\/fr\\\/actualites\\\/les-dossiers-de-lactualite\\\/le-nombre-de-nouvelles-infections-au-virus-du-covid-19-est-en-baisse-en-roumanie-id400990.html#primaryimage\",\"url\":\"https:\\\/\\\/www.rri.ro\\\/wp-content\\\/uploads\\\/2023\\\/10\\\/covid19-coronavirus-test-foto-pixabay.png\",\"contentUrl\":\"https:\\\/\\\/www.rri.ro\\\/wp-content\\\/uploads\\\/2023\\\/10\\\/covid19-coronavirus-test-foto-pixabay.png\",\"width\":640,\"height\":427},{\"@type\":\"BreadcrumbList\",\"@id\":\"https:\\\/\\\/www.rri.ro\\\/fr\\\/actualites\\\/les-dossiers-de-lactualite\\\/le-nombre-de-nouvelles-infections-au-virus-du-covid-19-est-en-baisse-en-roumanie-id400990.html#breadcrumb\",\"itemListElement\":[{\"@type\":\"ListItem\",\"position\":1,\"name\":\"Page d'accueil\",\"item\":\"https:\\\/\\\/www.rri.ro\\\/fr\"},{\"@type\":\"ListItem\",\"position\":2,\"name\":\"Actualit\u00e9s\",\"item\":\"https:\\\/\\\/www.rri.ro\\\/fr\\\/actualites\"},{\"@type\":\"ListItem\",\"position\":3,\"name\":\"Les dossiers de l'actualit\u00e9\",\"item\":\"https:\\\/\\\/www.rri.ro\\\/fr\\\/actualites\\\/les-dossiers-de-lactualite\"},{\"@type\":\"ListItem\",\"position\":4,\"name\":\"Le nombre de nouvelles infections au virus du Covid 19 est en baisse en Roumanie\"}]},{\"@type\":\"WebSite\",\"@id\":\"https:\\\/\\\/www.rri.ro\\\/#website\",\"url\":\"https:\\\/\\\/www.rri.ro\\\/\",\"name\":\"Radio Roumanie Internationale\",\"description\":\"Totul despre Rom\u00e2nia \u015fi rom\u00e2ni, \u00een 13 limbi\\\/dialecte!\",\"inLanguage\":\"fr-FR\"},{\"@type\":\"Person\",\"@id\":\"https:\\\/\\\/www.rri.ro\\\/#\\\/schema\\\/person\\\/c6036c822534c855dc3aad41a484f05d\",\"name\":\"Mihai Pelin\",\"url\":\"https:\\\/\\\/www.rri.ro\\\/fr\\\/author\\\/mihai-pelin\"}]}<\/script>\n<!-- \/ Yoast SEO plugin. -->","yoast_head_json":{"title":"Le nombre de nouvelles infections au virus du Covid 19 est en baisse en Roumanie - Radio Roumanie Internationale","robots":{"index":"index","follow":"follow","max-snippet":"max-snippet:-1","max-image-preview":"max-image-preview:large","max-video-preview":"max-video-preview:-1"},"canonical":"https:\/\/www.rri.ro\/fr\/actualites\/les-dossiers-de-lactualite\/le-nombre-de-nouvelles-infections-au-virus-du-covid-19-est-en-baisse-en-roumanie-id400990.html","og_locale":"fr_FR","og_type":"article","og_title":"Le nombre de nouvelles infections au virus du Covid 19 est en baisse en Roumanie - Radio Roumanie Internationale","og_description":"Les&#13; Autorit\u00e9s Roumaine ont annonc\u00e9 la baisse du nombre de nouveaux cas d&rsquo;infection&#13; au virus du Covid 19. La Secr\u00e9taire d&rsquo;Etat au minist\u00e8re de la Sant\u00e9, l&rsquo;\u00e9pid\u00e9miologiste&#13; Adriana Pistol, a d\u00e9clar\u00e9 que 39 000 nouveaux cas avaient \u00e9t\u00e9 enregistr\u00e9s&#13; la semaine derni\u00e8re, soit 13 000 de moins que sur la p\u00e9riode pr\u00e9c\u00e9dente.&#13; Une tendance \u00e0 [&hellip;]","og_url":"https:\/\/www.rri.ro\/fr\/actualites\/les-dossiers-de-lactualite\/le-nombre-de-nouvelles-infections-au-virus-du-covid-19-est-en-baisse-en-roumanie-id400990.html","og_site_name":"Radio Roumanie Internationale","article_published_time":"2022-08-17T08:00:00+00:00","og_image":[{"width":640,"height":427,"url":"https:\/\/www.rri.ro\/wp-content\/uploads\/2023\/10\/covid19-coronavirus-test-foto-pixabay.png","type":"image\/png"}],"author":"Mihai Pelin","twitter_card":"summary_large_image","twitter_misc":{"\u00c9crit par":"Mihai Pelin","Dur\u00e9e de lecture estim\u00e9e":"2 minutes","Written by":"Mihai Pelin"},"schema":{"@context":"https:\/\/schema.org","@graph":[{"@type":"Article","@id":"https:\/\/www.rri.ro\/fr\/actualites\/les-dossiers-de-lactualite\/le-nombre-de-nouvelles-infections-au-virus-du-covid-19-est-en-baisse-en-roumanie-id400990.html#article","isPartOf":{"@id":"https:\/\/www.rri.ro\/fr\/actualites\/les-dossiers-de-lactualite\/le-nombre-de-nouvelles-infections-au-virus-du-covid-19-est-en-baisse-en-roumanie-id400990.html"},"author":{"name":"Mihai Pelin","@id":"https:\/\/www.rri.ro\/#\/schema\/person\/c6036c822534c855dc3aad41a484f05d"},"headline":"Le nombre de nouvelles infections au virus du Covid 19 est en baisse en Roumanie","datePublished":"2022-08-17T08:00:00+00:00","mainEntityOfPage":{"@id":"https:\/\/www.rri.ro\/fr\/actualites\/les-dossiers-de-lactualite\/le-nombre-de-nouvelles-infections-au-virus-du-covid-19-est-en-baisse-en-roumanie-id400990.html"},"wordCount":422,"image":{"@id":"https:\/\/www.rri.ro\/fr\/actualites\/les-dossiers-de-lactualite\/le-nombre-de-nouvelles-infections-au-virus-du-covid-19-est-en-baisse-en-roumanie-id400990.html#primaryimage"},"thumbnailUrl":"https:\/\/www.rri.ro\/wp-content\/uploads\/2023\/10\/covid19-coronavirus-test-foto-pixabay.png","articleSection":["Les dossiers de l'actualit\u00e9"],"inLanguage":"fr-FR"},{"@type":"WebPage","@id":"https:\/\/www.rri.ro\/fr\/actualites\/les-dossiers-de-lactualite\/le-nombre-de-nouvelles-infections-au-virus-du-covid-19-est-en-baisse-en-roumanie-id400990.html","url":"https:\/\/www.rri.ro\/fr\/actualites\/les-dossiers-de-lactualite\/le-nombre-de-nouvelles-infections-au-virus-du-covid-19-est-en-baisse-en-roumanie-id400990.html","name":"Le nombre de nouvelles infections au virus du Covid 19 est en baisse en Roumanie - Radio Roumanie Internationale","isPartOf":{"@id":"https:\/\/www.rri.ro\/#website"},"primaryImageOfPage":{"@id":"https:\/\/www.rri.ro\/fr\/actualites\/les-dossiers-de-lactualite\/le-nombre-de-nouvelles-infections-au-virus-du-covid-19-est-en-baisse-en-roumanie-id400990.html#primaryimage"},"image":{"@id":"https:\/\/www.rri.ro\/fr\/actualites\/les-dossiers-de-lactualite\/le-nombre-de-nouvelles-infections-au-virus-du-covid-19-est-en-baisse-en-roumanie-id400990.html#primaryimage"},"thumbnailUrl":"https:\/\/www.rri.ro\/wp-content\/uploads\/2023\/10\/covid19-coronavirus-test-foto-pixabay.png","datePublished":"2022-08-17T08:00:00+00:00","author":{"@id":"https:\/\/www.rri.ro\/#\/schema\/person\/c6036c822534c855dc3aad41a484f05d"},"breadcrumb":{"@id":"https:\/\/www.rri.ro\/fr\/actualites\/les-dossiers-de-lactualite\/le-nombre-de-nouvelles-infections-au-virus-du-covid-19-est-en-baisse-en-roumanie-id400990.html#breadcrumb"},"inLanguage":"fr-FR","potentialAction":[{"@type":"ReadAction","target":["https:\/\/www.rri.ro\/fr\/actualites\/les-dossiers-de-lactualite\/le-nombre-de-nouvelles-infections-au-virus-du-covid-19-est-en-baisse-en-roumanie-id400990.html"]}]},{"@type":"ImageObject","inLanguage":"fr-FR","@id":"https:\/\/www.rri.ro\/fr\/actualites\/les-dossiers-de-lactualite\/le-nombre-de-nouvelles-infections-au-virus-du-covid-19-est-en-baisse-en-roumanie-id400990.html#primaryimage","url":"https:\/\/www.rri.ro\/wp-content\/uploads\/2023\/10\/covid19-coronavirus-test-foto-pixabay.png","contentUrl":"https:\/\/www.rri.ro\/wp-content\/uploads\/2023\/10\/covid19-coronavirus-test-foto-pixabay.png","width":640,"height":427},{"@type":"BreadcrumbList","@id":"https:\/\/www.rri.ro\/fr\/actualites\/les-dossiers-de-lactualite\/le-nombre-de-nouvelles-infections-au-virus-du-covid-19-est-en-baisse-en-roumanie-id400990.html#breadcrumb","itemListElement":[{"@type":"ListItem","position":1,"name":"Page d'accueil","item":"https:\/\/www.rri.ro\/fr"},{"@type":"ListItem","position":2,"name":"Actualit\u00e9s","item":"https:\/\/www.rri.ro\/fr\/actualites"},{"@type":"ListItem","position":3,"name":"Les dossiers de l'actualit\u00e9","item":"https:\/\/www.rri.ro\/fr\/actualites\/les-dossiers-de-lactualite"},{"@type":"ListItem","position":4,"name":"Le nombre de nouvelles infections au virus du Covid 19 est en baisse en Roumanie"}]},{"@type":"WebSite","@id":"https:\/\/www.rri.ro\/#website","url":"https:\/\/www.rri.ro\/","name":"Radio Roumanie Internationale","description":"Totul despre Rom\u00e2nia \u015fi rom\u00e2ni, \u00een 13 limbi\/dialecte!","inLanguage":"fr-FR"},{"@type":"Person","@id":"https:\/\/www.rri.ro\/#\/schema\/person\/c6036c822534c855dc3aad41a484f05d","name":"Mihai Pelin","url":"https:\/\/www.rri.ro\/fr\/author\/mihai-pelin"}]}},"_links":{"self":[{"href":"https:\/\/www.rri.ro\/fr\/wp-json\/wp\/v2\/posts\/400990","targetHints":{"allow":["GET"]}}],"collection":[{"href":"https:\/\/www.rri.ro\/fr\/wp-json\/wp\/v2\/posts"}],"about":[{"href":"https:\/\/www.rri.ro\/fr\/wp-json\/wp\/v2\/types\/post"}],"author":[{"embeddable":true,"href":"https:\/\/www.rri.ro\/fr\/wp-json\/wp\/v2\/users\/106"}],"replies":[{"embeddable":true,"href":"https:\/\/www.rri.ro\/fr\/wp-json\/wp\/v2\/comments?post=400990"}],"version-history":[{"count":0,"href":"https:\/\/www.rri.ro\/fr\/wp-json\/wp\/v2\/posts\/400990\/revisions"}],"wp:featuredmedia":[{"embeddable":true,"href":"https:\/\/www.rri.ro\/fr\/wp-json\/wp\/v2\/media\/94906"}],"wp:attachment":[{"href":"https:\/\/www.rri.ro\/fr\/wp-json\/wp\/v2\/media?parent=400990"}],"wp:term":[{"taxonomy":"category","embeddable":true,"href":"https:\/\/www.rri.ro\/fr\/wp-json\/wp\/v2\/categories?post=400990"},{"taxonomy":"post_tag","embeddable":true,"href":"https:\/\/www.rri.ro\/fr\/wp-json\/wp\/v2\/tags?post=400990"},{"taxonomy":"author","embeddable":true,"href":"https:\/\/www.rri.ro\/fr\/wp-json\/wp\/v2\/coauthors?post=400990"}],"curies":[{"name":"wp","href":"https:\/\/api.w.org\/{rel}","templated":true}]}}