{"id":401009,"date":"2022-09-14T00:05:00","date_gmt":"2022-09-13T21:05:00","guid":{"rendered":"http:\/\/devrri.freshlemon.ro\/le-roumain-mot-a-mot\/consulter-les-lecons\/collaboration-consolidee-entre-bucarest-et-chisinau-id401009.html"},"modified":"2022-09-14T00:05:00","modified_gmt":"2022-09-13T21:05:00","slug":"collaboration-consolidee-entre-bucarest-et-chisinau","status":"publish","type":"post","link":"https:\/\/www.rri.ro\/fr\/actualites\/les-dossiers-de-lactualite\/collaboration-consolidee-entre-bucarest-et-chisinau-id401009.html","title":{"rendered":"Collaboration consolid\u00e9e entre Bucarest et Chi\u0219in\u0103u"},"content":{"rendered":"<p>La Roumanie et la R\u00e9publique de Moldova voisine se proposent d&rsquo;intensifier leurs efforts communs pour att\u00e9nuer les effets n\u00e9gatifs de l&rsquo;actuel contexte g\u00e9n\u00e9r\u00e9 par la guerre en Ukraine, la crise \u00e9nerg\u00e9tique, les perturbations apparues dans le fonctionnement des chaines commerciales internationales et la flamb\u00e9e de l&rsquo;inflation au niveau mondial. C&rsquo;est ce qu&rsquo;a annonc\u00e9 le premier ministre roumain Nicolae Ciuca, apr\u00e8s sa participation au forum d\u00e9di\u00e9 \u00e0 la coop\u00e9ration dans le domaine des march\u00e9s des capitaux qui ont eu lieu mardi \u00e0 Bucarest auquel a particip\u00e9 aussi la premi\u00e8re ministre moldave, Natalia Gavrili\u0163a. A cette occasion, les deux responsables ont analys\u00e9 l&rsquo;\u00e9tat de la mise en \u0153uvre des projets destin\u00e9s \u00e0 soutenir la R\u00e9publique de Moldova dans des domaines qui visent l&rsquo;approvisionnement en \u00e9nergie et en gaz, le financement du paquet non-remboursable de 100 millions d&rsquo;euros accord\u00e9 par la Roumanie ainsi que le soutien budg\u00e9taire direct de 10 millions d&rsquo;euros. <\/p>\n<p><\/p>\n<p>Selon Nicolae Ciuca, le d\u00e9veloppement des relations commerciales et l&rsquo;appui aux investissements sont essentiels tant pour la consolidation du partenariat strat\u00e9gique bilat\u00e9ral que pour l&rsquo;int\u00e9gration europ\u00e9enne de la R\u00e9publique de Moldova. Nicolae Ciuc\u0103: <em class=cms-italic>\u00ab Durant les cinq premiers mois de cette ann\u00e9e, le commerce bilat\u00e9ral a d\u00e9pass\u00e9 les 1,2 milliards d&rsquo;euros, confirmant ainsi la tendance de croissance acc\u00e9l\u00e9r\u00e9e des \u00e9changes commerciaux entre nos deux Etats. C&rsquo;est un aspect positif, mais il ne suffit pas. Nous devons faire des efforts communs et transmettre des messages vers le milieu des affaires de Roumanie et de la R\u00e9publique de Moldova, dans le sens de la mise en valeur du potentiel des deux \u00e9conomies \u00bb<\/em> a d\u00e9clar\u00e9 Nicolae Ciuca. Son homologue a soulign\u00e9 le fait que l&rsquo;Etat voisin avait besoin d&rsquo;un march\u00e9 des capitaux plus actif et d&rsquo;investissements internationaux.  <\/p>\n<p><\/p>\n<p>La cheffe de l&rsquo;ex\u00e9cutif moldave a annonc\u00e9 que des professionnels \u00e9taient attendus \u00e0 Chisinau, dont des administrateurs de fonds d&rsquo;assurances et de pension de retraite. Ce qui plus est, Natalia Gavrili\u0163a affirme que la R\u00e9publique de Moldova devrait \u00eatre vue comme une opportunit\u00e9 d&rsquo;acc\u00e9der entre autres au march\u00e9 roumain. Natalia Gavrili\u0163a: <em class=cms-italic>\u00ab Nous savons que pour certaines entreprises, le march\u00e9 de la R\u00e9publique de Moldova pourrait sembler trop petit pour justifier un investissement. Et pourtant, vu la proximit\u00e9 linguistique et culturelle, nombre d&rsquo;entreprises moldaves traitent le march\u00e9 de Roumanie comme une extension du march\u00e9 interne. C&rsquo;est pourquoi la Roumanie est de loin le march\u00e9 d&rsquo;exportation le plus important pour nos entreprises. Lorsque vous \u00e9valuez la R\u00e9publique de Moldova, ne pensez pas \u00e0 un petit march\u00e9 de moins de 3 millions d&rsquo;habitants, mais surtout \u00e0 un point d&rsquo;acc\u00e8s vers un march\u00e9 de plus de 20 millions de potentiels consommateurs \u00bb<\/em>, a d\u00e9clar\u00e9 Natalia Gavrilita. <\/p>\n<p><\/p>\n<p>Les deux premiers ministres ont \u00e9galement \u00e9voqu\u00e9 le soutien que le gouvernement de Bucarest peut offrir dans le cadre des pr\u00e9paratifs visant le d\u00e9but des n\u00e9gociations d&rsquo;adh\u00e9sion de la R\u00e9publique de Moldova \u00e0 l&rsquo;Union europ\u00e9enne ainsi que de l&rsquo;\u00e9tat actuel des efforts entrepris \u00e0 Chisinau en ce sens, surtout dans le domaine de la Justice.  <\/p>\n","protected":false},"excerpt":{"rendered":"<p>La Roumanie et la R\u00e9publique de Moldova voisine se proposent d&rsquo;intensifier leurs efforts communs pour att\u00e9nuer les effets n\u00e9gatifs de l&rsquo;actuel contexte g\u00e9n\u00e9r\u00e9 par la guerre en Ukraine, la crise \u00e9nerg\u00e9tique, les perturbations apparues dans le fonctionnement des chaines commerciales internationales et la flamb\u00e9e de l&rsquo;inflation au niveau mondial. C&rsquo;est ce qu&rsquo;a annonc\u00e9 le premier [&hellip;]<\/p>\n","protected":false},"author":107,"featured_media":93127,"comment_status":"closed","ping_status":"closed","sticky":false,"template":"","format":"standard","meta":{"_acf_changed":false,"footnotes":""},"categories":[93377],"tags":[94352],"coauthors":[],"class_list":["post-401009","post","type-post","status-publish","format-standard","has-post-thumbnail","hentry","category-les-dossiers-de-lactualite","tag-natalia-gavrilita-et-nicolae-ciuca"],"acf":[],"yoast_head":"<!-- This site is optimized with the Yoast SEO plugin v27.5 - https:\/\/yoast.com\/product\/yoast-seo-wordpress\/ -->\n<title>Collaboration consolid\u00e9e entre Bucarest et Chi\u0219in\u0103u - Radio Roumanie Internationale<\/title>\n<meta name=\"robots\" content=\"index, follow, max-snippet:-1, max-image-preview:large, max-video-preview:-1\" \/>\n<link rel=\"canonical\" href=\"https:\/\/www.rri.ro\/fr\/actualites\/les-dossiers-de-lactualite\/collaboration-consolidee-entre-bucarest-et-chisinau-id401009.html\" \/>\n<meta property=\"og:locale\" content=\"fr_FR\" \/>\n<meta property=\"og:type\" content=\"article\" \/>\n<meta property=\"og:title\" content=\"Collaboration consolid\u00e9e entre Bucarest et Chi\u0219in\u0103u - Radio Roumanie Internationale\" \/>\n<meta property=\"og:description\" content=\"La Roumanie et la R\u00e9publique de Moldova voisine se proposent d&rsquo;intensifier leurs efforts communs pour att\u00e9nuer les effets n\u00e9gatifs de l&rsquo;actuel contexte g\u00e9n\u00e9r\u00e9 par la guerre en Ukraine, la crise \u00e9nerg\u00e9tique, les perturbations apparues dans le fonctionnement des chaines commerciales internationales et la flamb\u00e9e de l&rsquo;inflation au niveau mondial. C&rsquo;est ce qu&rsquo;a annonc\u00e9 le premier [&hellip;]\" \/>\n<meta property=\"og:url\" content=\"https:\/\/www.rri.ro\/fr\/actualites\/les-dossiers-de-lactualite\/collaboration-consolidee-entre-bucarest-et-chisinau-id401009.html\" \/>\n<meta property=\"og:site_name\" content=\"Radio Roumanie Internationale\" \/>\n<meta property=\"article:published_time\" content=\"2022-09-13T21:05:00+00:00\" \/>\n<meta property=\"og:image\" content=\"https:\/\/www.rri.ro\/wp-content\/uploads\/2023\/10\/nicolae-ciuca-si-natalia-gavrilita-foto-gov-ro.png\" \/>\n\t<meta property=\"og:image:width\" content=\"640\" \/>\n\t<meta property=\"og:image:height\" content=\"427\" \/>\n\t<meta property=\"og:image:type\" content=\"image\/png\" \/>\n<meta name=\"author\" content=\"Daniela Budu\" \/>\n<meta name=\"twitter:card\" content=\"summary_large_image\" \/>\n<meta name=\"twitter:label1\" content=\"\u00c9crit par\" \/>\n\t<meta name=\"twitter:data1\" content=\"Daniela Budu\" \/>\n\t<meta name=\"twitter:label2\" content=\"Dur\u00e9e de lecture estim\u00e9e\" \/>\n\t<meta name=\"twitter:data2\" content=\"3 minutes\" \/>\n\t<meta name=\"twitter:label3\" content=\"Written by\" \/>\n\t<meta name=\"twitter:data3\" content=\"Daniela Budu\" \/>\n<script type=\"application\/ld+json\" class=\"yoast-schema-graph\">{\"@context\":\"https:\\\/\\\/schema.org\",\"@graph\":[{\"@type\":\"Article\",\"@id\":\"https:\\\/\\\/www.rri.ro\\\/fr\\\/actualites\\\/les-dossiers-de-lactualite\\\/collaboration-consolidee-entre-bucarest-et-chisinau-id401009.html#article\",\"isPartOf\":{\"@id\":\"https:\\\/\\\/www.rri.ro\\\/fr\\\/actualites\\\/les-dossiers-de-lactualite\\\/collaboration-consolidee-entre-bucarest-et-chisinau-id401009.html\"},\"author\":{\"name\":\"Daniela Budu\",\"@id\":\"https:\\\/\\\/www.rri.ro\\\/#\\\/schema\\\/person\\\/b46b8f80d7d6e4b5ac9f14f0acbad0c4\"},\"headline\":\"Collaboration consolid\u00e9e entre Bucarest et Chi\u0219in\u0103u\",\"datePublished\":\"2022-09-13T21:05:00+00:00\",\"mainEntityOfPage\":{\"@id\":\"https:\\\/\\\/www.rri.ro\\\/fr\\\/actualites\\\/les-dossiers-de-lactualite\\\/collaboration-consolidee-entre-bucarest-et-chisinau-id401009.html\"},\"wordCount\":556,\"image\":{\"@id\":\"https:\\\/\\\/www.rri.ro\\\/fr\\\/actualites\\\/les-dossiers-de-lactualite\\\/collaboration-consolidee-entre-bucarest-et-chisinau-id401009.html#primaryimage\"},\"thumbnailUrl\":\"https:\\\/\\\/www.rri.ro\\\/wp-content\\\/uploads\\\/2023\\\/10\\\/nicolae-ciuca-si-natalia-gavrilita-foto-gov-ro.png\",\"keywords\":[\"Natalia Gavrilita et Nicolae Ciuca\"],\"articleSection\":[\"Les dossiers de l'actualit\u00e9\"],\"inLanguage\":\"fr-FR\"},{\"@type\":\"WebPage\",\"@id\":\"https:\\\/\\\/www.rri.ro\\\/fr\\\/actualites\\\/les-dossiers-de-lactualite\\\/collaboration-consolidee-entre-bucarest-et-chisinau-id401009.html\",\"url\":\"https:\\\/\\\/www.rri.ro\\\/fr\\\/actualites\\\/les-dossiers-de-lactualite\\\/collaboration-consolidee-entre-bucarest-et-chisinau-id401009.html\",\"name\":\"Collaboration consolid\u00e9e entre Bucarest et Chi\u0219in\u0103u - Radio Roumanie Internationale\",\"isPartOf\":{\"@id\":\"https:\\\/\\\/www.rri.ro\\\/#website\"},\"primaryImageOfPage\":{\"@id\":\"https:\\\/\\\/www.rri.ro\\\/fr\\\/actualites\\\/les-dossiers-de-lactualite\\\/collaboration-consolidee-entre-bucarest-et-chisinau-id401009.html#primaryimage\"},\"image\":{\"@id\":\"https:\\\/\\\/www.rri.ro\\\/fr\\\/actualites\\\/les-dossiers-de-lactualite\\\/collaboration-consolidee-entre-bucarest-et-chisinau-id401009.html#primaryimage\"},\"thumbnailUrl\":\"https:\\\/\\\/www.rri.ro\\\/wp-content\\\/uploads\\\/2023\\\/10\\\/nicolae-ciuca-si-natalia-gavrilita-foto-gov-ro.png\",\"datePublished\":\"2022-09-13T21:05:00+00:00\",\"author\":{\"@id\":\"https:\\\/\\\/www.rri.ro\\\/#\\\/schema\\\/person\\\/b46b8f80d7d6e4b5ac9f14f0acbad0c4\"},\"breadcrumb\":{\"@id\":\"https:\\\/\\\/www.rri.ro\\\/fr\\\/actualites\\\/les-dossiers-de-lactualite\\\/collaboration-consolidee-entre-bucarest-et-chisinau-id401009.html#breadcrumb\"},\"inLanguage\":\"fr-FR\",\"potentialAction\":[{\"@type\":\"ReadAction\",\"target\":[\"https:\\\/\\\/www.rri.ro\\\/fr\\\/actualites\\\/les-dossiers-de-lactualite\\\/collaboration-consolidee-entre-bucarest-et-chisinau-id401009.html\"]}]},{\"@type\":\"ImageObject\",\"inLanguage\":\"fr-FR\",\"@id\":\"https:\\\/\\\/www.rri.ro\\\/fr\\\/actualites\\\/les-dossiers-de-lactualite\\\/collaboration-consolidee-entre-bucarest-et-chisinau-id401009.html#primaryimage\",\"url\":\"https:\\\/\\\/www.rri.ro\\\/wp-content\\\/uploads\\\/2023\\\/10\\\/nicolae-ciuca-si-natalia-gavrilita-foto-gov-ro.png\",\"contentUrl\":\"https:\\\/\\\/www.rri.ro\\\/wp-content\\\/uploads\\\/2023\\\/10\\\/nicolae-ciuca-si-natalia-gavrilita-foto-gov-ro.png\",\"width\":640,\"height\":427},{\"@type\":\"BreadcrumbList\",\"@id\":\"https:\\\/\\\/www.rri.ro\\\/fr\\\/actualites\\\/les-dossiers-de-lactualite\\\/collaboration-consolidee-entre-bucarest-et-chisinau-id401009.html#breadcrumb\",\"itemListElement\":[{\"@type\":\"ListItem\",\"position\":1,\"name\":\"Page d'accueil\",\"item\":\"https:\\\/\\\/www.rri.ro\\\/fr\"},{\"@type\":\"ListItem\",\"position\":2,\"name\":\"Actualit\u00e9s\",\"item\":\"https:\\\/\\\/www.rri.ro\\\/fr\\\/actualites\"},{\"@type\":\"ListItem\",\"position\":3,\"name\":\"Les dossiers de l'actualit\u00e9\",\"item\":\"https:\\\/\\\/www.rri.ro\\\/fr\\\/actualites\\\/les-dossiers-de-lactualite\"},{\"@type\":\"ListItem\",\"position\":4,\"name\":\"Collaboration consolid\u00e9e entre Bucarest et Chi\u0219in\u0103u\"}]},{\"@type\":\"WebSite\",\"@id\":\"https:\\\/\\\/www.rri.ro\\\/#website\",\"url\":\"https:\\\/\\\/www.rri.ro\\\/\",\"name\":\"Radio Roumanie Internationale\",\"description\":\"Totul despre Rom\u00e2nia \u015fi rom\u00e2ni, \u00een 13 limbi\\\/dialecte!\",\"inLanguage\":\"fr-FR\"},{\"@type\":\"Person\",\"@id\":\"https:\\\/\\\/www.rri.ro\\\/#\\\/schema\\\/person\\\/b46b8f80d7d6e4b5ac9f14f0acbad0c4\",\"name\":\"Daniela Budu\",\"url\":\"https:\\\/\\\/www.rri.ro\\\/fr\\\/author\\\/daniela-budu\"}]}<\/script>\n<!-- \/ Yoast SEO plugin. -->","yoast_head_json":{"title":"Collaboration consolid\u00e9e entre Bucarest et Chi\u0219in\u0103u - Radio Roumanie Internationale","robots":{"index":"index","follow":"follow","max-snippet":"max-snippet:-1","max-image-preview":"max-image-preview:large","max-video-preview":"max-video-preview:-1"},"canonical":"https:\/\/www.rri.ro\/fr\/actualites\/les-dossiers-de-lactualite\/collaboration-consolidee-entre-bucarest-et-chisinau-id401009.html","og_locale":"fr_FR","og_type":"article","og_title":"Collaboration consolid\u00e9e entre Bucarest et Chi\u0219in\u0103u - Radio Roumanie Internationale","og_description":"La Roumanie et la R\u00e9publique de Moldova voisine se proposent d&rsquo;intensifier leurs efforts communs pour att\u00e9nuer les effets n\u00e9gatifs de l&rsquo;actuel contexte g\u00e9n\u00e9r\u00e9 par la guerre en Ukraine, la crise \u00e9nerg\u00e9tique, les perturbations apparues dans le fonctionnement des chaines commerciales internationales et la flamb\u00e9e de l&rsquo;inflation au niveau mondial. C&rsquo;est ce qu&rsquo;a annonc\u00e9 le premier [&hellip;]","og_url":"https:\/\/www.rri.ro\/fr\/actualites\/les-dossiers-de-lactualite\/collaboration-consolidee-entre-bucarest-et-chisinau-id401009.html","og_site_name":"Radio Roumanie Internationale","article_published_time":"2022-09-13T21:05:00+00:00","og_image":[{"width":640,"height":427,"url":"https:\/\/www.rri.ro\/wp-content\/uploads\/2023\/10\/nicolae-ciuca-si-natalia-gavrilita-foto-gov-ro.png","type":"image\/png"}],"author":"Daniela Budu","twitter_card":"summary_large_image","twitter_misc":{"\u00c9crit par":"Daniela Budu","Dur\u00e9e de lecture estim\u00e9e":"3 minutes","Written by":"Daniela Budu"},"schema":{"@context":"https:\/\/schema.org","@graph":[{"@type":"Article","@id":"https:\/\/www.rri.ro\/fr\/actualites\/les-dossiers-de-lactualite\/collaboration-consolidee-entre-bucarest-et-chisinau-id401009.html#article","isPartOf":{"@id":"https:\/\/www.rri.ro\/fr\/actualites\/les-dossiers-de-lactualite\/collaboration-consolidee-entre-bucarest-et-chisinau-id401009.html"},"author":{"name":"Daniela Budu","@id":"https:\/\/www.rri.ro\/#\/schema\/person\/b46b8f80d7d6e4b5ac9f14f0acbad0c4"},"headline":"Collaboration consolid\u00e9e entre Bucarest et Chi\u0219in\u0103u","datePublished":"2022-09-13T21:05:00+00:00","mainEntityOfPage":{"@id":"https:\/\/www.rri.ro\/fr\/actualites\/les-dossiers-de-lactualite\/collaboration-consolidee-entre-bucarest-et-chisinau-id401009.html"},"wordCount":556,"image":{"@id":"https:\/\/www.rri.ro\/fr\/actualites\/les-dossiers-de-lactualite\/collaboration-consolidee-entre-bucarest-et-chisinau-id401009.html#primaryimage"},"thumbnailUrl":"https:\/\/www.rri.ro\/wp-content\/uploads\/2023\/10\/nicolae-ciuca-si-natalia-gavrilita-foto-gov-ro.png","keywords":["Natalia Gavrilita et Nicolae Ciuca"],"articleSection":["Les dossiers de l'actualit\u00e9"],"inLanguage":"fr-FR"},{"@type":"WebPage","@id":"https:\/\/www.rri.ro\/fr\/actualites\/les-dossiers-de-lactualite\/collaboration-consolidee-entre-bucarest-et-chisinau-id401009.html","url":"https:\/\/www.rri.ro\/fr\/actualites\/les-dossiers-de-lactualite\/collaboration-consolidee-entre-bucarest-et-chisinau-id401009.html","name":"Collaboration consolid\u00e9e entre Bucarest et Chi\u0219in\u0103u - Radio Roumanie Internationale","isPartOf":{"@id":"https:\/\/www.rri.ro\/#website"},"primaryImageOfPage":{"@id":"https:\/\/www.rri.ro\/fr\/actualites\/les-dossiers-de-lactualite\/collaboration-consolidee-entre-bucarest-et-chisinau-id401009.html#primaryimage"},"image":{"@id":"https:\/\/www.rri.ro\/fr\/actualites\/les-dossiers-de-lactualite\/collaboration-consolidee-entre-bucarest-et-chisinau-id401009.html#primaryimage"},"thumbnailUrl":"https:\/\/www.rri.ro\/wp-content\/uploads\/2023\/10\/nicolae-ciuca-si-natalia-gavrilita-foto-gov-ro.png","datePublished":"2022-09-13T21:05:00+00:00","author":{"@id":"https:\/\/www.rri.ro\/#\/schema\/person\/b46b8f80d7d6e4b5ac9f14f0acbad0c4"},"breadcrumb":{"@id":"https:\/\/www.rri.ro\/fr\/actualites\/les-dossiers-de-lactualite\/collaboration-consolidee-entre-bucarest-et-chisinau-id401009.html#breadcrumb"},"inLanguage":"fr-FR","potentialAction":[{"@type":"ReadAction","target":["https:\/\/www.rri.ro\/fr\/actualites\/les-dossiers-de-lactualite\/collaboration-consolidee-entre-bucarest-et-chisinau-id401009.html"]}]},{"@type":"ImageObject","inLanguage":"fr-FR","@id":"https:\/\/www.rri.ro\/fr\/actualites\/les-dossiers-de-lactualite\/collaboration-consolidee-entre-bucarest-et-chisinau-id401009.html#primaryimage","url":"https:\/\/www.rri.ro\/wp-content\/uploads\/2023\/10\/nicolae-ciuca-si-natalia-gavrilita-foto-gov-ro.png","contentUrl":"https:\/\/www.rri.ro\/wp-content\/uploads\/2023\/10\/nicolae-ciuca-si-natalia-gavrilita-foto-gov-ro.png","width":640,"height":427},{"@type":"BreadcrumbList","@id":"https:\/\/www.rri.ro\/fr\/actualites\/les-dossiers-de-lactualite\/collaboration-consolidee-entre-bucarest-et-chisinau-id401009.html#breadcrumb","itemListElement":[{"@type":"ListItem","position":1,"name":"Page d'accueil","item":"https:\/\/www.rri.ro\/fr"},{"@type":"ListItem","position":2,"name":"Actualit\u00e9s","item":"https:\/\/www.rri.ro\/fr\/actualites"},{"@type":"ListItem","position":3,"name":"Les dossiers de l'actualit\u00e9","item":"https:\/\/www.rri.ro\/fr\/actualites\/les-dossiers-de-lactualite"},{"@type":"ListItem","position":4,"name":"Collaboration consolid\u00e9e entre Bucarest et Chi\u0219in\u0103u"}]},{"@type":"WebSite","@id":"https:\/\/www.rri.ro\/#website","url":"https:\/\/www.rri.ro\/","name":"Radio Roumanie Internationale","description":"Totul despre Rom\u00e2nia \u015fi rom\u00e2ni, \u00een 13 limbi\/dialecte!","inLanguage":"fr-FR"},{"@type":"Person","@id":"https:\/\/www.rri.ro\/#\/schema\/person\/b46b8f80d7d6e4b5ac9f14f0acbad0c4","name":"Daniela Budu","url":"https:\/\/www.rri.ro\/fr\/author\/daniela-budu"}]}},"_links":{"self":[{"href":"https:\/\/www.rri.ro\/fr\/wp-json\/wp\/v2\/posts\/401009","targetHints":{"allow":["GET"]}}],"collection":[{"href":"https:\/\/www.rri.ro\/fr\/wp-json\/wp\/v2\/posts"}],"about":[{"href":"https:\/\/www.rri.ro\/fr\/wp-json\/wp\/v2\/types\/post"}],"author":[{"embeddable":true,"href":"https:\/\/www.rri.ro\/fr\/wp-json\/wp\/v2\/users\/107"}],"replies":[{"embeddable":true,"href":"https:\/\/www.rri.ro\/fr\/wp-json\/wp\/v2\/comments?post=401009"}],"version-history":[{"count":0,"href":"https:\/\/www.rri.ro\/fr\/wp-json\/wp\/v2\/posts\/401009\/revisions"}],"wp:featuredmedia":[{"embeddable":true,"href":"https:\/\/www.rri.ro\/fr\/wp-json\/wp\/v2\/media\/93127"}],"wp:attachment":[{"href":"https:\/\/www.rri.ro\/fr\/wp-json\/wp\/v2\/media?parent=401009"}],"wp:term":[{"taxonomy":"category","embeddable":true,"href":"https:\/\/www.rri.ro\/fr\/wp-json\/wp\/v2\/categories?post=401009"},{"taxonomy":"post_tag","embeddable":true,"href":"https:\/\/www.rri.ro\/fr\/wp-json\/wp\/v2\/tags?post=401009"},{"taxonomy":"author","embeddable":true,"href":"https:\/\/www.rri.ro\/fr\/wp-json\/wp\/v2\/coauthors?post=401009"}],"curies":[{"name":"wp","href":"https:\/\/api.w.org\/{rel}","templated":true}]}}