{"id":401012,"date":"2022-09-19T11:00:00","date_gmt":"2022-09-19T08:00:00","guid":{"rendered":"http:\/\/devrri.freshlemon.ro\/le-roumain-mot-a-mot\/consulter-les-lecons\/bucarest-reagit-aux-declarations-controversees-de-minsk-id401012.html"},"modified":"2022-09-19T11:00:00","modified_gmt":"2022-09-19T08:00:00","slug":"bucarest-reagit-aux-declarations-controversees-de-minsk","status":"publish","type":"post","link":"https:\/\/www.rri.ro\/fr\/actualites\/les-dossiers-de-lactualite\/bucarest-reagit-aux-declarations-controversees-de-minsk-id401012.html","title":{"rendered":"Bucarest r\u00e9agit aux d\u00e9clarations controvers\u00e9es de Minsk"},"content":{"rendered":"<\/p>\n<p>&#13;<br \/>\n&#13;<\/p>\n<p>Le minist\u00e8re roumain des AE a promptement r\u00e9agi aux d\u00e9clarations du pr\u00e9sident de la Bi\u00e9lorussie, Aleksandr Lukachenko, selon lequel \u00ab les Etats-Unis poussent l&rsquo;Europe dans une confrontation militaire avec la Russie sur le territoire de l&rsquo;Ukraine et d&rsquo;autres Etats, y compris la Roumanie, pourraient y \u00eatre directement impliqu\u00e9s \u00bb.<\/p>\n<p>&#13;<br \/>\n&#13;<\/p>\n<p>&#13;<br \/>\n&#13;<\/p>\n<p>La r\u00e9action de Bucarest n&rsquo;a pas tard\u00e9. Le MAE a toute de suite transmis que \u00ab La partie roumaine rejette fermement ces affirmations inadmissibles qui alimentent la rh\u00e9torique fond\u00e9e sur un appel \u00e0 la force et sur la menace par la force dans les relations internationales \u00bb. Bucarest rappelle aussi \u00ab le r\u00f4le et la responsabilit\u00e9 internationale de la Bi\u00e9lorussie en sa qualit\u00e9 de complice de la Russie \u00e0 soutenir la guerre d&rsquo;agression contre l&rsquo;Ukraine \u00bb. La Roumanie est un Etat membre de l&rsquo;OTAN, soit de l&rsquo;alliance la plus forte de l&rsquo;histoire et, par cons\u00e9quent, b\u00e9n\u00e9ficie au plus haut niveau de toutes les garanties de s\u00e9curit\u00e9 qui en d\u00e9coulent, souligne encore la diplomatie roumaine.   <\/p>\n<p>&#13;<br \/>\n&#13;<\/p>\n<p>&#13;<br \/>\n&#13;<\/p>\n<p>Au pouvoir depuis 1994, Aleksandr Lukachenko est souvent qualifi\u00e9 de dernier dictateur d&rsquo;Europe. De son c\u00f4t\u00e9, l&rsquo;opposition bi\u00e9lorusse craint que le pr\u00e9sident ne c\u00e8de \u00e0 Moscou une partie de la souverainet\u00e9 nationale, en \u00e9change pour la protection accord\u00e9e par la Russie. D&rsquo;ailleurs, les relations entre les deux pays se sont renforc\u00e9es apr\u00e8s l&rsquo;appui inconditionnel de Moscou pour le leader de Minsk, lors de sa r\u00e9\u00e9lection en 2020, contest\u00e9e avec v\u00e9h\u00e9mence au pays, car truqu\u00e9e, le plus probablement. Qui plus est, la coop\u00e9ration bilat\u00e9rale est consid\u00e9r\u00e9e comme une \u00e9chappatoire aux sanctions impos\u00e9es par l&rsquo;Occident aux deux pays.<\/p>\n<p>&#13;<br \/>\n&#13;<\/p>\n<p>&#13;<br \/>\n&#13;<\/p>\n<p>Si les affirmations de Lukachenko ne sont plus une surprise pour personnes, et touchent tr\u00e8s peu de monde en fait, les esprits s&rsquo;agitent en Roumanie \u00e0 cause des d\u00e9clarations faites au sujet de la guerre en Ukraine par le professeur des universit\u00e9s Andrei Marga, ancien ministre des AE et de l&rsquo;\u00e9ducation. Personnage plut\u00f4t controvers\u00e9, promoteur des valeurs occidentales par les hautes fonctions qu&rsquo;il a occup\u00e9es dans le temps, ancien collaborateur de la police politique communiste roumaine, Andrei Marga a parl\u00e9 de ce qu&rsquo;il a appel\u00e9 \u00ab les fronti\u00e8res anormales \u00bb d&rsquo;Ukraine, qui devrait, \u00e0 son avis, c\u00e9der des territoires \u00e0 la Russie, \u00e0 la Hongrie, la Pologne et la Roumanie. Le minist\u00e8re des AE a tout de suite r\u00e9agi \u00e0 ces affirmations, les consid\u00e9rant comme \u00e9tant \u00ab inacceptables \u00bb et en flagrante contradiction avec  \u00ab la position officielle de Bucarest face \u00e0 l&rsquo;agression ill\u00e9gale, injustifi\u00e9e et non-provoqu\u00e9e de la Russie contre l&rsquo;Ukraine \u00bb mais aussi avec \u00ab les principes fondamentaux du droit international \u00bb. <\/p>\n<p>&#13;<br \/>\n&#13;<\/p>\n<p>&#13;<br \/>\n&#13;<\/p>\n<p>Pourtant le point de vue d&rsquo;Andrei Marga est partag\u00e9 par une certaine cat\u00e9gorie de la population, pas forc\u00e9ment nationaliste, mais qui estime quand m\u00eame que l&rsquo;Ukraine a h\u00e9rit\u00e9, sans le vouloir mais sans scrupules aussi, des territoires de l&rsquo;est de la Roumanie, annex\u00e9es en 1940 par l&rsquo;Union sovi\u00e9tique de Staline suite \u00e0 un Ultimatum. Toutefois, l&rsquo;opinion publique roumaine fait une distinction tr\u00e8s nette entre les traumas historiques et les frustrations politiques d&rsquo;une part et d&rsquo;autre part &#8211; la crise humanitaire actuelle en Ukraine. Pour rappel plus de 2 millions 300 mille Ukrainiens, des femmes et des enfants pour la plupart, ont opt\u00e9 de fuir la guerre par la Roumanie. Plus de 4 300 personnes ont demand\u00e9 et re\u00e7u l&rsquo;asile dans notre pays et b\u00e9n\u00e9ficient de tous les droits pr\u00e9vus par la l\u00e9gislation nationale. 70 000 autres r\u00e9fugi\u00e9s ont re\u00e7u des permis de s\u00e9jour en tant que b\u00e9n\u00e9ficiaires d&rsquo;une protection temporaire de la part de l&rsquo;Etat roumain.<\/p>\n<p>&#13;<br \/>\n&#13;<\/p>\n<p>&#13;<br \/>\n&#13;<\/p>\n<p>&#13;<br \/>\n&#13;<\/p>\n<p>&#13;<br \/>\n&#13;<\/p>\n<p>&#13;<\/p>\n","protected":false},"excerpt":{"rendered":"<p>&#13; &#13; Le minist\u00e8re roumain des AE a promptement r\u00e9agi aux d\u00e9clarations du pr\u00e9sident de la Bi\u00e9lorussie, Aleksandr Lukachenko, selon lequel \u00ab les Etats-Unis poussent l&rsquo;Europe dans une confrontation militaire avec la Russie sur le territoire de l&rsquo;Ukraine et d&rsquo;autres Etats, y compris la Roumanie, pourraient y \u00eatre directement impliqu\u00e9s \u00bb. &#13; &#13; &#13; &#13; [&hellip;]<\/p>\n","protected":false},"author":105,"featured_media":93184,"comment_status":"closed","ping_status":"closed","sticky":false,"template":"","format":"standard","meta":{"_acf_changed":false,"footnotes":""},"categories":[93377],"tags":[94354,62776,94355,94353,48989],"coauthors":[],"class_list":["post-401012","post","type-post","status-publish","format-standard","has-post-thumbnail","hentry","category-les-dossiers-de-lactualite","tag-aleksandr-lukachenko","tag-andrei-marga","tag-guerre-dagression-de-russie-contre-lukraine","tag-le-ministere-roumain-des-ae","tag-otan"],"acf":[],"yoast_head":"<!-- This site is optimized with the Yoast SEO plugin v27.5 - https:\/\/yoast.com\/product\/yoast-seo-wordpress\/ -->\n<title>Bucarest r\u00e9agit aux d\u00e9clarations controvers\u00e9es de Minsk - Radio Roumanie Internationale<\/title>\n<meta name=\"robots\" content=\"index, follow, max-snippet:-1, max-image-preview:large, max-video-preview:-1\" \/>\n<link rel=\"canonical\" href=\"https:\/\/www.rri.ro\/fr\/actualites\/les-dossiers-de-lactualite\/bucarest-reagit-aux-declarations-controversees-de-minsk-id401012.html\" \/>\n<meta property=\"og:locale\" content=\"fr_FR\" \/>\n<meta property=\"og:type\" content=\"article\" \/>\n<meta property=\"og:title\" content=\"Bucarest r\u00e9agit aux d\u00e9clarations controvers\u00e9es de Minsk - Radio Roumanie Internationale\" \/>\n<meta property=\"og:description\" content=\"&#013; &#013; Le minist\u00e8re roumain des AE a promptement r\u00e9agi aux d\u00e9clarations du pr\u00e9sident de la Bi\u00e9lorussie, Aleksandr Lukachenko, selon lequel \u00ab les Etats-Unis poussent l&rsquo;Europe dans une confrontation militaire avec la Russie sur le territoire de l&rsquo;Ukraine et d&rsquo;autres Etats, y compris la Roumanie, pourraient y \u00eatre directement impliqu\u00e9s \u00bb. &#013; &#013; &#013; &#013; [&hellip;]\" \/>\n<meta property=\"og:url\" content=\"https:\/\/www.rri.ro\/fr\/actualites\/les-dossiers-de-lactualite\/bucarest-reagit-aux-declarations-controversees-de-minsk-id401012.html\" \/>\n<meta property=\"og:site_name\" content=\"Radio Roumanie Internationale\" \/>\n<meta property=\"article:published_time\" content=\"2022-09-19T08:00:00+00:00\" \/>\n<meta property=\"og:image\" content=\"https:\/\/www.rri.ro\/wp-content\/uploads\/2023\/10\/logo-mae-ok-2.png\" \/>\n\t<meta property=\"og:image:width\" content=\"640\" \/>\n\t<meta property=\"og:image:height\" content=\"480\" \/>\n\t<meta property=\"og:image:type\" content=\"image\/png\" \/>\n<meta name=\"author\" content=\"Bogdan Matei\" \/>\n<meta name=\"twitter:card\" content=\"summary_large_image\" \/>\n<meta name=\"twitter:label1\" content=\"\u00c9crit par\" \/>\n\t<meta name=\"twitter:data1\" content=\"Bogdan Matei\" \/>\n\t<meta name=\"twitter:label2\" content=\"Dur\u00e9e de lecture estim\u00e9e\" \/>\n\t<meta name=\"twitter:data2\" content=\"3 minutes\" \/>\n\t<meta name=\"twitter:label3\" content=\"Written by\" \/>\n\t<meta name=\"twitter:data3\" content=\"Bogdan Matei\" \/>\n<script type=\"application\/ld+json\" class=\"yoast-schema-graph\">{\"@context\":\"https:\\\/\\\/schema.org\",\"@graph\":[{\"@type\":\"Article\",\"@id\":\"https:\\\/\\\/www.rri.ro\\\/fr\\\/actualites\\\/les-dossiers-de-lactualite\\\/bucarest-reagit-aux-declarations-controversees-de-minsk-id401012.html#article\",\"isPartOf\":{\"@id\":\"https:\\\/\\\/www.rri.ro\\\/fr\\\/actualites\\\/les-dossiers-de-lactualite\\\/bucarest-reagit-aux-declarations-controversees-de-minsk-id401012.html\"},\"author\":{\"name\":\"Bogdan Matei\",\"@id\":\"https:\\\/\\\/www.rri.ro\\\/#\\\/schema\\\/person\\\/0ed327d40678578e6dbb840527e3ba32\"},\"headline\":\"Bucarest r\u00e9agit aux d\u00e9clarations controvers\u00e9es de Minsk\",\"datePublished\":\"2022-09-19T08:00:00+00:00\",\"mainEntityOfPage\":{\"@id\":\"https:\\\/\\\/www.rri.ro\\\/fr\\\/actualites\\\/les-dossiers-de-lactualite\\\/bucarest-reagit-aux-declarations-controversees-de-minsk-id401012.html\"},\"wordCount\":651,\"image\":{\"@id\":\"https:\\\/\\\/www.rri.ro\\\/fr\\\/actualites\\\/les-dossiers-de-lactualite\\\/bucarest-reagit-aux-declarations-controversees-de-minsk-id401012.html#primaryimage\"},\"thumbnailUrl\":\"https:\\\/\\\/www.rri.ro\\\/wp-content\\\/uploads\\\/2023\\\/10\\\/logo-mae-ok-2.png\",\"keywords\":[\"Aleksandr Lukachenko\",\"Andrei Marga\",\"guerre d'agression de Russie contre l'Ukraine\",\"Le minist\u00e8re roumain des AE\",\"OTAN\"],\"articleSection\":[\"Les dossiers de l'actualit\u00e9\"],\"inLanguage\":\"fr-FR\"},{\"@type\":\"WebPage\",\"@id\":\"https:\\\/\\\/www.rri.ro\\\/fr\\\/actualites\\\/les-dossiers-de-lactualite\\\/bucarest-reagit-aux-declarations-controversees-de-minsk-id401012.html\",\"url\":\"https:\\\/\\\/www.rri.ro\\\/fr\\\/actualites\\\/les-dossiers-de-lactualite\\\/bucarest-reagit-aux-declarations-controversees-de-minsk-id401012.html\",\"name\":\"Bucarest r\u00e9agit aux d\u00e9clarations controvers\u00e9es de Minsk - Radio Roumanie Internationale\",\"isPartOf\":{\"@id\":\"https:\\\/\\\/www.rri.ro\\\/#website\"},\"primaryImageOfPage\":{\"@id\":\"https:\\\/\\\/www.rri.ro\\\/fr\\\/actualites\\\/les-dossiers-de-lactualite\\\/bucarest-reagit-aux-declarations-controversees-de-minsk-id401012.html#primaryimage\"},\"image\":{\"@id\":\"https:\\\/\\\/www.rri.ro\\\/fr\\\/actualites\\\/les-dossiers-de-lactualite\\\/bucarest-reagit-aux-declarations-controversees-de-minsk-id401012.html#primaryimage\"},\"thumbnailUrl\":\"https:\\\/\\\/www.rri.ro\\\/wp-content\\\/uploads\\\/2023\\\/10\\\/logo-mae-ok-2.png\",\"datePublished\":\"2022-09-19T08:00:00+00:00\",\"author\":{\"@id\":\"https:\\\/\\\/www.rri.ro\\\/#\\\/schema\\\/person\\\/0ed327d40678578e6dbb840527e3ba32\"},\"breadcrumb\":{\"@id\":\"https:\\\/\\\/www.rri.ro\\\/fr\\\/actualites\\\/les-dossiers-de-lactualite\\\/bucarest-reagit-aux-declarations-controversees-de-minsk-id401012.html#breadcrumb\"},\"inLanguage\":\"fr-FR\",\"potentialAction\":[{\"@type\":\"ReadAction\",\"target\":[\"https:\\\/\\\/www.rri.ro\\\/fr\\\/actualites\\\/les-dossiers-de-lactualite\\\/bucarest-reagit-aux-declarations-controversees-de-minsk-id401012.html\"]}]},{\"@type\":\"ImageObject\",\"inLanguage\":\"fr-FR\",\"@id\":\"https:\\\/\\\/www.rri.ro\\\/fr\\\/actualites\\\/les-dossiers-de-lactualite\\\/bucarest-reagit-aux-declarations-controversees-de-minsk-id401012.html#primaryimage\",\"url\":\"https:\\\/\\\/www.rri.ro\\\/wp-content\\\/uploads\\\/2023\\\/10\\\/logo-mae-ok-2.png\",\"contentUrl\":\"https:\\\/\\\/www.rri.ro\\\/wp-content\\\/uploads\\\/2023\\\/10\\\/logo-mae-ok-2.png\",\"width\":640,\"height\":480},{\"@type\":\"BreadcrumbList\",\"@id\":\"https:\\\/\\\/www.rri.ro\\\/fr\\\/actualites\\\/les-dossiers-de-lactualite\\\/bucarest-reagit-aux-declarations-controversees-de-minsk-id401012.html#breadcrumb\",\"itemListElement\":[{\"@type\":\"ListItem\",\"position\":1,\"name\":\"Page d'accueil\",\"item\":\"https:\\\/\\\/www.rri.ro\\\/fr\"},{\"@type\":\"ListItem\",\"position\":2,\"name\":\"Actualit\u00e9s\",\"item\":\"https:\\\/\\\/www.rri.ro\\\/fr\\\/actualites\"},{\"@type\":\"ListItem\",\"position\":3,\"name\":\"Les dossiers de l'actualit\u00e9\",\"item\":\"https:\\\/\\\/www.rri.ro\\\/fr\\\/actualites\\\/les-dossiers-de-lactualite\"},{\"@type\":\"ListItem\",\"position\":4,\"name\":\"Bucarest r\u00e9agit aux d\u00e9clarations controvers\u00e9es de Minsk\"}]},{\"@type\":\"WebSite\",\"@id\":\"https:\\\/\\\/www.rri.ro\\\/#website\",\"url\":\"https:\\\/\\\/www.rri.ro\\\/\",\"name\":\"Radio Roumanie Internationale\",\"description\":\"Totul despre Rom\u00e2nia \u015fi rom\u00e2ni, \u00een 13 limbi\\\/dialecte!\",\"inLanguage\":\"fr-FR\"},{\"@type\":\"Person\",\"@id\":\"https:\\\/\\\/www.rri.ro\\\/#\\\/schema\\\/person\\\/0ed327d40678578e6dbb840527e3ba32\",\"name\":\"Bogdan Matei\",\"url\":\"https:\\\/\\\/www.rri.ro\\\/fr\\\/author\\\/bogdan-matei\"}]}<\/script>\n<!-- \/ Yoast SEO plugin. -->","yoast_head_json":{"title":"Bucarest r\u00e9agit aux d\u00e9clarations controvers\u00e9es de Minsk - Radio Roumanie Internationale","robots":{"index":"index","follow":"follow","max-snippet":"max-snippet:-1","max-image-preview":"max-image-preview:large","max-video-preview":"max-video-preview:-1"},"canonical":"https:\/\/www.rri.ro\/fr\/actualites\/les-dossiers-de-lactualite\/bucarest-reagit-aux-declarations-controversees-de-minsk-id401012.html","og_locale":"fr_FR","og_type":"article","og_title":"Bucarest r\u00e9agit aux d\u00e9clarations controvers\u00e9es de Minsk - Radio Roumanie Internationale","og_description":"&#13; &#13; Le minist\u00e8re roumain des AE a promptement r\u00e9agi aux d\u00e9clarations du pr\u00e9sident de la Bi\u00e9lorussie, Aleksandr Lukachenko, selon lequel \u00ab les Etats-Unis poussent l&rsquo;Europe dans une confrontation militaire avec la Russie sur le territoire de l&rsquo;Ukraine et d&rsquo;autres Etats, y compris la Roumanie, pourraient y \u00eatre directement impliqu\u00e9s \u00bb. &#13; &#13; &#13; &#13; [&hellip;]","og_url":"https:\/\/www.rri.ro\/fr\/actualites\/les-dossiers-de-lactualite\/bucarest-reagit-aux-declarations-controversees-de-minsk-id401012.html","og_site_name":"Radio Roumanie Internationale","article_published_time":"2022-09-19T08:00:00+00:00","og_image":[{"width":640,"height":480,"url":"https:\/\/www.rri.ro\/wp-content\/uploads\/2023\/10\/logo-mae-ok-2.png","type":"image\/png"}],"author":"Bogdan Matei","twitter_card":"summary_large_image","twitter_misc":{"\u00c9crit par":"Bogdan Matei","Dur\u00e9e de lecture estim\u00e9e":"3 minutes","Written by":"Bogdan Matei"},"schema":{"@context":"https:\/\/schema.org","@graph":[{"@type":"Article","@id":"https:\/\/www.rri.ro\/fr\/actualites\/les-dossiers-de-lactualite\/bucarest-reagit-aux-declarations-controversees-de-minsk-id401012.html#article","isPartOf":{"@id":"https:\/\/www.rri.ro\/fr\/actualites\/les-dossiers-de-lactualite\/bucarest-reagit-aux-declarations-controversees-de-minsk-id401012.html"},"author":{"name":"Bogdan Matei","@id":"https:\/\/www.rri.ro\/#\/schema\/person\/0ed327d40678578e6dbb840527e3ba32"},"headline":"Bucarest r\u00e9agit aux d\u00e9clarations controvers\u00e9es de Minsk","datePublished":"2022-09-19T08:00:00+00:00","mainEntityOfPage":{"@id":"https:\/\/www.rri.ro\/fr\/actualites\/les-dossiers-de-lactualite\/bucarest-reagit-aux-declarations-controversees-de-minsk-id401012.html"},"wordCount":651,"image":{"@id":"https:\/\/www.rri.ro\/fr\/actualites\/les-dossiers-de-lactualite\/bucarest-reagit-aux-declarations-controversees-de-minsk-id401012.html#primaryimage"},"thumbnailUrl":"https:\/\/www.rri.ro\/wp-content\/uploads\/2023\/10\/logo-mae-ok-2.png","keywords":["Aleksandr Lukachenko","Andrei Marga","guerre d'agression de Russie contre l'Ukraine","Le minist\u00e8re roumain des AE","OTAN"],"articleSection":["Les dossiers de l'actualit\u00e9"],"inLanguage":"fr-FR"},{"@type":"WebPage","@id":"https:\/\/www.rri.ro\/fr\/actualites\/les-dossiers-de-lactualite\/bucarest-reagit-aux-declarations-controversees-de-minsk-id401012.html","url":"https:\/\/www.rri.ro\/fr\/actualites\/les-dossiers-de-lactualite\/bucarest-reagit-aux-declarations-controversees-de-minsk-id401012.html","name":"Bucarest r\u00e9agit aux d\u00e9clarations controvers\u00e9es de Minsk - Radio Roumanie Internationale","isPartOf":{"@id":"https:\/\/www.rri.ro\/#website"},"primaryImageOfPage":{"@id":"https:\/\/www.rri.ro\/fr\/actualites\/les-dossiers-de-lactualite\/bucarest-reagit-aux-declarations-controversees-de-minsk-id401012.html#primaryimage"},"image":{"@id":"https:\/\/www.rri.ro\/fr\/actualites\/les-dossiers-de-lactualite\/bucarest-reagit-aux-declarations-controversees-de-minsk-id401012.html#primaryimage"},"thumbnailUrl":"https:\/\/www.rri.ro\/wp-content\/uploads\/2023\/10\/logo-mae-ok-2.png","datePublished":"2022-09-19T08:00:00+00:00","author":{"@id":"https:\/\/www.rri.ro\/#\/schema\/person\/0ed327d40678578e6dbb840527e3ba32"},"breadcrumb":{"@id":"https:\/\/www.rri.ro\/fr\/actualites\/les-dossiers-de-lactualite\/bucarest-reagit-aux-declarations-controversees-de-minsk-id401012.html#breadcrumb"},"inLanguage":"fr-FR","potentialAction":[{"@type":"ReadAction","target":["https:\/\/www.rri.ro\/fr\/actualites\/les-dossiers-de-lactualite\/bucarest-reagit-aux-declarations-controversees-de-minsk-id401012.html"]}]},{"@type":"ImageObject","inLanguage":"fr-FR","@id":"https:\/\/www.rri.ro\/fr\/actualites\/les-dossiers-de-lactualite\/bucarest-reagit-aux-declarations-controversees-de-minsk-id401012.html#primaryimage","url":"https:\/\/www.rri.ro\/wp-content\/uploads\/2023\/10\/logo-mae-ok-2.png","contentUrl":"https:\/\/www.rri.ro\/wp-content\/uploads\/2023\/10\/logo-mae-ok-2.png","width":640,"height":480},{"@type":"BreadcrumbList","@id":"https:\/\/www.rri.ro\/fr\/actualites\/les-dossiers-de-lactualite\/bucarest-reagit-aux-declarations-controversees-de-minsk-id401012.html#breadcrumb","itemListElement":[{"@type":"ListItem","position":1,"name":"Page d'accueil","item":"https:\/\/www.rri.ro\/fr"},{"@type":"ListItem","position":2,"name":"Actualit\u00e9s","item":"https:\/\/www.rri.ro\/fr\/actualites"},{"@type":"ListItem","position":3,"name":"Les dossiers de l'actualit\u00e9","item":"https:\/\/www.rri.ro\/fr\/actualites\/les-dossiers-de-lactualite"},{"@type":"ListItem","position":4,"name":"Bucarest r\u00e9agit aux d\u00e9clarations controvers\u00e9es de Minsk"}]},{"@type":"WebSite","@id":"https:\/\/www.rri.ro\/#website","url":"https:\/\/www.rri.ro\/","name":"Radio Roumanie Internationale","description":"Totul despre Rom\u00e2nia \u015fi rom\u00e2ni, \u00een 13 limbi\/dialecte!","inLanguage":"fr-FR"},{"@type":"Person","@id":"https:\/\/www.rri.ro\/#\/schema\/person\/0ed327d40678578e6dbb840527e3ba32","name":"Bogdan Matei","url":"https:\/\/www.rri.ro\/fr\/author\/bogdan-matei"}]}},"_links":{"self":[{"href":"https:\/\/www.rri.ro\/fr\/wp-json\/wp\/v2\/posts\/401012","targetHints":{"allow":["GET"]}}],"collection":[{"href":"https:\/\/www.rri.ro\/fr\/wp-json\/wp\/v2\/posts"}],"about":[{"href":"https:\/\/www.rri.ro\/fr\/wp-json\/wp\/v2\/types\/post"}],"author":[{"embeddable":true,"href":"https:\/\/www.rri.ro\/fr\/wp-json\/wp\/v2\/users\/105"}],"replies":[{"embeddable":true,"href":"https:\/\/www.rri.ro\/fr\/wp-json\/wp\/v2\/comments?post=401012"}],"version-history":[{"count":0,"href":"https:\/\/www.rri.ro\/fr\/wp-json\/wp\/v2\/posts\/401012\/revisions"}],"wp:featuredmedia":[{"embeddable":true,"href":"https:\/\/www.rri.ro\/fr\/wp-json\/wp\/v2\/media\/93184"}],"wp:attachment":[{"href":"https:\/\/www.rri.ro\/fr\/wp-json\/wp\/v2\/media?parent=401012"}],"wp:term":[{"taxonomy":"category","embeddable":true,"href":"https:\/\/www.rri.ro\/fr\/wp-json\/wp\/v2\/categories?post=401012"},{"taxonomy":"post_tag","embeddable":true,"href":"https:\/\/www.rri.ro\/fr\/wp-json\/wp\/v2\/tags?post=401012"},{"taxonomy":"author","embeddable":true,"href":"https:\/\/www.rri.ro\/fr\/wp-json\/wp\/v2\/coauthors?post=401012"}],"curies":[{"name":"wp","href":"https:\/\/api.w.org\/{rel}","templated":true}]}}