{"id":401017,"date":"2022-09-26T00:36:00","date_gmt":"2022-09-25T21:36:00","guid":{"rendered":"http:\/\/devrri.freshlemon.ro\/le-roumain-mot-a-mot\/consulter-les-lecons\/alertes-contre-la-grippe-id401017.html"},"modified":"2022-09-26T00:36:00","modified_gmt":"2022-09-25T21:36:00","slug":"alertes-contre-la-grippe","status":"publish","type":"post","link":"https:\/\/www.rri.ro\/fr\/actualites\/les-dossiers-de-lactualite\/alertes-contre-la-grippe-id401017.html","title":{"rendered":"Alertes contre la grippe"},"content":{"rendered":"<p>Cela fait d\u00e9j\u00e0 deux ans que la notion de grippe saisonni\u00e8re a \u00e9t\u00e9 presque absente du discours des m\u00e9decins sp\u00e9cialistes; qui se sont concentr\u00e9s sur l&rsquo;effrayant virus SARS-CoV2. Maintenant, vu que le danger de la pand\u00e9mie de COVID-19 n&rsquo;est plus aussi imminent et que la saison hivernale s&rsquo;approche, le virus grippal classique est d\u00e9sormais une pr\u00e9occupation pour les m\u00e9decins. En Roumanie, ils avertissent que les premiers sympt\u00f4mes de la maladie sont d\u00e9j\u00e0 apparus. Le retour des enfants \u00e0 l&rsquo;\u00e9cole, c&rsquo;est-\u00e0-dire au sein de la collectivit\u00e9, a g\u00e9n\u00e9r\u00e9 une croissance du nombre des cas d&rsquo;infections respiratoires. Cecilia Rotar, docteur, pr\u00e9cise : <em class=cms-italic>\u00ab Il y a eu trois suspicions qui ont \u00e9t\u00e9 infirm\u00e9s apr\u00e8s les analyses sp\u00e9cifiques en laboratoire. Il s&rsquo;agissait d&rsquo;enfants \u00e2g\u00e9s de 9 mois \u00e0 4 ans. Une personne qui g\u00e9n\u00e9ralement n&rsquo;a aucun probl\u00e8me de sant\u00e9 peut supporter une telle maladie plus facilement. Mais si on parle de personnes immunod\u00e9prim\u00e9es ou d&rsquo;enfants de moins de 4 ans, de femmes enceintes, d&rsquo;adultes avec des maladies du c\u0153ur ou qui souffrent de diab\u00e8te &#8211; tr\u00e8s fr\u00e9quent chez nous &#8211; l&rsquo;\u00e9volution peut \u00eatre plus lente et elle peut se compliquer. Ma recommandation est que, si on a la plus petite suspicion d&rsquo;une virose ou si le parent ne peut pas r\u00e9agir \u00e0 une telle situation, c&rsquo;est mieux d&rsquo;aller au m\u00e9decin, qui sait ce qu&rsquo;il doit faire. \u00bb <\/em><\/p>\n<p><\/p>\n<p>Selon les m\u00e9decins, apr\u00e8s deux ans durant lesquels la transmission du virus grippal a \u00e9t\u00e9 limit\u00e9e par les mesures de protection contre le COVID, cet hiver l&rsquo;impact de la grippe pourrait \u00eatre signifiant. C&rsquo;est pourquoi ils soulignent que la vaccination est tr\u00e8s importante pour r\u00e9duire le risque d&rsquo;une infection double &#8211; avec le virus grippal et avec SARS-CoV2, surtout dans le cas des gens qui appartiennent aux cat\u00e9gories vuln\u00e9rables. Les premi\u00e8res tranches de vaccins antigrippaux qui peuvent \u00eatre administr\u00e9s dans les cabinets des m\u00e9decins de famille sont arriv\u00e9es \u00e0 Roumanie. <\/p>\n<p><\/p>\n<p>Ce qui plus est, l&rsquo;\u00e9pid\u00e9miologiste Emilian Popovici affirme qu&rsquo;une personne peut \u00eatre vaccin\u00e9e avec les deux vaccins, antigrippal et contre le coronavirus, le m\u00eame jour. <em class=cms-italic>\u00ab Il n&rsquo;y a aucune incompatibilit\u00e9 entre les deux vaccins. Au contraire, ils peuvent \u00eatre administr\u00e9s au cours de la m\u00eame visite chez le m\u00e9decin, mais ils ne sont pas faits dans le m\u00eame endroit et, \u00e9videmment, ils ne sont pas m\u00e9lang\u00e9s. Si le premier vaccin est administr\u00e9 dans le delto\u00efde droit, l&rsquo;autre est fait dans le delto\u00efde gauche. Une fois, Moderna a annonc\u00e9 l&rsquo;intention de cr\u00e9er un vaccin bivalent contre la grippe et contre le Covid. Donc on doit faire attention aux vaccins. Bien s\u00fbr, ils sont prioritaires en fonction des particularit\u00e9s de chaque personne. \u00bb<\/em> La grippe est une maladie respiratoire infectieuse saisonni\u00e8re qui se manifeste d&rsquo;une mani\u00e8re diff\u00e9rente d&rsquo;une personne \u00e0 l&rsquo;autre et qui peut provoquer dans certains cas, m\u00eame le d\u00e9c\u00e8s.  <\/p>\n","protected":false},"excerpt":{"rendered":"<p>Cela fait d\u00e9j\u00e0 deux ans que la notion de grippe saisonni\u00e8re a \u00e9t\u00e9 presque absente du discours des m\u00e9decins sp\u00e9cialistes; qui se sont concentr\u00e9s sur l&rsquo;effrayant virus SARS-CoV2. Maintenant, vu que le danger de la pand\u00e9mie de COVID-19 n&rsquo;est plus aussi imminent et que la saison hivernale s&rsquo;approche, le virus grippal classique est d\u00e9sormais une [&hellip;]<\/p>\n","protected":false},"author":109,"featured_media":93285,"comment_status":"closed","ping_status":"closed","sticky":false,"template":"","format":"standard","meta":{"_acf_changed":false,"footnotes":""},"categories":[93377],"tags":[164586,87499,69174,47143],"coauthors":[],"class_list":["post-401017","post","type-post","status-publish","format-standard","has-post-thumbnail","hentry","category-les-dossiers-de-lactualite","tag-covid-fr","tag-grippe","tag-maladie","tag-vaccin"],"acf":[],"yoast_head":"<!-- This site is optimized with the Yoast SEO plugin v27.5 - https:\/\/yoast.com\/product\/yoast-seo-wordpress\/ -->\n<title>Alertes contre la grippe - Radio Roumanie Internationale<\/title>\n<meta name=\"robots\" content=\"index, follow, max-snippet:-1, max-image-preview:large, max-video-preview:-1\" \/>\n<link rel=\"canonical\" href=\"https:\/\/www.rri.ro\/fr\/actualites\/les-dossiers-de-lactualite\/alertes-contre-la-grippe-id401017.html\" \/>\n<meta property=\"og:locale\" content=\"fr_FR\" \/>\n<meta property=\"og:type\" content=\"article\" \/>\n<meta property=\"og:title\" content=\"Alertes contre la grippe - Radio Roumanie Internationale\" \/>\n<meta property=\"og:description\" content=\"Cela fait d\u00e9j\u00e0 deux ans que la notion de grippe saisonni\u00e8re a \u00e9t\u00e9 presque absente du discours des m\u00e9decins sp\u00e9cialistes; qui se sont concentr\u00e9s sur l&rsquo;effrayant virus SARS-CoV2. Maintenant, vu que le danger de la pand\u00e9mie de COVID-19 n&rsquo;est plus aussi imminent et que la saison hivernale s&rsquo;approche, le virus grippal classique est d\u00e9sormais une [&hellip;]\" \/>\n<meta property=\"og:url\" content=\"https:\/\/www.rri.ro\/fr\/actualites\/les-dossiers-de-lactualite\/alertes-contre-la-grippe-id401017.html\" \/>\n<meta property=\"og:site_name\" content=\"Radio Roumanie Internationale\" \/>\n<meta property=\"article:published_time\" content=\"2022-09-25T21:36:00+00:00\" \/>\n<meta property=\"og:image\" content=\"https:\/\/www.rri.ro\/wp-content\/uploads\/2023\/10\/vaccin-gripa-sezoniera-seringa-foto-pixabay.png\" \/>\n\t<meta property=\"og:image:width\" content=\"640\" \/>\n\t<meta property=\"og:image:height\" content=\"427\" \/>\n\t<meta property=\"og:image:type\" content=\"image\/png\" \/>\n<meta name=\"author\" content=\"Roxana Vasile\" \/>\n<meta name=\"twitter:card\" content=\"summary_large_image\" \/>\n<meta name=\"twitter:label1\" content=\"\u00c9crit par\" \/>\n\t<meta name=\"twitter:data1\" content=\"Roxana Vasile\" \/>\n\t<meta name=\"twitter:label2\" content=\"Dur\u00e9e de lecture estim\u00e9e\" \/>\n\t<meta name=\"twitter:data2\" content=\"3 minutes\" \/>\n\t<meta name=\"twitter:label3\" content=\"Written by\" \/>\n\t<meta name=\"twitter:data3\" content=\"Roxana Vasile\" \/>\n<script type=\"application\/ld+json\" class=\"yoast-schema-graph\">{\"@context\":\"https:\\\/\\\/schema.org\",\"@graph\":[{\"@type\":\"Article\",\"@id\":\"https:\\\/\\\/www.rri.ro\\\/fr\\\/actualites\\\/les-dossiers-de-lactualite\\\/alertes-contre-la-grippe-id401017.html#article\",\"isPartOf\":{\"@id\":\"https:\\\/\\\/www.rri.ro\\\/fr\\\/actualites\\\/les-dossiers-de-lactualite\\\/alertes-contre-la-grippe-id401017.html\"},\"author\":{\"name\":\"Roxana Vasile\",\"@id\":\"https:\\\/\\\/www.rri.ro\\\/#\\\/schema\\\/person\\\/0745b519f2d1287783422f162c4112af\"},\"headline\":\"Alertes contre la grippe\",\"datePublished\":\"2022-09-25T21:36:00+00:00\",\"mainEntityOfPage\":{\"@id\":\"https:\\\/\\\/www.rri.ro\\\/fr\\\/actualites\\\/les-dossiers-de-lactualite\\\/alertes-contre-la-grippe-id401017.html\"},\"wordCount\":543,\"image\":{\"@id\":\"https:\\\/\\\/www.rri.ro\\\/fr\\\/actualites\\\/les-dossiers-de-lactualite\\\/alertes-contre-la-grippe-id401017.html#primaryimage\"},\"thumbnailUrl\":\"https:\\\/\\\/www.rri.ro\\\/wp-content\\\/uploads\\\/2023\\\/10\\\/vaccin-gripa-sezoniera-seringa-foto-pixabay.png\",\"keywords\":[\"COVID\",\"grippe\",\"maladie\",\"vaccin\"],\"articleSection\":[\"Les dossiers de l'actualit\u00e9\"],\"inLanguage\":\"fr-FR\"},{\"@type\":\"WebPage\",\"@id\":\"https:\\\/\\\/www.rri.ro\\\/fr\\\/actualites\\\/les-dossiers-de-lactualite\\\/alertes-contre-la-grippe-id401017.html\",\"url\":\"https:\\\/\\\/www.rri.ro\\\/fr\\\/actualites\\\/les-dossiers-de-lactualite\\\/alertes-contre-la-grippe-id401017.html\",\"name\":\"Alertes contre la grippe - Radio Roumanie Internationale\",\"isPartOf\":{\"@id\":\"https:\\\/\\\/www.rri.ro\\\/#website\"},\"primaryImageOfPage\":{\"@id\":\"https:\\\/\\\/www.rri.ro\\\/fr\\\/actualites\\\/les-dossiers-de-lactualite\\\/alertes-contre-la-grippe-id401017.html#primaryimage\"},\"image\":{\"@id\":\"https:\\\/\\\/www.rri.ro\\\/fr\\\/actualites\\\/les-dossiers-de-lactualite\\\/alertes-contre-la-grippe-id401017.html#primaryimage\"},\"thumbnailUrl\":\"https:\\\/\\\/www.rri.ro\\\/wp-content\\\/uploads\\\/2023\\\/10\\\/vaccin-gripa-sezoniera-seringa-foto-pixabay.png\",\"datePublished\":\"2022-09-25T21:36:00+00:00\",\"author\":{\"@id\":\"https:\\\/\\\/www.rri.ro\\\/#\\\/schema\\\/person\\\/0745b519f2d1287783422f162c4112af\"},\"breadcrumb\":{\"@id\":\"https:\\\/\\\/www.rri.ro\\\/fr\\\/actualites\\\/les-dossiers-de-lactualite\\\/alertes-contre-la-grippe-id401017.html#breadcrumb\"},\"inLanguage\":\"fr-FR\",\"potentialAction\":[{\"@type\":\"ReadAction\",\"target\":[\"https:\\\/\\\/www.rri.ro\\\/fr\\\/actualites\\\/les-dossiers-de-lactualite\\\/alertes-contre-la-grippe-id401017.html\"]}]},{\"@type\":\"ImageObject\",\"inLanguage\":\"fr-FR\",\"@id\":\"https:\\\/\\\/www.rri.ro\\\/fr\\\/actualites\\\/les-dossiers-de-lactualite\\\/alertes-contre-la-grippe-id401017.html#primaryimage\",\"url\":\"https:\\\/\\\/www.rri.ro\\\/wp-content\\\/uploads\\\/2023\\\/10\\\/vaccin-gripa-sezoniera-seringa-foto-pixabay.png\",\"contentUrl\":\"https:\\\/\\\/www.rri.ro\\\/wp-content\\\/uploads\\\/2023\\\/10\\\/vaccin-gripa-sezoniera-seringa-foto-pixabay.png\",\"width\":640,\"height\":427},{\"@type\":\"BreadcrumbList\",\"@id\":\"https:\\\/\\\/www.rri.ro\\\/fr\\\/actualites\\\/les-dossiers-de-lactualite\\\/alertes-contre-la-grippe-id401017.html#breadcrumb\",\"itemListElement\":[{\"@type\":\"ListItem\",\"position\":1,\"name\":\"Page d'accueil\",\"item\":\"https:\\\/\\\/www.rri.ro\\\/fr\"},{\"@type\":\"ListItem\",\"position\":2,\"name\":\"Actualit\u00e9s\",\"item\":\"https:\\\/\\\/www.rri.ro\\\/fr\\\/actualites\"},{\"@type\":\"ListItem\",\"position\":3,\"name\":\"Les dossiers de l'actualit\u00e9\",\"item\":\"https:\\\/\\\/www.rri.ro\\\/fr\\\/actualites\\\/les-dossiers-de-lactualite\"},{\"@type\":\"ListItem\",\"position\":4,\"name\":\"Alertes contre la grippe\"}]},{\"@type\":\"WebSite\",\"@id\":\"https:\\\/\\\/www.rri.ro\\\/#website\",\"url\":\"https:\\\/\\\/www.rri.ro\\\/\",\"name\":\"Radio Roumanie Internationale\",\"description\":\"Totul despre Rom\u00e2nia \u015fi rom\u00e2ni, \u00een 13 limbi\\\/dialecte!\",\"inLanguage\":\"fr-FR\"},{\"@type\":\"Person\",\"@id\":\"https:\\\/\\\/www.rri.ro\\\/#\\\/schema\\\/person\\\/0745b519f2d1287783422f162c4112af\",\"name\":\"Roxana Vasile\",\"url\":\"https:\\\/\\\/www.rri.ro\\\/fr\\\/author\\\/roxana-vasile\"}]}<\/script>\n<!-- \/ Yoast SEO plugin. -->","yoast_head_json":{"title":"Alertes contre la grippe - Radio Roumanie Internationale","robots":{"index":"index","follow":"follow","max-snippet":"max-snippet:-1","max-image-preview":"max-image-preview:large","max-video-preview":"max-video-preview:-1"},"canonical":"https:\/\/www.rri.ro\/fr\/actualites\/les-dossiers-de-lactualite\/alertes-contre-la-grippe-id401017.html","og_locale":"fr_FR","og_type":"article","og_title":"Alertes contre la grippe - Radio Roumanie Internationale","og_description":"Cela fait d\u00e9j\u00e0 deux ans que la notion de grippe saisonni\u00e8re a \u00e9t\u00e9 presque absente du discours des m\u00e9decins sp\u00e9cialistes; qui se sont concentr\u00e9s sur l&rsquo;effrayant virus SARS-CoV2. Maintenant, vu que le danger de la pand\u00e9mie de COVID-19 n&rsquo;est plus aussi imminent et que la saison hivernale s&rsquo;approche, le virus grippal classique est d\u00e9sormais une [&hellip;]","og_url":"https:\/\/www.rri.ro\/fr\/actualites\/les-dossiers-de-lactualite\/alertes-contre-la-grippe-id401017.html","og_site_name":"Radio Roumanie Internationale","article_published_time":"2022-09-25T21:36:00+00:00","og_image":[{"width":640,"height":427,"url":"https:\/\/www.rri.ro\/wp-content\/uploads\/2023\/10\/vaccin-gripa-sezoniera-seringa-foto-pixabay.png","type":"image\/png"}],"author":"Roxana Vasile","twitter_card":"summary_large_image","twitter_misc":{"\u00c9crit par":"Roxana Vasile","Dur\u00e9e de lecture estim\u00e9e":"3 minutes","Written by":"Roxana Vasile"},"schema":{"@context":"https:\/\/schema.org","@graph":[{"@type":"Article","@id":"https:\/\/www.rri.ro\/fr\/actualites\/les-dossiers-de-lactualite\/alertes-contre-la-grippe-id401017.html#article","isPartOf":{"@id":"https:\/\/www.rri.ro\/fr\/actualites\/les-dossiers-de-lactualite\/alertes-contre-la-grippe-id401017.html"},"author":{"name":"Roxana Vasile","@id":"https:\/\/www.rri.ro\/#\/schema\/person\/0745b519f2d1287783422f162c4112af"},"headline":"Alertes contre la grippe","datePublished":"2022-09-25T21:36:00+00:00","mainEntityOfPage":{"@id":"https:\/\/www.rri.ro\/fr\/actualites\/les-dossiers-de-lactualite\/alertes-contre-la-grippe-id401017.html"},"wordCount":543,"image":{"@id":"https:\/\/www.rri.ro\/fr\/actualites\/les-dossiers-de-lactualite\/alertes-contre-la-grippe-id401017.html#primaryimage"},"thumbnailUrl":"https:\/\/www.rri.ro\/wp-content\/uploads\/2023\/10\/vaccin-gripa-sezoniera-seringa-foto-pixabay.png","keywords":["COVID","grippe","maladie","vaccin"],"articleSection":["Les dossiers de l'actualit\u00e9"],"inLanguage":"fr-FR"},{"@type":"WebPage","@id":"https:\/\/www.rri.ro\/fr\/actualites\/les-dossiers-de-lactualite\/alertes-contre-la-grippe-id401017.html","url":"https:\/\/www.rri.ro\/fr\/actualites\/les-dossiers-de-lactualite\/alertes-contre-la-grippe-id401017.html","name":"Alertes contre la grippe - Radio Roumanie Internationale","isPartOf":{"@id":"https:\/\/www.rri.ro\/#website"},"primaryImageOfPage":{"@id":"https:\/\/www.rri.ro\/fr\/actualites\/les-dossiers-de-lactualite\/alertes-contre-la-grippe-id401017.html#primaryimage"},"image":{"@id":"https:\/\/www.rri.ro\/fr\/actualites\/les-dossiers-de-lactualite\/alertes-contre-la-grippe-id401017.html#primaryimage"},"thumbnailUrl":"https:\/\/www.rri.ro\/wp-content\/uploads\/2023\/10\/vaccin-gripa-sezoniera-seringa-foto-pixabay.png","datePublished":"2022-09-25T21:36:00+00:00","author":{"@id":"https:\/\/www.rri.ro\/#\/schema\/person\/0745b519f2d1287783422f162c4112af"},"breadcrumb":{"@id":"https:\/\/www.rri.ro\/fr\/actualites\/les-dossiers-de-lactualite\/alertes-contre-la-grippe-id401017.html#breadcrumb"},"inLanguage":"fr-FR","potentialAction":[{"@type":"ReadAction","target":["https:\/\/www.rri.ro\/fr\/actualites\/les-dossiers-de-lactualite\/alertes-contre-la-grippe-id401017.html"]}]},{"@type":"ImageObject","inLanguage":"fr-FR","@id":"https:\/\/www.rri.ro\/fr\/actualites\/les-dossiers-de-lactualite\/alertes-contre-la-grippe-id401017.html#primaryimage","url":"https:\/\/www.rri.ro\/wp-content\/uploads\/2023\/10\/vaccin-gripa-sezoniera-seringa-foto-pixabay.png","contentUrl":"https:\/\/www.rri.ro\/wp-content\/uploads\/2023\/10\/vaccin-gripa-sezoniera-seringa-foto-pixabay.png","width":640,"height":427},{"@type":"BreadcrumbList","@id":"https:\/\/www.rri.ro\/fr\/actualites\/les-dossiers-de-lactualite\/alertes-contre-la-grippe-id401017.html#breadcrumb","itemListElement":[{"@type":"ListItem","position":1,"name":"Page d'accueil","item":"https:\/\/www.rri.ro\/fr"},{"@type":"ListItem","position":2,"name":"Actualit\u00e9s","item":"https:\/\/www.rri.ro\/fr\/actualites"},{"@type":"ListItem","position":3,"name":"Les dossiers de l'actualit\u00e9","item":"https:\/\/www.rri.ro\/fr\/actualites\/les-dossiers-de-lactualite"},{"@type":"ListItem","position":4,"name":"Alertes contre la grippe"}]},{"@type":"WebSite","@id":"https:\/\/www.rri.ro\/#website","url":"https:\/\/www.rri.ro\/","name":"Radio Roumanie Internationale","description":"Totul despre Rom\u00e2nia \u015fi rom\u00e2ni, \u00een 13 limbi\/dialecte!","inLanguage":"fr-FR"},{"@type":"Person","@id":"https:\/\/www.rri.ro\/#\/schema\/person\/0745b519f2d1287783422f162c4112af","name":"Roxana Vasile","url":"https:\/\/www.rri.ro\/fr\/author\/roxana-vasile"}]}},"_links":{"self":[{"href":"https:\/\/www.rri.ro\/fr\/wp-json\/wp\/v2\/posts\/401017","targetHints":{"allow":["GET"]}}],"collection":[{"href":"https:\/\/www.rri.ro\/fr\/wp-json\/wp\/v2\/posts"}],"about":[{"href":"https:\/\/www.rri.ro\/fr\/wp-json\/wp\/v2\/types\/post"}],"author":[{"embeddable":true,"href":"https:\/\/www.rri.ro\/fr\/wp-json\/wp\/v2\/users\/109"}],"replies":[{"embeddable":true,"href":"https:\/\/www.rri.ro\/fr\/wp-json\/wp\/v2\/comments?post=401017"}],"version-history":[{"count":0,"href":"https:\/\/www.rri.ro\/fr\/wp-json\/wp\/v2\/posts\/401017\/revisions"}],"wp:featuredmedia":[{"embeddable":true,"href":"https:\/\/www.rri.ro\/fr\/wp-json\/wp\/v2\/media\/93285"}],"wp:attachment":[{"href":"https:\/\/www.rri.ro\/fr\/wp-json\/wp\/v2\/media?parent=401017"}],"wp:term":[{"taxonomy":"category","embeddable":true,"href":"https:\/\/www.rri.ro\/fr\/wp-json\/wp\/v2\/categories?post=401017"},{"taxonomy":"post_tag","embeddable":true,"href":"https:\/\/www.rri.ro\/fr\/wp-json\/wp\/v2\/tags?post=401017"},{"taxonomy":"author","embeddable":true,"href":"https:\/\/www.rri.ro\/fr\/wp-json\/wp\/v2\/coauthors?post=401017"}],"curies":[{"name":"wp","href":"https:\/\/api.w.org\/{rel}","templated":true}]}}