{"id":401102,"date":"2022-12-16T12:37:00","date_gmt":"2022-12-16T10:37:00","guid":{"rendered":"http:\/\/devrri.freshlemon.ro\/le-roumain-mot-a-mot\/consulter-les-lecons\/schengen-messages-de-soutien-a-la-roumanie-id401102.html"},"modified":"2022-12-16T12:37:00","modified_gmt":"2022-12-16T10:37:00","slug":"schengen-messages-de-soutien-a-la-roumanie","status":"publish","type":"post","link":"https:\/\/www.rri.ro\/fr\/actualites\/les-dossiers-de-lactualite\/schengen-messages-de-soutien-a-la-roumanie-id401102.html","title":{"rendered":"Schengen \u2013 messages de soutien \u00e0 la Roumanie"},"content":{"rendered":"<\/p>\n<p>Une semaine apr\u00e8s que&#13;<br \/>\nla Roumanie et la Bulgarie se sont vu refuser l&rsquo;admission au sein de l&rsquo;espace&#13;<br \/>\nSchengen dans le cadre du Conseil Justice et Affaire Int\u00e9rieures (JAI), le&#13;<br \/>\nsujet de l&rsquo;admission de la Roumanie a figur\u00e9 de nouveau \u00e0 l&rsquo;agenda de&#13;<br \/>\nBruxelles, cette fois-ci au Conseil europ\u00e9en, sur initiative du pr\u00e9sident&#13;<br \/>\nroumain Klaus Iohannis. <\/p>\n<p><\/p>\n<p>&#13;<br \/>\n&#13;<\/p>\n<p>A cette occasion, le&#13;<br \/>\nchef de l&rsquo;Etat roumain a parl\u00e9 de la n\u00e9cessit\u00e9 d&rsquo;avoir un avis positif quant \u00e0&#13;<br \/>\nl&rsquo;admission de la Roumanie, qui est pr\u00eate de tous les points de vue pour&#13;<br \/>\ndevenir membre de l&rsquo;espace de libre circulation europ\u00e9enne. Dans le m\u00eame&#13;<br \/>\ncontexte, il a aussi parl\u00e9 du besoin d&rsquo;avoir de l&rsquo;unit\u00e9 et de la solidarit\u00e9 au&#13;<br \/>\nsein de l&rsquo;Union.<\/p>\n<p><\/p>\n<p><em class=cms-italic> \u00ab La&#13;<br \/>\nRoumanie est un pays de premi\u00e8re ligne pour ce qui est de la guerre en Ukraine.&#13;<br \/>\nNous partageons la fronti\u00e8re la plus longue avec l&rsquo;Ukraine. Nous faisons des&#13;<br \/>\nefforts et nous r\u00e9ussissons d&rsquo;y faire face, puisque nous souhaitons le faire et&#13;<br \/>\nnous pensons que c&rsquo;est l&rsquo;attitude correcte. Nous sommes un pays de premi\u00e8re&#13;<br \/>\nligne pour les migrants et nous contr\u00f4lons le flux migratoire. Nous avons de&#13;<br \/>\nbons r\u00e9sultats, qui sont reconnus \u00e0 l&rsquo;ext\u00e9rieur de mani\u00e8re objective \u00bb<\/em>, a&#13;<br \/>\nd\u00e9clar\u00e9 Klaus Iohannis.  Autant de raisons pour lesquelles Bucarest m\u00e9rite&#13;<br \/>\nun vote positif, estime-t-il encore. C&rsquo;est pourquoi, ajoute le chef de&#13;<br \/>\nl&rsquo;Etat : <em class=cms-italic>\u00ab Nous, les&#13;<br \/>\nRoumains, nous attendons des signes clairs de solidarit\u00e9 et d&rsquo;unit\u00e9 de la part&#13;<br \/>\nde l&rsquo;UE. Cela veut dire, entre autres, que nous avons des attentes l\u00e9gitimes&#13;<br \/>\nd&rsquo;\u00eatre admis au sein de l&rsquo;espace Schengen \u00bb. <\/em>Selon le chef de l&rsquo;Etat roumain,&#13;<br \/>\nle vote n\u00e9gatif de l&rsquo;Autriche et le vote mixte de Pays-Bas (qui accepteraient&#13;<br \/>\nla Roumanie, mais pas la Bulgarie) mettent en lumi\u00e8re des probl\u00e8mes qui restent&#13;<br \/>\n\u00e0 r\u00e9soudre, mais que la conclusion de toute les discussions qu&rsquo;il a eues \u00e0&#13;<br \/>\nBruxelles \u00e9tait que \u00ab cette fois-ci les pr\u00e9paratifs seront plus profonds,&#13;<br \/>\npuisqu&rsquo;il existe la volont\u00e9 de trouver une solution \u00bb. <\/p>\n<p><\/p>\n<p>Klaus Iohannis : \u00ab Ma&#13;<br \/>\nconclusion est simple : tous les acteurs ont compris qu&rsquo;il y a un probl\u00e8me&#13;<br \/>\n\u00e0 r\u00e9soudre. Mon impression est que tous l&rsquo;ont compris et je suis assez&#13;<br \/>\noptimiste quant au fait qu&rsquo;au cours de l&rsquo;ann\u00e9e 2023 ce processus s&rsquo;ach\u00e8ve par&#13;<br \/>\nun r\u00e9sultat positif pour la Roumanie et la Bulgarie \u00bb.  <\/p>\n<p><\/p>\n<p>&#13;<br \/>\n&#13;<\/p>\n<p>A leur tour, de hauts&#13;<br \/>\nresponsables europ\u00e9ens ont transmis des messages de soutien pour l&rsquo;admission&#13;<br \/>\ndes deux pays \u00e0 l&rsquo;espace Schengen, un moment que Bucarest et Sofia attendent&#13;<br \/>\ndepuis plus d&rsquo;une d\u00e9cennie. Parmi eux, la cheffe de la Commission Europ\u00e9enne,&#13;<br \/>\nUrsula von der Leyen, et le pr\u00e9sident du Conseil, Charles Michel, ont d\u00e9clar\u00e9&#13;<br \/>\nqu&rsquo;il y aurait de nouveaux \u00e9changes \u00e0 ce sujet et qu&rsquo;ils s&rsquo;attendaient \u00e0 ce que&#13;<br \/>\ndes progr\u00e8s soient enregistr\u00e9s dans mois \u00e0 venir. L&rsquo;adh\u00e9sion de la Roumanie et&#13;<br \/>\nde la Bulgarie \u00e0 l&rsquo;espace de libre circulation b\u00e9n\u00e9ficie du plein soutien, a&#13;<br \/>\nm\u00eame pr\u00e9cis\u00e9 Ursula von der Leyen, alors que Charles Michel a confirm\u00e9 que les&#13;<br \/>\nleaders de l&rsquo;Union participeraient en f\u00e9vrier prochain \u00e0 un sommet sp\u00e9cial sur&#13;<br \/>\nla migration. Et pour cause : c&rsquo;est justement par le probl\u00e8me de la migration&#13;<br \/>\nque Vienne a motiv\u00e9 son vote n\u00e9gatif la semaine derni\u00e8re, au Conseil JAI. <\/p>\n<p><\/p>\n<p>Charles Michel :<\/p>\n<p>&#13;<br \/>\n&#13;<\/p>\n<p>\u00ab On a eu&#13;<br \/>\n\u00e9galement un d\u00e9bat politique sur l&rsquo;adh\u00e9sion de la Bulgarie et de la Roumanie.&#13;<br \/>\nJe suis optimiste quant au fait qu&rsquo;une d\u00e9cision visant la Roumanie et la&#13;<br \/>\nBulgarie puisse \u00eatre prise au cours de l&rsquo;ann\u00e9e 2023. J&rsquo;ai remarqu\u00e9 un&#13;<br \/>\nengagement politique pour travailler et pour faire des progr\u00e8s et j&rsquo;esp\u00e8re&#13;<br \/>\npouvoir r\u00e9aliser cela au cours de l&rsquo;ann\u00e9e prochaine. \u00bb   <\/p>\n<p><\/p>\n<p>&#13;<br \/>\n&#13;<\/p>\n<p>Enfin, la pr\u00e9sidente&#13;<br \/>\ndu Parlement Europ\u00e9en, Roberta Metsola n&rsquo;a pas h\u00e9sit\u00e9 d&rsquo;exprimer sa d\u00e9ception&#13;<br \/>\nquant au vote n\u00e9gatif de la semaine derni\u00e8re. En r\u00e9ponse \u00e0 son discours, le&#13;<br \/>\npr\u00e9sident roumain Klaus Iohnanis lui a remerci\u00e9 pour le soutien vocal du PE et&#13;<br \/>\nde la vaste majorit\u00e9 des Etats-membres. (trad. Valentina Beleavschi)<\/p>\n<p><\/p>\n","protected":false},"excerpt":{"rendered":"<p>Une semaine apr\u00e8s que&#13; la Roumanie et la Bulgarie se sont vu refuser l&rsquo;admission au sein de l&rsquo;espace&#13; Schengen dans le cadre du Conseil Justice et Affaire Int\u00e9rieures (JAI), le&#13; sujet de l&rsquo;admission de la Roumanie a figur\u00e9 de nouveau \u00e0 l&rsquo;agenda de&#13; Bruxelles, cette fois-ci au Conseil europ\u00e9en, sur initiative du pr\u00e9sident&#13; roumain Klaus [&hellip;]<\/p>\n","protected":false},"author":108,"featured_media":94047,"comment_status":"closed","ping_status":"closed","sticky":false,"template":"","format":"standard","meta":{"_acf_changed":false,"footnotes":""},"categories":[93377],"tags":[143871,93435,85412],"coauthors":[],"class_list":["post-401102","post","type-post","status-publish","format-standard","has-post-thumbnail","hentry","category-les-dossiers-de-lactualite","tag-klaus-iohannis-fr","tag-lespace-schengen","tag-roumanie"],"acf":[],"yoast_head":"<!-- This site is optimized with the Yoast SEO plugin v27.3 - https:\/\/yoast.com\/product\/yoast-seo-wordpress\/ -->\n<title>Schengen \u2013 messages de soutien \u00e0 la Roumanie - Radio Roumanie Internationale<\/title>\n<meta name=\"robots\" content=\"index, follow, max-snippet:-1, max-image-preview:large, max-video-preview:-1\" \/>\n<link rel=\"canonical\" href=\"https:\/\/www.rri.ro\/fr\/actualites\/les-dossiers-de-lactualite\/schengen-messages-de-soutien-a-la-roumanie-id401102.html\" \/>\n<meta property=\"og:locale\" content=\"fr_FR\" \/>\n<meta property=\"og:type\" content=\"article\" \/>\n<meta property=\"og:title\" content=\"Schengen \u2013 messages de soutien \u00e0 la Roumanie - Radio Roumanie Internationale\" \/>\n<meta property=\"og:description\" content=\"Une semaine apr\u00e8s que&#013; la Roumanie et la Bulgarie se sont vu refuser l&rsquo;admission au sein de l&rsquo;espace&#013; Schengen dans le cadre du Conseil Justice et Affaire Int\u00e9rieures (JAI), le&#013; sujet de l&rsquo;admission de la Roumanie a figur\u00e9 de nouveau \u00e0 l&rsquo;agenda de&#013; Bruxelles, cette fois-ci au Conseil europ\u00e9en, sur initiative du pr\u00e9sident&#013; roumain Klaus [&hellip;]\" \/>\n<meta property=\"og:url\" content=\"https:\/\/www.rri.ro\/fr\/actualites\/les-dossiers-de-lactualite\/schengen-messages-de-soutien-a-la-roumanie-id401102.html\" \/>\n<meta property=\"og:site_name\" content=\"Radio Roumanie Internationale\" \/>\n<meta property=\"article:published_time\" content=\"2022-12-16T10:37:00+00:00\" \/>\n<meta property=\"og:image\" content=\"https:\/\/www.rri.ro\/wp-content\/uploads\/2023\/10\/declaratii-klaus-iohannis-consiliul-european-15-dec-foto-presidency-ro.png\" \/>\n\t<meta property=\"og:image:width\" content=\"640\" \/>\n\t<meta property=\"og:image:height\" content=\"427\" \/>\n\t<meta property=\"og:image:type\" content=\"image\/png\" \/>\n<meta name=\"author\" content=\"Corina Cristea\" \/>\n<meta name=\"twitter:card\" content=\"summary_large_image\" \/>\n<meta name=\"twitter:label1\" content=\"\u00c9crit par\" \/>\n\t<meta name=\"twitter:data1\" content=\"Corina Cristea\" \/>\n\t<meta name=\"twitter:label2\" content=\"Dur\u00e9e de lecture estim\u00e9e\" \/>\n\t<meta name=\"twitter:data2\" content=\"3 minutes\" \/>\n\t<meta name=\"twitter:label3\" content=\"Written by\" \/>\n\t<meta name=\"twitter:data3\" content=\"Corina Cristea\" \/>\n<script type=\"application\/ld+json\" class=\"yoast-schema-graph\">{\"@context\":\"https:\\\/\\\/schema.org\",\"@graph\":[{\"@type\":\"Article\",\"@id\":\"https:\\\/\\\/www.rri.ro\\\/fr\\\/actualites\\\/les-dossiers-de-lactualite\\\/schengen-messages-de-soutien-a-la-roumanie-id401102.html#article\",\"isPartOf\":{\"@id\":\"https:\\\/\\\/www.rri.ro\\\/fr\\\/actualites\\\/les-dossiers-de-lactualite\\\/schengen-messages-de-soutien-a-la-roumanie-id401102.html\"},\"author\":{\"name\":\"Corina Cristea\",\"@id\":\"https:\\\/\\\/www.rri.ro\\\/#\\\/schema\\\/person\\\/f9ab1cb3569dee1b2c033a814bb7f0fc\"},\"headline\":\"Schengen \u2013 messages de soutien \u00e0 la Roumanie\",\"datePublished\":\"2022-12-16T10:37:00+00:00\",\"mainEntityOfPage\":{\"@id\":\"https:\\\/\\\/www.rri.ro\\\/fr\\\/actualites\\\/les-dossiers-de-lactualite\\\/schengen-messages-de-soutien-a-la-roumanie-id401102.html\"},\"wordCount\":729,\"image\":{\"@id\":\"https:\\\/\\\/www.rri.ro\\\/fr\\\/actualites\\\/les-dossiers-de-lactualite\\\/schengen-messages-de-soutien-a-la-roumanie-id401102.html#primaryimage\"},\"thumbnailUrl\":\"https:\\\/\\\/www.rri.ro\\\/wp-content\\\/uploads\\\/2023\\\/10\\\/declaratii-klaus-iohannis-consiliul-european-15-dec-foto-presidency-ro.png\",\"keywords\":[\"Klaus Iohannis\",\"l'espace Schengen\",\"Roumanie\"],\"articleSection\":[\"Les dossiers de l'actualit\u00e9\"],\"inLanguage\":\"fr-FR\"},{\"@type\":\"WebPage\",\"@id\":\"https:\\\/\\\/www.rri.ro\\\/fr\\\/actualites\\\/les-dossiers-de-lactualite\\\/schengen-messages-de-soutien-a-la-roumanie-id401102.html\",\"url\":\"https:\\\/\\\/www.rri.ro\\\/fr\\\/actualites\\\/les-dossiers-de-lactualite\\\/schengen-messages-de-soutien-a-la-roumanie-id401102.html\",\"name\":\"Schengen \u2013 messages de soutien \u00e0 la Roumanie - Radio Roumanie Internationale\",\"isPartOf\":{\"@id\":\"https:\\\/\\\/www.rri.ro\\\/#website\"},\"primaryImageOfPage\":{\"@id\":\"https:\\\/\\\/www.rri.ro\\\/fr\\\/actualites\\\/les-dossiers-de-lactualite\\\/schengen-messages-de-soutien-a-la-roumanie-id401102.html#primaryimage\"},\"image\":{\"@id\":\"https:\\\/\\\/www.rri.ro\\\/fr\\\/actualites\\\/les-dossiers-de-lactualite\\\/schengen-messages-de-soutien-a-la-roumanie-id401102.html#primaryimage\"},\"thumbnailUrl\":\"https:\\\/\\\/www.rri.ro\\\/wp-content\\\/uploads\\\/2023\\\/10\\\/declaratii-klaus-iohannis-consiliul-european-15-dec-foto-presidency-ro.png\",\"datePublished\":\"2022-12-16T10:37:00+00:00\",\"author\":{\"@id\":\"https:\\\/\\\/www.rri.ro\\\/#\\\/schema\\\/person\\\/f9ab1cb3569dee1b2c033a814bb7f0fc\"},\"breadcrumb\":{\"@id\":\"https:\\\/\\\/www.rri.ro\\\/fr\\\/actualites\\\/les-dossiers-de-lactualite\\\/schengen-messages-de-soutien-a-la-roumanie-id401102.html#breadcrumb\"},\"inLanguage\":\"fr-FR\",\"potentialAction\":[{\"@type\":\"ReadAction\",\"target\":[\"https:\\\/\\\/www.rri.ro\\\/fr\\\/actualites\\\/les-dossiers-de-lactualite\\\/schengen-messages-de-soutien-a-la-roumanie-id401102.html\"]}]},{\"@type\":\"ImageObject\",\"inLanguage\":\"fr-FR\",\"@id\":\"https:\\\/\\\/www.rri.ro\\\/fr\\\/actualites\\\/les-dossiers-de-lactualite\\\/schengen-messages-de-soutien-a-la-roumanie-id401102.html#primaryimage\",\"url\":\"https:\\\/\\\/www.rri.ro\\\/wp-content\\\/uploads\\\/2023\\\/10\\\/declaratii-klaus-iohannis-consiliul-european-15-dec-foto-presidency-ro.png\",\"contentUrl\":\"https:\\\/\\\/www.rri.ro\\\/wp-content\\\/uploads\\\/2023\\\/10\\\/declaratii-klaus-iohannis-consiliul-european-15-dec-foto-presidency-ro.png\",\"width\":640,\"height\":427},{\"@type\":\"BreadcrumbList\",\"@id\":\"https:\\\/\\\/www.rri.ro\\\/fr\\\/actualites\\\/les-dossiers-de-lactualite\\\/schengen-messages-de-soutien-a-la-roumanie-id401102.html#breadcrumb\",\"itemListElement\":[{\"@type\":\"ListItem\",\"position\":1,\"name\":\"Page d'accueil\",\"item\":\"https:\\\/\\\/www.rri.ro\\\/fr\"},{\"@type\":\"ListItem\",\"position\":2,\"name\":\"Actualit\u00e9s\",\"item\":\"https:\\\/\\\/www.rri.ro\\\/fr\\\/actualites\"},{\"@type\":\"ListItem\",\"position\":3,\"name\":\"Les dossiers de l'actualit\u00e9\",\"item\":\"https:\\\/\\\/www.rri.ro\\\/fr\\\/actualites\\\/les-dossiers-de-lactualite\"},{\"@type\":\"ListItem\",\"position\":4,\"name\":\"Schengen \u2013 messages de soutien \u00e0 la Roumanie\"}]},{\"@type\":\"WebSite\",\"@id\":\"https:\\\/\\\/www.rri.ro\\\/#website\",\"url\":\"https:\\\/\\\/www.rri.ro\\\/\",\"name\":\"Radio Roumanie Internationale\",\"description\":\"Totul despre Rom\u00e2nia \u015fi rom\u00e2ni, \u00een 13 limbi\\\/dialecte!\",\"inLanguage\":\"fr-FR\"},{\"@type\":\"Person\",\"@id\":\"https:\\\/\\\/www.rri.ro\\\/#\\\/schema\\\/person\\\/f9ab1cb3569dee1b2c033a814bb7f0fc\",\"name\":\"Corina Cristea\",\"url\":\"https:\\\/\\\/www.rri.ro\\\/fr\\\/author\\\/corina-cristea\"}]}<\/script>\n<!-- \/ Yoast SEO plugin. -->","yoast_head_json":{"title":"Schengen \u2013 messages de soutien \u00e0 la Roumanie - Radio Roumanie Internationale","robots":{"index":"index","follow":"follow","max-snippet":"max-snippet:-1","max-image-preview":"max-image-preview:large","max-video-preview":"max-video-preview:-1"},"canonical":"https:\/\/www.rri.ro\/fr\/actualites\/les-dossiers-de-lactualite\/schengen-messages-de-soutien-a-la-roumanie-id401102.html","og_locale":"fr_FR","og_type":"article","og_title":"Schengen \u2013 messages de soutien \u00e0 la Roumanie - Radio Roumanie Internationale","og_description":"Une semaine apr\u00e8s que&#13; la Roumanie et la Bulgarie se sont vu refuser l&rsquo;admission au sein de l&rsquo;espace&#13; Schengen dans le cadre du Conseil Justice et Affaire Int\u00e9rieures (JAI), le&#13; sujet de l&rsquo;admission de la Roumanie a figur\u00e9 de nouveau \u00e0 l&rsquo;agenda de&#13; Bruxelles, cette fois-ci au Conseil europ\u00e9en, sur initiative du pr\u00e9sident&#13; roumain Klaus [&hellip;]","og_url":"https:\/\/www.rri.ro\/fr\/actualites\/les-dossiers-de-lactualite\/schengen-messages-de-soutien-a-la-roumanie-id401102.html","og_site_name":"Radio Roumanie Internationale","article_published_time":"2022-12-16T10:37:00+00:00","og_image":[{"width":640,"height":427,"url":"https:\/\/www.rri.ro\/wp-content\/uploads\/2023\/10\/declaratii-klaus-iohannis-consiliul-european-15-dec-foto-presidency-ro.png","type":"image\/png"}],"author":"Corina Cristea","twitter_card":"summary_large_image","twitter_misc":{"\u00c9crit par":"Corina Cristea","Dur\u00e9e de lecture estim\u00e9e":"3 minutes","Written by":"Corina Cristea"},"schema":{"@context":"https:\/\/schema.org","@graph":[{"@type":"Article","@id":"https:\/\/www.rri.ro\/fr\/actualites\/les-dossiers-de-lactualite\/schengen-messages-de-soutien-a-la-roumanie-id401102.html#article","isPartOf":{"@id":"https:\/\/www.rri.ro\/fr\/actualites\/les-dossiers-de-lactualite\/schengen-messages-de-soutien-a-la-roumanie-id401102.html"},"author":{"name":"Corina Cristea","@id":"https:\/\/www.rri.ro\/#\/schema\/person\/f9ab1cb3569dee1b2c033a814bb7f0fc"},"headline":"Schengen \u2013 messages de soutien \u00e0 la Roumanie","datePublished":"2022-12-16T10:37:00+00:00","mainEntityOfPage":{"@id":"https:\/\/www.rri.ro\/fr\/actualites\/les-dossiers-de-lactualite\/schengen-messages-de-soutien-a-la-roumanie-id401102.html"},"wordCount":729,"image":{"@id":"https:\/\/www.rri.ro\/fr\/actualites\/les-dossiers-de-lactualite\/schengen-messages-de-soutien-a-la-roumanie-id401102.html#primaryimage"},"thumbnailUrl":"https:\/\/www.rri.ro\/wp-content\/uploads\/2023\/10\/declaratii-klaus-iohannis-consiliul-european-15-dec-foto-presidency-ro.png","keywords":["Klaus Iohannis","l'espace Schengen","Roumanie"],"articleSection":["Les dossiers de l'actualit\u00e9"],"inLanguage":"fr-FR"},{"@type":"WebPage","@id":"https:\/\/www.rri.ro\/fr\/actualites\/les-dossiers-de-lactualite\/schengen-messages-de-soutien-a-la-roumanie-id401102.html","url":"https:\/\/www.rri.ro\/fr\/actualites\/les-dossiers-de-lactualite\/schengen-messages-de-soutien-a-la-roumanie-id401102.html","name":"Schengen \u2013 messages de soutien \u00e0 la Roumanie - Radio Roumanie Internationale","isPartOf":{"@id":"https:\/\/www.rri.ro\/#website"},"primaryImageOfPage":{"@id":"https:\/\/www.rri.ro\/fr\/actualites\/les-dossiers-de-lactualite\/schengen-messages-de-soutien-a-la-roumanie-id401102.html#primaryimage"},"image":{"@id":"https:\/\/www.rri.ro\/fr\/actualites\/les-dossiers-de-lactualite\/schengen-messages-de-soutien-a-la-roumanie-id401102.html#primaryimage"},"thumbnailUrl":"https:\/\/www.rri.ro\/wp-content\/uploads\/2023\/10\/declaratii-klaus-iohannis-consiliul-european-15-dec-foto-presidency-ro.png","datePublished":"2022-12-16T10:37:00+00:00","author":{"@id":"https:\/\/www.rri.ro\/#\/schema\/person\/f9ab1cb3569dee1b2c033a814bb7f0fc"},"breadcrumb":{"@id":"https:\/\/www.rri.ro\/fr\/actualites\/les-dossiers-de-lactualite\/schengen-messages-de-soutien-a-la-roumanie-id401102.html#breadcrumb"},"inLanguage":"fr-FR","potentialAction":[{"@type":"ReadAction","target":["https:\/\/www.rri.ro\/fr\/actualites\/les-dossiers-de-lactualite\/schengen-messages-de-soutien-a-la-roumanie-id401102.html"]}]},{"@type":"ImageObject","inLanguage":"fr-FR","@id":"https:\/\/www.rri.ro\/fr\/actualites\/les-dossiers-de-lactualite\/schengen-messages-de-soutien-a-la-roumanie-id401102.html#primaryimage","url":"https:\/\/www.rri.ro\/wp-content\/uploads\/2023\/10\/declaratii-klaus-iohannis-consiliul-european-15-dec-foto-presidency-ro.png","contentUrl":"https:\/\/www.rri.ro\/wp-content\/uploads\/2023\/10\/declaratii-klaus-iohannis-consiliul-european-15-dec-foto-presidency-ro.png","width":640,"height":427},{"@type":"BreadcrumbList","@id":"https:\/\/www.rri.ro\/fr\/actualites\/les-dossiers-de-lactualite\/schengen-messages-de-soutien-a-la-roumanie-id401102.html#breadcrumb","itemListElement":[{"@type":"ListItem","position":1,"name":"Page d'accueil","item":"https:\/\/www.rri.ro\/fr"},{"@type":"ListItem","position":2,"name":"Actualit\u00e9s","item":"https:\/\/www.rri.ro\/fr\/actualites"},{"@type":"ListItem","position":3,"name":"Les dossiers de l'actualit\u00e9","item":"https:\/\/www.rri.ro\/fr\/actualites\/les-dossiers-de-lactualite"},{"@type":"ListItem","position":4,"name":"Schengen \u2013 messages de soutien \u00e0 la Roumanie"}]},{"@type":"WebSite","@id":"https:\/\/www.rri.ro\/#website","url":"https:\/\/www.rri.ro\/","name":"Radio Roumanie Internationale","description":"Totul despre Rom\u00e2nia \u015fi rom\u00e2ni, \u00een 13 limbi\/dialecte!","inLanguage":"fr-FR"},{"@type":"Person","@id":"https:\/\/www.rri.ro\/#\/schema\/person\/f9ab1cb3569dee1b2c033a814bb7f0fc","name":"Corina Cristea","url":"https:\/\/www.rri.ro\/fr\/author\/corina-cristea"}]}},"_links":{"self":[{"href":"https:\/\/www.rri.ro\/fr\/wp-json\/wp\/v2\/posts\/401102","targetHints":{"allow":["GET"]}}],"collection":[{"href":"https:\/\/www.rri.ro\/fr\/wp-json\/wp\/v2\/posts"}],"about":[{"href":"https:\/\/www.rri.ro\/fr\/wp-json\/wp\/v2\/types\/post"}],"author":[{"embeddable":true,"href":"https:\/\/www.rri.ro\/fr\/wp-json\/wp\/v2\/users\/108"}],"replies":[{"embeddable":true,"href":"https:\/\/www.rri.ro\/fr\/wp-json\/wp\/v2\/comments?post=401102"}],"version-history":[{"count":0,"href":"https:\/\/www.rri.ro\/fr\/wp-json\/wp\/v2\/posts\/401102\/revisions"}],"wp:featuredmedia":[{"embeddable":true,"href":"https:\/\/www.rri.ro\/fr\/wp-json\/wp\/v2\/media\/94047"}],"wp:attachment":[{"href":"https:\/\/www.rri.ro\/fr\/wp-json\/wp\/v2\/media?parent=401102"}],"wp:term":[{"taxonomy":"category","embeddable":true,"href":"https:\/\/www.rri.ro\/fr\/wp-json\/wp\/v2\/categories?post=401102"},{"taxonomy":"post_tag","embeddable":true,"href":"https:\/\/www.rri.ro\/fr\/wp-json\/wp\/v2\/tags?post=401102"},{"taxonomy":"author","embeddable":true,"href":"https:\/\/www.rri.ro\/fr\/wp-json\/wp\/v2\/coauthors?post=401102"}],"curies":[{"name":"wp","href":"https:\/\/api.w.org\/{rel}","templated":true}]}}