{"id":401233,"date":"2023-04-18T14:41:00","date_gmt":"2023-04-18T11:41:00","guid":{"rendered":"http:\/\/devrri.freshlemon.ro\/le-roumain-mot-a-mot\/consulter-les-lecons\/des-medailles-pour-les-sportifs-roumains-id401233.html"},"modified":"2023-04-18T14:41:00","modified_gmt":"2023-04-18T11:41:00","slug":"des-medailles-pour-les-sportifs-roumains","status":"publish","type":"post","link":"https:\/\/www.rri.ro\/fr\/actualites\/les-dossiers-de-lactualite\/des-medailles-pour-les-sportifs-roumains-id401233.html","title":{"rendered":"Des m\u00e9dailles pour les sportifs roumains"},"content":{"rendered":"<p>En ce mois d&rsquo;avril, les passionn\u00e9s du sport sont servis, puisque le calendrier est bien rempli de comp\u00e9titions  de toute sorte. Ce qui plus est, ces derniers jours, les \u00e9quipes de Roumanie ont remport\u00e9 plusieurs m\u00e9dailles dans des comp\u00e9titions importantes.   La plupart d&rsquo;elles ont \u00e9t\u00e9 d\u00e9croch\u00e9es dans la capitale de l&rsquo;Arm\u00e9nie, Erevan, lors des championnats continentaux d&rsquo;halt\u00e9rophilie, o\u00f9 la Roumanie compte d\u00e9j\u00e0 11 m\u00e9dailles dont six d&rsquo;or. Et la comp\u00e9tition ne s&rsquo;est pas termin\u00e9e, car les derni\u00e8res \u00e9preuves sont pr\u00e9vues pour dimanche 23 avril. La liste des victoires a commenc\u00e9 samedi dernier, lorsque Mihaela Cambei, dans la cat\u00e9gorie des 49 kilogrammes, a remport\u00e9 la premi\u00e8re place, en soulevant 92 kilogrammes \u00e0 l&rsquo;arrach\u00e9, 106 kilogrammes \u00e0 l&rsquo;\u00e9paul\u00e9 jet\u00e9, pour  un total de 198 kilogrammes. Elle a \u00e9galement \u00e9tabli deux nouveaux records europ\u00e9ens, \u00e0 l&rsquo;\u00e9preuve d&rsquo;arrach\u00e9 et au total. Samedi \u00e9galement, dans la cat\u00e9gorie des 45 kilogrammes, Cosmina Pan\u0103 a remport\u00e9 deux m\u00e9dailles d&rsquo;argent, respectivement \u00e0 l&rsquo;arrach\u00e9 et au total. <\/p>\n<p>Dimanche c&rsquo;\u00e9tait Andreea Cotru\u0163a,  dans la cat\u00e9gorie des 55 kilogrammes, \u00e0 remporter l&rsquo;or \u00e0 l&rsquo;d&rsquo;arrach\u00e9 avec 91 kilogrammes. Elle a \u00e9galement remport\u00e9 l&rsquo;\u00e9paul\u00e9 jet\u00e9, avec 110 kilos, ratant une tentative \u00e0 chaque \u00e9preuve. Elle s&rsquo;est impos\u00e9e aussi au total, avec 201 kilogrammes. Dimanche \u00e9galement, le seul repr\u00e9sentant de la Roumanie \u00e0 \u00eatre mont\u00e9 sur le podium chez les messieurs a \u00e9t\u00e9 Valentin Iancu. Dans la cat\u00e9gorie des 55 kilogrammes, il a remport\u00e9 la m\u00e9daille de bronze \u00e0 l&rsquo;arrach\u00e9 et l&rsquo;argent \u00e0 l&rsquo;\u00e9paul\u00e9 jet\u00e9, ainsi qu&rsquo;au total. Notons aussi que mercredi, la multiple championne du monde et d&rsquo;Europe Loredana Toma devrait \u00e9voluer dans la cat\u00e9gorie des 71 kilogrammes, \u00e9preuve dont on attend de nouvelles performances. <\/p>\n<p>L&rsquo;objectif des sportifs roumains au concours d&rsquo;Erevan \u00e9tait de remporter quatre m\u00e9dailles. Pr\u00e9cisons \u00e9galement que la comp\u00e9tition d\u00e9roul\u00e9e en Arm\u00e9nie fait partie de la liste des cinq comp\u00e9titions dont les athl\u00e8tes doivent participer au moins trois fois pour s&rsquo;inscrire aux Jeux olympiques de Paris, de 2024. Le grand \u00e9v\u00e9nement programm\u00e9 l&rsquo;ann\u00e9e prochaine dans la capitale de la France est un objectif pour les gymnastes aussi, qui ont particip\u00e9, jusqu&rsquo;\u00e0 dimanche, aux Championnats d&rsquo;Europe \u00e0 Antalya, en Turquie. <\/p>\n<p>Les \u00e9quipes roumaines ont d\u00e9j\u00e0 fait le premier pas vers Paris. La Roumanie est en 11e place dans la finale par \u00e9quipes messieurs et en 5e place dans la comp\u00e9tition f\u00e9minine, se qualifiant ainsi pour les Championnats du monde d&rsquo;automne \u00e0 Anvers, o\u00f9 la liste finale des \u00e9quipes qui iront aux Jeux Olympiques sera d\u00e9cid\u00e9e. A noter aussi qu&rsquo;aucune \u00e9quipe de gymnastique de Roumanie ne s&rsquo;est plus qualifi\u00e9e aux JO depuis les Jeux Olympiques de Londres en 2012. Au concours individuel, maintenant, \u00e0 Antalya, la star de la d\u00e9l\u00e9gation roumaine \u00e9tait Sabrina Voinea. Elle a remport\u00e9 le bronze au sol et la quatri\u00e8me place aux sauts. Gabriel Burt\u0103nete, aux sauts, et Andrei Muntean, aux barres parall\u00e8les, se sont \u00e9galement class\u00e9s quatri\u00e8mes dans la comp\u00e9tition masculine. (trad. Andra Juganaru)<\/p>\n","protected":false},"excerpt":{"rendered":"<p>En ce mois d&rsquo;avril, les passionn\u00e9s du sport sont servis, puisque le calendrier est bien rempli de comp\u00e9titions de toute sorte. Ce qui plus est, ces derniers jours, les \u00e9quipes de Roumanie ont remport\u00e9 plusieurs m\u00e9dailles dans des comp\u00e9titions importantes. La plupart d&rsquo;elles ont \u00e9t\u00e9 d\u00e9croch\u00e9es dans la capitale de l&rsquo;Arm\u00e9nie, Erevan, lors des championnats [&hellip;]<\/p>\n","protected":false},"author":93,"featured_media":95402,"comment_status":"closed","ping_status":"closed","sticky":false,"template":"","format":"standard","meta":{"_acf_changed":false,"footnotes":""},"categories":[93377],"tags":[89595,89857,89074,149549],"coauthors":[],"class_list":["post-401233","post","type-post","status-publish","format-standard","has-post-thumbnail","hentry","category-les-dossiers-de-lactualite","tag-gymnastique","tag-halterophilie","tag-medailles","tag-sports-fr"],"acf":[],"yoast_head":"<!-- This site is optimized with the Yoast SEO plugin v27.3 - https:\/\/yoast.com\/product\/yoast-seo-wordpress\/ -->\n<title>Des m\u00e9dailles pour les sportifs roumains - Radio Roumanie Internationale<\/title>\n<meta name=\"robots\" content=\"index, follow, max-snippet:-1, max-image-preview:large, max-video-preview:-1\" \/>\n<link rel=\"canonical\" href=\"https:\/\/www.rri.ro\/fr\/actualites\/les-dossiers-de-lactualite\/des-medailles-pour-les-sportifs-roumains-id401233.html\" \/>\n<meta property=\"og:locale\" content=\"fr_FR\" \/>\n<meta property=\"og:type\" content=\"article\" \/>\n<meta property=\"og:title\" content=\"Des m\u00e9dailles pour les sportifs roumains - Radio Roumanie Internationale\" \/>\n<meta property=\"og:description\" content=\"En ce mois d&rsquo;avril, les passionn\u00e9s du sport sont servis, puisque le calendrier est bien rempli de comp\u00e9titions de toute sorte. Ce qui plus est, ces derniers jours, les \u00e9quipes de Roumanie ont remport\u00e9 plusieurs m\u00e9dailles dans des comp\u00e9titions importantes. La plupart d&rsquo;elles ont \u00e9t\u00e9 d\u00e9croch\u00e9es dans la capitale de l&rsquo;Arm\u00e9nie, Erevan, lors des championnats [&hellip;]\" \/>\n<meta property=\"og:url\" content=\"https:\/\/www.rri.ro\/fr\/actualites\/les-dossiers-de-lactualite\/des-medailles-pour-les-sportifs-roumains-id401233.html\" \/>\n<meta property=\"og:site_name\" content=\"Radio Roumanie Internationale\" \/>\n<meta property=\"article:published_time\" content=\"2023-04-18T11:41:00+00:00\" \/>\n<meta property=\"og:image\" content=\"https:\/\/www.rri.ro\/wp-content\/uploads\/2023\/10\/andreea-cotruta-haltere-foto-facebook-federatiaromanadehaltere.png\" \/>\n\t<meta property=\"og:image:width\" content=\"640\" \/>\n\t<meta property=\"og:image:height\" content=\"480\" \/>\n\t<meta property=\"og:image:type\" content=\"image\/png\" \/>\n<meta name=\"author\" content=\"Florin Orban\" \/>\n<meta name=\"twitter:card\" content=\"summary_large_image\" \/>\n<meta name=\"twitter:label1\" content=\"\u00c9crit par\" \/>\n\t<meta name=\"twitter:data1\" content=\"Florin Orban\" \/>\n\t<meta name=\"twitter:label2\" content=\"Dur\u00e9e de lecture estim\u00e9e\" \/>\n\t<meta name=\"twitter:data2\" content=\"3 minutes\" \/>\n\t<meta name=\"twitter:label3\" content=\"Written by\" \/>\n\t<meta name=\"twitter:data3\" content=\"Florin Orban\" \/>\n<script type=\"application\/ld+json\" class=\"yoast-schema-graph\">{\"@context\":\"https:\\\/\\\/schema.org\",\"@graph\":[{\"@type\":\"Article\",\"@id\":\"https:\\\/\\\/www.rri.ro\\\/fr\\\/actualites\\\/les-dossiers-de-lactualite\\\/des-medailles-pour-les-sportifs-roumains-id401233.html#article\",\"isPartOf\":{\"@id\":\"https:\\\/\\\/www.rri.ro\\\/fr\\\/actualites\\\/les-dossiers-de-lactualite\\\/des-medailles-pour-les-sportifs-roumains-id401233.html\"},\"author\":{\"name\":\"Florin Orban\",\"@id\":\"https:\\\/\\\/www.rri.ro\\\/#\\\/schema\\\/person\\\/69677d14c8796101e5d809074fc06fde\"},\"headline\":\"Des m\u00e9dailles pour les sportifs roumains\",\"datePublished\":\"2023-04-18T11:41:00+00:00\",\"mainEntityOfPage\":{\"@id\":\"https:\\\/\\\/www.rri.ro\\\/fr\\\/actualites\\\/les-dossiers-de-lactualite\\\/des-medailles-pour-les-sportifs-roumains-id401233.html\"},\"wordCount\":537,\"image\":{\"@id\":\"https:\\\/\\\/www.rri.ro\\\/fr\\\/actualites\\\/les-dossiers-de-lactualite\\\/des-medailles-pour-les-sportifs-roumains-id401233.html#primaryimage\"},\"thumbnailUrl\":\"https:\\\/\\\/www.rri.ro\\\/wp-content\\\/uploads\\\/2023\\\/10\\\/andreea-cotruta-haltere-foto-facebook-federatiaromanadehaltere.png\",\"keywords\":[\"gymnastique\",\"halt\u00e9rophilie\",\"m\u00e9dailles\",\"sports\"],\"articleSection\":[\"Les dossiers de l'actualit\u00e9\"],\"inLanguage\":\"fr-FR\"},{\"@type\":\"WebPage\",\"@id\":\"https:\\\/\\\/www.rri.ro\\\/fr\\\/actualites\\\/les-dossiers-de-lactualite\\\/des-medailles-pour-les-sportifs-roumains-id401233.html\",\"url\":\"https:\\\/\\\/www.rri.ro\\\/fr\\\/actualites\\\/les-dossiers-de-lactualite\\\/des-medailles-pour-les-sportifs-roumains-id401233.html\",\"name\":\"Des m\u00e9dailles pour les sportifs roumains - Radio Roumanie Internationale\",\"isPartOf\":{\"@id\":\"https:\\\/\\\/www.rri.ro\\\/#website\"},\"primaryImageOfPage\":{\"@id\":\"https:\\\/\\\/www.rri.ro\\\/fr\\\/actualites\\\/les-dossiers-de-lactualite\\\/des-medailles-pour-les-sportifs-roumains-id401233.html#primaryimage\"},\"image\":{\"@id\":\"https:\\\/\\\/www.rri.ro\\\/fr\\\/actualites\\\/les-dossiers-de-lactualite\\\/des-medailles-pour-les-sportifs-roumains-id401233.html#primaryimage\"},\"thumbnailUrl\":\"https:\\\/\\\/www.rri.ro\\\/wp-content\\\/uploads\\\/2023\\\/10\\\/andreea-cotruta-haltere-foto-facebook-federatiaromanadehaltere.png\",\"datePublished\":\"2023-04-18T11:41:00+00:00\",\"author\":{\"@id\":\"https:\\\/\\\/www.rri.ro\\\/#\\\/schema\\\/person\\\/69677d14c8796101e5d809074fc06fde\"},\"breadcrumb\":{\"@id\":\"https:\\\/\\\/www.rri.ro\\\/fr\\\/actualites\\\/les-dossiers-de-lactualite\\\/des-medailles-pour-les-sportifs-roumains-id401233.html#breadcrumb\"},\"inLanguage\":\"fr-FR\",\"potentialAction\":[{\"@type\":\"ReadAction\",\"target\":[\"https:\\\/\\\/www.rri.ro\\\/fr\\\/actualites\\\/les-dossiers-de-lactualite\\\/des-medailles-pour-les-sportifs-roumains-id401233.html\"]}]},{\"@type\":\"ImageObject\",\"inLanguage\":\"fr-FR\",\"@id\":\"https:\\\/\\\/www.rri.ro\\\/fr\\\/actualites\\\/les-dossiers-de-lactualite\\\/des-medailles-pour-les-sportifs-roumains-id401233.html#primaryimage\",\"url\":\"https:\\\/\\\/www.rri.ro\\\/wp-content\\\/uploads\\\/2023\\\/10\\\/andreea-cotruta-haltere-foto-facebook-federatiaromanadehaltere.png\",\"contentUrl\":\"https:\\\/\\\/www.rri.ro\\\/wp-content\\\/uploads\\\/2023\\\/10\\\/andreea-cotruta-haltere-foto-facebook-federatiaromanadehaltere.png\",\"width\":640,\"height\":480},{\"@type\":\"BreadcrumbList\",\"@id\":\"https:\\\/\\\/www.rri.ro\\\/fr\\\/actualites\\\/les-dossiers-de-lactualite\\\/des-medailles-pour-les-sportifs-roumains-id401233.html#breadcrumb\",\"itemListElement\":[{\"@type\":\"ListItem\",\"position\":1,\"name\":\"Page d'accueil\",\"item\":\"https:\\\/\\\/www.rri.ro\\\/fr\"},{\"@type\":\"ListItem\",\"position\":2,\"name\":\"Actualit\u00e9s\",\"item\":\"https:\\\/\\\/www.rri.ro\\\/fr\\\/actualites\"},{\"@type\":\"ListItem\",\"position\":3,\"name\":\"Les dossiers de l'actualit\u00e9\",\"item\":\"https:\\\/\\\/www.rri.ro\\\/fr\\\/actualites\\\/les-dossiers-de-lactualite\"},{\"@type\":\"ListItem\",\"position\":4,\"name\":\"Des m\u00e9dailles pour les sportifs roumains\"}]},{\"@type\":\"WebSite\",\"@id\":\"https:\\\/\\\/www.rri.ro\\\/#website\",\"url\":\"https:\\\/\\\/www.rri.ro\\\/\",\"name\":\"Radio Roumanie Internationale\",\"description\":\"Totul despre Rom\u00e2nia \u015fi rom\u00e2ni, \u00een 13 limbi\\\/dialecte!\",\"inLanguage\":\"fr-FR\"},{\"@type\":\"Person\",\"@id\":\"https:\\\/\\\/www.rri.ro\\\/#\\\/schema\\\/person\\\/69677d14c8796101e5d809074fc06fde\",\"name\":\"Florin Orban\",\"url\":\"https:\\\/\\\/www.rri.ro\\\/fr\\\/author\\\/florin-orban\"}]}<\/script>\n<!-- \/ Yoast SEO plugin. -->","yoast_head_json":{"title":"Des m\u00e9dailles pour les sportifs roumains - Radio Roumanie Internationale","robots":{"index":"index","follow":"follow","max-snippet":"max-snippet:-1","max-image-preview":"max-image-preview:large","max-video-preview":"max-video-preview:-1"},"canonical":"https:\/\/www.rri.ro\/fr\/actualites\/les-dossiers-de-lactualite\/des-medailles-pour-les-sportifs-roumains-id401233.html","og_locale":"fr_FR","og_type":"article","og_title":"Des m\u00e9dailles pour les sportifs roumains - Radio Roumanie Internationale","og_description":"En ce mois d&rsquo;avril, les passionn\u00e9s du sport sont servis, puisque le calendrier est bien rempli de comp\u00e9titions de toute sorte. Ce qui plus est, ces derniers jours, les \u00e9quipes de Roumanie ont remport\u00e9 plusieurs m\u00e9dailles dans des comp\u00e9titions importantes. La plupart d&rsquo;elles ont \u00e9t\u00e9 d\u00e9croch\u00e9es dans la capitale de l&rsquo;Arm\u00e9nie, Erevan, lors des championnats [&hellip;]","og_url":"https:\/\/www.rri.ro\/fr\/actualites\/les-dossiers-de-lactualite\/des-medailles-pour-les-sportifs-roumains-id401233.html","og_site_name":"Radio Roumanie Internationale","article_published_time":"2023-04-18T11:41:00+00:00","og_image":[{"width":640,"height":480,"url":"https:\/\/www.rri.ro\/wp-content\/uploads\/2023\/10\/andreea-cotruta-haltere-foto-facebook-federatiaromanadehaltere.png","type":"image\/png"}],"author":"Florin Orban","twitter_card":"summary_large_image","twitter_misc":{"\u00c9crit par":"Florin Orban","Dur\u00e9e de lecture estim\u00e9e":"3 minutes","Written by":"Florin Orban"},"schema":{"@context":"https:\/\/schema.org","@graph":[{"@type":"Article","@id":"https:\/\/www.rri.ro\/fr\/actualites\/les-dossiers-de-lactualite\/des-medailles-pour-les-sportifs-roumains-id401233.html#article","isPartOf":{"@id":"https:\/\/www.rri.ro\/fr\/actualites\/les-dossiers-de-lactualite\/des-medailles-pour-les-sportifs-roumains-id401233.html"},"author":{"name":"Florin Orban","@id":"https:\/\/www.rri.ro\/#\/schema\/person\/69677d14c8796101e5d809074fc06fde"},"headline":"Des m\u00e9dailles pour les sportifs roumains","datePublished":"2023-04-18T11:41:00+00:00","mainEntityOfPage":{"@id":"https:\/\/www.rri.ro\/fr\/actualites\/les-dossiers-de-lactualite\/des-medailles-pour-les-sportifs-roumains-id401233.html"},"wordCount":537,"image":{"@id":"https:\/\/www.rri.ro\/fr\/actualites\/les-dossiers-de-lactualite\/des-medailles-pour-les-sportifs-roumains-id401233.html#primaryimage"},"thumbnailUrl":"https:\/\/www.rri.ro\/wp-content\/uploads\/2023\/10\/andreea-cotruta-haltere-foto-facebook-federatiaromanadehaltere.png","keywords":["gymnastique","halt\u00e9rophilie","m\u00e9dailles","sports"],"articleSection":["Les dossiers de l'actualit\u00e9"],"inLanguage":"fr-FR"},{"@type":"WebPage","@id":"https:\/\/www.rri.ro\/fr\/actualites\/les-dossiers-de-lactualite\/des-medailles-pour-les-sportifs-roumains-id401233.html","url":"https:\/\/www.rri.ro\/fr\/actualites\/les-dossiers-de-lactualite\/des-medailles-pour-les-sportifs-roumains-id401233.html","name":"Des m\u00e9dailles pour les sportifs roumains - Radio Roumanie Internationale","isPartOf":{"@id":"https:\/\/www.rri.ro\/#website"},"primaryImageOfPage":{"@id":"https:\/\/www.rri.ro\/fr\/actualites\/les-dossiers-de-lactualite\/des-medailles-pour-les-sportifs-roumains-id401233.html#primaryimage"},"image":{"@id":"https:\/\/www.rri.ro\/fr\/actualites\/les-dossiers-de-lactualite\/des-medailles-pour-les-sportifs-roumains-id401233.html#primaryimage"},"thumbnailUrl":"https:\/\/www.rri.ro\/wp-content\/uploads\/2023\/10\/andreea-cotruta-haltere-foto-facebook-federatiaromanadehaltere.png","datePublished":"2023-04-18T11:41:00+00:00","author":{"@id":"https:\/\/www.rri.ro\/#\/schema\/person\/69677d14c8796101e5d809074fc06fde"},"breadcrumb":{"@id":"https:\/\/www.rri.ro\/fr\/actualites\/les-dossiers-de-lactualite\/des-medailles-pour-les-sportifs-roumains-id401233.html#breadcrumb"},"inLanguage":"fr-FR","potentialAction":[{"@type":"ReadAction","target":["https:\/\/www.rri.ro\/fr\/actualites\/les-dossiers-de-lactualite\/des-medailles-pour-les-sportifs-roumains-id401233.html"]}]},{"@type":"ImageObject","inLanguage":"fr-FR","@id":"https:\/\/www.rri.ro\/fr\/actualites\/les-dossiers-de-lactualite\/des-medailles-pour-les-sportifs-roumains-id401233.html#primaryimage","url":"https:\/\/www.rri.ro\/wp-content\/uploads\/2023\/10\/andreea-cotruta-haltere-foto-facebook-federatiaromanadehaltere.png","contentUrl":"https:\/\/www.rri.ro\/wp-content\/uploads\/2023\/10\/andreea-cotruta-haltere-foto-facebook-federatiaromanadehaltere.png","width":640,"height":480},{"@type":"BreadcrumbList","@id":"https:\/\/www.rri.ro\/fr\/actualites\/les-dossiers-de-lactualite\/des-medailles-pour-les-sportifs-roumains-id401233.html#breadcrumb","itemListElement":[{"@type":"ListItem","position":1,"name":"Page d'accueil","item":"https:\/\/www.rri.ro\/fr"},{"@type":"ListItem","position":2,"name":"Actualit\u00e9s","item":"https:\/\/www.rri.ro\/fr\/actualites"},{"@type":"ListItem","position":3,"name":"Les dossiers de l'actualit\u00e9","item":"https:\/\/www.rri.ro\/fr\/actualites\/les-dossiers-de-lactualite"},{"@type":"ListItem","position":4,"name":"Des m\u00e9dailles pour les sportifs roumains"}]},{"@type":"WebSite","@id":"https:\/\/www.rri.ro\/#website","url":"https:\/\/www.rri.ro\/","name":"Radio Roumanie Internationale","description":"Totul despre Rom\u00e2nia \u015fi rom\u00e2ni, \u00een 13 limbi\/dialecte!","inLanguage":"fr-FR"},{"@type":"Person","@id":"https:\/\/www.rri.ro\/#\/schema\/person\/69677d14c8796101e5d809074fc06fde","name":"Florin Orban","url":"https:\/\/www.rri.ro\/fr\/author\/florin-orban"}]}},"_links":{"self":[{"href":"https:\/\/www.rri.ro\/fr\/wp-json\/wp\/v2\/posts\/401233","targetHints":{"allow":["GET"]}}],"collection":[{"href":"https:\/\/www.rri.ro\/fr\/wp-json\/wp\/v2\/posts"}],"about":[{"href":"https:\/\/www.rri.ro\/fr\/wp-json\/wp\/v2\/types\/post"}],"author":[{"embeddable":true,"href":"https:\/\/www.rri.ro\/fr\/wp-json\/wp\/v2\/users\/93"}],"replies":[{"embeddable":true,"href":"https:\/\/www.rri.ro\/fr\/wp-json\/wp\/v2\/comments?post=401233"}],"version-history":[{"count":0,"href":"https:\/\/www.rri.ro\/fr\/wp-json\/wp\/v2\/posts\/401233\/revisions"}],"wp:featuredmedia":[{"embeddable":true,"href":"https:\/\/www.rri.ro\/fr\/wp-json\/wp\/v2\/media\/95402"}],"wp:attachment":[{"href":"https:\/\/www.rri.ro\/fr\/wp-json\/wp\/v2\/media?parent=401233"}],"wp:term":[{"taxonomy":"category","embeddable":true,"href":"https:\/\/www.rri.ro\/fr\/wp-json\/wp\/v2\/categories?post=401233"},{"taxonomy":"post_tag","embeddable":true,"href":"https:\/\/www.rri.ro\/fr\/wp-json\/wp\/v2\/tags?post=401233"},{"taxonomy":"author","embeddable":true,"href":"https:\/\/www.rri.ro\/fr\/wp-json\/wp\/v2\/coauthors?post=401233"}],"curies":[{"name":"wp","href":"https:\/\/api.w.org\/{rel}","templated":true}]}}