{"id":401290,"date":"2023-05-31T12:02:00","date_gmt":"2023-05-31T09:02:00","guid":{"rendered":"http:\/\/devrri.freshlemon.ro\/le-roumain-mot-a-mot\/consulter-les-lecons\/poursuite-de-la-greve-dans-leducation-nationale-id401290.html"},"modified":"2023-05-31T12:02:00","modified_gmt":"2023-05-31T09:02:00","slug":"poursuite-de-la-greve-dans-leducation-nationale","status":"publish","type":"post","link":"https:\/\/www.rri.ro\/fr\/actualites\/les-dossiers-de-lactualite\/poursuite-de-la-greve-dans-leducation-nationale-id401290.html","title":{"rendered":"Poursuite de la gr\u00e8ve dans l\u2019Education nationale"},"content":{"rendered":"<p>&#13;<br \/>\n&#13;\n<\/p>\n<p>M\u00e9contents de leurs salaires, les professeurs de Roumanie&#13;<br \/>\navaient menac\u00e9 depuis quelques mois d\u00e9j\u00e0 de d\u00e9clencher la gr\u00e8ve g\u00e9n\u00e9rale au&#13;<br \/>\nrisque de perturber le calendrier des examens de fin d&rsquo;ann\u00e9e, si le&#13;<br \/>\ngouvernement ne fait rien pour eux. A l&rsquo;issue d&rsquo;une pand\u00e9mie durant laquelle&#13;<br \/>\nils ont d\u00fb se d\u00e9brouiller tous seuls pour assurer l&rsquo;enseignement \u00e0 distance et dans&#13;<br \/>\nle contexte d&rsquo;un sous-financement de l&rsquo;Education nationale boulevers\u00e9e \u00e0 chaque&#13;<br \/>\nfois qu&rsquo;un nouveau ministre de tutelle arrive au pouvoir, les professeurs ont&#13;<br \/>\nd\u00e9cid\u00e9 de faire entendre leurs voix. <\/p>\n<p><\/p>\n<p><\/p>\n<p>&#13;<br \/>\n&#13;<\/p>\n<p>A la gr\u00e8ve g\u00e9n\u00e9rale qu&rsquo;ils ont d\u00e9clench\u00e9e le 22 mai s&rsquo;ajoutent&#13;<br \/>\ndepuis quelques jours des mouvements de protestation \u00e0 Bucarest et dans les&#13;<br \/>\ngrandes villes de Roumanie. Les protestataires appellent les responsables&#13;<br \/>\npolitiques \u00e0 trouver des solutions pour majorer leurs salaires avant la fin de&#13;<br \/>\nl&rsquo;ann\u00e9e, parall\u00e8lement \u00e0 la mise en place d&rsquo;un acte normatif cens\u00e9 assurer un&#13;<br \/>\nniveau salarial d\u00e9cent pour les professeurs d\u00e9butants. <\/p>\n<p><\/p>\n<p>&#13;<br \/>\n&#13;<\/p>\n<p>En revanche, le gouvernement leur a propos\u00e9 le versement&#13;<br \/>\nd&rsquo;un suppl\u00e9ment financier sous forme d&rsquo;une prime. Le leader syndical, Marius&#13;<br \/>\nNistor se r\u00e9volte:<\/p>\n<p>&#13;<br \/>\n&#13;<\/p>\n<p><em class=cms-italic>Le gouvernement reste sur ses positions et son offre est&#13;<br \/>\nla m\u00eame. Or, les centaines de milliers de professionnels de l&rsquo;Education&#13;<br \/>\nnationale sortis dans les rues, disent non et la rejettent.Ils ont besoin de salaires d\u00e9cents, ils ont&#13;<br \/>\nbesoin d&rsquo;une hausse de 25% de leurs revenus, d&rsquo;un acte normatif qui assure aux&#13;<br \/>\nprofesseurs en d\u00e9but de carri\u00e8re un salaire d&rsquo;un montant \u00e9gal \u00e0 celui du&#13;<br \/>\nsalaire net mensuel et en fonction duquel on calcule par la suite,  la&#13;<br \/>\nfuture grille unique de salarisation.<\/em><\/p>\n<p><\/p>\n<p>&#13;<br \/>\n&#13;<br \/>\n&#13;<br \/>\n&#13;<\/p>\n<p>Dans une tentative de faire entendre leurs voix, des&#13;<br \/>\ndizaines de milliers de professeurs et de repr\u00e9sentants du personnel&#13;<br \/>\nnon-enseignant se sont r\u00e9unis mardi devant le si\u00e8ge de la pr\u00e9sidence roumaine,&#13;<br \/>\nen esp\u00e9rant que le chef de l&rsquo;Etat, Klaus Iohannis, lui-m\u00eame un ancien&#13;<br \/>\nprofesseur, s&rsquo;implique dans la m\u00e9diation du conflit. Face aux manifestants qui&#13;<br \/>\nr\u00e9clamaient des majorations salariales et des investissements dans l&rsquo;Education,&#13;<br \/>\nle pr\u00e9sident a affirm\u00e9 comprendre leurs inqui\u00e9tudes et leurs sollicitations.&#13;<br \/>\nN&#8217;emp\u00eache, a-t-il dit, il est crucial de trouver une solution et d&rsquo;arr\u00eater la&#13;<br \/>\ngr\u00e8ve pour pouvoir cl\u00f4turer l&rsquo;ann\u00e9e scolaire. <\/p>\n<p><\/p>\n<p>&#13;<br \/>\n&#13;<\/p>\n<p>Klaus Iohannis s&rsquo;est dit pr\u00eat \u00e0 g\u00e9rer un accord politique&#13;<br \/>\nsign\u00e9 par tous les partis au pouvoir et qui rassure les professeurs que la future&#13;<br \/>\ngrille de salarisation respectera leurs dol\u00e9ances. <\/p>\n<p><\/p>\n<p>&#13;<br \/>\n&#13;<\/p>\n<p>Voici quelques r\u00e9pliques de la part des protestataires:<\/p>\n<p>&#13;<br \/>\n&#13;<br \/>\n&#13;<br \/>\n&#13;<\/p>\n<p><em class=cms-italic>Les responsables&#13;<br \/>\npolitiques ont mal compris notre message. Il n&rsquo;y a pas que les salaires qui&#13;<br \/>\nnous int\u00e9ressent, mais aussi une l\u00e9gislation correcte.<\/em><\/p>\n<p>&#13;<br \/>\n&#13;<br \/>\n&#13;<br \/>\n&#13;<\/p>\n<p>Une autre protestataire a affirm\u00e9 que: <em class=cms-italic>Je&#13;<br \/>\nveux ce niveau de vie d\u00e9cent garanti par la Constitution roumaine. Je suis&#13;<br \/>\nsubmerg\u00e9e de dettes.<\/em><\/p>\n<p><em class=cms-italic><br \/><\/em><\/p>\n<p>&#13;<br \/>\n&#13;<br \/>\n&#13;<br \/>\n&#13;<\/p>\n<p>En attendant de voir comment la situation sera r\u00e9gl\u00e9e, le&#13;<br \/>\nMinist\u00e8re de l&rsquo;Education a d\u00e9cid\u00e9 de prolonger la p\u00e9riode d&rsquo;arr\u00eat des notes et&#13;<br \/>\nl&rsquo;ouverture des registres d&rsquo;inscription au baccalaur\u00e9at. Il rassure les \u00e9l\u00e8ves&#13;<br \/>\nque les protestations ne risquent pas de perturber le calendrier des examens. (trad. Ioana Stancescu)<\/p>\n<p>&#13;<br \/>\n&#13;<br \/>\n&#13;<br \/>\n&#13;<br \/><\/p>\n","protected":false},"excerpt":{"rendered":"<p>&#13; &#13; M\u00e9contents de leurs salaires, les professeurs de Roumanie&#13; avaient menac\u00e9 depuis quelques mois d\u00e9j\u00e0 de d\u00e9clencher la gr\u00e8ve g\u00e9n\u00e9rale au&#13; risque de perturber le calendrier des examens de fin d&rsquo;ann\u00e9e, si le&#13; gouvernement ne fait rien pour eux. A l&rsquo;issue d&rsquo;une pand\u00e9mie durant laquelle&#13; ils ont d\u00fb se d\u00e9brouiller tous seuls pour assurer [&hellip;]<\/p>\n","protected":false},"author":109,"featured_media":94428,"comment_status":"closed","ping_status":"closed","sticky":false,"template":"","format":"standard","meta":{"_acf_changed":false,"footnotes":""},"categories":[93377],"tags":[152768,154120,143871,87127,85700,87243],"coauthors":[],"class_list":["post-401290","post","type-post","status-publish","format-standard","has-post-thumbnail","hentry","category-les-dossiers-de-lactualite","tag-education-fr","tag-greve-fr","tag-klaus-iohannis-fr","tag-professeurs","tag-protestations","tag-salaires"],"acf":[],"yoast_head":"<!-- This site is optimized with the Yoast SEO plugin v27.3 - https:\/\/yoast.com\/product\/yoast-seo-wordpress\/ -->\n<title>Poursuite de la gr\u00e8ve dans l\u2019Education nationale - Radio Roumanie Internationale<\/title>\n<meta name=\"robots\" content=\"index, follow, max-snippet:-1, max-image-preview:large, max-video-preview:-1\" \/>\n<link rel=\"canonical\" href=\"https:\/\/www.rri.ro\/fr\/actualites\/les-dossiers-de-lactualite\/poursuite-de-la-greve-dans-leducation-nationale-id401290.html\" \/>\n<meta property=\"og:locale\" content=\"fr_FR\" \/>\n<meta property=\"og:type\" content=\"article\" \/>\n<meta property=\"og:title\" content=\"Poursuite de la gr\u00e8ve dans l\u2019Education nationale - Radio Roumanie Internationale\" \/>\n<meta property=\"og:description\" content=\"&#013; &#013; M\u00e9contents de leurs salaires, les professeurs de Roumanie&#013; avaient menac\u00e9 depuis quelques mois d\u00e9j\u00e0 de d\u00e9clencher la gr\u00e8ve g\u00e9n\u00e9rale au&#013; risque de perturber le calendrier des examens de fin d&rsquo;ann\u00e9e, si le&#013; gouvernement ne fait rien pour eux. A l&rsquo;issue d&rsquo;une pand\u00e9mie durant laquelle&#013; ils ont d\u00fb se d\u00e9brouiller tous seuls pour assurer [&hellip;]\" \/>\n<meta property=\"og:url\" content=\"https:\/\/www.rri.ro\/fr\/actualites\/les-dossiers-de-lactualite\/poursuite-de-la-greve-dans-leducation-nationale-id401290.html\" \/>\n<meta property=\"og:site_name\" content=\"Radio Roumanie Internationale\" \/>\n<meta property=\"article:published_time\" content=\"2023-05-31T09:02:00+00:00\" \/>\n<meta property=\"og:image\" content=\"https:\/\/www.rri.ro\/wp-content\/uploads\/2023\/10\/scoala-clasa-banca-elevi-foto-pixabay.png\" \/>\n\t<meta property=\"og:image:width\" content=\"640\" \/>\n\t<meta property=\"og:image:height\" content=\"480\" \/>\n\t<meta property=\"og:image:type\" content=\"image\/png\" \/>\n<meta name=\"author\" content=\"Roxana Vasile\" \/>\n<meta name=\"twitter:card\" content=\"summary_large_image\" \/>\n<meta name=\"twitter:label1\" content=\"\u00c9crit par\" \/>\n\t<meta name=\"twitter:data1\" content=\"Roxana Vasile\" \/>\n\t<meta name=\"twitter:label2\" content=\"Dur\u00e9e de lecture estim\u00e9e\" \/>\n\t<meta name=\"twitter:data2\" content=\"3 minutes\" \/>\n\t<meta name=\"twitter:label3\" content=\"Written by\" \/>\n\t<meta name=\"twitter:data3\" content=\"Roxana Vasile\" \/>\n<script type=\"application\/ld+json\" class=\"yoast-schema-graph\">{\"@context\":\"https:\\\/\\\/schema.org\",\"@graph\":[{\"@type\":\"Article\",\"@id\":\"https:\\\/\\\/www.rri.ro\\\/fr\\\/actualites\\\/les-dossiers-de-lactualite\\\/poursuite-de-la-greve-dans-leducation-nationale-id401290.html#article\",\"isPartOf\":{\"@id\":\"https:\\\/\\\/www.rri.ro\\\/fr\\\/actualites\\\/les-dossiers-de-lactualite\\\/poursuite-de-la-greve-dans-leducation-nationale-id401290.html\"},\"author\":{\"name\":\"Roxana Vasile\",\"@id\":\"https:\\\/\\\/www.rri.ro\\\/#\\\/schema\\\/person\\\/0745b519f2d1287783422f162c4112af\"},\"headline\":\"Poursuite de la gr\u00e8ve dans l\u2019Education nationale\",\"datePublished\":\"2023-05-31T09:02:00+00:00\",\"mainEntityOfPage\":{\"@id\":\"https:\\\/\\\/www.rri.ro\\\/fr\\\/actualites\\\/les-dossiers-de-lactualite\\\/poursuite-de-la-greve-dans-leducation-nationale-id401290.html\"},\"wordCount\":569,\"image\":{\"@id\":\"https:\\\/\\\/www.rri.ro\\\/fr\\\/actualites\\\/les-dossiers-de-lactualite\\\/poursuite-de-la-greve-dans-leducation-nationale-id401290.html#primaryimage\"},\"thumbnailUrl\":\"https:\\\/\\\/www.rri.ro\\\/wp-content\\\/uploads\\\/2023\\\/10\\\/scoala-clasa-banca-elevi-foto-pixabay.png\",\"keywords\":[\"education\",\"greve\",\"Klaus Iohannis\",\"professeurs\",\"protestations\",\"salaires\"],\"articleSection\":[\"Les dossiers de l'actualit\u00e9\"],\"inLanguage\":\"fr-FR\"},{\"@type\":\"WebPage\",\"@id\":\"https:\\\/\\\/www.rri.ro\\\/fr\\\/actualites\\\/les-dossiers-de-lactualite\\\/poursuite-de-la-greve-dans-leducation-nationale-id401290.html\",\"url\":\"https:\\\/\\\/www.rri.ro\\\/fr\\\/actualites\\\/les-dossiers-de-lactualite\\\/poursuite-de-la-greve-dans-leducation-nationale-id401290.html\",\"name\":\"Poursuite de la gr\u00e8ve dans l\u2019Education nationale - Radio Roumanie Internationale\",\"isPartOf\":{\"@id\":\"https:\\\/\\\/www.rri.ro\\\/#website\"},\"primaryImageOfPage\":{\"@id\":\"https:\\\/\\\/www.rri.ro\\\/fr\\\/actualites\\\/les-dossiers-de-lactualite\\\/poursuite-de-la-greve-dans-leducation-nationale-id401290.html#primaryimage\"},\"image\":{\"@id\":\"https:\\\/\\\/www.rri.ro\\\/fr\\\/actualites\\\/les-dossiers-de-lactualite\\\/poursuite-de-la-greve-dans-leducation-nationale-id401290.html#primaryimage\"},\"thumbnailUrl\":\"https:\\\/\\\/www.rri.ro\\\/wp-content\\\/uploads\\\/2023\\\/10\\\/scoala-clasa-banca-elevi-foto-pixabay.png\",\"datePublished\":\"2023-05-31T09:02:00+00:00\",\"author\":{\"@id\":\"https:\\\/\\\/www.rri.ro\\\/#\\\/schema\\\/person\\\/0745b519f2d1287783422f162c4112af\"},\"breadcrumb\":{\"@id\":\"https:\\\/\\\/www.rri.ro\\\/fr\\\/actualites\\\/les-dossiers-de-lactualite\\\/poursuite-de-la-greve-dans-leducation-nationale-id401290.html#breadcrumb\"},\"inLanguage\":\"fr-FR\",\"potentialAction\":[{\"@type\":\"ReadAction\",\"target\":[\"https:\\\/\\\/www.rri.ro\\\/fr\\\/actualites\\\/les-dossiers-de-lactualite\\\/poursuite-de-la-greve-dans-leducation-nationale-id401290.html\"]}]},{\"@type\":\"ImageObject\",\"inLanguage\":\"fr-FR\",\"@id\":\"https:\\\/\\\/www.rri.ro\\\/fr\\\/actualites\\\/les-dossiers-de-lactualite\\\/poursuite-de-la-greve-dans-leducation-nationale-id401290.html#primaryimage\",\"url\":\"https:\\\/\\\/www.rri.ro\\\/wp-content\\\/uploads\\\/2023\\\/10\\\/scoala-clasa-banca-elevi-foto-pixabay.png\",\"contentUrl\":\"https:\\\/\\\/www.rri.ro\\\/wp-content\\\/uploads\\\/2023\\\/10\\\/scoala-clasa-banca-elevi-foto-pixabay.png\",\"width\":640,\"height\":480},{\"@type\":\"BreadcrumbList\",\"@id\":\"https:\\\/\\\/www.rri.ro\\\/fr\\\/actualites\\\/les-dossiers-de-lactualite\\\/poursuite-de-la-greve-dans-leducation-nationale-id401290.html#breadcrumb\",\"itemListElement\":[{\"@type\":\"ListItem\",\"position\":1,\"name\":\"Page d'accueil\",\"item\":\"https:\\\/\\\/www.rri.ro\\\/fr\"},{\"@type\":\"ListItem\",\"position\":2,\"name\":\"Actualit\u00e9s\",\"item\":\"https:\\\/\\\/www.rri.ro\\\/fr\\\/actualites\"},{\"@type\":\"ListItem\",\"position\":3,\"name\":\"Les dossiers de l'actualit\u00e9\",\"item\":\"https:\\\/\\\/www.rri.ro\\\/fr\\\/actualites\\\/les-dossiers-de-lactualite\"},{\"@type\":\"ListItem\",\"position\":4,\"name\":\"Poursuite de la gr\u00e8ve dans l\u2019Education nationale\"}]},{\"@type\":\"WebSite\",\"@id\":\"https:\\\/\\\/www.rri.ro\\\/#website\",\"url\":\"https:\\\/\\\/www.rri.ro\\\/\",\"name\":\"Radio Roumanie Internationale\",\"description\":\"Totul despre Rom\u00e2nia \u015fi rom\u00e2ni, \u00een 13 limbi\\\/dialecte!\",\"inLanguage\":\"fr-FR\"},{\"@type\":\"Person\",\"@id\":\"https:\\\/\\\/www.rri.ro\\\/#\\\/schema\\\/person\\\/0745b519f2d1287783422f162c4112af\",\"name\":\"Roxana Vasile\",\"url\":\"https:\\\/\\\/www.rri.ro\\\/fr\\\/author\\\/roxana-vasile\"}]}<\/script>\n<!-- \/ Yoast SEO plugin. -->","yoast_head_json":{"title":"Poursuite de la gr\u00e8ve dans l\u2019Education nationale - Radio Roumanie Internationale","robots":{"index":"index","follow":"follow","max-snippet":"max-snippet:-1","max-image-preview":"max-image-preview:large","max-video-preview":"max-video-preview:-1"},"canonical":"https:\/\/www.rri.ro\/fr\/actualites\/les-dossiers-de-lactualite\/poursuite-de-la-greve-dans-leducation-nationale-id401290.html","og_locale":"fr_FR","og_type":"article","og_title":"Poursuite de la gr\u00e8ve dans l\u2019Education nationale - Radio Roumanie Internationale","og_description":"&#13; &#13; M\u00e9contents de leurs salaires, les professeurs de Roumanie&#13; avaient menac\u00e9 depuis quelques mois d\u00e9j\u00e0 de d\u00e9clencher la gr\u00e8ve g\u00e9n\u00e9rale au&#13; risque de perturber le calendrier des examens de fin d&rsquo;ann\u00e9e, si le&#13; gouvernement ne fait rien pour eux. A l&rsquo;issue d&rsquo;une pand\u00e9mie durant laquelle&#13; ils ont d\u00fb se d\u00e9brouiller tous seuls pour assurer [&hellip;]","og_url":"https:\/\/www.rri.ro\/fr\/actualites\/les-dossiers-de-lactualite\/poursuite-de-la-greve-dans-leducation-nationale-id401290.html","og_site_name":"Radio Roumanie Internationale","article_published_time":"2023-05-31T09:02:00+00:00","og_image":[{"width":640,"height":480,"url":"https:\/\/www.rri.ro\/wp-content\/uploads\/2023\/10\/scoala-clasa-banca-elevi-foto-pixabay.png","type":"image\/png"}],"author":"Roxana Vasile","twitter_card":"summary_large_image","twitter_misc":{"\u00c9crit par":"Roxana Vasile","Dur\u00e9e de lecture estim\u00e9e":"3 minutes","Written by":"Roxana Vasile"},"schema":{"@context":"https:\/\/schema.org","@graph":[{"@type":"Article","@id":"https:\/\/www.rri.ro\/fr\/actualites\/les-dossiers-de-lactualite\/poursuite-de-la-greve-dans-leducation-nationale-id401290.html#article","isPartOf":{"@id":"https:\/\/www.rri.ro\/fr\/actualites\/les-dossiers-de-lactualite\/poursuite-de-la-greve-dans-leducation-nationale-id401290.html"},"author":{"name":"Roxana Vasile","@id":"https:\/\/www.rri.ro\/#\/schema\/person\/0745b519f2d1287783422f162c4112af"},"headline":"Poursuite de la gr\u00e8ve dans l\u2019Education nationale","datePublished":"2023-05-31T09:02:00+00:00","mainEntityOfPage":{"@id":"https:\/\/www.rri.ro\/fr\/actualites\/les-dossiers-de-lactualite\/poursuite-de-la-greve-dans-leducation-nationale-id401290.html"},"wordCount":569,"image":{"@id":"https:\/\/www.rri.ro\/fr\/actualites\/les-dossiers-de-lactualite\/poursuite-de-la-greve-dans-leducation-nationale-id401290.html#primaryimage"},"thumbnailUrl":"https:\/\/www.rri.ro\/wp-content\/uploads\/2023\/10\/scoala-clasa-banca-elevi-foto-pixabay.png","keywords":["education","greve","Klaus Iohannis","professeurs","protestations","salaires"],"articleSection":["Les dossiers de l'actualit\u00e9"],"inLanguage":"fr-FR"},{"@type":"WebPage","@id":"https:\/\/www.rri.ro\/fr\/actualites\/les-dossiers-de-lactualite\/poursuite-de-la-greve-dans-leducation-nationale-id401290.html","url":"https:\/\/www.rri.ro\/fr\/actualites\/les-dossiers-de-lactualite\/poursuite-de-la-greve-dans-leducation-nationale-id401290.html","name":"Poursuite de la gr\u00e8ve dans l\u2019Education nationale - Radio Roumanie Internationale","isPartOf":{"@id":"https:\/\/www.rri.ro\/#website"},"primaryImageOfPage":{"@id":"https:\/\/www.rri.ro\/fr\/actualites\/les-dossiers-de-lactualite\/poursuite-de-la-greve-dans-leducation-nationale-id401290.html#primaryimage"},"image":{"@id":"https:\/\/www.rri.ro\/fr\/actualites\/les-dossiers-de-lactualite\/poursuite-de-la-greve-dans-leducation-nationale-id401290.html#primaryimage"},"thumbnailUrl":"https:\/\/www.rri.ro\/wp-content\/uploads\/2023\/10\/scoala-clasa-banca-elevi-foto-pixabay.png","datePublished":"2023-05-31T09:02:00+00:00","author":{"@id":"https:\/\/www.rri.ro\/#\/schema\/person\/0745b519f2d1287783422f162c4112af"},"breadcrumb":{"@id":"https:\/\/www.rri.ro\/fr\/actualites\/les-dossiers-de-lactualite\/poursuite-de-la-greve-dans-leducation-nationale-id401290.html#breadcrumb"},"inLanguage":"fr-FR","potentialAction":[{"@type":"ReadAction","target":["https:\/\/www.rri.ro\/fr\/actualites\/les-dossiers-de-lactualite\/poursuite-de-la-greve-dans-leducation-nationale-id401290.html"]}]},{"@type":"ImageObject","inLanguage":"fr-FR","@id":"https:\/\/www.rri.ro\/fr\/actualites\/les-dossiers-de-lactualite\/poursuite-de-la-greve-dans-leducation-nationale-id401290.html#primaryimage","url":"https:\/\/www.rri.ro\/wp-content\/uploads\/2023\/10\/scoala-clasa-banca-elevi-foto-pixabay.png","contentUrl":"https:\/\/www.rri.ro\/wp-content\/uploads\/2023\/10\/scoala-clasa-banca-elevi-foto-pixabay.png","width":640,"height":480},{"@type":"BreadcrumbList","@id":"https:\/\/www.rri.ro\/fr\/actualites\/les-dossiers-de-lactualite\/poursuite-de-la-greve-dans-leducation-nationale-id401290.html#breadcrumb","itemListElement":[{"@type":"ListItem","position":1,"name":"Page d'accueil","item":"https:\/\/www.rri.ro\/fr"},{"@type":"ListItem","position":2,"name":"Actualit\u00e9s","item":"https:\/\/www.rri.ro\/fr\/actualites"},{"@type":"ListItem","position":3,"name":"Les dossiers de l'actualit\u00e9","item":"https:\/\/www.rri.ro\/fr\/actualites\/les-dossiers-de-lactualite"},{"@type":"ListItem","position":4,"name":"Poursuite de la gr\u00e8ve dans l\u2019Education nationale"}]},{"@type":"WebSite","@id":"https:\/\/www.rri.ro\/#website","url":"https:\/\/www.rri.ro\/","name":"Radio Roumanie Internationale","description":"Totul despre Rom\u00e2nia \u015fi rom\u00e2ni, \u00een 13 limbi\/dialecte!","inLanguage":"fr-FR"},{"@type":"Person","@id":"https:\/\/www.rri.ro\/#\/schema\/person\/0745b519f2d1287783422f162c4112af","name":"Roxana Vasile","url":"https:\/\/www.rri.ro\/fr\/author\/roxana-vasile"}]}},"_links":{"self":[{"href":"https:\/\/www.rri.ro\/fr\/wp-json\/wp\/v2\/posts\/401290","targetHints":{"allow":["GET"]}}],"collection":[{"href":"https:\/\/www.rri.ro\/fr\/wp-json\/wp\/v2\/posts"}],"about":[{"href":"https:\/\/www.rri.ro\/fr\/wp-json\/wp\/v2\/types\/post"}],"author":[{"embeddable":true,"href":"https:\/\/www.rri.ro\/fr\/wp-json\/wp\/v2\/users\/109"}],"replies":[{"embeddable":true,"href":"https:\/\/www.rri.ro\/fr\/wp-json\/wp\/v2\/comments?post=401290"}],"version-history":[{"count":0,"href":"https:\/\/www.rri.ro\/fr\/wp-json\/wp\/v2\/posts\/401290\/revisions"}],"wp:featuredmedia":[{"embeddable":true,"href":"https:\/\/www.rri.ro\/fr\/wp-json\/wp\/v2\/media\/94428"}],"wp:attachment":[{"href":"https:\/\/www.rri.ro\/fr\/wp-json\/wp\/v2\/media?parent=401290"}],"wp:term":[{"taxonomy":"category","embeddable":true,"href":"https:\/\/www.rri.ro\/fr\/wp-json\/wp\/v2\/categories?post=401290"},{"taxonomy":"post_tag","embeddable":true,"href":"https:\/\/www.rri.ro\/fr\/wp-json\/wp\/v2\/tags?post=401290"},{"taxonomy":"author","embeddable":true,"href":"https:\/\/www.rri.ro\/fr\/wp-json\/wp\/v2\/coauthors?post=401290"}],"curies":[{"name":"wp","href":"https:\/\/api.w.org\/{rel}","templated":true}]}}