{"id":402458,"date":"2013-03-02T13:00:00","date_gmt":"2013-03-02T11:00:00","guid":{"rendered":"http:\/\/devrri.freshlemon.ro\/le-roumain-mot-a-mot\/consulter-les-lecons\/la-semaine-du-25-fevrier-au-3-mars-id402458.html"},"modified":"2013-03-02T13:00:00","modified_gmt":"2013-03-02T11:00:00","slug":"la-semaine-du-25-fevrier-au-3-mars","status":"publish","type":"post","link":"https:\/\/www.rri.ro\/fr\/actualites\/cette-semaine-en-roumanie\/la-semaine-du-25-fevrier-au-3-mars-id402458.html","title":{"rendered":"La semaine du 25 f\u00e9vrier au 3 mars"},"content":{"rendered":"<p>&#13;<br \/>\n\t<strong>La Cour Constitutionnelle d\u00e9cide que les derni\u00e8res modifications apport\u00e9es au nouveau Statut des parlementaires sont inconstitutionnelles<br \/>&#13;<br \/>\n\t<br \/>&#13;<br \/>\n\t<\/strong>Objet de divergences entre le pouvoir social-lib\u00e9ral de Bucarest et l\u2019opposition d\u00e9mocrate-lib\u00e9rale et populiste, les derni\u00e8res modifications apport\u00e9es au nouveau Statut des parlementaires ont \u00e9t\u00e9 d\u00e9clar\u00e9es inconstitutionnelles par la Cour Constitutionnelle. L\u2019opposition a contest\u00e9 la l\u00e9galit\u00e9 de la majoration de 15 \u00e0 45 jours du d\u00e9lai pendant lequel un \u00e9lu peut contester une d\u00e9cision d\u2019incompatibilit\u00e9 prise par l\u2019Agence nationale d\u2019int\u00e9grit\u00e9 et qui m\u00e8ne \u00e0 la d\u00e9mission du parlementaire en question. L\u2019opposition consid\u00e8re que le nouveau statut conf\u00e8re, ainsi, aux parlementaires, une super-immunit\u00e9 et cr\u00e9e une diff\u00e9renciation par rapport \u00e0 d\u2019autres cat\u00e9gories de dignitaires, soumises au contr\u00f4le d\u2019int\u00e9grit\u00e9. Le pr\u00e9sident Traian B\u0103sescu a \u00e9galement critiqu\u00e9 les modifications apport\u00e9es au Statut des parlementaires, parce qu\u2019ils ne respectent pas les normes europ\u00e9ennes. Suite \u00e0 la d\u00e9cision de la Cour, la Loi portant statut des parlementaires sera renvoy\u00e9e au L\u00e9gislatif pour \u00eatre rediscut\u00e9e.<br \/>&#13;\n\t <\/p>\n<p>&#13;<\/p>\n<p>&#13;<br \/>\n\t<br \/>&#13;<br \/>\n\t<br \/>&#13;<br \/>\n\t<strong>Premi\u00e8re &#8211; deux juges du Conseil sup\u00e9rieur de la magistrature, r\u00e9voqu\u00e9s de leurs fonctions<br \/>&#13;<br \/>\n\t<\/strong><br \/>&#13;<br \/>\n\tDeux membres du Conseil sup\u00e9rieur de la magistrature &#8212; organisme qui veille au bon fonctionnement de la justice roumaine &#8212; ont \u00e9t\u00e9 r\u00e9voqu\u00e9s de leurs fonctions. Il s\u2019agit l\u00e0 d\u2019une d\u00e9cision sans pr\u00e9c\u00e9dent pour la justice locale. Les juges Alina Ghica et Cristi D\u00e0nile\u0163 ont d\u00fb quitter leurs fonctions au sein de cet organisme, apr\u00e8s que des magistrats de plusieurs tribunaux de premi\u00e8re instance ont protest\u00e9 contre le report r\u00e9p\u00e9t\u00e9 de leur destitution, telle qu\u2019elle avait \u00e9t\u00e9 d\u00e9cid\u00e9e par la plupart des cours de justice du pays. Les repr\u00e9sentants des associations de magistrats ont \u00e9galement reproch\u00e9 aux membres du CSM de ne pas repr\u00e9senter les int\u00e9r\u00eats professionnels des juges. Alina Ghica et Cristi D\u00e0nile\u0163 ont attaqu\u00e9 la d\u00e9cision de r\u00e9vocation \u00e0 la Haute cour de cassation et de justice.<br \/>&#13;\n\t <\/p>\n<p>&#13;<\/p>\n<p>&#13;<br \/>\n\t<br \/>&#13;<br \/>\n\t<br \/>&#13;<br \/>\n\t<strong>Schengen &#8212; au c\u0153ur des pourparlers des responsables europ\u00e9ens et roumains<br \/>&#13;<br \/>\n\t<\/strong><br \/>&#13;<br \/>\n\tLe Premier ministre roumain, Victor Ponta, a demand\u00e9, cette semaine, aux ministres impliqu\u00e9s dans le processus d\u2019int\u00e9gration de la Roumanie \u00e0 l\u2019espace Schengen de poursuivre leurs efforts diplomatiques, quelle que soit l\u2019issue du prochain Conseil Justice et Affaires int\u00e9rieures, des 7 et 8 mars. Les ministres de l\u2019Int\u00e9rieur des 27 doivent d\u00e9cider alors s\u2019ils donnent leur feu vert \u00e0 l\u2019entr\u00e9e de Bucarest dans l\u2019espace sans fronti\u00e8res. Lors d\u2019une visite \u00e0 Copenhague, le chef du cabinet roumain a \u00e9t\u00e9 assur\u00e9 par son homologue danois, Helle Thorning-Schmidt, de l\u2019appui du Danemark dans ce dossier. Un sujet \u00e9voqu\u00e9 \u00e9galement \u00e0 Amsterdam, par le pr\u00e9sident du S\u00e9nat roumain, Crin Antonescu, avec des responsables n\u00e9erlandais. Selon lui, les Pays-Bas ne feront plus obstacle \u00e0 l\u2019adh\u00e9sion de la Roumanie \u00e0 Schengen &#8212; \u00e9ventuellement en deux temps ; l\u2019ex\u00e9cutif de La Haye va dissocier ce processus des r\u00e9sultats du rapport r\u00e9gulier du M\u00e9canisme de coop\u00e9ration et de v\u00e9rification sur les progr\u00e8s de la justice roumaine, a encore pr\u00e9cis\u00e9 le chef du S\u00e9nat roumain. Les responsables n\u00e9erlandais ont \u00e9galement admis que la Roumanie \u00e9tait enti\u00e8rement pr\u00eate du point de vue technique \u00e0 entrer dans Schengen. Les Pays-Bas se sont oppos\u00e9s jusqu\u2019\u00e0 pr\u00e9sent \u00e0 un \u00e9largissement de l\u2019espace sans passeport \u00e0 la Roumanie et \u00e0 la Bulgarie, invoquant les r\u00e9formes insuffisantes en mati\u00e8re de justice.<br \/>&#13;<br \/>\n\tLe sujet s\u2019est \u00e9galement retrouv\u00e9 \u00e0 l\u2019agenda des discussions du pr\u00e9sident de l\u2019Assembl\u00e9e parlementaire du Conseil de l\u2019Europe, Jean-Claude Mignon, avec les autorit\u00e9s roumaines, lors de sa visite \u00e0 Bucarest, lundi et mardi derniers, \u00e0 l\u2019occasion du 20e anniversaire de l\u2019adh\u00e9sion de la Roumanie \u00e0 cette organisation internationale. \u00ab Je ne pense pas qu\u2019une fermeture herm\u00e9tique des fronti\u00e8res sera une solution \u00e0 nos probl\u00e8mes \u00bb a pr\u00e9cis\u00e9 Jean-Claude Mignon, se pronon\u00e7ant en faveur de la prise d\u2019une d\u00e9cision visant l\u2019entr\u00e9e de la Roumanie dans Schengen. Une d\u00e9cision qui d\u00e9pend exclusivement de la volont\u00e9 politique des Etats membres, a pour sa part mis en garde le pr\u00e9sident roumain, Traian Basescu. Il a une fois de plus appel\u00e9 la majorit\u00e9 parlementaire roumaine \u00e0 agir afin de r\u00e9pondre aux recommandations et aux probl\u00e8mes signales par le rapport de la Commission europ\u00e9enne visant les r\u00e9formes en justice.<br \/>&#13;\n\t <\/p>\n<p>&#13;<\/p>\n<p>&#13;<br \/>\n\t<br \/>&#13;<br \/>\n\t<br \/>&#13;<br \/>\n\t<strong>Mesures communautaires visant la s\u00e9curit\u00e9 des produits \u00e0 base de viande<br \/>&#13;<br \/>\n\t<\/strong><br \/>&#13;<br \/>\n\tSur la recommandation de la Commission europ\u00e9enne, la Roumanie a commenc\u00e9 le 1er mars \u00e0 pratiquer des tests ADN sur des plats pr\u00e9par\u00e9s \u00e9tiquet\u00e9s \u00ab b\u0153uf \u00bb. La mesure est valable pour tous les pays membres de l\u2019UE. La fraude massive ayant touch\u00e9 de nombreux acteurs du secteur agroalimentaire en Europe a \u00e9t\u00e9 pour la premi\u00e8re fois officiellement d\u00e9tect\u00e9e en Grande Bretagne, il y a un mois environ. La fraude porte sur des produits cuisin\u00e9s, surgel\u00e9s ou conserv\u00e9s, suppos\u00e9s \u00eatre au b\u0153uf mais qui en \u00e9change, contiennent partiellement ou totalement de la viande de cheval.<br \/>&#13;\n\t <\/p>\n<p>&#13;<\/p>\n<p>&#13;<br \/>\n\t<br \/>&#13;<br \/>\n\t<br \/>&#13;<br \/>\n\t<strong>Message du Pape Beno\u00eet XVI pour les p\u00e8lerins roumains<br \/>&#13;<br \/>\n\t<\/strong><br \/>&#13;<br \/>\n\t\u00ab Sentez la joie d\u2019\u00eatre aim\u00e9s de Dieu ! \u00bb C\u2019est l\u2019exhortation que le Pape Beno\u00eet XVI a adress\u00e9 aux fid\u00e8les avant de quitter, jeudi, le tr\u00f4ne de l\u2019Eglise catholique. Annonc\u00e9e pendant une messe au Vatican, voici plus de deux semaines, sa d\u00e9cision de renoncer de plein gr\u00e9 au pontificat a surpris le monde entier, \u00e9tant in\u00e9dite dans l\u2019histoire moderne de l\u2019Eglise catholique. Joseph Ratzinger l\u2019a motiv\u00e9 par le fait que son \u00e9tat de sant\u00e9 ne lui permettait plus de s\u2019acquitter de ses t\u00e2ches. Pendant son ultime audience, devant plus de 150.000 personnes rassembl\u00e9es Place St Pierre de Rome, l\u2019ancien souverain pontife a parl\u00e9 aux p\u00e8lerins en 11 langues, dont le roumain : \u00ab Que J\u00e9sus-Christ soit lou\u00e9 ! J\u2019adresse un salut cordial aux croyants de langue roumaine, surtout \u00e0 ceux d\u2019Oradea. Je les re\u00e7ois avec joie et je souhaite que votre p\u00e8lerinage porte de bons fruits pour vous et vos communaut\u00e9s. Je vous b\u00e9nis de tout c\u0153ur ! \u00bb<br \/>&#13;<br \/>\n\tLe successeur du pape \u00e9m\u00e9rite sera \u00e9lu les prochaines semaines. (trad: Ligia Mihaiescu, Andrei Popov) <\/p>\n<p>&#13;<\/p>\n","protected":false},"excerpt":{"rendered":"<p>&#13; La Cour Constitutionnelle d\u00e9cide que les derni\u00e8res modifications apport\u00e9es au nouveau Statut des parlementaires sont inconstitutionnelles&#13; &#13; Objet de divergences entre le pouvoir social-lib\u00e9ral de Bucarest et l\u2019opposition d\u00e9mocrate-lib\u00e9rale et populiste, les derni\u00e8res modifications apport\u00e9es au nouveau Statut des parlementaires ont \u00e9t\u00e9 d\u00e9clar\u00e9es inconstitutionnelles par la Cour Constitutionnelle. L\u2019opposition a contest\u00e9 la l\u00e9galit\u00e9 de [&hellip;]<\/p>\n","protected":false},"author":46,"featured_media":209839,"comment_status":"closed","ping_status":"closed","sticky":false,"template":"","format":"standard","meta":{"_acf_changed":false,"footnotes":""},"categories":[94426],"tags":[94729,88027,89311,87544,88476,89778,89340,89730,91434,89294,93379,88058,89266,86663,143630,89240,87513],"coauthors":[],"class_list":["post-402458","post","type-post","status-publish","format-standard","has-post-thumbnail","hentry","category-cette-semaine-en-roumanie","tag-agence-national-dintegrite","tag-benoit-xvi","tag-boeuf","tag-cheval","tag-conseil-de-leurope","tag-conseil-superieur-de-la-magistrature","tag-cour-constitutionnelle","tag-haute-cour-de-cassation-et-de-justice","tag-juges","tag-lassemblee-parlementaire-du-conseil-de-leurope","tag-leyla-cheamil","tag-mecanisme-de-cooperation-et-de-verification","tag-pape","tag-pays-bas","tag-schengen-fr","tag-statut-des-parlementaires","tag-viande"],"acf":[],"yoast_head":"<!-- This site is optimized with the Yoast SEO plugin v27.5 - https:\/\/yoast.com\/product\/yoast-seo-wordpress\/ -->\n<title>La semaine du 25 f\u00e9vrier au 3 mars - Radio Roumanie Internationale<\/title>\n<meta name=\"robots\" content=\"index, follow, max-snippet:-1, max-image-preview:large, max-video-preview:-1\" \/>\n<link rel=\"canonical\" href=\"https:\/\/www.rri.ro\/fr\/actualites\/cette-semaine-en-roumanie\/la-semaine-du-25-fevrier-au-3-mars-id402458.html\" \/>\n<meta property=\"og:locale\" content=\"fr_FR\" \/>\n<meta property=\"og:type\" content=\"article\" \/>\n<meta property=\"og:title\" content=\"La semaine du 25 f\u00e9vrier au 3 mars - Radio Roumanie Internationale\" \/>\n<meta property=\"og:description\" content=\"&#013; La Cour Constitutionnelle d\u00e9cide que les derni\u00e8res modifications apport\u00e9es au nouveau Statut des parlementaires sont inconstitutionnelles&#013; &#013; Objet de divergences entre le pouvoir social-lib\u00e9ral de Bucarest et l\u2019opposition d\u00e9mocrate-lib\u00e9rale et populiste, les derni\u00e8res modifications apport\u00e9es au nouveau Statut des parlementaires ont \u00e9t\u00e9 d\u00e9clar\u00e9es inconstitutionnelles par la Cour Constitutionnelle. L\u2019opposition a contest\u00e9 la l\u00e9galit\u00e9 de [&hellip;]\" \/>\n<meta property=\"og:url\" content=\"https:\/\/www.rri.ro\/fr\/actualites\/cette-semaine-en-roumanie\/la-semaine-du-25-fevrier-au-3-mars-id402458.html\" \/>\n<meta property=\"og:site_name\" content=\"Radio Roumanie Internationale\" \/>\n<meta property=\"article:published_time\" content=\"2013-03-02T11:00:00+00:00\" \/>\n<meta property=\"og:image\" content=\"https:\/\/www.rri.ro\/wp-content\/uploads\/2023\/10\/718px-Calendarmai.png\" \/>\n\t<meta property=\"og:image:width\" content=\"640\" \/>\n\t<meta property=\"og:image:height\" content=\"480\" \/>\n\t<meta property=\"og:image:type\" content=\"image\/png\" \/>\n<meta name=\"author\" content=\"Leyla Cheamil\" \/>\n<meta name=\"twitter:card\" content=\"summary_large_image\" \/>\n<meta name=\"twitter:label1\" content=\"\u00c9crit par\" \/>\n\t<meta name=\"twitter:data1\" content=\"Leyla Cheamil\" \/>\n\t<meta name=\"twitter:label2\" content=\"Dur\u00e9e de lecture estim\u00e9e\" \/>\n\t<meta name=\"twitter:data2\" content=\"5 minutes\" \/>\n\t<meta name=\"twitter:label3\" content=\"Written by\" \/>\n\t<meta name=\"twitter:data3\" content=\"Leyla Cheamil\" \/>\n<script type=\"application\/ld+json\" class=\"yoast-schema-graph\">{\"@context\":\"https:\\\/\\\/schema.org\",\"@graph\":[{\"@type\":\"Article\",\"@id\":\"https:\\\/\\\/www.rri.ro\\\/fr\\\/actualites\\\/cette-semaine-en-roumanie\\\/la-semaine-du-25-fevrier-au-3-mars-id402458.html#article\",\"isPartOf\":{\"@id\":\"https:\\\/\\\/www.rri.ro\\\/fr\\\/actualites\\\/cette-semaine-en-roumanie\\\/la-semaine-du-25-fevrier-au-3-mars-id402458.html\"},\"author\":{\"name\":\"Leyla Cheamil\",\"@id\":\"https:\\\/\\\/www.rri.ro\\\/#\\\/schema\\\/person\\\/e6364ed2d4b6af207a82ca66000d07e0\"},\"headline\":\"La semaine du 25 f\u00e9vrier au 3 mars\",\"datePublished\":\"2013-03-02T11:00:00+00:00\",\"mainEntityOfPage\":{\"@id\":\"https:\\\/\\\/www.rri.ro\\\/fr\\\/actualites\\\/cette-semaine-en-roumanie\\\/la-semaine-du-25-fevrier-au-3-mars-id402458.html\"},\"wordCount\":1101,\"image\":{\"@id\":\"https:\\\/\\\/www.rri.ro\\\/fr\\\/actualites\\\/cette-semaine-en-roumanie\\\/la-semaine-du-25-fevrier-au-3-mars-id402458.html#primaryimage\"},\"thumbnailUrl\":\"https:\\\/\\\/www.rri.ro\\\/wp-content\\\/uploads\\\/2023\\\/10\\\/718px-Calendarmai.png\",\"keywords\":[\"Agence national d'int\u00e9grit\u00e9\",\"Beno\u00eet XVI\",\"boeuf\",\"cheval\",\"Conseil de l'Europe\",\"Conseil sup\u00e9rieur de la magistrature\",\"Cour Constitutionnelle\",\"Haute Cour de Cassation et de Justice\",\"juges\",\"l'Assembl\u00e9e parlementaire du Conseil de l'Europe\",\"Leyla Cheamil\",\"M\u00e9canisme de coop\u00e9ration et de v\u00e9rification\",\"pape\",\"Pays-Bas\",\"Schengen\",\"statut des parlementaires\",\"viande\"],\"articleSection\":[\"Cette semaine, en Roumanie\"],\"inLanguage\":\"fr-FR\"},{\"@type\":\"WebPage\",\"@id\":\"https:\\\/\\\/www.rri.ro\\\/fr\\\/actualites\\\/cette-semaine-en-roumanie\\\/la-semaine-du-25-fevrier-au-3-mars-id402458.html\",\"url\":\"https:\\\/\\\/www.rri.ro\\\/fr\\\/actualites\\\/cette-semaine-en-roumanie\\\/la-semaine-du-25-fevrier-au-3-mars-id402458.html\",\"name\":\"La semaine du 25 f\u00e9vrier au 3 mars - Radio Roumanie Internationale\",\"isPartOf\":{\"@id\":\"https:\\\/\\\/www.rri.ro\\\/#website\"},\"primaryImageOfPage\":{\"@id\":\"https:\\\/\\\/www.rri.ro\\\/fr\\\/actualites\\\/cette-semaine-en-roumanie\\\/la-semaine-du-25-fevrier-au-3-mars-id402458.html#primaryimage\"},\"image\":{\"@id\":\"https:\\\/\\\/www.rri.ro\\\/fr\\\/actualites\\\/cette-semaine-en-roumanie\\\/la-semaine-du-25-fevrier-au-3-mars-id402458.html#primaryimage\"},\"thumbnailUrl\":\"https:\\\/\\\/www.rri.ro\\\/wp-content\\\/uploads\\\/2023\\\/10\\\/718px-Calendarmai.png\",\"datePublished\":\"2013-03-02T11:00:00+00:00\",\"author\":{\"@id\":\"https:\\\/\\\/www.rri.ro\\\/#\\\/schema\\\/person\\\/e6364ed2d4b6af207a82ca66000d07e0\"},\"breadcrumb\":{\"@id\":\"https:\\\/\\\/www.rri.ro\\\/fr\\\/actualites\\\/cette-semaine-en-roumanie\\\/la-semaine-du-25-fevrier-au-3-mars-id402458.html#breadcrumb\"},\"inLanguage\":\"fr-FR\",\"potentialAction\":[{\"@type\":\"ReadAction\",\"target\":[\"https:\\\/\\\/www.rri.ro\\\/fr\\\/actualites\\\/cette-semaine-en-roumanie\\\/la-semaine-du-25-fevrier-au-3-mars-id402458.html\"]}]},{\"@type\":\"ImageObject\",\"inLanguage\":\"fr-FR\",\"@id\":\"https:\\\/\\\/www.rri.ro\\\/fr\\\/actualites\\\/cette-semaine-en-roumanie\\\/la-semaine-du-25-fevrier-au-3-mars-id402458.html#primaryimage\",\"url\":\"https:\\\/\\\/www.rri.ro\\\/wp-content\\\/uploads\\\/2023\\\/10\\\/718px-Calendarmai.png\",\"contentUrl\":\"https:\\\/\\\/www.rri.ro\\\/wp-content\\\/uploads\\\/2023\\\/10\\\/718px-Calendarmai.png\",\"width\":640,\"height\":480},{\"@type\":\"BreadcrumbList\",\"@id\":\"https:\\\/\\\/www.rri.ro\\\/fr\\\/actualites\\\/cette-semaine-en-roumanie\\\/la-semaine-du-25-fevrier-au-3-mars-id402458.html#breadcrumb\",\"itemListElement\":[{\"@type\":\"ListItem\",\"position\":1,\"name\":\"Page d'accueil\",\"item\":\"https:\\\/\\\/www.rri.ro\\\/fr\"},{\"@type\":\"ListItem\",\"position\":2,\"name\":\"Actualit\u00e9s\",\"item\":\"https:\\\/\\\/www.rri.ro\\\/fr\\\/actualites\"},{\"@type\":\"ListItem\",\"position\":3,\"name\":\"Cette semaine, en Roumanie\",\"item\":\"https:\\\/\\\/www.rri.ro\\\/fr\\\/actualites\\\/cette-semaine-en-roumanie\"},{\"@type\":\"ListItem\",\"position\":4,\"name\":\"La semaine du 25 f\u00e9vrier au 3 mars\"}]},{\"@type\":\"WebSite\",\"@id\":\"https:\\\/\\\/www.rri.ro\\\/#website\",\"url\":\"https:\\\/\\\/www.rri.ro\\\/\",\"name\":\"Radio Roumanie Internationale\",\"description\":\"Totul despre Rom\u00e2nia \u015fi rom\u00e2ni, \u00een 13 limbi\\\/dialecte!\",\"inLanguage\":\"fr-FR\"},{\"@type\":\"Person\",\"@id\":\"https:\\\/\\\/www.rri.ro\\\/#\\\/schema\\\/person\\\/e6364ed2d4b6af207a82ca66000d07e0\",\"name\":\"Leyla Cheamil\",\"url\":\"https:\\\/\\\/www.rri.ro\\\/fr\\\/author\\\/leyla-cheamil\"}]}<\/script>\n<!-- \/ Yoast SEO plugin. -->","yoast_head_json":{"title":"La semaine du 25 f\u00e9vrier au 3 mars - Radio Roumanie Internationale","robots":{"index":"index","follow":"follow","max-snippet":"max-snippet:-1","max-image-preview":"max-image-preview:large","max-video-preview":"max-video-preview:-1"},"canonical":"https:\/\/www.rri.ro\/fr\/actualites\/cette-semaine-en-roumanie\/la-semaine-du-25-fevrier-au-3-mars-id402458.html","og_locale":"fr_FR","og_type":"article","og_title":"La semaine du 25 f\u00e9vrier au 3 mars - Radio Roumanie Internationale","og_description":"&#13; La Cour Constitutionnelle d\u00e9cide que les derni\u00e8res modifications apport\u00e9es au nouveau Statut des parlementaires sont inconstitutionnelles&#13; &#13; Objet de divergences entre le pouvoir social-lib\u00e9ral de Bucarest et l\u2019opposition d\u00e9mocrate-lib\u00e9rale et populiste, les derni\u00e8res modifications apport\u00e9es au nouveau Statut des parlementaires ont \u00e9t\u00e9 d\u00e9clar\u00e9es inconstitutionnelles par la Cour Constitutionnelle. L\u2019opposition a contest\u00e9 la l\u00e9galit\u00e9 de [&hellip;]","og_url":"https:\/\/www.rri.ro\/fr\/actualites\/cette-semaine-en-roumanie\/la-semaine-du-25-fevrier-au-3-mars-id402458.html","og_site_name":"Radio Roumanie Internationale","article_published_time":"2013-03-02T11:00:00+00:00","og_image":[{"width":640,"height":480,"url":"https:\/\/www.rri.ro\/wp-content\/uploads\/2023\/10\/718px-Calendarmai.png","type":"image\/png"}],"author":"Leyla Cheamil","twitter_card":"summary_large_image","twitter_misc":{"\u00c9crit par":"Leyla Cheamil","Dur\u00e9e de lecture estim\u00e9e":"5 minutes","Written by":"Leyla Cheamil"},"schema":{"@context":"https:\/\/schema.org","@graph":[{"@type":"Article","@id":"https:\/\/www.rri.ro\/fr\/actualites\/cette-semaine-en-roumanie\/la-semaine-du-25-fevrier-au-3-mars-id402458.html#article","isPartOf":{"@id":"https:\/\/www.rri.ro\/fr\/actualites\/cette-semaine-en-roumanie\/la-semaine-du-25-fevrier-au-3-mars-id402458.html"},"author":{"name":"Leyla Cheamil","@id":"https:\/\/www.rri.ro\/#\/schema\/person\/e6364ed2d4b6af207a82ca66000d07e0"},"headline":"La semaine du 25 f\u00e9vrier au 3 mars","datePublished":"2013-03-02T11:00:00+00:00","mainEntityOfPage":{"@id":"https:\/\/www.rri.ro\/fr\/actualites\/cette-semaine-en-roumanie\/la-semaine-du-25-fevrier-au-3-mars-id402458.html"},"wordCount":1101,"image":{"@id":"https:\/\/www.rri.ro\/fr\/actualites\/cette-semaine-en-roumanie\/la-semaine-du-25-fevrier-au-3-mars-id402458.html#primaryimage"},"thumbnailUrl":"https:\/\/www.rri.ro\/wp-content\/uploads\/2023\/10\/718px-Calendarmai.png","keywords":["Agence national d'int\u00e9grit\u00e9","Beno\u00eet XVI","boeuf","cheval","Conseil de l'Europe","Conseil sup\u00e9rieur de la magistrature","Cour Constitutionnelle","Haute Cour de Cassation et de Justice","juges","l'Assembl\u00e9e parlementaire du Conseil de l'Europe","Leyla Cheamil","M\u00e9canisme de coop\u00e9ration et de v\u00e9rification","pape","Pays-Bas","Schengen","statut des parlementaires","viande"],"articleSection":["Cette semaine, en Roumanie"],"inLanguage":"fr-FR"},{"@type":"WebPage","@id":"https:\/\/www.rri.ro\/fr\/actualites\/cette-semaine-en-roumanie\/la-semaine-du-25-fevrier-au-3-mars-id402458.html","url":"https:\/\/www.rri.ro\/fr\/actualites\/cette-semaine-en-roumanie\/la-semaine-du-25-fevrier-au-3-mars-id402458.html","name":"La semaine du 25 f\u00e9vrier au 3 mars - Radio Roumanie Internationale","isPartOf":{"@id":"https:\/\/www.rri.ro\/#website"},"primaryImageOfPage":{"@id":"https:\/\/www.rri.ro\/fr\/actualites\/cette-semaine-en-roumanie\/la-semaine-du-25-fevrier-au-3-mars-id402458.html#primaryimage"},"image":{"@id":"https:\/\/www.rri.ro\/fr\/actualites\/cette-semaine-en-roumanie\/la-semaine-du-25-fevrier-au-3-mars-id402458.html#primaryimage"},"thumbnailUrl":"https:\/\/www.rri.ro\/wp-content\/uploads\/2023\/10\/718px-Calendarmai.png","datePublished":"2013-03-02T11:00:00+00:00","author":{"@id":"https:\/\/www.rri.ro\/#\/schema\/person\/e6364ed2d4b6af207a82ca66000d07e0"},"breadcrumb":{"@id":"https:\/\/www.rri.ro\/fr\/actualites\/cette-semaine-en-roumanie\/la-semaine-du-25-fevrier-au-3-mars-id402458.html#breadcrumb"},"inLanguage":"fr-FR","potentialAction":[{"@type":"ReadAction","target":["https:\/\/www.rri.ro\/fr\/actualites\/cette-semaine-en-roumanie\/la-semaine-du-25-fevrier-au-3-mars-id402458.html"]}]},{"@type":"ImageObject","inLanguage":"fr-FR","@id":"https:\/\/www.rri.ro\/fr\/actualites\/cette-semaine-en-roumanie\/la-semaine-du-25-fevrier-au-3-mars-id402458.html#primaryimage","url":"https:\/\/www.rri.ro\/wp-content\/uploads\/2023\/10\/718px-Calendarmai.png","contentUrl":"https:\/\/www.rri.ro\/wp-content\/uploads\/2023\/10\/718px-Calendarmai.png","width":640,"height":480},{"@type":"BreadcrumbList","@id":"https:\/\/www.rri.ro\/fr\/actualites\/cette-semaine-en-roumanie\/la-semaine-du-25-fevrier-au-3-mars-id402458.html#breadcrumb","itemListElement":[{"@type":"ListItem","position":1,"name":"Page d'accueil","item":"https:\/\/www.rri.ro\/fr"},{"@type":"ListItem","position":2,"name":"Actualit\u00e9s","item":"https:\/\/www.rri.ro\/fr\/actualites"},{"@type":"ListItem","position":3,"name":"Cette semaine, en Roumanie","item":"https:\/\/www.rri.ro\/fr\/actualites\/cette-semaine-en-roumanie"},{"@type":"ListItem","position":4,"name":"La semaine du 25 f\u00e9vrier au 3 mars"}]},{"@type":"WebSite","@id":"https:\/\/www.rri.ro\/#website","url":"https:\/\/www.rri.ro\/","name":"Radio Roumanie Internationale","description":"Totul despre Rom\u00e2nia \u015fi rom\u00e2ni, \u00een 13 limbi\/dialecte!","inLanguage":"fr-FR"},{"@type":"Person","@id":"https:\/\/www.rri.ro\/#\/schema\/person\/e6364ed2d4b6af207a82ca66000d07e0","name":"Leyla Cheamil","url":"https:\/\/www.rri.ro\/fr\/author\/leyla-cheamil"}]}},"_links":{"self":[{"href":"https:\/\/www.rri.ro\/fr\/wp-json\/wp\/v2\/posts\/402458","targetHints":{"allow":["GET"]}}],"collection":[{"href":"https:\/\/www.rri.ro\/fr\/wp-json\/wp\/v2\/posts"}],"about":[{"href":"https:\/\/www.rri.ro\/fr\/wp-json\/wp\/v2\/types\/post"}],"author":[{"embeddable":true,"href":"https:\/\/www.rri.ro\/fr\/wp-json\/wp\/v2\/users\/46"}],"replies":[{"embeddable":true,"href":"https:\/\/www.rri.ro\/fr\/wp-json\/wp\/v2\/comments?post=402458"}],"version-history":[{"count":0,"href":"https:\/\/www.rri.ro\/fr\/wp-json\/wp\/v2\/posts\/402458\/revisions"}],"wp:featuredmedia":[{"embeddable":true,"href":"https:\/\/www.rri.ro\/fr\/wp-json\/wp\/v2\/media\/209839"}],"wp:attachment":[{"href":"https:\/\/www.rri.ro\/fr\/wp-json\/wp\/v2\/media?parent=402458"}],"wp:term":[{"taxonomy":"category","embeddable":true,"href":"https:\/\/www.rri.ro\/fr\/wp-json\/wp\/v2\/categories?post=402458"},{"taxonomy":"post_tag","embeddable":true,"href":"https:\/\/www.rri.ro\/fr\/wp-json\/wp\/v2\/tags?post=402458"},{"taxonomy":"author","embeddable":true,"href":"https:\/\/www.rri.ro\/fr\/wp-json\/wp\/v2\/coauthors?post=402458"}],"curies":[{"name":"wp","href":"https:\/\/api.w.org\/{rel}","templated":true}]}}